{"id":32199,"date":"2021-06-09T12:32:16","date_gmt":"2021-06-09T16:32:16","guid":{"rendered":"http:\/\/blogdalucianaoliveira.com.br\/blog\/?p=32199"},"modified":"2021-06-09T12:39:47","modified_gmt":"2021-06-09T16:39:47","slug":"kathlen-e-seu-bebe-mais-duas-vidas-negras-interrompidas-no-brasil","status":"publish","type":"post","link":"http:\/\/blogdalucianaoliveira.com.br\/blog\/2021\/06\/09\/kathlen-e-seu-bebe-mais-duas-vidas-negras-interrompidas-no-brasil\/","title":{"rendered":"Kathlen e seu beb\u00ea, mais duas vidas negras interrompidas no Brasil"},"content":{"rendered":"\n<figure class=\"wp-block-image\"><img data-recalc-dims=\"1\" decoding=\"async\" src=\"https:\/\/i0.wp.com\/imagens.brasil.elpais.com\/resizer\/2dKlCYiZ8_Ae5tUcaIFKHkgTZz4%3D\/1200x0\/cloudfront-eu-central-1.images.arcpublishing.com\/prisa\/QDKT6PEPLFCVJOFE6IJYCXZW74.png?w=600&#038;ssl=1\" alt=\"Rio de Janeiro: Kathlen e seu beb\u00ea, mais duas vidas negras interrompidas no  Brasil | Atualidade | EL PA\u00cdS Brasil\"\/><\/figure>\n\n\n\n<p>As fotos mostram uma jovem feliz com a descoberta da gravidez, mas n\u00e3o deu tempo de ela experimentar seu futuro. Foi baleada em meio \u00e0 a\u00e7\u00e3o policial em Lins de Vasconcelos, no Rio de Janeiro. Nos \u00faltimos cinco anos, 15 gr\u00e1vidas foram baleadas no Grande Rio.<\/p>\n\n\n\n<!--more-->\n\n\n\n<p><strong>El Pa\u00eds<\/strong><\/p>\n\n\n\n<p>\u201cBom dia, nen\u00e9m\u201d. Este foi o \u00faltimo post da Kathlen Romeu em seu perfil no&nbsp;<a href=\"https:\/\/www.instagram.com\/eukathlenromeu\/\">Instagram<\/a>, na manh\u00e3 desta ter\u00e7a-feira, 8 de junho. Quem v\u00ea as fotos, se depara com uma jovem feliz com a&nbsp;<a href=\"https:\/\/extra.globo.com\/casos-de-policia\/gravida-morre-apos-ser-baleada-em-tiroteio-no-lins-de-vasconcelos-25051863.html?utm_source=Twitter&amp;utm_medium=Social&amp;utm_campaign=Extra\">recente descoberta<\/a>&nbsp;da gravidez,&nbsp;<a href=\"https:\/\/www.instagram.com\/p\/CPn1fQ1Jqe7\/\">relatando<\/a>&nbsp;um misto de surpresa, alegria e medo.<\/p>\n\n\n\n<p>Kathlen tinha medo dos desafios da maternidade, das coisas que uma m\u00e3e de primeira viagem ia descobrir pelo caminho. Mas n\u00e3o deu tempo. Ela foi morta aos 24 anos em meio a uma a\u00e7\u00e3o policial em Lins de Vasconcelos, na zona norte do Rio de Janeiro. Curiosamente, o bairro \u00e9 um dos poucos onde ainda h\u00e1 Unidade de Pol\u00edcia Pacificadora, a UPP,\u00a0<a rel=\"noreferrer noopener\" href=\"https:\/\/brasil.elpais.com\/brasil\/2018\/03\/11\/politica\/1520769227_645322.html\" target=\"_blank\">que foi estrela da pol\u00edtica de seguran\u00e7a na \u00faltima d\u00e9cada e faliu<\/a>.<\/p>\n\n\n\n<figure class=\"wp-block-image size-large\"><img loading=\"lazy\" decoding=\"async\" width=\"667\" height=\"1046\" data-attachment-id=\"32204\" data-permalink=\"http:\/\/blogdalucianaoliveira.com.br\/blog\/2021\/06\/09\/kathlen-e-seu-bebe-mais-duas-vidas-negras-interrompidas-no-brasil\/f63e6c98-af02-407c-8dd7-94a1779bb643\/\" data-orig-file=\"https:\/\/i0.wp.com\/blogdalucianaoliveira.com.br\/blog\/wp-content\/uploads\/2021\/06\/F63E6C98-AF02-407C-8DD7-94A1779BB643.jpeg?fit=667%2C1046\" data-orig-size=\"667,1046\" data-comments-opened=\"0\" data-image-meta=\"{&quot;aperture&quot;:&quot;0&quot;,&quot;credit&quot;:&quot;&quot;,&quot;camera&quot;:&quot;&quot;,&quot;caption&quot;:&quot;&quot;,&quot;created_timestamp&quot;:&quot;0&quot;,&quot;copyright&quot;:&quot;&quot;,&quot;focal_length&quot;:&quot;0&quot;,&quot;iso&quot;:&quot;0&quot;,&quot;shutter_speed&quot;:&quot;0&quot;,&quot;title&quot;:&quot;&quot;,&quot;orientation&quot;:&quot;1&quot;}\" data-image-title=\"F63E6C98-AF02-407C-8DD7-94A1779BB643\" data-image-description=\"\" data-image-caption=\"\" data-medium-file=\"https:\/\/i0.wp.com\/blogdalucianaoliveira.com.br\/blog\/wp-content\/uploads\/2021\/06\/F63E6C98-AF02-407C-8DD7-94A1779BB643.jpeg?fit=191%2C300\" data-large-file=\"https:\/\/i0.wp.com\/blogdalucianaoliveira.com.br\/blog\/wp-content\/uploads\/2021\/06\/F63E6C98-AF02-407C-8DD7-94A1779BB643.jpeg?fit=600%2C941\" src=\"https:\/\/i2.wp.com\/blogdalucianaoliveira.com.br\/blog\/wp-content\/uploads\/2021\/06\/F63E6C98-AF02-407C-8DD7-94A1779BB643.jpeg?fit=600%2C941\" alt=\"\" class=\"wp-image-32204\" srcset=\"https:\/\/i0.wp.com\/blogdalucianaoliveira.com.br\/blog\/wp-content\/uploads\/2021\/06\/F63E6C98-AF02-407C-8DD7-94A1779BB643.jpeg?w=667 667w, https:\/\/i0.wp.com\/blogdalucianaoliveira.com.br\/blog\/wp-content\/uploads\/2021\/06\/F63E6C98-AF02-407C-8DD7-94A1779BB643.jpeg?resize=191%2C300 191w, https:\/\/i0.wp.com\/blogdalucianaoliveira.com.br\/blog\/wp-content\/uploads\/2021\/06\/F63E6C98-AF02-407C-8DD7-94A1779BB643.jpeg?resize=653%2C1024 653w\" sizes=\"auto, (max-width: 600px) 100vw, 600px\" \/><\/figure>\n\n\n\n<p><br><\/p>\n\n\n\n<figure class=\"wp-block-image size-large\"><img loading=\"lazy\" decoding=\"async\" width=\"828\" height=\"1413\" data-attachment-id=\"32205\" data-permalink=\"http:\/\/blogdalucianaoliveira.com.br\/blog\/2021\/06\/09\/kathlen-e-seu-bebe-mais-duas-vidas-negras-interrompidas-no-brasil\/df89b1fb-80e7-4b76-a818-3fd579df6d86\/\" data-orig-file=\"https:\/\/i0.wp.com\/blogdalucianaoliveira.com.br\/blog\/wp-content\/uploads\/2021\/06\/DF89B1FB-80E7-4B76-A818-3FD579DF6D86.jpeg?fit=828%2C1413\" data-orig-size=\"828,1413\" data-comments-opened=\"0\" data-image-meta=\"{&quot;aperture&quot;:&quot;0&quot;,&quot;credit&quot;:&quot;&quot;,&quot;camera&quot;:&quot;&quot;,&quot;caption&quot;:&quot;&quot;,&quot;created_timestamp&quot;:&quot;0&quot;,&quot;copyright&quot;:&quot;&quot;,&quot;focal_length&quot;:&quot;0&quot;,&quot;iso&quot;:&quot;0&quot;,&quot;shutter_speed&quot;:&quot;0&quot;,&quot;title&quot;:&quot;&quot;,&quot;orientation&quot;:&quot;1&quot;}\" data-image-title=\"DF89B1FB-80E7-4B76-A818-3FD579DF6D86\" data-image-description=\"\" data-image-caption=\"\" data-medium-file=\"https:\/\/i0.wp.com\/blogdalucianaoliveira.com.br\/blog\/wp-content\/uploads\/2021\/06\/DF89B1FB-80E7-4B76-A818-3FD579DF6D86.jpeg?fit=176%2C300\" data-large-file=\"https:\/\/i0.wp.com\/blogdalucianaoliveira.com.br\/blog\/wp-content\/uploads\/2021\/06\/DF89B1FB-80E7-4B76-A818-3FD579DF6D86.jpeg?fit=600%2C1024\" src=\"https:\/\/i1.wp.com\/blogdalucianaoliveira.com.br\/blog\/wp-content\/uploads\/2021\/06\/DF89B1FB-80E7-4B76-A818-3FD579DF6D86.jpeg?fit=600%2C1024\" alt=\"\" class=\"wp-image-32205\" srcset=\"https:\/\/i0.wp.com\/blogdalucianaoliveira.com.br\/blog\/wp-content\/uploads\/2021\/06\/DF89B1FB-80E7-4B76-A818-3FD579DF6D86.jpeg?w=828 828w, https:\/\/i0.wp.com\/blogdalucianaoliveira.com.br\/blog\/wp-content\/uploads\/2021\/06\/DF89B1FB-80E7-4B76-A818-3FD579DF6D86.jpeg?resize=176%2C300 176w, https:\/\/i0.wp.com\/blogdalucianaoliveira.com.br\/blog\/wp-content\/uploads\/2021\/06\/DF89B1FB-80E7-4B76-A818-3FD579DF6D86.jpeg?resize=600%2C1024 600w, https:\/\/i0.wp.com\/blogdalucianaoliveira.com.br\/blog\/wp-content\/uploads\/2021\/06\/DF89B1FB-80E7-4B76-A818-3FD579DF6D86.jpeg?resize=768%2C1311 768w\" sizes=\"auto, (max-width: 600px) 100vw, 600px\" \/><\/figure>\n\n\n\n<p>Moradores foram \u00e0s ruas protestar contra a morte da jovem designer de interiores. E na capa de um dos maiores portais de not\u00edcias do pa\u00eds era poss\u00edvel ler a manchete \u201cProtesto fecha autoestrada Graja\u00fa-Jacarepagu\u00e1\u201d. A morte vinha em detalhe, abaixo. Kathlen, uma jovem negra,\u00a0<a rel=\"noreferrer noopener\" href=\"https:\/\/brasil.elpais.com\/brasil\/2015\/07\/31\/politica\/1438377272_774029.html\" target=\"_blank\">morreu na contram\u00e3o atrapalhando o tr\u00e2nsito<\/a>.<\/p>\n\n\n\n<p>Essa desumaniza\u00e7\u00e3o \u00e9 ainda corriqueira no jornalismo e nas a\u00e7\u00f5es policiais. Nos \u00faltimos cinco anos, 15 gr\u00e1vidas foram baleadas no Grande Rio, segundo dados do Instituto Fogo Cruzado. Al\u00e9m de Kathlen, outras sete mulheres n\u00e3o resistiram aos ferimentos e morreram. Houve ainda 10 beb\u00eas baleados quando ainda estavam na barriga das m\u00e3es \u2015s\u00f3 um deles sobreviveu.<br><\/p>\n\n\n\n<p>\u00c9 uma trag\u00e9dia cotidiana e n\u00e3o \u00e9 exce\u00e7\u00e3o. A forma como as opera\u00e7\u00f5es e a\u00e7\u00f5es policiais s\u00e3o feitas no Rio de Janeiro nos coloca em risco. E exatamente por isso o Supremo Tribunal Federal, por meio da Argui\u00e7\u00e3o de Descumprimento de Preceito Fundamental (ADPF) 635, conhecida como ADPF das Favelas, restringiu opera\u00e7\u00f5es policiais n\u00e3o urgentes durante a pandemia. A medida foi estabelecida ap\u00f3s a morte do adolescente Jo\u00e3o Pedro, em casa, durante uma opera\u00e7\u00e3o policial em S\u00e3o Gon\u00e7alo, no ano passado.<\/p>\n\n\n\n<p>Em um ano de ADPF 635, completados h\u00e1 tr\u00eas dias, os tiroteios ca\u00edram 23% em rela\u00e7\u00e3o ao per\u00edodo anterior \u00e0 vig\u00eancia da medida. O n\u00famero de pessoas baleadas caiu quase 30%. Mas a propor\u00e7\u00e3o de tiroteios com v\u00edtimas, que ocorrem majoritariamente em casos onde h\u00e1 agentes p\u00fablicos de seguran\u00e7a, se manteve est\u00e1vel. Isso indica que o comportamento das pol\u00edcias n\u00e3o mudou, elas apenas atuaram menos.<\/p>\n\n\n\n<p>No \u00faltimo dia 24, o ministro Alexandre de Moraes pediu vista sobre o julgamento da \u201cADPF das Favelas\u201d. O ministro Edson Fachin, relator do caso, defende que o Governo do Rio de Janeiro elabore e encaminhe \u00e0 corte, um plano para reduzir a letalidade policial no Estado e controlar viola\u00e7\u00f5es de direitos humanos pelas for\u00e7as de seguran\u00e7a fluminenses.<\/p>\n\n\n\n<p>Isso est\u00e1 parado.&nbsp;<a href=\"https:\/\/brasil.elpais.com\/brasil\/2021-05-20\/chacina-do-jacarezinho-impoe-que-supremo-tribunal-federal-de-uma-resposta.html\" target=\"_blank\" rel=\"noreferrer noopener\">E esta discuss\u00e3o \u00e9 urgente<\/a>.<\/p>\n","protected":false},"excerpt":{"rendered":"<p>As fotos mostram uma jovem feliz com a descoberta da gravidez, mas n\u00e3o deu tempo de ela experimentar seu futuro. Foi baleada em meio \u00e0 a\u00e7\u00e3o policial em Lins de Vasconcelos, no Rio de Janeiro. Nos \u00faltimos cinco anos, 15 gr\u00e1vidas foram baleadas no Grande Rio.<\/p>\n","protected":false},"author":1,"featured_media":0,"comment_status":"closed","ping_status":"open","sticky":false,"template":"","format":"standard","meta":{"_exactmetrics_skip_tracking":false,"_exactmetrics_sitenote_active":false,"_exactmetrics_sitenote_note":"","_exactmetrics_sitenote_category":0,"jetpack_post_was_ever_published":false,"_jetpack_newsletter_access":"","_jetpack_dont_email_post_to_subs":false,"_jetpack_newsletter_tier_id":0,"_jetpack_memberships_contains_paywalled_content":false,"_jetpack_memberships_contains_paid_content":false,"footnotes":"","jetpack_publicize_message":"","jetpack_publicize_feature_enabled":true,"jetpack_social_post_already_shared":true,"jetpack_social_options":{"image_generator_settings":{"template":"highway","enabled":false},"version":2}},"categories":[1],"tags":[],"class_list":["post-32199","post","type-post","status-publish","format-standard","hentry","category-notas"],"jetpack_publicize_connections":[],"jetpack_sharing_enabled":true,"jetpack_featured_media_url":"","jetpack_shortlink":"https:\/\/wp.me\/p7wKYW-8nl","jetpack-related-posts":[],"_links":{"self":[{"href":"http:\/\/blogdalucianaoliveira.com.br\/blog\/wp-json\/wp\/v2\/posts\/32199","targetHints":{"allow":["GET"]}}],"collection":[{"href":"http:\/\/blogdalucianaoliveira.com.br\/blog\/wp-json\/wp\/v2\/posts"}],"about":[{"href":"http:\/\/blogdalucianaoliveira.com.br\/blog\/wp-json\/wp\/v2\/types\/post"}],"author":[{"embeddable":true,"href":"http:\/\/blogdalucianaoliveira.com.br\/blog\/wp-json\/wp\/v2\/users\/1"}],"replies":[{"embeddable":true,"href":"http:\/\/blogdalucianaoliveira.com.br\/blog\/wp-json\/wp\/v2\/comments?post=32199"}],"version-history":[{"count":4,"href":"http:\/\/blogdalucianaoliveira.com.br\/blog\/wp-json\/wp\/v2\/posts\/32199\/revisions"}],"predecessor-version":[{"id":32206,"href":"http:\/\/blogdalucianaoliveira.com.br\/blog\/wp-json\/wp\/v2\/posts\/32199\/revisions\/32206"}],"wp:attachment":[{"href":"http:\/\/blogdalucianaoliveira.com.br\/blog\/wp-json\/wp\/v2\/media?parent=32199"}],"wp:term":[{"taxonomy":"category","embeddable":true,"href":"http:\/\/blogdalucianaoliveira.com.br\/blog\/wp-json\/wp\/v2\/categories?post=32199"},{"taxonomy":"post_tag","embeddable":true,"href":"http:\/\/blogdalucianaoliveira.com.br\/blog\/wp-json\/wp\/v2\/tags?post=32199"}],"curies":[{"name":"wp","href":"https:\/\/api.w.org\/{rel}","templated":true}]}}