{"id":32210,"date":"2021-06-10T12:27:18","date_gmt":"2021-06-10T16:27:18","guid":{"rendered":"http:\/\/blogdalucianaoliveira.com.br\/blog\/?p=32210"},"modified":"2021-06-10T12:27:22","modified_gmt":"2021-06-10T16:27:22","slug":"ataque-aos-indigenas-o-brasil-corre-perigo","status":"publish","type":"post","link":"http:\/\/blogdalucianaoliveira.com.br\/blog\/2021\/06\/10\/ataque-aos-indigenas-o-brasil-corre-perigo\/","title":{"rendered":"Ataque aos ind\u00edgenas: o Brasil corre perigo"},"content":{"rendered":"\n<figure class=\"wp-block-image size-large\"><img data-recalc-dims=\"1\" loading=\"lazy\" decoding=\"async\" width=\"600\" height=\"337\" data-attachment-id=\"32211\" data-permalink=\"http:\/\/blogdalucianaoliveira.com.br\/blog\/2021\/06\/10\/ataque-aos-indigenas-o-brasil-corre-perigo\/508fc8fb-bb71-4e4c-b2bd-f1c4f825788e\/\" data-orig-file=\"https:\/\/i0.wp.com\/blogdalucianaoliveira.com.br\/blog\/wp-content\/uploads\/2021\/06\/508FC8FB-BB71-4E4C-B2BD-F1C4F825788E.jpeg?fit=1011%2C568\" data-orig-size=\"1011,568\" data-comments-opened=\"0\" data-image-meta=\"{&quot;aperture&quot;:&quot;0&quot;,&quot;credit&quot;:&quot;&quot;,&quot;camera&quot;:&quot;&quot;,&quot;caption&quot;:&quot;&quot;,&quot;created_timestamp&quot;:&quot;0&quot;,&quot;copyright&quot;:&quot;&quot;,&quot;focal_length&quot;:&quot;0&quot;,&quot;iso&quot;:&quot;0&quot;,&quot;shutter_speed&quot;:&quot;0&quot;,&quot;title&quot;:&quot;&quot;,&quot;orientation&quot;:&quot;0&quot;}\" data-image-title=\"508FC8FB-BB71-4E4C-B2BD-F1C4F825788E\" data-image-description=\"\" data-image-caption=\"\" data-medium-file=\"https:\/\/i0.wp.com\/blogdalucianaoliveira.com.br\/blog\/wp-content\/uploads\/2021\/06\/508FC8FB-BB71-4E4C-B2BD-F1C4F825788E.jpeg?fit=300%2C169\" data-large-file=\"https:\/\/i0.wp.com\/blogdalucianaoliveira.com.br\/blog\/wp-content\/uploads\/2021\/06\/508FC8FB-BB71-4E4C-B2BD-F1C4F825788E.jpeg?fit=600%2C337\" src=\"https:\/\/i0.wp.com\/blogdalucianaoliveira.com.br\/blog\/wp-content\/uploads\/2021\/06\/508FC8FB-BB71-4E4C-B2BD-F1C4F825788E.jpeg?resize=600%2C337\" alt=\"\" class=\"wp-image-32211\" srcset=\"https:\/\/i0.wp.com\/blogdalucianaoliveira.com.br\/blog\/wp-content\/uploads\/2021\/06\/508FC8FB-BB71-4E4C-B2BD-F1C4F825788E.jpeg?w=1011 1011w, https:\/\/i0.wp.com\/blogdalucianaoliveira.com.br\/blog\/wp-content\/uploads\/2021\/06\/508FC8FB-BB71-4E4C-B2BD-F1C4F825788E.jpeg?resize=300%2C169 300w, https:\/\/i0.wp.com\/blogdalucianaoliveira.com.br\/blog\/wp-content\/uploads\/2021\/06\/508FC8FB-BB71-4E4C-B2BD-F1C4F825788E.jpeg?resize=768%2C431 768w, https:\/\/i0.wp.com\/blogdalucianaoliveira.com.br\/blog\/wp-content\/uploads\/2021\/06\/508FC8FB-BB71-4E4C-B2BD-F1C4F825788E.jpeg?resize=534%2C300 534w\" sizes=\"auto, (max-width: 600px) 100vw, 600px\" \/><\/figure>\n\n\n\n<p><strong>Jornalistas Livres<\/strong> &#8211; As PL 490\/07, PL 2633 e PL 984 se confundem com outras PLs que colocam uma corda no pesco\u00e7o de brasileiros, gente carente e humilde, ind\u00edgenas que moram nas florestas, nas ribeiras e no campo pr\u00f3ximos de garimpos. Gente que vive o inferno de confiar todos os dias nos representantes do povo no Governo e no Senado.<\/p>\n\n\n\n<!--more-->\n\n\n\n<h3 class=\"wp-block-heading\" id=\"h-a-estrat-gia-dos-genocidas\">A ESTRAT\u00c9GIA DOS GENOCIDAS.<\/h3>\n\n\n\n<hr class=\"wp-block-separator\"\/>\n\n\n\n<p>A Bancada do Agroneg\u00f3cio quer o fim da autonomia dos povos ind\u00edgenas que o Brasil homenageia pelo menos uma vez por ano. O ind\u00edgena, conhecido como \u00edndio brasileiro, o \u00faltimo defensor da floresta e de nossas riquezas mais importantes, est\u00e1 em perigo h\u00e1 1500 anos desde que o invasor pisou no Pindorama. Assaltou, matou, estuprou e expulsou os povos origin\u00e1rios de todas as formas. Pombal lhes tirou os nomes de locais. Trocou nomes tupis por nomes de Santos portugueses. Parte estrat\u00e9gica do genoc\u00eddio. Fazer o pa\u00eds e os brasileiros esquecerem suas ra\u00edzes tamb\u00e9m faz parte da estrat\u00e9gia dos genocidas.<\/p>\n\n\n\n<figure class=\"wp-block-image\"><img data-recalc-dims=\"1\" decoding=\"async\" src=\"https:\/\/i0.wp.com\/jornalistaslivres.org\/wp-content\/uploads\/2021\/06\/DSC_5654-scaled.jpg?w=600&#038;ssl=1\" alt=\"\" class=\"wp-image-108483\"\/><figcaption>Crian\u00e7as Temb\u00e9 Tenetehar na Aldeia Cajueiro no Par\u00e1. O fogo do pasto traz a escasses da ca\u00e7a e afeta at\u00e9 a \u00e1gua dos rios.<\/figcaption><\/figure>\n\n\n\n<p>E o Genoc\u00eddio nunca esteve t\u00e3o claro como nesses \u00faltimos anos. Salles quer passar sua boiada aproveitando a pandemia como cortina&nbsp; de fuma\u00e7a. Aproveitar as mortes e a CPI da Covid para passar Projetos de Lei como a PL 490 de Homero Pereira, ruralista e defensor do Agroneg\u00f3cio, falecido de um c\u00e2ncer, mas que tinha o sonho de retirar das m\u00e3os ind\u00edgenas o direito de ter a posse de suas terras colocando a demarca\u00e7\u00e3o \u00e0 disposi\u00e7\u00e3o do congresso e de homens engravatados que respiram e anseiam a devasta\u00e7\u00e3o da Amaz\u00f4nia com urg\u00eancia.<br>Essa \u00e9 a pauta urgente desses homens criminosos:<\/p>\n\n\n\n<h3 class=\"wp-block-heading\" id=\"h-entenda-a-pl-490\">ENTENDA A PL 490.<\/h3>\n\n\n\n<figure class=\"wp-block-image\"><img data-recalc-dims=\"1\" decoding=\"async\" src=\"https:\/\/i0.wp.com\/jornalistaslivres.org\/wp-content\/uploads\/2021\/06\/photo_2021-06-08_18-13-26.jpg-1.jpeg?w=600&#038;ssl=1\" alt=\"\" class=\"wp-image-108495\"\/><figcaption>Foto: Adi Spezia\/Cimi<\/figcaption><\/figure>\n\n\n\n<p><strong>Terras ind\u00edgenas ser\u00e3o demarcadas por meio de leis. Se a proposta for aprovada, a compet\u00eancia para determinar a demarca\u00e7\u00e3o das terras ind\u00edgenas passa a ser do Congresso.<\/strong><\/p>\n\n\n\n<p>Fonte: Ag\u00eancia C\u00e2mara de Not\u00edcias<\/p>\n\n\n\n<p>Tradu\u00e7\u00e3o: o congresso quer retirar a posse dos ind\u00edgenas de \u00e1reas demarcadas h\u00e1 d\u00e9cadas e passar a posse para o agroneg\u00f3cio, o garimpo e para grileiros. Para entender melhor \u00e9 s\u00f3 imaginar que sua casa tem 20 anos em sua posse. Voc\u00ea tem a escritura e pagou durante anos o IPTU. Mas o congresso decidiu que sua casa n\u00e3o \u00e9 mais sua e vai passar a posse para uma empresa de shopping centers que pretende derrubar seu im\u00f3vel e construir uma garagem.<\/p>\n\n\n\n<h3 class=\"wp-block-heading\" id=\"h-por-que\">POR QUE?<\/h3>\n\n\n\n<figure class=\"wp-block-image\"><img data-recalc-dims=\"1\" decoding=\"async\" src=\"https:\/\/i0.wp.com\/jornalistaslivres.org\/wp-content\/uploads\/2021\/06\/FAD_1416-scaled.jpg?w=600&#038;ssl=1\" alt=\"\" class=\"wp-image-108486\"\/><figcaption>Um buraco gerado pelo neg\u00f3cio predat\u00f3rio do garimpo. \u00c1gua e animais conraminados. Pocon\u00e9 MT.<\/figcaption><\/figure>\n\n\n\n<p>O Agroneg\u00f3cio, o garimpo e a grilagem s\u00e3o os principais neg\u00f3cios que sustentam pol\u00edticos e suas candidaturas no pa\u00eds inteiro. S\u00e3o neg\u00f3cios que criam currais eleitorais atrav\u00e9s da utiliza\u00e7\u00e3o criminosa da mis\u00e9ria de um povo carente e n\u00e3o s\u00e3o fiscalizados pelo governo federal da mesma forma que outros neg\u00f3cios no pa\u00eds.&nbsp;<br>Madeireiros recentemente usaram a ajuda do pr\u00f3prio ministro Ricardo Salles que liberou uma carga hist\u00f3rica de uma apreens\u00e3o de madeira em nosso pa\u00eds. A intromiss\u00e3o de Salles resultou em uma den\u00fancia feita pelo ex-superintendente da Pol\u00edcia Federal no Amazonas, Alexandre Saraiva. As den\u00fancias s\u00e3o de:<\/p>\n\n\n\n<ul class=\"wp-block-list\"><li>ORGANIZA\u00c7\u00c3O CRIMINOSA<\/li><li>ADVOCACIA ADMINISTRATIVA<\/li><li>OBSTRU\u00c7\u00c3O DE INVESTIGA\u00c7\u00c3O&nbsp;<\/li><\/ul>\n\n\n\n<figure class=\"wp-block-image\"><img data-recalc-dims=\"1\" decoding=\"async\" src=\"https:\/\/i0.wp.com\/jornalistaslivres.org\/wp-content\/uploads\/2021\/06\/25c34e88-2dd4-48d9-9795-0d7dfe2eff7e.jpg.320x180_q75_box-053984607_crop_detail.jpg?w=600&#038;ssl=1\" alt=\"\" class=\"wp-image-108484\"\/><figcaption>Ministro Ricardo Salles posa em frente \u00e0 madeira apreendida no Par\u00e1.<br>Cr\u00e9dito: Reprodu\u00e7\u00e3o\/Instagram<\/figcaption><\/figure>\n\n\n\n<p>O que Salles fez foi liberar o roubo de milhares de metros c\u00fabicos, toneladas de madeira, que n\u00e3o deveriam ter sido cortadas da natureza, mas que foram usurpadas de dentro de \u00e1reas que s\u00e3o protegidas e que t\u00eam, de acordo com cientistas e estudos ambientais, motivos para n\u00e3o serem extra\u00eddas do solo, protegidas por leis que regem nossa constitui\u00e7\u00e3o e que deveriam valer para pol\u00edticos e empres\u00e1rios tamb\u00e9m.&nbsp;<\/p>\n\n\n\n<h3 class=\"wp-block-heading\" id=\"h-pl-2-633\">PL 2.633<\/h3>\n\n\n\n<p>\u00c9 o Projeto de Lei que apoia a grilagem e que pretende tratar a regulamenta\u00e7\u00e3o fundi\u00e1ria no pa\u00eds. Mas os mesmos envolvidos na regulamenta\u00e7\u00e3o s\u00e3o os mesmos que invadem as terras ind\u00edgenas. A regulariza\u00e7\u00e3o serve para o invasor e para o grileiro. \u00c9 criminosa e apoia um crime que ocorre nas \u00e1reas rurais onde, mais uma vez, a fiscaliza\u00e7\u00e3o favorece o ruralista, o garimpeiro e o agro empres\u00e1rio.&nbsp;<\/p>\n\n\n\n<h3 class=\"wp-block-heading\" id=\"h-pl-984\">PL 984<\/h3>\n\n\n\n<p>Pretende fazer passar uma estrada chamada Estrada do Colono por dentro do Parque Nacional de Igua\u00e7u no Paran\u00e1. Uma \u00e1rea verde gigante que chega at\u00e9 o territ\u00f3rio argentino e \u00e9 administrada pelo ICMBio (Instituto Chico Mendes de Conserva\u00e7\u00e3o da Biodiversidade).<\/p>\n\n\n\n<p>A tal estrada, fechada h\u00e1 d\u00e9cadas \u00e9 desses empreendimentos usados como argumento eleitoral e promessas de ser uma obra que visa o progresso e \u00e9 sempre o progresso que traz a certeza de passar por cima de qualquer bioma, esp\u00e9cie ou povo sem se importar com o impacto que o tal progresso trar\u00e1 para o local. No caso, o Parque do Igua\u00e7u \u00e9 patrim\u00f4nio da humanidade de acordo com a UNESCO. Outro entrave no Projeto de Lei s\u00e3o os ind\u00edgenas, moradores da \u00e1rea protegida.&nbsp;<\/p>\n\n\n\n<h2 class=\"wp-block-heading\" id=\"h-brasil-em-perigo\">BRASIL EM PERIGO&nbsp;<\/h2>\n\n\n\n<figure class=\"wp-block-image\"><img data-recalc-dims=\"1\" decoding=\"async\" src=\"https:\/\/i0.wp.com\/jornalistaslivres.org\/wp-content\/uploads\/2021\/06\/FAD_1595-scaled.jpg?w=600&#038;ssl=1\" alt=\"\" class=\"wp-image-108489\"\/><figcaption>\u00c1rea preservada em Pocon\u00e9 sendo invadida pelo garimpo que desrespeita leis municipais, estaduais e federais com o aval do governo genocida.<\/figcaption><\/figure>\n\n\n\n<figure class=\"wp-block-image\"><img data-recalc-dims=\"1\" decoding=\"async\" src=\"https:\/\/i0.wp.com\/jornalistaslivres.org\/wp-content\/uploads\/2021\/06\/DSC_3939-scaled.jpg?w=600&#038;ssl=1\" alt=\"\" class=\"wp-image-108490\"\/><figcaption>Garimpo urbano em Cachoeira do Piri\u00e1. A utiliza\u00e7\u00e3o de dinamite \u00e9 constante causando a morte de garimpeiros e at\u00e9 o desmoronamento de pr\u00e9dios p\u00fablicos como escolas.<\/figcaption><\/figure>\n\n\n\n<p>O povo brasileiro original est\u00e1 em risco h\u00e1 anos. S\u00e3o d\u00e9cadas lutando por igualdade e por respeito na \u00e1rea rural.<\/p>\n\n\n\n<p>A OIT 169 \u00e9 a conven\u00e7\u00e3o internacional que garantiria prote\u00e7\u00e3o e direito de consulta para esses povos Ind\u00edgenas, quilombolas e ribeirinhos. Baseia-se no respeito pela cultura, modo de vida assim como o reconhecimento de seus direitos \u00e0 terra e aos recursos naturais assim como seu direito a ter voz nas decis\u00f5es sobre seus territ\u00f3rios. Mas a realidade \u00e9 outra. N\u00e3o h\u00e1 respeito pela oit 169. O que h\u00e1 \u00e9 um projeto que o Governo de Jair Bolsonaro coloca em pr\u00e1tica desde sua posse. O projeto de morte e de devasta\u00e7\u00e3o. O projeto \u00e9 claro. As queimadas de 2020 s\u00e3o a prova.&nbsp;<\/p>\n\n\n\n<p>O Brasil precisa de brasileiros que vivam nas cidades e que digam n\u00e3o a esses projetos de morte para que os brasileiros que vivem nas florestas, quilombos e ribeiras vivam.<\/p>\n","protected":false},"excerpt":{"rendered":"<p>Jornalistas Livres &#8211; As PL 490\/07, PL 2633 e PL 984 se confundem com outras PLs que colocam uma corda no pesco\u00e7o de brasileiros, gente carente e humilde, ind\u00edgenas que moram nas florestas, nas ribeiras e no campo pr\u00f3ximos de garimpos. Gente que vive o inferno de confiar todos os dias nos representantes do povo&#8230;<a class=\"more-link\" href=\"http:\/\/blogdalucianaoliveira.com.br\/blog\/2021\/06\/10\/ataque-aos-indigenas-o-brasil-corre-perigo\/\">Continue a leitura <span class=\"meta-nav\">&raquo;<\/span><\/a><\/p>\n","protected":false},"author":1,"featured_media":0,"comment_status":"closed","ping_status":"open","sticky":false,"template":"","format":"standard","meta":{"_exactmetrics_skip_tracking":false,"_exactmetrics_sitenote_active":false,"_exactmetrics_sitenote_note":"","_exactmetrics_sitenote_category":0,"jetpack_post_was_ever_published":false,"_jetpack_newsletter_access":"","_jetpack_dont_email_post_to_subs":false,"_jetpack_newsletter_tier_id":0,"_jetpack_memberships_contains_paywalled_content":false,"_jetpack_memberships_contains_paid_content":false,"footnotes":"","jetpack_publicize_message":"","jetpack_publicize_feature_enabled":true,"jetpack_social_post_already_shared":true,"jetpack_social_options":{"image_generator_settings":{"template":"highway","enabled":false},"version":2}},"categories":[1],"tags":[],"class_list":["post-32210","post","type-post","status-publish","format-standard","hentry","category-notas"],"jetpack_publicize_connections":[],"jetpack_sharing_enabled":true,"jetpack_featured_media_url":"","jetpack_shortlink":"https:\/\/wp.me\/p7wKYW-8nw","jetpack-related-posts":[],"_links":{"self":[{"href":"http:\/\/blogdalucianaoliveira.com.br\/blog\/wp-json\/wp\/v2\/posts\/32210","targetHints":{"allow":["GET"]}}],"collection":[{"href":"http:\/\/blogdalucianaoliveira.com.br\/blog\/wp-json\/wp\/v2\/posts"}],"about":[{"href":"http:\/\/blogdalucianaoliveira.com.br\/blog\/wp-json\/wp\/v2\/types\/post"}],"author":[{"embeddable":true,"href":"http:\/\/blogdalucianaoliveira.com.br\/blog\/wp-json\/wp\/v2\/users\/1"}],"replies":[{"embeddable":true,"href":"http:\/\/blogdalucianaoliveira.com.br\/blog\/wp-json\/wp\/v2\/comments?post=32210"}],"version-history":[{"count":1,"href":"http:\/\/blogdalucianaoliveira.com.br\/blog\/wp-json\/wp\/v2\/posts\/32210\/revisions"}],"predecessor-version":[{"id":32212,"href":"http:\/\/blogdalucianaoliveira.com.br\/blog\/wp-json\/wp\/v2\/posts\/32210\/revisions\/32212"}],"wp:attachment":[{"href":"http:\/\/blogdalucianaoliveira.com.br\/blog\/wp-json\/wp\/v2\/media?parent=32210"}],"wp:term":[{"taxonomy":"category","embeddable":true,"href":"http:\/\/blogdalucianaoliveira.com.br\/blog\/wp-json\/wp\/v2\/categories?post=32210"},{"taxonomy":"post_tag","embeddable":true,"href":"http:\/\/blogdalucianaoliveira.com.br\/blog\/wp-json\/wp\/v2\/tags?post=32210"}],"curies":[{"name":"wp","href":"https:\/\/api.w.org\/{rel}","templated":true}]}}