{"id":32220,"date":"2021-06-13T08:42:03","date_gmt":"2021-06-13T12:42:03","guid":{"rendered":"http:\/\/blogdalucianaoliveira.com.br\/blog\/?p=32220"},"modified":"2021-06-13T08:42:07","modified_gmt":"2021-06-13T12:42:07","slug":"fraudes-esquentam-madeira-brasileira-vendida-ilegalmente-para-o-exterior","status":"publish","type":"post","link":"http:\/\/blogdalucianaoliveira.com.br\/blog\/2021\/06\/13\/fraudes-esquentam-madeira-brasileira-vendida-ilegalmente-para-o-exterior\/","title":{"rendered":"Fraudes esquentam madeira brasileira vendida ilegalmente para o exterior"},"content":{"rendered":"\n<figure class=\"wp-block-image size-large\"><img data-recalc-dims=\"1\" loading=\"lazy\" decoding=\"async\" width=\"295\" height=\"197\" data-attachment-id=\"32225\" data-permalink=\"http:\/\/blogdalucianaoliveira.com.br\/blog\/2021\/06\/13\/fraudes-esquentam-madeira-brasileira-vendida-ilegalmente-para-o-exterior\/602f6bb7-77be-41a9-9cef-4dbf975d3e0c\/\" data-orig-file=\"https:\/\/i0.wp.com\/blogdalucianaoliveira.com.br\/blog\/wp-content\/uploads\/2021\/06\/602F6BB7-77BE-41A9-9CEF-4DBF975D3E0C.jpeg?fit=295%2C197\" data-orig-size=\"295,197\" data-comments-opened=\"0\" data-image-meta=\"{&quot;aperture&quot;:&quot;0&quot;,&quot;credit&quot;:&quot;&quot;,&quot;camera&quot;:&quot;&quot;,&quot;caption&quot;:&quot;&quot;,&quot;created_timestamp&quot;:&quot;0&quot;,&quot;copyright&quot;:&quot;&quot;,&quot;focal_length&quot;:&quot;0&quot;,&quot;iso&quot;:&quot;0&quot;,&quot;shutter_speed&quot;:&quot;0&quot;,&quot;title&quot;:&quot;&quot;,&quot;orientation&quot;:&quot;0&quot;}\" data-image-title=\"602F6BB7-77BE-41A9-9CEF-4DBF975D3E0C\" data-image-description=\"\" data-image-caption=\"\" data-medium-file=\"https:\/\/i0.wp.com\/blogdalucianaoliveira.com.br\/blog\/wp-content\/uploads\/2021\/06\/602F6BB7-77BE-41A9-9CEF-4DBF975D3E0C.jpeg?fit=295%2C197\" data-large-file=\"https:\/\/i0.wp.com\/blogdalucianaoliveira.com.br\/blog\/wp-content\/uploads\/2021\/06\/602F6BB7-77BE-41A9-9CEF-4DBF975D3E0C.jpeg?fit=295%2C197\" src=\"https:\/\/i0.wp.com\/blogdalucianaoliveira.com.br\/blog\/wp-content\/uploads\/2021\/06\/602F6BB7-77BE-41A9-9CEF-4DBF975D3E0C.jpeg?resize=295%2C197\" alt=\"\" class=\"wp-image-32225\"\/><\/figure>\n\n\n\n<h4 class=\"wp-block-heading\">Com at\u00e9 94% de extra\u00e7\u00e3o ilegal, madeira abastece pa\u00edses de Europa, \u00c1sia e Am\u00e9rica do Norte; iniciativa envolve grandes empreendimentos, muitas vezes com o aporte de dinheiro transnacional e pagamento de propina para burlar o esquema de fiscaliza\u00e7\u00e3o<\/h4>\n\n\n\n<!--more-->\n\n\n\n<p>Emilio Sant\u2019Anna, O Estado de S.Paulo&nbsp;<\/p>\n\n\n\n<p>O alerta que um carregamento de madeira brasileira havia sido apreendido em um porto estrangeiro veio dos EUA, mas poderia ser Alemanha, Inglaterra, Holanda, B\u00e9lgica, China, Tail\u00e2ndia ou M\u00e9xico. De acordo com investiga\u00e7\u00e3o da&nbsp;<strong><a href=\"https:\/\/tudo-sobre.estadao.com.br\/policia-federal\" target=\"_blank\" rel=\"noreferrer noopener\">Pol\u00edcia Federal<\/a><\/strong>&nbsp;e do Minist\u00e9rio P\u00fablico Federal, esses s\u00e3o alguns dos destinos do produto extra\u00eddo da&nbsp;<strong><a href=\"https:\/\/tudo-sobre.estadao.com.br\/floresta-amazonica\" target=\"_blank\" rel=\"noreferrer noopener\">Regi\u00e3o Amaz\u00f4nica<\/a><\/strong>&nbsp;\u2013 resultado de um esquema sofisticado e financiado por grandes volumes de investimentos.&nbsp;<\/p>\n\n\n\n<p>Membros da PF ouvidos pelo\u00a0<strong>Estad\u00e3o<\/strong>\u00a0estimam que cerca de 90% de toda madeira retirada desse bioma seja ilegal. O porcentual \u00e9 quase o mesmo de uma pesquisa deste ano do Instituto Centro de Vida (ICV) que mostra que 94% da \u00e1rea desmatada na Amaz\u00f4nia e no Cerrado at\u00e9 o segundo semestre de 2020 ocorreu \u00e0 margem da lei.<\/p>\n\n\n\n<p>Dados do Instituto Nacional de Pesquisas Espaciais (<strong><a href=\"https:\/\/tudo-sobre.estadao.com.br\/inpe-instituto-nacional-de-pesquisas-espaciais\" target=\"_blank\" rel=\"noreferrer noopener\">Inpe<\/a><\/strong>) mostram que o desmatamento na Amaz\u00f4nia Legal em maio foi o maior registrado desde 2016. Pressionada pelo avan\u00e7o das atividades agropecu\u00e1rias, a destrui\u00e7\u00e3o da floresta teve seu terceiro m\u00eas seguido de recorde.&nbsp;<\/p>\n\n\n\n<p>A extra\u00e7\u00e3o clandestina de madeira tem todas as caracter\u00edsticas de grandes empreendimentos, muitas vezes com o aporte de dinheiro transnacional. A situa\u00e7\u00e3o chegou ao ponto de o pr\u00f3prio ministro do Meio Ambiente,&nbsp;<strong><a href=\"https:\/\/tudo-sobre.estadao.com.br\/ricardo-salles\" target=\"_blank\" rel=\"noreferrer noopener\">Ricardo Salles<\/a><\/strong>, ser oficialmente investigado por suposta tentativa de liberar um carregamento apreendido. Al\u00e9m disso, o presidente do Ibama, Eduardo Bim, foi afastado do cargo. \u201cO problema \u00e9 que temos um n\u00edvel de ilegalidade que j\u00e1 passou de preocupante\u201d, diz R\u00f4mulo Batista, da campanha Amaz\u00f4nia do Greenpeace. Esse \u00e9 um processo cont\u00ednuo e caro. \u201cDepois da retirada do \u2018fil\u00e9 mignon\u2019 (as esp\u00e9cies mais valiosas, como o ip\u00ea), o caminho fica aberto para grilagem e minera\u00e7\u00e3o.\u201d&nbsp;&nbsp;<\/p>\n\n\n\n<p>Nenhum carregamento de madeira pode ser armazenado ou transitar pelo pa\u00eds sem o Documento de Origem Florestal (DOF). \u00c9 a\u00ed que come\u00e7a a fraude. Desde 2011, a emiss\u00e3o dessa licen\u00e7a passou para os Estados. Nela devem constar informa\u00e7\u00f5es sobre as esp\u00e9cies, tipo do material, volume, valor do carregamento, placa do ve\u00edculo, origem, destino, al\u00e9m da rota detalhada do transporte.<\/p>\n\n\n\n<p>A Opera\u00e7\u00e3o Arquimedes, deflagrada pela PF em 2017, apontou como essa exig\u00eancia pode ser contornada. Para \u201cesquentar\u201d a madeira extra\u00edda irregularmente, madeireiros atuam com servidores p\u00fablicos que incluem as informa\u00e7\u00f5es da madeira no sistema nacional, gerenciado pelo Ibama, em troca de propina. Os servidores informam o volume, o tipo e o local do corte da madeira, usando dados de outras \u00e1reas que possuem, de fato, autoriza\u00e7\u00e3o para o corte. Essas autoriza\u00e7\u00f5es s\u00e3o os \u201ccr\u00e9ditos florestais\u201d.\u00a0<br><\/p>\n\n\n\n<h1 class=\"wp-block-heading\">Caminho ilegal<\/h1>\n\n\n\n<p>Como funciona a fraude para a exporta\u00e7\u00e3o ilegal de madeira.<\/p>\n\n\n\n<figure class=\"wp-block-image size-large\"><img loading=\"lazy\" decoding=\"async\" width=\"828\" height=\"1262\" data-attachment-id=\"32221\" data-permalink=\"http:\/\/blogdalucianaoliveira.com.br\/blog\/2021\/06\/13\/fraudes-esquentam-madeira-brasileira-vendida-ilegalmente-para-o-exterior\/0d7d1fde-121f-4374-a766-e668c02f4cf8\/\" data-orig-file=\"https:\/\/i0.wp.com\/blogdalucianaoliveira.com.br\/blog\/wp-content\/uploads\/2021\/06\/0D7D1FDE-121F-4374-A766-E668C02F4CF8.jpeg?fit=828%2C1262\" data-orig-size=\"828,1262\" data-comments-opened=\"0\" data-image-meta=\"{&quot;aperture&quot;:&quot;0&quot;,&quot;credit&quot;:&quot;&quot;,&quot;camera&quot;:&quot;&quot;,&quot;caption&quot;:&quot;&quot;,&quot;created_timestamp&quot;:&quot;0&quot;,&quot;copyright&quot;:&quot;&quot;,&quot;focal_length&quot;:&quot;0&quot;,&quot;iso&quot;:&quot;0&quot;,&quot;shutter_speed&quot;:&quot;0&quot;,&quot;title&quot;:&quot;&quot;,&quot;orientation&quot;:&quot;1&quot;}\" data-image-title=\"0D7D1FDE-121F-4374-A766-E668C02F4CF8\" data-image-description=\"\" data-image-caption=\"\" data-medium-file=\"https:\/\/i0.wp.com\/blogdalucianaoliveira.com.br\/blog\/wp-content\/uploads\/2021\/06\/0D7D1FDE-121F-4374-A766-E668C02F4CF8.jpeg?fit=197%2C300\" data-large-file=\"https:\/\/i0.wp.com\/blogdalucianaoliveira.com.br\/blog\/wp-content\/uploads\/2021\/06\/0D7D1FDE-121F-4374-A766-E668C02F4CF8.jpeg?fit=600%2C914\" src=\"https:\/\/i2.wp.com\/blogdalucianaoliveira.com.br\/blog\/wp-content\/uploads\/2021\/06\/0D7D1FDE-121F-4374-A766-E668C02F4CF8.jpeg?fit=600%2C914\" alt=\"\" class=\"wp-image-32221\" srcset=\"https:\/\/i0.wp.com\/blogdalucianaoliveira.com.br\/blog\/wp-content\/uploads\/2021\/06\/0D7D1FDE-121F-4374-A766-E668C02F4CF8.jpeg?w=828 828w, https:\/\/i0.wp.com\/blogdalucianaoliveira.com.br\/blog\/wp-content\/uploads\/2021\/06\/0D7D1FDE-121F-4374-A766-E668C02F4CF8.jpeg?resize=197%2C300 197w, https:\/\/i0.wp.com\/blogdalucianaoliveira.com.br\/blog\/wp-content\/uploads\/2021\/06\/0D7D1FDE-121F-4374-A766-E668C02F4CF8.jpeg?resize=672%2C1024 672w, https:\/\/i0.wp.com\/blogdalucianaoliveira.com.br\/blog\/wp-content\/uploads\/2021\/06\/0D7D1FDE-121F-4374-A766-E668C02F4CF8.jpeg?resize=768%2C1171 768w\" sizes=\"auto, (max-width: 600px) 100vw, 600px\" \/><\/figure>\n\n\n\n<p><br><\/p>\n\n\n\n<figure class=\"wp-block-image size-large\"><img data-recalc-dims=\"1\" loading=\"lazy\" decoding=\"async\" width=\"600\" height=\"588\" data-attachment-id=\"32222\" data-permalink=\"http:\/\/blogdalucianaoliveira.com.br\/blog\/2021\/06\/13\/fraudes-esquentam-madeira-brasileira-vendida-ilegalmente-para-o-exterior\/1410f688-35ff-44e5-a924-59764cd340ac\/\" data-orig-file=\"https:\/\/i0.wp.com\/blogdalucianaoliveira.com.br\/blog\/wp-content\/uploads\/2021\/06\/1410F688-35FF-44E5-A924-59764CD340AC.jpeg?fit=828%2C812\" data-orig-size=\"828,812\" data-comments-opened=\"0\" data-image-meta=\"{&quot;aperture&quot;:&quot;0&quot;,&quot;credit&quot;:&quot;&quot;,&quot;camera&quot;:&quot;&quot;,&quot;caption&quot;:&quot;&quot;,&quot;created_timestamp&quot;:&quot;0&quot;,&quot;copyright&quot;:&quot;&quot;,&quot;focal_length&quot;:&quot;0&quot;,&quot;iso&quot;:&quot;0&quot;,&quot;shutter_speed&quot;:&quot;0&quot;,&quot;title&quot;:&quot;&quot;,&quot;orientation&quot;:&quot;1&quot;}\" data-image-title=\"1410F688-35FF-44E5-A924-59764CD340AC\" data-image-description=\"\" data-image-caption=\"\" data-medium-file=\"https:\/\/i0.wp.com\/blogdalucianaoliveira.com.br\/blog\/wp-content\/uploads\/2021\/06\/1410F688-35FF-44E5-A924-59764CD340AC.jpeg?fit=300%2C294\" data-large-file=\"https:\/\/i0.wp.com\/blogdalucianaoliveira.com.br\/blog\/wp-content\/uploads\/2021\/06\/1410F688-35FF-44E5-A924-59764CD340AC.jpeg?fit=600%2C588\" src=\"https:\/\/i0.wp.com\/blogdalucianaoliveira.com.br\/blog\/wp-content\/uploads\/2021\/06\/1410F688-35FF-44E5-A924-59764CD340AC.jpeg?resize=600%2C588\" alt=\"\" class=\"wp-image-32222\" srcset=\"https:\/\/i0.wp.com\/blogdalucianaoliveira.com.br\/blog\/wp-content\/uploads\/2021\/06\/1410F688-35FF-44E5-A924-59764CD340AC.jpeg?w=828 828w, https:\/\/i0.wp.com\/blogdalucianaoliveira.com.br\/blog\/wp-content\/uploads\/2021\/06\/1410F688-35FF-44E5-A924-59764CD340AC.jpeg?resize=300%2C294 300w, https:\/\/i0.wp.com\/blogdalucianaoliveira.com.br\/blog\/wp-content\/uploads\/2021\/06\/1410F688-35FF-44E5-A924-59764CD340AC.jpeg?resize=768%2C753 768w, https:\/\/i0.wp.com\/blogdalucianaoliveira.com.br\/blog\/wp-content\/uploads\/2021\/06\/1410F688-35FF-44E5-A924-59764CD340AC.jpeg?resize=306%2C300 306w\" sizes=\"auto, (max-width: 600px) 100vw, 600px\" \/><\/figure>\n\n\n\n<figure class=\"wp-block-image size-large\"><img data-recalc-dims=\"1\" loading=\"lazy\" decoding=\"async\" width=\"600\" height=\"604\" data-attachment-id=\"32223\" data-permalink=\"http:\/\/blogdalucianaoliveira.com.br\/blog\/2021\/06\/13\/fraudes-esquentam-madeira-brasileira-vendida-ilegalmente-para-o-exterior\/c5ee97a8-6e99-462c-aa46-98aa9022fb55\/\" data-orig-file=\"https:\/\/i0.wp.com\/blogdalucianaoliveira.com.br\/blog\/wp-content\/uploads\/2021\/06\/C5EE97A8-6E99-462C-AA46-98AA9022FB55.jpeg?fit=828%2C833\" data-orig-size=\"828,833\" data-comments-opened=\"0\" data-image-meta=\"{&quot;aperture&quot;:&quot;0&quot;,&quot;credit&quot;:&quot;&quot;,&quot;camera&quot;:&quot;&quot;,&quot;caption&quot;:&quot;&quot;,&quot;created_timestamp&quot;:&quot;0&quot;,&quot;copyright&quot;:&quot;&quot;,&quot;focal_length&quot;:&quot;0&quot;,&quot;iso&quot;:&quot;0&quot;,&quot;shutter_speed&quot;:&quot;0&quot;,&quot;title&quot;:&quot;&quot;,&quot;orientation&quot;:&quot;1&quot;}\" data-image-title=\"C5EE97A8-6E99-462C-AA46-98AA9022FB55\" data-image-description=\"\" data-image-caption=\"\" data-medium-file=\"https:\/\/i0.wp.com\/blogdalucianaoliveira.com.br\/blog\/wp-content\/uploads\/2021\/06\/C5EE97A8-6E99-462C-AA46-98AA9022FB55.jpeg?fit=298%2C300\" data-large-file=\"https:\/\/i0.wp.com\/blogdalucianaoliveira.com.br\/blog\/wp-content\/uploads\/2021\/06\/C5EE97A8-6E99-462C-AA46-98AA9022FB55.jpeg?fit=600%2C604\" src=\"https:\/\/i0.wp.com\/blogdalucianaoliveira.com.br\/blog\/wp-content\/uploads\/2021\/06\/C5EE97A8-6E99-462C-AA46-98AA9022FB55.jpeg?resize=600%2C604\" alt=\"\" class=\"wp-image-32223\" srcset=\"https:\/\/i0.wp.com\/blogdalucianaoliveira.com.br\/blog\/wp-content\/uploads\/2021\/06\/C5EE97A8-6E99-462C-AA46-98AA9022FB55.jpeg?w=828 828w, https:\/\/i0.wp.com\/blogdalucianaoliveira.com.br\/blog\/wp-content\/uploads\/2021\/06\/C5EE97A8-6E99-462C-AA46-98AA9022FB55.jpeg?resize=298%2C300 298w, https:\/\/i0.wp.com\/blogdalucianaoliveira.com.br\/blog\/wp-content\/uploads\/2021\/06\/C5EE97A8-6E99-462C-AA46-98AA9022FB55.jpeg?resize=150%2C150 150w, https:\/\/i0.wp.com\/blogdalucianaoliveira.com.br\/blog\/wp-content\/uploads\/2021\/06\/C5EE97A8-6E99-462C-AA46-98AA9022FB55.jpeg?resize=768%2C773 768w\" sizes=\"auto, (max-width: 600px) 100vw, 600px\" \/><\/figure>\n\n\n\n<figure class=\"wp-block-image size-large\"><img data-recalc-dims=\"1\" loading=\"lazy\" decoding=\"async\" width=\"600\" height=\"522\" data-attachment-id=\"32224\" data-permalink=\"http:\/\/blogdalucianaoliveira.com.br\/blog\/2021\/06\/13\/fraudes-esquentam-madeira-brasileira-vendida-ilegalmente-para-o-exterior\/a082446e-efa5-4c74-b2c0-db21c59894e4\/\" data-orig-file=\"https:\/\/i0.wp.com\/blogdalucianaoliveira.com.br\/blog\/wp-content\/uploads\/2021\/06\/A082446E-EFA5-4C74-B2C0-DB21C59894E4.jpeg?fit=828%2C720\" data-orig-size=\"828,720\" data-comments-opened=\"0\" data-image-meta=\"{&quot;aperture&quot;:&quot;0&quot;,&quot;credit&quot;:&quot;&quot;,&quot;camera&quot;:&quot;&quot;,&quot;caption&quot;:&quot;&quot;,&quot;created_timestamp&quot;:&quot;0&quot;,&quot;copyright&quot;:&quot;&quot;,&quot;focal_length&quot;:&quot;0&quot;,&quot;iso&quot;:&quot;0&quot;,&quot;shutter_speed&quot;:&quot;0&quot;,&quot;title&quot;:&quot;&quot;,&quot;orientation&quot;:&quot;1&quot;}\" data-image-title=\"A082446E-EFA5-4C74-B2C0-DB21C59894E4\" data-image-description=\"\" data-image-caption=\"\" data-medium-file=\"https:\/\/i0.wp.com\/blogdalucianaoliveira.com.br\/blog\/wp-content\/uploads\/2021\/06\/A082446E-EFA5-4C74-B2C0-DB21C59894E4.jpeg?fit=300%2C261\" data-large-file=\"https:\/\/i0.wp.com\/blogdalucianaoliveira.com.br\/blog\/wp-content\/uploads\/2021\/06\/A082446E-EFA5-4C74-B2C0-DB21C59894E4.jpeg?fit=600%2C522\" src=\"https:\/\/i0.wp.com\/blogdalucianaoliveira.com.br\/blog\/wp-content\/uploads\/2021\/06\/A082446E-EFA5-4C74-B2C0-DB21C59894E4.jpeg?resize=600%2C522\" alt=\"\" class=\"wp-image-32224\" srcset=\"https:\/\/i0.wp.com\/blogdalucianaoliveira.com.br\/blog\/wp-content\/uploads\/2021\/06\/A082446E-EFA5-4C74-B2C0-DB21C59894E4.jpeg?w=828 828w, https:\/\/i0.wp.com\/blogdalucianaoliveira.com.br\/blog\/wp-content\/uploads\/2021\/06\/A082446E-EFA5-4C74-B2C0-DB21C59894E4.jpeg?resize=300%2C261 300w, https:\/\/i0.wp.com\/blogdalucianaoliveira.com.br\/blog\/wp-content\/uploads\/2021\/06\/A082446E-EFA5-4C74-B2C0-DB21C59894E4.jpeg?resize=768%2C668 768w, https:\/\/i0.wp.com\/blogdalucianaoliveira.com.br\/blog\/wp-content\/uploads\/2021\/06\/A082446E-EFA5-4C74-B2C0-DB21C59894E4.jpeg?resize=345%2C300 345w\" sizes=\"auto, (max-width: 600px) 100vw, 600px\" \/><\/figure>\n\n\n\n<p>Assim, com os cr\u00e9ditos emitidos para uma \u00e1rea, o esquema \u201cesquenta\u201d a madeira cortada ilegalmente em outra. S\u00f3 nos primeiros dias dessa opera\u00e7\u00e3o, 479 cont\u00eaineres de madeira de 63 empresas foram apreendidos no Porto Chibat\u00e3o, em&nbsp;<strong><a href=\"https:\/\/tudo-sobre.estadao.com.br\/manaus-am\" target=\"_blank\" rel=\"noreferrer noopener\">Manaus<\/a><\/strong>. Segundo a PF, o volume \u2013 cerca de 10 mil metros c\u00fabicos, se fosse enfileirado, cobriria a dist\u00e2ncia de 1,5 mil quil\u00f4metros, equivalente \u00e0 dist\u00e2ncia entre Bras\u00edlia e Bel\u00e9m. O carregamento seria destinado a outros Estados e exporta\u00e7\u00e3o para Am\u00e9rica do Norte, \u00c1sia e Europa. Da\u00ed em diante, a madeira s\u00f3 pode ser vista nas grandes lojas e em fornecedores no exterior.&nbsp;<\/p>\n\n\n\n<p>A busca por termos como \u201cbrazilian hardwood flooring\u201d (piso de madeira dura brasileira, na tradu\u00e7\u00e3o livre) nos sites de algumas delas, como no da rede americana Lumber Liquidators, mostra onde vai parar esse produto. A empresa j\u00e1 foi condenada pela Justi\u00e7a por importar madeira ilegal.&nbsp;<\/p>\n\n\n\n<h3 class=\"wp-block-heading\">Dificuldade<\/h3>\n\n\n\n<p>Segundo relat\u00f3rio do&nbsp;<strong><a href=\"https:\/\/tudo-sobre.estadao.com.br\/ibama-instituto-brasileiro-do-meio-ambiente-e-dos-recursos-naturais-renovaveis\" target=\"_blank\" rel=\"noreferrer noopener\">Ibama<\/a><\/strong>, entre 2012 e 2017, 90% da produ\u00e7\u00e3o legal de madeira ficou no mercado interno, tendo como destino o Sudeste. Entre os 10% exportados, em ordem decrescente, os dez pa\u00edses com os maiores consumos foram: Estados Unidos; Holanda; Fran\u00e7a; China; B\u00e9lgica; Portugal; Su\u00ed\u00e7a; Rep\u00fablica Dominicana; Argentina; e Reino Unido. Esses pa\u00edses consumiram 73,5% de todos os produtos madeireiros das esp\u00e9cies amea\u00e7adas de extin\u00e7\u00e3o exportados no per\u00edodo analisado.&nbsp;<\/p>\n\n\n\n<p>Mas como diferenciar o legal do ilegal nesse mercado? A pesquisa do Instituto Centro de Vida (ICV) \u00e9 um exemplo dessa dificuldade. Feito em parceria com Instituto de Manejo e Certifica\u00e7\u00e3o Florestal e Agr\u00edcola (Imaflora) e Universidade Federal de Minas (UFMG), com apoio do WWF-Brasil, o estudo apontou 94% de ilegalidade na extra\u00e7\u00e3o da madeira. Para isso, cruzou dados oficiais de desmatamento do sistema Prodes, do Instituto Nacional de Pesquisas Espaciais (Inpe) para a Amaz\u00f4nia e o Cerrado e bases de dados sobre Autoriza\u00e7\u00f5es de Supress\u00e3o de Vegeta\u00e7\u00e3o Nativa (ASV), obrigat\u00f3rias para propriet\u00e1rios rurais fazerem o desmate em conformidade com o que prev\u00ea a legisla\u00e7\u00e3o.<\/p>\n\n\n\n<p>A cada ASV autorizada, os pesquisadores foram checar se o local da retirada batia com a \u00e1rea do mapa de \u00e1reas desmatadas. \u201cFizemos o mesmo caminho que uma empresa compradora faria para tentar rastrear a origem da madeira de seu fornecedor\u201d, diz Paula Bernasconi, coordenadora do ICV, que afirma que outro achado do estudo \u00e9 a completa falta de transpar\u00eancia e desorganiza\u00e7\u00e3o dos bancos de dados dos Estados, respons\u00e1veis pela emiss\u00e3o das ASVs. A coordenadora do ICV afirma que a ilegalidade ocorre na falsifica\u00e7\u00e3o das informa\u00e7\u00f5es para a obten\u00e7\u00e3o das ASVs e tamb\u00e9m na utiliza\u00e7\u00e3o irregular dos cr\u00e9ditos florestais.\u00a0<br><\/p>\n\n\n\n<p>A dificuldade em separar o legal do ilegal nesse mercado \u00e9 agravada pelo desmonte dos \u00f3rg\u00e3os de fiscaliza\u00e7\u00e3o como o Ibama na gest\u00e3o do presidente Jair Bolsonaro (sem partido). \u00c1reas devolutas, florestas nacionais, reservas e terras ind\u00edgenas n\u00e3o s\u00e3o contabilizadas, o que pode elevar esse porcentual para al\u00e9m dos 94% encontrados. \u201cN\u00e3o adianta o Bolsonaro ir \u00e0 Confer\u00eancia do Clima e prometer desmatamento ilegal zero at\u00e9 2030, se n\u00e3o se sabe o que \u00e9 ilegal\u201d, diz Paula.&nbsp;<\/p>\n\n\n\n<p>Tamanho volume de madeira ilegal cria remessas ao exterior avaliadas em mais de R$ 100 milh\u00f5es, como no caso dos 226 mil m\u00b3 de toras apreendidas na divisa do Par\u00e1 com o Amazonas, em dezembro de 2020, na Opera\u00e7\u00e3o Handroanthus GLO. At\u00e9 agora, \u00e9 a maior apreens\u00e3o feita pela PF na Regi\u00e3o Amaz\u00f4nica.&nbsp;&nbsp;<\/p>\n\n\n\n<p>A recente a\u00e7\u00e3o da PF que mirou o pr\u00f3prio Ministro do Meio Ambiente, Ricardo Salles, e o presidente do Ibama, Eduardo Bim, afastado de seu cargo, corrobora essa apura\u00e7\u00e3o sobre a rota da madeira clandestina brasileira mundo afora. Batizada de Akuanduba e autorizada pelo ministro do Supremo Tribunal Federal Alexandre de Moraes, ela ocorreu a partir de investiga\u00e7\u00f5es que apontaram para um \u201cgrave esquema de facilita\u00e7\u00e3o ao contrabando de produtos florestais\u201d. Uma das empresas, cujos propriet\u00e1rios foram alvo de mandatos de busca e apreens\u00e3o, exportou madeira ilegal, sem autoriza\u00e7\u00e3o pr\u00e9via do Ibama pelo menos em sete ocasi\u00f5es: cinco cont\u00eaineres destinados aos Estados Unidos, um para a Dinamarca e um para a B\u00e9lgica. Tr\u00eas cont\u00eaineres foram detidos pelas autoridades americanas no Porto de Savannah, no Estado da Ge\u00f3rgia.<\/p>\n\n\n\n<p>Ap\u00f3s a opera\u00e7\u00e3o, o presidente&nbsp;<strong><a href=\"https:\/\/tudo-sobre.estadao.com.br\/jair-bolsonaro\" target=\"_blank\" rel=\"noreferrer noopener\">Jair Bolsonaro<\/a><\/strong>resolveu demitir o delegado Alexandre Saraiva, que estava \u00e0 frente da investiga\u00e7\u00e3o, do cargo de superintendente da PF no Amazonas. H\u00e1 tempos, sua atua\u00e7\u00e3o era um problema para Salles, que classificou a Akuanduba como \u201cinfundada\u201d. Um m\u00eas antes, Saraiva havia enviado ao STF e \u00e0 PGR uma not\u00edcia-crime contra o ministro, o presidente do Ibama e o senador Telm\u00e1rio Mota (Pros-RR). De acordo com ele, Salles havia tentado interferir na investiga\u00e7\u00e3o.&nbsp;<\/p>\n\n\n\n<p>As press\u00f5es sobre o Brasil e sua pol\u00edtica ambiental aumentaram com a elei\u00e7\u00e3o do democrata Joe Biden nos EUA e se amplificam agora, com desmate e den\u00fancias. Para o coordenador da ONG Amazon Watch, Christian Poirie, qualquer negocia\u00e7\u00e3o dos EUA com o Brasil sobre a Amaz\u00f4nia deve envolver a sociedade, os governos estaduais, a academia e o setor privado. \u201cNenhuma tentativa deveria prosseguir antes de o Brasil reduzir o desmatamento aos n\u00edveis determinados pela Pol\u00edtica Nacional sobre Mudan\u00e7a do Clima e da retirada dos retrocessos ambientais encaminhados pelo governo brasileiro ao Congresso\u201d, afirma Poirie. Procurado pela reportagem, o Minist\u00e9rio do Meio Ambiente n\u00e3o se manifestou.<\/p>\n","protected":false},"excerpt":{"rendered":"<p>Com at\u00e9 94% de extra\u00e7\u00e3o ilegal, madeira abastece pa\u00edses de Europa, \u00c1sia e Am\u00e9rica do Norte; iniciativa envolve grandes empreendimentos, muitas vezes com o aporte de dinheiro transnacional e pagamento de propina para burlar o esquema de fiscaliza\u00e7\u00e3o<\/p>\n","protected":false},"author":1,"featured_media":0,"comment_status":"closed","ping_status":"open","sticky":false,"template":"","format":"standard","meta":{"_exactmetrics_skip_tracking":false,"_exactmetrics_sitenote_active":false,"_exactmetrics_sitenote_note":"","_exactmetrics_sitenote_category":0,"jetpack_post_was_ever_published":false,"_jetpack_newsletter_access":"","_jetpack_dont_email_post_to_subs":false,"_jetpack_newsletter_tier_id":0,"_jetpack_memberships_contains_paywalled_content":false,"_jetpack_memberships_contains_paid_content":false,"footnotes":"","jetpack_publicize_message":"","jetpack_publicize_feature_enabled":true,"jetpack_social_post_already_shared":true,"jetpack_social_options":{"image_generator_settings":{"template":"highway","enabled":false},"version":2}},"categories":[1],"tags":[],"class_list":["post-32220","post","type-post","status-publish","format-standard","hentry","category-notas"],"jetpack_publicize_connections":[],"jetpack_sharing_enabled":true,"jetpack_featured_media_url":"","jetpack_shortlink":"https:\/\/wp.me\/p7wKYW-8nG","jetpack-related-posts":[],"_links":{"self":[{"href":"http:\/\/blogdalucianaoliveira.com.br\/blog\/wp-json\/wp\/v2\/posts\/32220","targetHints":{"allow":["GET"]}}],"collection":[{"href":"http:\/\/blogdalucianaoliveira.com.br\/blog\/wp-json\/wp\/v2\/posts"}],"about":[{"href":"http:\/\/blogdalucianaoliveira.com.br\/blog\/wp-json\/wp\/v2\/types\/post"}],"author":[{"embeddable":true,"href":"http:\/\/blogdalucianaoliveira.com.br\/blog\/wp-json\/wp\/v2\/users\/1"}],"replies":[{"embeddable":true,"href":"http:\/\/blogdalucianaoliveira.com.br\/blog\/wp-json\/wp\/v2\/comments?post=32220"}],"version-history":[{"count":1,"href":"http:\/\/blogdalucianaoliveira.com.br\/blog\/wp-json\/wp\/v2\/posts\/32220\/revisions"}],"predecessor-version":[{"id":32226,"href":"http:\/\/blogdalucianaoliveira.com.br\/blog\/wp-json\/wp\/v2\/posts\/32220\/revisions\/32226"}],"wp:attachment":[{"href":"http:\/\/blogdalucianaoliveira.com.br\/blog\/wp-json\/wp\/v2\/media?parent=32220"}],"wp:term":[{"taxonomy":"category","embeddable":true,"href":"http:\/\/blogdalucianaoliveira.com.br\/blog\/wp-json\/wp\/v2\/categories?post=32220"},{"taxonomy":"post_tag","embeddable":true,"href":"http:\/\/blogdalucianaoliveira.com.br\/blog\/wp-json\/wp\/v2\/tags?post=32220"}],"curies":[{"name":"wp","href":"https:\/\/api.w.org\/{rel}","templated":true}]}}