{"id":32227,"date":"2021-06-14T07:30:11","date_gmt":"2021-06-14T11:30:11","guid":{"rendered":"http:\/\/blogdalucianaoliveira.com.br\/blog\/?p=32227"},"modified":"2021-06-14T07:30:16","modified_gmt":"2021-06-14T11:30:16","slug":"o-fora-bolsonaro-de-19-de-junho-sera-ainda-maior","status":"publish","type":"post","link":"http:\/\/blogdalucianaoliveira.com.br\/blog\/2021\/06\/14\/o-fora-bolsonaro-de-19-de-junho-sera-ainda-maior\/","title":{"rendered":"O \u2018Fora Bolsonaro\u2019 de 19 de Junho ser\u00e1 ainda maior"},"content":{"rendered":"\n<figure class=\"wp-block-image size-large\"><img data-recalc-dims=\"1\" loading=\"lazy\" decoding=\"async\" width=\"287\" height=\"180\" data-attachment-id=\"32228\" data-permalink=\"http:\/\/blogdalucianaoliveira.com.br\/blog\/2021\/06\/14\/o-fora-bolsonaro-de-19-de-junho-sera-ainda-maior\/09680d65-a082-4e7b-849f-72dcd6742bfd\/\" data-orig-file=\"https:\/\/i0.wp.com\/blogdalucianaoliveira.com.br\/blog\/wp-content\/uploads\/2021\/06\/09680D65-A082-4E7B-849F-72DCD6742BFD.jpeg?fit=287%2C180\" data-orig-size=\"287,180\" data-comments-opened=\"0\" data-image-meta=\"{&quot;aperture&quot;:&quot;0&quot;,&quot;credit&quot;:&quot;&quot;,&quot;camera&quot;:&quot;&quot;,&quot;caption&quot;:&quot;&quot;,&quot;created_timestamp&quot;:&quot;0&quot;,&quot;copyright&quot;:&quot;&quot;,&quot;focal_length&quot;:&quot;0&quot;,&quot;iso&quot;:&quot;0&quot;,&quot;shutter_speed&quot;:&quot;0&quot;,&quot;title&quot;:&quot;&quot;,&quot;orientation&quot;:&quot;0&quot;}\" data-image-title=\"09680D65-A082-4E7B-849F-72DCD6742BFD\" data-image-description=\"\" data-image-caption=\"\" data-medium-file=\"https:\/\/i0.wp.com\/blogdalucianaoliveira.com.br\/blog\/wp-content\/uploads\/2021\/06\/09680D65-A082-4E7B-849F-72DCD6742BFD.jpeg?fit=287%2C180\" data-large-file=\"https:\/\/i0.wp.com\/blogdalucianaoliveira.com.br\/blog\/wp-content\/uploads\/2021\/06\/09680D65-A082-4E7B-849F-72DCD6742BFD.jpeg?fit=287%2C180\" src=\"https:\/\/i0.wp.com\/blogdalucianaoliveira.com.br\/blog\/wp-content\/uploads\/2021\/06\/09680D65-A082-4E7B-849F-72DCD6742BFD.jpeg?resize=287%2C180\" alt=\"\" class=\"wp-image-32228\"\/><\/figure>\n\n\n\n<h4 class=\"wp-block-heading\">Uma nova e pujante onda de mobiliza\u00e7\u00f5es tem ocorrido nos \u00faltimos meses em diversos pa\u00edses da Am\u00e9rica Latina. Aqui n\u00e3o ser\u00e1 diferente<\/h4>\n\n\n\n<!--more-->\n\n\n\n<p><a href=\"https:\/\/www.cartacapital.com.br\/author\/manuela-davila\/\">Manuela d&#8217;\u00c1vila<\/a>, na Carta Capital <\/p>\n\n\n\n<p>Agrade\u00e7o, emocionada, aos milhares de mensagens de solidariedade e afeto que recebemos, eu e minha fam\u00edlia, depois de&nbsp;<a href=\"https:\/\/www.cartacapital.com.br\/cartaexpressa\/manuela-davila-denuncia-ameaca-de-estupro-contra-sua-filha-de-5-anos\/\">tornarmos p\u00fablicas as amea\u00e7as<\/a>&nbsp;de morte e estupro que sofremos, respectivamente, eu e Laura, minha filha de 5 anos. Sei que muitos me desejam for\u00e7a, e creio que nesses anos todos reuni bastante dela. Mas a verdade \u00e9 que, no fundo, n\u00f3s s\u00f3 desejamos viver em paz, em um pa\u00eds em que o fato de eu ser mulher de esquerda n\u00e3o nos coloque em risco. Para isso, precisamos que os autores de amea\u00e7as como essas sejam identificados. Precisamos tamb\u00e9m reconhecer que a viol\u00eancia, elemento fundante do Estado brasileiro, \u00e9 crescentemente utilizada por grupos de extrema-direita para a disputa pol\u00edtica.<\/p>\n\n\n\n<p>\u00c0s vezes, as amea\u00e7as s\u00e3o diretas, noutras a produ\u00e7\u00e3o e distribui\u00e7\u00e3o de desinforma\u00e7\u00e3o e mentira ati\u00e7am as redes e os grupos de \u00f3dio. \u00c9 evidente que esses n\u00e3o s\u00e3o processos constru\u00eddos separadamente. \u00c9 justamente dessas redes de \u00f3dio agitadas pelas chamadas\u00a0<em>fake news<\/em>\u00a0que, eventualmente, emerge um \u201clobo solit\u00e1rio\u201d disposto a intimidar, agredir e amea\u00e7ar. O \u201cbolsonarismo\u201d parece unir-se menos por um projeto comum de pa\u00eds e mais pelos m\u00e9todos pol\u00edticos, calcados no discurso de \u00f3dio, na viol\u00eancia pol\u00edtica de g\u00eanero e misoginia, na produ\u00e7\u00e3o e distribui\u00e7\u00e3o de mentiras, desinforma\u00e7\u00e3o, nega\u00e7\u00e3o da ci\u00eancia e autoritarismo. Essa \u00e9 mais uma das raz\u00f5es pelas quais temos urg\u00eancia em derrotar Bolsonaro.<\/p>\n\n\n\n<p>Desde o in\u00edcio da pandemia temos refletido nos partidos pol\u00edticos e movimentos sociais como agir diante de um governo que trouxe esse m\u00e9todo de fazer pol\u00edtica para o enfrentamento \u00e0 Covid-19. L\u00e1 atr\u00e1s, a luta pelo aux\u00edlio emergencial foi travada com muita consci\u00eancia e engajamento no ambiente sanitariamente seguro das redes sociais. Mas se passaram 15 meses. A nega\u00e7\u00e3o das vacinas, a persistente prorroga\u00e7\u00e3o da pandemia, o descaso com os nossos entes queridos que se foram. Quase meio milh\u00e3o de brasileiras e brasileiros se foram.<\/p>\n\n\n\n<p>E no \u00faltimo dia 29,&nbsp;<a href=\"https:\/\/www.cartacapital.com.br\/politica\/sucesso-dos-atos-de-rua-contra-bolsonaro-inspira-articulacao-de-novos-protestos\/\">milhares de brasileiros foram \u00e0s ruas<\/a>&nbsp;em todos os cantos deste imenso Pa\u00eds para afirmar que \u00e9 preciso interromper este governo nefasto antes do fim. Esses manifestantes, aos quais me somo, foram \u00e0s ruas sem deixar de temer o v\u00edrus, mas garantidos por medidas de seguran\u00e7a e prote\u00e7\u00e3o (tal qual usavam as profissionais de sa\u00fade quando ainda n\u00e3o t\u00ednhamos vacinas), com consci\u00eancia de que se um povo cioso com a pandemia sai \u00e0s ruas durante uma pandemia \u00e9 porque o presidente e seu governo s\u00e3o mais letais e perigosos que o pr\u00f3prio v\u00edrus. Bolsonaro n\u00e3o preservou a vida do povo, a economia, os empregos. A sistem\u00e1tica precariza\u00e7\u00e3o das con\u00addi\u00e7\u00f5es de vida dos trabalhadores e trabalhadoras refletiu-se na redu\u00e7\u00e3o dos indicadores de bem-estar social e econ\u00f4mico. Queremos vacina para todos, comida na mesa.<\/p>\n\n\n\n<p>Uma nova e pujante onda de mobiliza\u00e7\u00f5es tem ocorrido nos \u00faltimos meses em diversos pa\u00edses da Am\u00e9rica Latina. Por meio da indigna\u00e7\u00e3o presente nas ruas,&nbsp;<a href=\"https:\/\/cartacapital.com.br\/tag\/chile\">Chile<\/a>,&nbsp;<a href=\"https:\/\/cartacapital.com.br\/tag\/bolivia\">Bol\u00edvia<\/a>,&nbsp;<a href=\"https:\/\/cartacapital.com.br\/tag\/peru\">Peru<\/a>&nbsp;e&nbsp;<a href=\"https:\/\/cartacapital.com.br\/tag\/colombia\">Col\u00f4mbia<\/a>&nbsp;apresentam caminhos de resist\u00eancia com mobiliza\u00e7\u00e3o social. Pa\u00edses vizinhos colhem os \u00eaxitos da press\u00e3o popular que, vejam, se articula tamb\u00e9m nas redes sociais e em pequenos movimentos organizados. \u00c9 preciso que o campo progressista esteja atento a essas mudan\u00e7as. A grande vit\u00f3ria da esquerda chilena, por exemplo, calcada na presen\u00e7a pol\u00edtica de mulheres jovens, nos deixa pistas sobre por onde andar. A intensa mobiliza\u00e7\u00e3o na Col\u00f4mbia e a<a href=\"https:\/\/www.cartacapital.com.br\/mundo\/eleicoes-peru-pedro-castillo-keiko-fujimori-analise-entrevista\/\">&nbsp;derrota de Keiko Fujimori no Peru<\/a>&nbsp;tamb\u00e9m. Apesar de realidades muito d\u00edspares, essas vit\u00f3rias t\u00eam algo em comum: o peso da mobiliza\u00e7\u00e3o social e pol\u00edtica.<\/p>\n\n\n\n<p>Por isso, acredito que, no pr\u00f3ximo dia 19 de junho, as ruas ser\u00e3o tomadas por ainda mais gente. Sei que essa n\u00e3o \u00e9 uma decis\u00e3o f\u00e1cil. \u00c9 preciso respeitar e acolher quem decide ficar em casa. Mas eu e minha fam\u00edlia, munidos de m\u00e1scaras e equipamentos adequados, os distribuindo quando poss\u00edvel, guardando distanciamento, estaremos nas ruas lutando para derrotar este governo genocida que n\u00e3o para de matar os nossos amores. Venceremos.<\/p>\n\n\n\n<p>Desde o in\u00edcio da pandemia temos refletido nos partidos pol\u00edticos e movimentos sociais como agir diante de um governo que trouxe esse m\u00e9todo de fazer pol\u00edtica para o enfrentamento \u00e0 Covid-19. L\u00e1 atr\u00e1s, a luta pelo aux\u00edlio emergencial foi travada com muita consci\u00eancia e engajamento no ambiente sanitariamente seguro das redes sociais. Mas se passaram 15 meses. A nega\u00e7\u00e3o das vacinas, a persistente prorroga\u00e7\u00e3o da pandemia, o descaso com os nossos entes queridos que se foram. Quase meio milh\u00e3o de brasileiras e brasileiros se foram.<\/p>\n\n\n\n<p>E no \u00faltimo dia 29,&nbsp;<a href=\"https:\/\/www.cartacapital.com.br\/politica\/sucesso-dos-atos-de-rua-contra-bolsonaro-inspira-articulacao-de-novos-protestos\/\">milhares de brasileiros foram \u00e0s ruas<\/a>&nbsp;em todos os cantos deste imenso Pa\u00eds para afirmar que \u00e9 preciso interromper este governo nefasto antes do fim. Esses manifestantes, aos quais me somo, foram \u00e0s ruas sem deixar de temer o v\u00edrus, mas garantidos por medidas de seguran\u00e7a e prote\u00e7\u00e3o (tal qual usavam as profissionais de sa\u00fade quando ainda n\u00e3o t\u00ednhamos vacinas), com consci\u00eancia de que se um povo cioso com a pandemia sai \u00e0s ruas durante uma pandemia \u00e9 porque o presidente e seu governo s\u00e3o mais letais e perigosos que o pr\u00f3prio v\u00edrus. Bolsonaro n\u00e3o preservou a vida do povo, a economia, os empregos. A sistem\u00e1tica precariza\u00e7\u00e3o das con\u00addi\u00e7\u00f5es de vida dos trabalhadores e trabalhadoras refletiu-se na redu\u00e7\u00e3o dos indicadores de bem-estar social e econ\u00f4mico. Queremos vacina para todos, comida na mesa.<\/p>\n\n\n\n<p>Uma nova e pujante onda de mobiliza\u00e7\u00f5es tem ocorrido nos \u00faltimos meses em diversos pa\u00edses da Am\u00e9rica Latina. Por meio da indigna\u00e7\u00e3o presente nas ruas,&nbsp;<a href=\"https:\/\/cartacapital.com.br\/tag\/chile\">Chile<\/a>,&nbsp;<a href=\"https:\/\/cartacapital.com.br\/tag\/bolivia\">Bol\u00edvia<\/a>,&nbsp;<a href=\"https:\/\/cartacapital.com.br\/tag\/peru\">Peru<\/a>&nbsp;e&nbsp;<a href=\"https:\/\/cartacapital.com.br\/tag\/colombia\">Col\u00f4mbia<\/a>&nbsp;apresentam caminhos de resist\u00eancia com mobiliza\u00e7\u00e3o social. Pa\u00edses vizinhos colhem os \u00eaxitos da press\u00e3o popular que, vejam, se articula tamb\u00e9m nas redes sociais e em pequenos movimentos organizados. \u00c9 preciso que o campo progressista esteja atento a essas mudan\u00e7as. A grande vit\u00f3ria da esquerda chilena, por exemplo, calcada na presen\u00e7a pol\u00edtica de mulheres jovens, nos deixa pistas sobre por onde andar. A intensa mobiliza\u00e7\u00e3o na Col\u00f4mbia e a<a href=\"https:\/\/www.cartacapital.com.br\/mundo\/eleicoes-peru-pedro-castillo-keiko-fujimori-analise-entrevista\/\">&nbsp;derrota de Keiko Fujimori no Peru<\/a>&nbsp;tamb\u00e9m. Apesar de realidades muito d\u00edspares, essas vit\u00f3rias t\u00eam algo em comum: o peso da mobiliza\u00e7\u00e3o social e pol\u00edtica.<\/p>\n\n\n\n<p>Por isso, acredito que, no pr\u00f3ximo dia 19 de junho, as ruas ser\u00e3o tomadas por ainda mais gente. Sei que essa n\u00e3o \u00e9 uma decis\u00e3o f\u00e1cil. \u00c9 preciso respeitar e acolher quem decide ficar em casa. Mas eu e minha fam\u00edlia, munidos de m\u00e1scaras e equipamentos adequados, os distribuindo quando poss\u00edvel, guardando distanciamento, estaremos nas ruas lutando para derrotar este governo genocida que n\u00e3o para de matar os nossos amores. Venceremos.<\/p>\n","protected":false},"excerpt":{"rendered":"<p>Uma nova e pujante onda de mobiliza\u00e7\u00f5es tem ocorrido nos \u00faltimos meses em diversos pa\u00edses da Am\u00e9rica Latina. Aqui n\u00e3o ser\u00e1 diferente<\/p>\n","protected":false},"author":1,"featured_media":0,"comment_status":"closed","ping_status":"open","sticky":false,"template":"","format":"standard","meta":{"_exactmetrics_skip_tracking":false,"_exactmetrics_sitenote_active":false,"_exactmetrics_sitenote_note":"","_exactmetrics_sitenote_category":0,"jetpack_post_was_ever_published":false,"_jetpack_newsletter_access":"","_jetpack_dont_email_post_to_subs":false,"_jetpack_newsletter_tier_id":0,"_jetpack_memberships_contains_paywalled_content":false,"_jetpack_memberships_contains_paid_content":false,"footnotes":"","jetpack_publicize_message":"","jetpack_publicize_feature_enabled":true,"jetpack_social_post_already_shared":true,"jetpack_social_options":{"image_generator_settings":{"template":"highway","enabled":false},"version":2}},"categories":[1],"tags":[],"class_list":["post-32227","post","type-post","status-publish","format-standard","hentry","category-notas"],"jetpack_publicize_connections":[],"jetpack_sharing_enabled":true,"jetpack_featured_media_url":"","jetpack_shortlink":"https:\/\/wp.me\/p7wKYW-8nN","jetpack-related-posts":[],"_links":{"self":[{"href":"http:\/\/blogdalucianaoliveira.com.br\/blog\/wp-json\/wp\/v2\/posts\/32227","targetHints":{"allow":["GET"]}}],"collection":[{"href":"http:\/\/blogdalucianaoliveira.com.br\/blog\/wp-json\/wp\/v2\/posts"}],"about":[{"href":"http:\/\/blogdalucianaoliveira.com.br\/blog\/wp-json\/wp\/v2\/types\/post"}],"author":[{"embeddable":true,"href":"http:\/\/blogdalucianaoliveira.com.br\/blog\/wp-json\/wp\/v2\/users\/1"}],"replies":[{"embeddable":true,"href":"http:\/\/blogdalucianaoliveira.com.br\/blog\/wp-json\/wp\/v2\/comments?post=32227"}],"version-history":[{"count":1,"href":"http:\/\/blogdalucianaoliveira.com.br\/blog\/wp-json\/wp\/v2\/posts\/32227\/revisions"}],"predecessor-version":[{"id":32229,"href":"http:\/\/blogdalucianaoliveira.com.br\/blog\/wp-json\/wp\/v2\/posts\/32227\/revisions\/32229"}],"wp:attachment":[{"href":"http:\/\/blogdalucianaoliveira.com.br\/blog\/wp-json\/wp\/v2\/media?parent=32227"}],"wp:term":[{"taxonomy":"category","embeddable":true,"href":"http:\/\/blogdalucianaoliveira.com.br\/blog\/wp-json\/wp\/v2\/categories?post=32227"},{"taxonomy":"post_tag","embeddable":true,"href":"http:\/\/blogdalucianaoliveira.com.br\/blog\/wp-json\/wp\/v2\/tags?post=32227"}],"curies":[{"name":"wp","href":"https:\/\/api.w.org\/{rel}","templated":true}]}}