{"id":32230,"date":"2021-06-15T13:15:27","date_gmt":"2021-06-15T17:15:27","guid":{"rendered":"http:\/\/blogdalucianaoliveira.com.br\/blog\/?p=32230"},"modified":"2021-06-15T13:15:31","modified_gmt":"2021-06-15T17:15:31","slug":"manifestacao-contra-bolsonaro-veja-lista-com-locais-de-atos-do-proximo-sabado-19","status":"publish","type":"post","link":"http:\/\/blogdalucianaoliveira.com.br\/blog\/2021\/06\/15\/manifestacao-contra-bolsonaro-veja-lista-com-locais-de-atos-do-proximo-sabado-19\/","title":{"rendered":"Manifesta\u00e7\u00e3o contra Bolsonaro: veja lista com locais de atos do pr\u00f3ximo s\u00e1bado (19)"},"content":{"rendered":"\n<figure class=\"wp-block-image size-large\"><img loading=\"lazy\" decoding=\"async\" width=\"1024\" height=\"1280\" data-attachment-id=\"32231\" data-permalink=\"http:\/\/blogdalucianaoliveira.com.br\/blog\/2021\/06\/15\/manifestacao-contra-bolsonaro-veja-lista-com-locais-de-atos-do-proximo-sabado-19\/0bb85938-b64e-4892-8bbf-411f46b633e2\/\" data-orig-file=\"https:\/\/i0.wp.com\/blogdalucianaoliveira.com.br\/blog\/wp-content\/uploads\/2021\/06\/0BB85938-B64E-4892-8BBF-411F46B633E2.jpeg?fit=1024%2C1280\" data-orig-size=\"1024,1280\" data-comments-opened=\"0\" data-image-meta=\"{&quot;aperture&quot;:&quot;0&quot;,&quot;credit&quot;:&quot;&quot;,&quot;camera&quot;:&quot;&quot;,&quot;caption&quot;:&quot;&quot;,&quot;created_timestamp&quot;:&quot;0&quot;,&quot;copyright&quot;:&quot;&quot;,&quot;focal_length&quot;:&quot;0&quot;,&quot;iso&quot;:&quot;0&quot;,&quot;shutter_speed&quot;:&quot;0&quot;,&quot;title&quot;:&quot;&quot;,&quot;orientation&quot;:&quot;0&quot;}\" data-image-title=\"0BB85938-B64E-4892-8BBF-411F46B633E2\" data-image-description=\"\" data-image-caption=\"\" data-medium-file=\"https:\/\/i0.wp.com\/blogdalucianaoliveira.com.br\/blog\/wp-content\/uploads\/2021\/06\/0BB85938-B64E-4892-8BBF-411F46B633E2.jpeg?fit=240%2C300\" data-large-file=\"https:\/\/i0.wp.com\/blogdalucianaoliveira.com.br\/blog\/wp-content\/uploads\/2021\/06\/0BB85938-B64E-4892-8BBF-411F46B633E2.jpeg?fit=600%2C750\" src=\"https:\/\/i0.wp.com\/blogdalucianaoliveira.com.br\/blog\/wp-content\/uploads\/2021\/06\/0BB85938-B64E-4892-8BBF-411F46B633E2.jpeg?fit=600%2C750\" alt=\"\" class=\"wp-image-32231\" srcset=\"https:\/\/i0.wp.com\/blogdalucianaoliveira.com.br\/blog\/wp-content\/uploads\/2021\/06\/0BB85938-B64E-4892-8BBF-411F46B633E2.jpeg?w=1024 1024w, https:\/\/i0.wp.com\/blogdalucianaoliveira.com.br\/blog\/wp-content\/uploads\/2021\/06\/0BB85938-B64E-4892-8BBF-411F46B633E2.jpeg?resize=240%2C300 240w, https:\/\/i0.wp.com\/blogdalucianaoliveira.com.br\/blog\/wp-content\/uploads\/2021\/06\/0BB85938-B64E-4892-8BBF-411F46B633E2.jpeg?resize=819%2C1024 819w, https:\/\/i0.wp.com\/blogdalucianaoliveira.com.br\/blog\/wp-content\/uploads\/2021\/06\/0BB85938-B64E-4892-8BBF-411F46B633E2.jpeg?resize=768%2C960 768w\" sizes=\"auto, (max-width: 600px) 100vw, 600px\" \/><\/figure>\n\n\n\n<h4 class=\"wp-block-heading\">Se voc\u00ea vai \u00e0s manifesta\u00e7\u00f5es, n\u00e3o esque\u00e7a das medidas de seguran\u00e7a para evitar a contamina\u00e7\u00e3o pela covid-19<\/h4>\n\n\n\n<!--more-->\n\n\n\n<p>Reda\u00e7\u00e3o Brasil de Fato\u00a0<\/p>\n\n\n\n<p>Depois do chamado 29M, com atos que alcan\u00e7aram n\u00fameros expressivos de participa\u00e7\u00e3o popular, em 29 de maio, contra o governo de Jair Bolsonaro, em pelo menos todas as capitais brasileiras e no exterior, movimentos populares organizam uma nova manifesta\u00e7\u00e3o presencial,\u00a0<a rel=\"noreferrer noopener\" href=\"https:\/\/www.brasildefato.com.br\/2021\/06\/10\/movimentos-preparam-novo-ato-por-vacina-e-contra-bolsonaro-no-dia-19-de-junho\" target=\"_blank\">marcada para o pr\u00f3ximo dia 19, s\u00e1bado<\/a>.<\/p>\n\n\n\n<p>Os organizadores refor\u00e7am que&nbsp;ser\u00e3o mantidos os cuidados sanit\u00e1rios nos protestos e a perspectiva de que s\u00e3o atos &#8220;extraordin\u00e1rios em uma pandemia diante da situa\u00e7\u00e3o extrema de irresponsabilidade do governo Bolsonaro.&#8221;<\/p>\n\n\n\n<p>As manifesta\u00e7\u00f5es expressivas do dia 29 de maio s\u00e3o consideradas um elemento novo na conjuntura, tanto pela capilaridade nacional quanto pelo n\u00famero de participantes dos protestos. Foram registrados atos em todos os estados e DF, em 213 munic\u00edpios, mobilizando mais de 420 mil pessoas, segundo os organizadores.<\/p>\n\n\n\n<p>Se voc\u00ea vai \u00e0s manifesta\u00e7\u00f5es, lembre-se das recomenda\u00e7\u00f5es sanit\u00e1rias para evitar o cont\u00e1gio pelo coronav\u00edrus: basta conferir o guia de seguran\u00e7a sanit\u00e1ria para manifestantes em tempos de covid-19, elaborado pela Rede Nacional de M\u00e9dicas e M\u00e9dicos Populares (RNMMP).Guia da RNMMP para manifestantes na pandemia &#8211; Cr\u00e9ditos: Reprodu\u00e7\u00e3o\u00d7<\/p>\n\n\n\n<figure class=\"wp-block-image\"><img data-recalc-dims=\"1\" decoding=\"async\" src=\"https:\/\/i0.wp.com\/images02.brasildefato.com.br\/a3493483a53b0b05661d91b49791da06.jpeg?w=600&#038;ssl=1\" alt=\"\"\/><\/figure>\n\n\n\n<figure class=\"wp-block-image\"><img data-recalc-dims=\"1\" decoding=\"async\" src=\"https:\/\/i0.wp.com\/images02.brasildefato.com.br\/9df63978ad014fe6c7d4c97ff45c48d4.jpeg?w=600&#038;ssl=1\" alt=\"\"\/><\/figure>\n\n\n\n<figure class=\"wp-block-image\"><img data-recalc-dims=\"1\" decoding=\"async\" src=\"https:\/\/i0.wp.com\/images03.brasildefato.com.br\/a5a863d4c5fd756178576d1639ce1e03.jpeg?w=600&#038;ssl=1\" alt=\"\"\/><\/figure>\n\n\n\n<figure class=\"wp-block-image\"><img data-recalc-dims=\"1\" decoding=\"async\" src=\"https:\/\/i0.wp.com\/images01.brasildefato.com.br\/18dc6ba4f7c7e10d551cc5d56c64313a.jpeg?w=600&#038;ssl=1\" alt=\"\"\/><\/figure>\n\n\n\n<p><\/p>\n\n\n\n<p>Os protestos&nbsp;mant\u00e9m as bandeiras &#8220;Fora Bolsonaro&#8221;, vacina no bra\u00e7o (maior investimento no SUS, garantia de leitos e insumos e acelera\u00e7\u00e3o da vacina\u00e7\u00e3o) e comida no prato (aux\u00edlio emergencial de R$600, pol\u00edticas para manuten\u00e7\u00e3o de sal\u00e1rios e apoio a pequenas e m\u00e9dias empresas).<\/p>\n\n\n\n<p>At\u00e9 a \u00faltima sexta-feira (11), a Central de M\u00eddia das Frentes Brasil Popular e Povo Sem Medo j\u00e1 havia contabilizado 74 manifesta\u00e7\u00f5es confirmadas para o dia 19 de junho.<\/p>\n\n\n\n<p>Confira, abaixo, a lista com todos os atos:<\/p>\n\n\n\n<p>Norte<\/p>\n\n\n\n<p>AM &#8211; Manaus &#8211; Passeata Pra\u00e7a da Saudade | 15h<br>AP &#8211; Macap\u00e1 &#8211; Pra\u00e7a da Bandeira | 16h<br>PA &#8211; Bel\u00e9m &#8211; Caminhada Mercado de S\u00e3o Br\u00e1s at\u00e9 Pra\u00e7a da Rep\u00fablica | 8h<br>PA &#8211; Santar\u00e9m &#8211; Pra\u00e7a S\u00e3o Sebasti\u00e3o | 16h<br>RO &#8211; Guajar\u00e1-Mirim &#8211; Parque Circuito | 9h<br>RO &#8211; Ji-Paran\u00e1 &#8211; Casa do Papai Noel | 9h<br>RO &#8211; Porto Velho &#8211; Passeata Pra\u00e7a das 3 caixas d&#8217;\u00e1gua | 8h<br>RO &#8211; Porto Velho &#8211; Carreata 7 de setembro com a Farquar | 8h<br>RR &#8211; Boa Vista &#8211; Carreata e ato Centro C\u00edvico at\u00e9 Jaime Brasil | 9h<br>TO &#8211; Palmas &#8211; JK Entrada Leste do Pal\u00e1cio Araguaia (Lado da Serra) | 8h30<\/p>\n\n\n\n<p>Nordeste<\/p>\n\n\n\n<p>AL &#8211; Macei\u00f3 &#8211; Carro, moto ou a p\u00e9 Pra\u00e7a Centen\u00e1rio | 9h<br>BA &#8211; Jacobina &#8211; Pra\u00e7a do Garimpeiro | 8h30<br>BA &#8211; Jequi\u00e9 &#8211; Pra\u00e7a Ruy Barbosa | 9h<br>BA &#8211; Feira de Santana &#8211; (Aguardando Infos)<br>BA &#8211; Paulo Afonso &#8211; Carreata | 9h (Aguardando Infos)<br>BA &#8211; S\u00e3o Lu\u00eds do Curu &#8211; Sa\u00edda de \u00f4nibus rumo \u00e0 Fortaleza (Aguardando Infos)<br>BA &#8211; Salvador &#8211; Largo do Campo Grande at\u00e9 Farol da Barra | 14h&nbsp;<br>BA &#8211; Serrinha &#8211; Carreata | 14h (Aguardando Infos)<br>CE &#8211; Fortaleza &#8211; Pra\u00e7a da Gentil\u00e2ndia | 15h30<br>CE &#8211; Tiangu\u00e1 (Regi\u00e3o da Ibiapaba) &#8211; Em frente ao Mix Atacarejo | 7h<br>PE &#8211; Recife &#8211; Pra\u00e7a do Derby indo pela Conde da Boa Vista at\u00e9 Guararapes | 9h<br>PB &#8211; Campina Grande &#8211; Pra\u00e7a da Bandeira | 9h<br>PB &#8211; Cajazeiras &#8211; Pra\u00e7a das Oiticicas | 9h<br>PB &#8211; Jo\u00e3o Pessoa &#8211; Caminhada e carreata Lyceu Para\u00edbano, rumo ao ponto de Cem R\u00e9is | 9h<br>PI &#8211; Piripiri &#8211; Pra\u00e7a da Bandeira | 10h<br>PI &#8211; Teresina &#8211; Pra\u00e7a Rio Branco | 8h<br>RN &#8211; Mossor\u00f3 | &nbsp;pra\u00e7a C\u00edcero Dias em frente ao Teatro Municipal | &nbsp;16h<br>RN &#8211; Natal &#8211; Midway Mall at\u00e9 Natal Shopping Center | 15h<\/p>\n\n\n\n<p>Centro-Oeste<\/p>\n\n\n\n<p>DF &#8211; Bras\u00edlia &#8211; Carreata Pra\u00e7a do Buriti (at\u00e9 a Esplanada) | 8h<br>DF &#8211; Bras\u00edlia &#8211; Caminhada Biblioteca Nacional | 9h<br>GO &#8211; Goi\u00e2nia &#8211; Caminhada e Carreata Pra\u00e7a C\u00edvica | 9h<br>MT &#8211; Cuiab\u00e1 &#8211; Prainha &#8211; Ato Simb\u00f3lico | 6h<br>MT &#8211; Cuiab\u00e1 &#8211; Carreata &nbsp;SESC Arsenal &#8211; Sentido Santa Isabel | 8h<br>MT &#8211; Cuiab\u00e1 &#8211; &nbsp;Pra\u00e7a Alencastro | 11h<\/p>\n\n\n\n<p>Sudeste<\/p>\n\n\n\n<p>ES &#8211; Vit\u00f3ria &#8211; Carro, Bike e a p\u00e9 UFES at\u00e9 Assembl\u00e9ia Legislativa | 15h<br>MG &#8211; Belo Horizonte &#8211; Pra\u00e7a da Liberdade at\u00e9 Pra\u00e7a da Esta\u00e7\u00e3o | 13h<br>MG &#8211; Ju\u00edz de Fora &#8211; Parque Halfeld | 10h<br>SP &#8211; Santos &#8211; Esta\u00e7\u00e3o da Cidadania | 16h<br>SP &#8211; Bauru &#8211; Pra\u00e7a Rui Barbosa | 14h<br>SP &#8211; Campinas &#8211; Caminhada Largo do Ros\u00e1rio at\u00e9 Centro | 10h<br>SP &#8211; Carapicu\u00edba &#8211; Ato Simb\u00f3lico na Vila Dirce e ida \u00e0 Av. Paulista | 10h<br>SP &#8211; Diadema &#8211; Terminal Diadema | 14h<br>SP &#8211; Ilha Bela &#8211; Pra\u00e7a da Mangueira | 15h<br>SP &#8211; Indaiatuba &#8211; Av. Francisco de Paula Leite esquina do SESI em frente ao posto BR | 14h<br>SP &#8211; Jacare\u00ed &#8211; P\u00e1tio dos Trilhos &#8211; 9h30<br>SP &#8211; Ja\u00fa &#8211; Em frente ao Cemit\u00e9rio | 9h<br>SP &#8211; Laranjal Paulista &#8211; Carreata Cemit\u00e9rio da Saudade | 13h30 e Ato Simb\u00f3lico Largo S\u00e3o Jo\u00e3o | 14h30<br>SP &#8211; Ribeir\u00e3o Preto &#8211; Passeata Esplanada do Teatro Pedro II | 9h<br>SP &#8211; Santo Andr\u00e9 &#8211; Pra\u00e7a do Carmo | 10h<br>SP &#8211; Santo Andr\u00e9 &#8211; Pa\u00e7o Municipal | 13h<br>SP &#8211; S\u00e3o Paulo &#8211; MASP &#8211; 16h<br>SP &#8211; Sorocaba &#8211; Pra\u00e7a Coronel Fernando Prestes (Catedral) | 10h<br>SP &#8211; Osasco &#8211; Caminhada Rua Ant\u00f4nio Agu\/Esta\u00e7\u00e3o de Osasco | 13h30<br>RJ &#8211; Rio de Janeiro &#8211; Monumento Zumbi dos Palmares at\u00e9 Candel\u00e1ria | 10h<\/p>\n\n\n\n<p>Sul<\/p>\n\n\n\n<p>PR &#8211; Curitiba &#8211; Pra\u00e7a Santos Andrade | 15h<br>PR &#8211; Londrina &#8211; Em frente ao Teatro Ouro Verde | 16h<br>RS &#8211; Porto Alegre &#8211; Ato 150 anos da CARRIS (Aguardando Infos)<br>RS &#8211; Porto Alegre &#8211; Largo Gl\u00eanio Peres | 15h<br>RS &#8211; Porto Alegre &#8211; Mercado Municipal em marcha at\u00e9 Largo Zumbi dos Palmares | 15h<br>SC &#8211; Ararangu\u00e1 &#8211; Rel\u00f3gio do Sol | 9h<br>SC &#8211; Blumenau &#8211; Pra\u00e7a do Teatro Carlos Gomes | 10h<br>SC &#8211; Brusque &#8211; Ato distribui\u00e7\u00e3o de m\u00e1scaras e arrecada\u00e7\u00e3o de alimentos na Pra\u00e7a Gilberto Colzani (Pra\u00e7a do Chafariz) | 10h<br>SC &#8211; Chapec\u00f3 &#8211; &nbsp;Pra\u00e7a Bertaso | 9h30<br>SC &#8211; Florian\u00f3polis &#8211; Pra\u00e7a Tancredo Neves (Pra\u00e7a da ALESC) | 9h<br>SC &#8211; Itaja\u00ed &#8211; Cal\u00e7ad\u00e3o da Herc\u00edlio | 10h<br>SC &#8211; Joinville &#8211; Pra\u00e7a da Bandeira | 10h<br>SC &#8211; Lages &#8211; Pra\u00e7a Jo\u00e3o Costa (Cal\u00e7ad\u00e3o) | 15h<br>SC &#8211; Rio do Sul &#8211; Ato e Arrecada\u00e7\u00e3o de alimentos Pra\u00e7a Ermembergo Pellizzetti | 9h30<br>SC &#8211; S\u00e3o Miguel do Oeste &#8211; (Aguardando Infos)<br>SC &#8211; Tubar\u00e3o &#8211; Carreata e Caminhada Pra\u00e7a da Arena Multiuso | 13h30<\/p>\n\n\n\n<p>Atos no Exterior<\/p>\n\n\n\n<p>19\/06<br>Inglaterra &#8211; Londres &#8211; Embaixada do Brasil | 14h (hor\u00e1rio local0<br>Inglaterra &#8211; Oxford &#8211; Fernando\u2019s Cafe City Center | 13h (hor\u00e1rio local)<br>Portugal &#8211; Porto &#8211; Centro Portugu\u00eas de Fotografia, Largo Amor de Perdi\u00e7\u00e3o<\/p>\n\n\n\n<p>20\/06<br>It\u00e1lia &#8211; Roma &#8211; Piazzale Del Verano 20h (hor\u00e1rio local)<\/p>\n\n\n\n<p>Edi\u00e7\u00e3o: Vivian Virissimo<\/p>\n","protected":false},"excerpt":{"rendered":"<p>Se voc\u00ea vai \u00e0s manifesta\u00e7\u00f5es, n\u00e3o esque\u00e7a das medidas de seguran\u00e7a para evitar a contamina\u00e7\u00e3o pela covid-19<\/p>\n","protected":false},"author":1,"featured_media":0,"comment_status":"closed","ping_status":"open","sticky":false,"template":"","format":"standard","meta":{"_exactmetrics_skip_tracking":false,"_exactmetrics_sitenote_active":false,"_exactmetrics_sitenote_note":"","_exactmetrics_sitenote_category":0,"jetpack_post_was_ever_published":false,"_jetpack_newsletter_access":"","_jetpack_dont_email_post_to_subs":false,"_jetpack_newsletter_tier_id":0,"_jetpack_memberships_contains_paywalled_content":false,"_jetpack_memberships_contains_paid_content":false,"footnotes":"","jetpack_publicize_message":"","jetpack_publicize_feature_enabled":true,"jetpack_social_post_already_shared":true,"jetpack_social_options":{"image_generator_settings":{"template":"highway","enabled":false},"version":2}},"categories":[1],"tags":[],"class_list":["post-32230","post","type-post","status-publish","format-standard","hentry","category-notas"],"jetpack_publicize_connections":[],"jetpack_sharing_enabled":true,"jetpack_featured_media_url":"","jetpack_shortlink":"https:\/\/wp.me\/p7wKYW-8nQ","jetpack-related-posts":[],"_links":{"self":[{"href":"http:\/\/blogdalucianaoliveira.com.br\/blog\/wp-json\/wp\/v2\/posts\/32230","targetHints":{"allow":["GET"]}}],"collection":[{"href":"http:\/\/blogdalucianaoliveira.com.br\/blog\/wp-json\/wp\/v2\/posts"}],"about":[{"href":"http:\/\/blogdalucianaoliveira.com.br\/blog\/wp-json\/wp\/v2\/types\/post"}],"author":[{"embeddable":true,"href":"http:\/\/blogdalucianaoliveira.com.br\/blog\/wp-json\/wp\/v2\/users\/1"}],"replies":[{"embeddable":true,"href":"http:\/\/blogdalucianaoliveira.com.br\/blog\/wp-json\/wp\/v2\/comments?post=32230"}],"version-history":[{"count":1,"href":"http:\/\/blogdalucianaoliveira.com.br\/blog\/wp-json\/wp\/v2\/posts\/32230\/revisions"}],"predecessor-version":[{"id":32232,"href":"http:\/\/blogdalucianaoliveira.com.br\/blog\/wp-json\/wp\/v2\/posts\/32230\/revisions\/32232"}],"wp:attachment":[{"href":"http:\/\/blogdalucianaoliveira.com.br\/blog\/wp-json\/wp\/v2\/media?parent=32230"}],"wp:term":[{"taxonomy":"category","embeddable":true,"href":"http:\/\/blogdalucianaoliveira.com.br\/blog\/wp-json\/wp\/v2\/categories?post=32230"},{"taxonomy":"post_tag","embeddable":true,"href":"http:\/\/blogdalucianaoliveira.com.br\/blog\/wp-json\/wp\/v2\/tags?post=32230"}],"curies":[{"name":"wp","href":"https:\/\/api.w.org\/{rel}","templated":true}]}}