{"id":32235,"date":"2021-06-15T18:21:58","date_gmt":"2021-06-15T22:21:58","guid":{"rendered":"http:\/\/blogdalucianaoliveira.com.br\/blog\/?p=32235"},"modified":"2021-06-15T18:22:03","modified_gmt":"2021-06-15T22:22:03","slug":"sobre-a-privatizacao-da-eletrobras","status":"publish","type":"post","link":"http:\/\/blogdalucianaoliveira.com.br\/blog\/2021\/06\/15\/sobre-a-privatizacao-da-eletrobras\/","title":{"rendered":"Sobre a privatiza\u00e7\u00e3o da Eletrobras"},"content":{"rendered":"\n<figure class=\"wp-block-image size-large\"><img loading=\"lazy\" decoding=\"async\" width=\"1280\" height=\"1280\" data-attachment-id=\"32236\" data-permalink=\"http:\/\/blogdalucianaoliveira.com.br\/blog\/2021\/06\/15\/sobre-a-privatizacao-da-eletrobras\/fa6be155-3b43-4c68-8af3-8ca7712f3a8e\/\" data-orig-file=\"https:\/\/i0.wp.com\/blogdalucianaoliveira.com.br\/blog\/wp-content\/uploads\/2021\/06\/FA6BE155-3B43-4C68-8AF3-8CA7712F3A8E.jpeg?fit=1280%2C1280\" data-orig-size=\"1280,1280\" data-comments-opened=\"0\" data-image-meta=\"{&quot;aperture&quot;:&quot;0&quot;,&quot;credit&quot;:&quot;&quot;,&quot;camera&quot;:&quot;&quot;,&quot;caption&quot;:&quot;&quot;,&quot;created_timestamp&quot;:&quot;0&quot;,&quot;copyright&quot;:&quot;&quot;,&quot;focal_length&quot;:&quot;0&quot;,&quot;iso&quot;:&quot;0&quot;,&quot;shutter_speed&quot;:&quot;0&quot;,&quot;title&quot;:&quot;&quot;,&quot;orientation&quot;:&quot;0&quot;}\" data-image-title=\"FA6BE155-3B43-4C68-8AF3-8CA7712F3A8E\" data-image-description=\"\" data-image-caption=\"\" data-medium-file=\"https:\/\/i0.wp.com\/blogdalucianaoliveira.com.br\/blog\/wp-content\/uploads\/2021\/06\/FA6BE155-3B43-4C68-8AF3-8CA7712F3A8E.jpeg?fit=300%2C300\" data-large-file=\"https:\/\/i0.wp.com\/blogdalucianaoliveira.com.br\/blog\/wp-content\/uploads\/2021\/06\/FA6BE155-3B43-4C68-8AF3-8CA7712F3A8E.jpeg?fit=600%2C600\" src=\"https:\/\/i1.wp.com\/blogdalucianaoliveira.com.br\/blog\/wp-content\/uploads\/2021\/06\/FA6BE155-3B43-4C68-8AF3-8CA7712F3A8E.jpeg?fit=600%2C600\" alt=\"\" class=\"wp-image-32236\" srcset=\"https:\/\/i0.wp.com\/blogdalucianaoliveira.com.br\/blog\/wp-content\/uploads\/2021\/06\/FA6BE155-3B43-4C68-8AF3-8CA7712F3A8E.jpeg?w=1280 1280w, https:\/\/i0.wp.com\/blogdalucianaoliveira.com.br\/blog\/wp-content\/uploads\/2021\/06\/FA6BE155-3B43-4C68-8AF3-8CA7712F3A8E.jpeg?resize=300%2C300 300w, https:\/\/i0.wp.com\/blogdalucianaoliveira.com.br\/blog\/wp-content\/uploads\/2021\/06\/FA6BE155-3B43-4C68-8AF3-8CA7712F3A8E.jpeg?resize=1024%2C1024 1024w, https:\/\/i0.wp.com\/blogdalucianaoliveira.com.br\/blog\/wp-content\/uploads\/2021\/06\/FA6BE155-3B43-4C68-8AF3-8CA7712F3A8E.jpeg?resize=150%2C150 150w, https:\/\/i0.wp.com\/blogdalucianaoliveira.com.br\/blog\/wp-content\/uploads\/2021\/06\/FA6BE155-3B43-4C68-8AF3-8CA7712F3A8E.jpeg?resize=768%2C768 768w, https:\/\/i0.wp.com\/blogdalucianaoliveira.com.br\/blog\/wp-content\/uploads\/2021\/06\/FA6BE155-3B43-4C68-8AF3-8CA7712F3A8E.jpeg?w=1200 1200w\" sizes=\"auto, (max-width: 600px) 100vw, 600px\" \/><\/figure>\n\n\n\n<p><em>Ao contr\u00e1rio do que diz o governo, a&nbsp;<\/em><em>tarifa vai&nbsp;<\/em><em>subir&nbsp;<\/em><em>e<\/em><em>&nbsp;apag\u00f5es ser\u00e3o cada vez mais prov\u00e1veis<\/em><em>&nbsp;se a Eletrobras for privatizada<\/em><em>, avaliam especialistas<\/em><em><\/em><\/p>\n\n\n\n<!--more-->\n\n\n\n<p><strong>Coletivo de Comunica\u00e7\u00e3o Nacional do MAB<\/strong> &#8211; O\u00a0Senado\u00a0pautou para\u00a0amanh\u00e3\u00a0(16)\u00a0a vota\u00e7\u00e3o da medida Provis\u00f3ria\u00a0n\u00ba 1.031\/2021,\u00a0que regula a privatiza\u00e7\u00e3o da Eletrobras,\u00a0por meio da oferta p\u00fablica de\u00a0a\u00e7\u00f5es em bolsa de valores, resultando na perda do controle\u00a0estatal da companhia.\u00a0<\/p>\n\n\n\n<p>A vota\u00e7\u00e3o da MP, que j\u00e1 foi aprovada na C\u00e2mara dos Deputados, acontece em meio \u00e0&nbsp;CPI da Pandemia, que atrai toda a aten\u00e7\u00e3o da opini\u00e3o p\u00fablica e tira os holofotes da agenda de privatiza\u00e7\u00e3o de setores estrat\u00e9gicos do Brasil.<\/p>\n\n\n\n<p>A principal empresa de gera\u00e7\u00e3o e transmiss\u00e3o de energia do pa\u00eds, que\u00a0passaria ao controle privado\u00a0com a aprova\u00e7\u00e3o da medida, tem capacidade instalada de 51.143 MW, o que representa 30% do total da gera\u00e7\u00e3o el\u00e9trica do\u00a0Brasil.\u00a0Ao todo, a companhia det\u00e9m 48 usinas hidrel\u00e9tricas, 12 termel\u00e9tricas a g\u00e1s natural, \u00f3leo e carv\u00e3o, duas termonucleares, 62 usinas e\u00f3licas e uma usina solar.<\/p>\n\n\n\n<figure class=\"wp-block-image size-large\"><img loading=\"lazy\" decoding=\"async\" width=\"1280\" height=\"1280\" data-attachment-id=\"32237\" data-permalink=\"http:\/\/blogdalucianaoliveira.com.br\/blog\/2021\/06\/15\/sobre-a-privatizacao-da-eletrobras\/0d364859-b6c0-4b7e-9c32-5c0e99b252a7\/\" data-orig-file=\"https:\/\/i0.wp.com\/blogdalucianaoliveira.com.br\/blog\/wp-content\/uploads\/2021\/06\/0D364859-B6C0-4B7E-9C32-5C0E99B252A7.jpeg?fit=1280%2C1280\" data-orig-size=\"1280,1280\" data-comments-opened=\"0\" data-image-meta=\"{&quot;aperture&quot;:&quot;0&quot;,&quot;credit&quot;:&quot;&quot;,&quot;camera&quot;:&quot;&quot;,&quot;caption&quot;:&quot;&quot;,&quot;created_timestamp&quot;:&quot;0&quot;,&quot;copyright&quot;:&quot;&quot;,&quot;focal_length&quot;:&quot;0&quot;,&quot;iso&quot;:&quot;0&quot;,&quot;shutter_speed&quot;:&quot;0&quot;,&quot;title&quot;:&quot;&quot;,&quot;orientation&quot;:&quot;0&quot;}\" data-image-title=\"0D364859-B6C0-4B7E-9C32-5C0E99B252A7\" data-image-description=\"\" data-image-caption=\"\" data-medium-file=\"https:\/\/i0.wp.com\/blogdalucianaoliveira.com.br\/blog\/wp-content\/uploads\/2021\/06\/0D364859-B6C0-4B7E-9C32-5C0E99B252A7.jpeg?fit=300%2C300\" data-large-file=\"https:\/\/i0.wp.com\/blogdalucianaoliveira.com.br\/blog\/wp-content\/uploads\/2021\/06\/0D364859-B6C0-4B7E-9C32-5C0E99B252A7.jpeg?fit=600%2C600\" src=\"https:\/\/i1.wp.com\/blogdalucianaoliveira.com.br\/blog\/wp-content\/uploads\/2021\/06\/0D364859-B6C0-4B7E-9C32-5C0E99B252A7.jpeg?fit=600%2C600\" alt=\"\" class=\"wp-image-32237\" srcset=\"https:\/\/i0.wp.com\/blogdalucianaoliveira.com.br\/blog\/wp-content\/uploads\/2021\/06\/0D364859-B6C0-4B7E-9C32-5C0E99B252A7.jpeg?w=1280 1280w, https:\/\/i0.wp.com\/blogdalucianaoliveira.com.br\/blog\/wp-content\/uploads\/2021\/06\/0D364859-B6C0-4B7E-9C32-5C0E99B252A7.jpeg?resize=300%2C300 300w, https:\/\/i0.wp.com\/blogdalucianaoliveira.com.br\/blog\/wp-content\/uploads\/2021\/06\/0D364859-B6C0-4B7E-9C32-5C0E99B252A7.jpeg?resize=1024%2C1024 1024w, https:\/\/i0.wp.com\/blogdalucianaoliveira.com.br\/blog\/wp-content\/uploads\/2021\/06\/0D364859-B6C0-4B7E-9C32-5C0E99B252A7.jpeg?resize=150%2C150 150w, https:\/\/i0.wp.com\/blogdalucianaoliveira.com.br\/blog\/wp-content\/uploads\/2021\/06\/0D364859-B6C0-4B7E-9C32-5C0E99B252A7.jpeg?resize=768%2C768 768w, https:\/\/i0.wp.com\/blogdalucianaoliveira.com.br\/blog\/wp-content\/uploads\/2021\/06\/0D364859-B6C0-4B7E-9C32-5C0E99B252A7.jpeg?w=1200 1200w\" sizes=\"auto, (max-width: 600px) 100vw, 600px\" \/><\/figure>\n\n\n\n<figure class=\"wp-block-image size-large\"><img loading=\"lazy\" decoding=\"async\" width=\"1280\" height=\"1280\" data-attachment-id=\"32238\" data-permalink=\"http:\/\/blogdalucianaoliveira.com.br\/blog\/2021\/06\/15\/sobre-a-privatizacao-da-eletrobras\/b98f4e8c-50b5-4afe-8ff6-65d8c65523ca\/\" data-orig-file=\"https:\/\/i0.wp.com\/blogdalucianaoliveira.com.br\/blog\/wp-content\/uploads\/2021\/06\/B98F4E8C-50B5-4AFE-8FF6-65D8C65523CA.jpeg?fit=1280%2C1280\" data-orig-size=\"1280,1280\" data-comments-opened=\"0\" data-image-meta=\"{&quot;aperture&quot;:&quot;0&quot;,&quot;credit&quot;:&quot;&quot;,&quot;camera&quot;:&quot;&quot;,&quot;caption&quot;:&quot;&quot;,&quot;created_timestamp&quot;:&quot;0&quot;,&quot;copyright&quot;:&quot;&quot;,&quot;focal_length&quot;:&quot;0&quot;,&quot;iso&quot;:&quot;0&quot;,&quot;shutter_speed&quot;:&quot;0&quot;,&quot;title&quot;:&quot;&quot;,&quot;orientation&quot;:&quot;0&quot;}\" data-image-title=\"B98F4E8C-50B5-4AFE-8FF6-65D8C65523CA\" data-image-description=\"\" data-image-caption=\"\" data-medium-file=\"https:\/\/i0.wp.com\/blogdalucianaoliveira.com.br\/blog\/wp-content\/uploads\/2021\/06\/B98F4E8C-50B5-4AFE-8FF6-65D8C65523CA.jpeg?fit=300%2C300\" data-large-file=\"https:\/\/i0.wp.com\/blogdalucianaoliveira.com.br\/blog\/wp-content\/uploads\/2021\/06\/B98F4E8C-50B5-4AFE-8FF6-65D8C65523CA.jpeg?fit=600%2C600\" src=\"https:\/\/i0.wp.com\/blogdalucianaoliveira.com.br\/blog\/wp-content\/uploads\/2021\/06\/B98F4E8C-50B5-4AFE-8FF6-65D8C65523CA.jpeg?fit=600%2C600\" alt=\"\" class=\"wp-image-32238\" srcset=\"https:\/\/i0.wp.com\/blogdalucianaoliveira.com.br\/blog\/wp-content\/uploads\/2021\/06\/B98F4E8C-50B5-4AFE-8FF6-65D8C65523CA.jpeg?w=1280 1280w, https:\/\/i0.wp.com\/blogdalucianaoliveira.com.br\/blog\/wp-content\/uploads\/2021\/06\/B98F4E8C-50B5-4AFE-8FF6-65D8C65523CA.jpeg?resize=300%2C300 300w, https:\/\/i0.wp.com\/blogdalucianaoliveira.com.br\/blog\/wp-content\/uploads\/2021\/06\/B98F4E8C-50B5-4AFE-8FF6-65D8C65523CA.jpeg?resize=1024%2C1024 1024w, https:\/\/i0.wp.com\/blogdalucianaoliveira.com.br\/blog\/wp-content\/uploads\/2021\/06\/B98F4E8C-50B5-4AFE-8FF6-65D8C65523CA.jpeg?resize=150%2C150 150w, https:\/\/i0.wp.com\/blogdalucianaoliveira.com.br\/blog\/wp-content\/uploads\/2021\/06\/B98F4E8C-50B5-4AFE-8FF6-65D8C65523CA.jpeg?resize=768%2C768 768w, https:\/\/i0.wp.com\/blogdalucianaoliveira.com.br\/blog\/wp-content\/uploads\/2021\/06\/B98F4E8C-50B5-4AFE-8FF6-65D8C65523CA.jpeg?w=1200 1200w\" sizes=\"auto, (max-width: 600px) 100vw, 600px\" \/><\/figure>\n\n\n\n<figure class=\"wp-block-image size-large\"><img loading=\"lazy\" decoding=\"async\" width=\"1280\" height=\"1280\" data-attachment-id=\"32239\" data-permalink=\"http:\/\/blogdalucianaoliveira.com.br\/blog\/2021\/06\/15\/sobre-a-privatizacao-da-eletrobras\/56e8a47a-23f2-437f-805d-43f1ca79b801\/\" data-orig-file=\"https:\/\/i0.wp.com\/blogdalucianaoliveira.com.br\/blog\/wp-content\/uploads\/2021\/06\/56E8A47A-23F2-437F-805D-43F1CA79B801.jpeg?fit=1280%2C1280\" data-orig-size=\"1280,1280\" data-comments-opened=\"0\" data-image-meta=\"{&quot;aperture&quot;:&quot;0&quot;,&quot;credit&quot;:&quot;&quot;,&quot;camera&quot;:&quot;&quot;,&quot;caption&quot;:&quot;&quot;,&quot;created_timestamp&quot;:&quot;0&quot;,&quot;copyright&quot;:&quot;&quot;,&quot;focal_length&quot;:&quot;0&quot;,&quot;iso&quot;:&quot;0&quot;,&quot;shutter_speed&quot;:&quot;0&quot;,&quot;title&quot;:&quot;&quot;,&quot;orientation&quot;:&quot;0&quot;}\" data-image-title=\"56E8A47A-23F2-437F-805D-43F1CA79B801\" data-image-description=\"\" data-image-caption=\"\" data-medium-file=\"https:\/\/i0.wp.com\/blogdalucianaoliveira.com.br\/blog\/wp-content\/uploads\/2021\/06\/56E8A47A-23F2-437F-805D-43F1CA79B801.jpeg?fit=300%2C300\" data-large-file=\"https:\/\/i0.wp.com\/blogdalucianaoliveira.com.br\/blog\/wp-content\/uploads\/2021\/06\/56E8A47A-23F2-437F-805D-43F1CA79B801.jpeg?fit=600%2C600\" src=\"https:\/\/i2.wp.com\/blogdalucianaoliveira.com.br\/blog\/wp-content\/uploads\/2021\/06\/56E8A47A-23F2-437F-805D-43F1CA79B801.jpeg?fit=600%2C600\" alt=\"\" class=\"wp-image-32239\" srcset=\"https:\/\/i0.wp.com\/blogdalucianaoliveira.com.br\/blog\/wp-content\/uploads\/2021\/06\/56E8A47A-23F2-437F-805D-43F1CA79B801.jpeg?w=1280 1280w, https:\/\/i0.wp.com\/blogdalucianaoliveira.com.br\/blog\/wp-content\/uploads\/2021\/06\/56E8A47A-23F2-437F-805D-43F1CA79B801.jpeg?resize=300%2C300 300w, https:\/\/i0.wp.com\/blogdalucianaoliveira.com.br\/blog\/wp-content\/uploads\/2021\/06\/56E8A47A-23F2-437F-805D-43F1CA79B801.jpeg?resize=1024%2C1024 1024w, https:\/\/i0.wp.com\/blogdalucianaoliveira.com.br\/blog\/wp-content\/uploads\/2021\/06\/56E8A47A-23F2-437F-805D-43F1CA79B801.jpeg?resize=150%2C150 150w, https:\/\/i0.wp.com\/blogdalucianaoliveira.com.br\/blog\/wp-content\/uploads\/2021\/06\/56E8A47A-23F2-437F-805D-43F1CA79B801.jpeg?resize=768%2C768 768w, https:\/\/i0.wp.com\/blogdalucianaoliveira.com.br\/blog\/wp-content\/uploads\/2021\/06\/56E8A47A-23F2-437F-805D-43F1CA79B801.jpeg?w=1200 1200w\" sizes=\"auto, (max-width: 600px) 100vw, 600px\" \/><\/figure>\n\n\n\n<figure class=\"wp-block-image size-large\"><img loading=\"lazy\" decoding=\"async\" width=\"1280\" height=\"1280\" data-attachment-id=\"32240\" data-permalink=\"http:\/\/blogdalucianaoliveira.com.br\/blog\/2021\/06\/15\/sobre-a-privatizacao-da-eletrobras\/766326cf-9199-4deb-bf6a-5f2ce6847e9e\/\" data-orig-file=\"https:\/\/i0.wp.com\/blogdalucianaoliveira.com.br\/blog\/wp-content\/uploads\/2021\/06\/766326CF-9199-4DEB-BF6A-5F2CE6847E9E.jpeg?fit=1280%2C1280\" data-orig-size=\"1280,1280\" data-comments-opened=\"0\" data-image-meta=\"{&quot;aperture&quot;:&quot;0&quot;,&quot;credit&quot;:&quot;&quot;,&quot;camera&quot;:&quot;&quot;,&quot;caption&quot;:&quot;&quot;,&quot;created_timestamp&quot;:&quot;0&quot;,&quot;copyright&quot;:&quot;&quot;,&quot;focal_length&quot;:&quot;0&quot;,&quot;iso&quot;:&quot;0&quot;,&quot;shutter_speed&quot;:&quot;0&quot;,&quot;title&quot;:&quot;&quot;,&quot;orientation&quot;:&quot;0&quot;}\" data-image-title=\"766326CF-9199-4DEB-BF6A-5F2CE6847E9E\" data-image-description=\"\" data-image-caption=\"\" data-medium-file=\"https:\/\/i0.wp.com\/blogdalucianaoliveira.com.br\/blog\/wp-content\/uploads\/2021\/06\/766326CF-9199-4DEB-BF6A-5F2CE6847E9E.jpeg?fit=300%2C300\" data-large-file=\"https:\/\/i0.wp.com\/blogdalucianaoliveira.com.br\/blog\/wp-content\/uploads\/2021\/06\/766326CF-9199-4DEB-BF6A-5F2CE6847E9E.jpeg?fit=600%2C600\" src=\"https:\/\/i2.wp.com\/blogdalucianaoliveira.com.br\/blog\/wp-content\/uploads\/2021\/06\/766326CF-9199-4DEB-BF6A-5F2CE6847E9E.jpeg?fit=600%2C600\" alt=\"\" class=\"wp-image-32240\" srcset=\"https:\/\/i0.wp.com\/blogdalucianaoliveira.com.br\/blog\/wp-content\/uploads\/2021\/06\/766326CF-9199-4DEB-BF6A-5F2CE6847E9E.jpeg?w=1280 1280w, https:\/\/i0.wp.com\/blogdalucianaoliveira.com.br\/blog\/wp-content\/uploads\/2021\/06\/766326CF-9199-4DEB-BF6A-5F2CE6847E9E.jpeg?resize=300%2C300 300w, https:\/\/i0.wp.com\/blogdalucianaoliveira.com.br\/blog\/wp-content\/uploads\/2021\/06\/766326CF-9199-4DEB-BF6A-5F2CE6847E9E.jpeg?resize=1024%2C1024 1024w, https:\/\/i0.wp.com\/blogdalucianaoliveira.com.br\/blog\/wp-content\/uploads\/2021\/06\/766326CF-9199-4DEB-BF6A-5F2CE6847E9E.jpeg?resize=150%2C150 150w, https:\/\/i0.wp.com\/blogdalucianaoliveira.com.br\/blog\/wp-content\/uploads\/2021\/06\/766326CF-9199-4DEB-BF6A-5F2CE6847E9E.jpeg?resize=768%2C768 768w, https:\/\/i0.wp.com\/blogdalucianaoliveira.com.br\/blog\/wp-content\/uploads\/2021\/06\/766326CF-9199-4DEB-BF6A-5F2CE6847E9E.jpeg?w=1200 1200w\" sizes=\"auto, (max-width: 600px) 100vw, 600px\" \/><\/figure>\n\n\n\n<p>Confira aqui quatro\u00a0grandes mentiras\u00a0sobre o projeto de privatiza\u00e7\u00e3o da companhia de acordo com especialistas do setor\u00a0el\u00e9trico.\u00a0<\/p>\n\n\n\n<p><strong>1&nbsp;<\/strong><strong>\u2013<\/strong><strong>&nbsp;<\/strong><strong>Mentira: A privatiza\u00e7\u00e3o vai trazer pre\u00e7os \u201ccompetitivos\u201d ao setor<\/strong><\/p>\n\n\n\n<p><strong>Verdade: A conta de luz vai aumentar<\/strong><strong>.<\/strong><\/p>\n\n\n\n<p>O Ministro da Economia,&nbsp;Paulo Guedes,&nbsp;alega&nbsp;que&nbsp;o&nbsp;mercado&nbsp;\u00e9&nbsp;capaz de&nbsp;gerar energia&nbsp;a pre\u00e7os mais competitivos&nbsp;para o desenvolvimento do pa\u00eds.&nbsp;Nem mesmo representantes dos setores mais liberais&nbsp;da economia, por\u00e9m,&nbsp;acreditam nisso.&nbsp;<\/p>\n\n\n\n<p>A&nbsp;Federa\u00e7\u00e3o das Ind\u00fastrias do Estado de S\u00e3o Paulo (FIESP), por exemplo, j\u00e1 se manifestou contr\u00e1ria&nbsp;\u00e0&nbsp;privatiza\u00e7\u00e3o,&nbsp;por temer o impacto da venda da empresa para o setor industrial, que \u00e9 o maior consumidor de energia do pa\u00eds.&nbsp;<\/p>\n\n\n\n<p>Gilberto&nbsp;Cervinski, da coordena\u00e7\u00e3o nacional do Movimento dos Atingidos por Barragens (MAB),&nbsp;explica que, na verdade, a&nbsp;Eletrobras \u00e9 a empresa mais eficiente do setor el\u00e9trico nacional&nbsp;e cobra a energia mais barata.&nbsp;\u201cEnquanto as hidrel\u00e9tricas de propriedade privada de empresas transnacionais cobram em m\u00e9dia R$ 250,00 por&nbsp;1.000 kWh, as usinas da Eletrobras&nbsp;praticam&nbsp;R$ 65,00 por&nbsp;1.000 kWh\u201d,&nbsp;ressalta.<\/p>\n\n\n\n<p>At\u00e9&nbsp;os analistas&nbsp;da&nbsp;Ag\u00eancia Nacional de Energia El\u00e9trica (ANNEL)&nbsp;j\u00e1 alertaram sobre&nbsp;o risco&nbsp;do&nbsp;aumento nas tarifas&nbsp;com a venda da empresa.&nbsp;Em 2017, quando&nbsp;o governo&nbsp;Temer j\u00e1 tentava privatizar a Eletrobras,&nbsp;a Ag\u00eancia&nbsp;entregou ao&nbsp;<a href=\"https:\/\/www.moneytimes.com.br\/tag\/ministerio-de-minas-e-energia\/\">Minist\u00e9rio de Minas e Energia<\/a>&nbsp;um estudo que previa impacto de pelo menos 17% de aumento na conta de luz residencial m\u00e9dia no pa\u00eds,&nbsp;caso a companhia fosse privatizada.&nbsp;<\/p>\n\n\n\n<p>Uma das explica\u00e7\u00f5es para isso \u00e9 que a&nbsp;iniciativa privada vai adquirir usinas&nbsp;j\u00e1&nbsp;amortizadas&nbsp;\u2013 ou seja, cujos custos de investimento j\u00e1 foram recuperados&nbsp;a partir das contas de energia pagas pelos brasileiros.&nbsp;No entanto, elas passar\u00e3o a referenciar a tarifa n\u00e3o no pre\u00e7o de custo da energia, mas nos pre\u00e7os de mercado, sujeitos \u00e0 especula\u00e7\u00e3o. &nbsp;<\/p>\n\n\n\n<p>O&nbsp;economista e pesquisador Paulo Santos, do Instituto de Finan\u00e7as Funcionais para o Desenvolvimento&nbsp;(IFFD), explica&nbsp;que&nbsp;o custo de produ\u00e7\u00e3o da&nbsp;energia&nbsp;das&nbsp;hidrel\u00e9tricasbrasileiras \u00e9 comparativamente&nbsp;baixo.&nbsp;\u201cO&nbsp;pre\u00e7o&nbsp;da energia no Brasil&nbsp;para o consumidordeveria ser um dos mais baratos do mundo,semelhante ao que \u00e9 praticado no Canad\u00e1, na prov\u00edncia de Quebec,&nbsp;por exemplo,&nbsp;que tem um sistema de energia de base hidrel\u00e9trica muito parecido com o nosso, porque produzir&nbsp;energia hidrel\u00e9trica \u00e9 barato&nbsp;em compara\u00e7\u00e3o a outras fontes\u201d,&nbsp;destaca&nbsp;o pesquisador.&nbsp;<\/p>\n\n\n\n<p>O problema, ele explica, \u00e9 que&nbsp;a partir das reformas&nbsp;neoliberais da d\u00e9cada de 90&nbsp;inicia-se uma&nbsp;desregulamenta\u00e7\u00e3o cada vez maior da pol\u00edtica de pre\u00e7os do setor, com o encarecimento das tarifas para o consumidor.\u201cDesde,&nbsp;95 quando come\u00e7ou o processo de privatiza\u00e7\u00e3o do setor el\u00e9trico,&nbsp;foi criado&nbsp;um modelo de neg\u00f3cio onde a comercializa\u00e7\u00e3o da energia se baseia numa simples quest\u00e3o de oferta e procura,&nbsp;que privilegia&nbsp;os lucros dascompanhias. Quando&nbsp;voc\u00ea&nbsp;tenta maximizar o lucro individual de um agente&nbsp;desse setor, voc\u00ea&nbsp;prejudica o todo&nbsp;e o custo&nbsp;geral&nbsp;aumenta\u201d,&nbsp;acrescenta&nbsp;Paulo.&nbsp;&nbsp;<\/p>\n\n\n\n<p>Fabiola&nbsp;Antezana,&nbsp;do Coletivo Nacional dos Eletricit\u00e1rios&nbsp;e da Plataforma Oper\u00e1ria e Camponesa da \u00c1gua e Energia,&nbsp;explica&nbsp;que as tarifas podem&nbsp;aumentar&nbsp;especialmente&nbsp;nas regi\u00f5es&nbsp;mais pobres do&nbsp;pa\u00eds, no&nbsp;Norte e Nordeste. Isso porque as&nbsp;subsidi\u00e1rias da Eletrobras t\u00eam um papel importante de incorporar em seus balan\u00e7os os custos de investimentos em regi\u00f5es de baixa densidade de rede de distribui\u00e7\u00e3o, o que evita o encarecimento da energia el\u00e9trica nas regi\u00f5es mais pobres do pa\u00eds.&nbsp;<br><\/p>\n\n\n\n<p><strong>2&nbsp;<\/strong><strong>\u2013&nbsp;<\/strong><strong>Mentira: A Eletrobras d\u00e1 preju\u00edzo<\/strong><\/p>\n\n\n\n<p><strong>Verdade:&nbsp;<\/strong><strong>O pa\u00eds pode abrir m\u00e3o de uma<\/strong><strong>das empresas<\/strong><strong>&nbsp;mais lucrativa<\/strong><strong>s<\/strong><strong>&nbsp;do Brasil<\/strong><strong>&nbsp;e entregar ao capital estrangeiro<\/strong><\/p>\n\n\n\n<p>Segundo o relat\u00f3rio anual&nbsp;da companhia, a Eletrobras registrou&nbsp;lucro l\u00edquido de R$ 6,4 bilh\u00f5es em 2020, mesmo em um ano de pandemia, tendo sido a sexta empresa mais lucrativa do pa\u00eds neste&nbsp;per\u00edodo.&nbsp;Al\u00e9m disso, acompanhia&nbsp;tem uma gera\u00e7\u00e3o de caixa de R$ 15 bilh\u00f5es por ano.&nbsp;\u201cEnt\u00e3o,&nbsp;a quest\u00e3o&nbsp;de&nbsp;vender patrim\u00f4nio para poder fazer recurso \u00e9 equ\u00edvoco.&nbsp;Quando&nbsp;se vende uma empresa que paga dividendos \u2014 robustos e com regularidade \u2014 se est\u00e1&nbsp;abrindo m\u00e3o de&nbsp;um fluxo de caixa futuro\u201d, afirma&nbsp;a professora dodepartamento de economia da Universidade Federal do Rio Grande do Sul (UFRGS),Glaucia&nbsp;Campregher.&nbsp;<\/p>\n\n\n\n<p>Gl\u00e1ucia tamb\u00e9m avalia que a justificativa de venda da companhia para fazer caixa n\u00e3o faz sentido porque o governo ter\u00e1 que criar outra estatal&nbsp;que ficaria respons\u00e1vel pela&nbsp;Eletronuclear&nbsp;e pela&nbsp;Usina Hidrel\u00e9trica de Itaipu. A primeira&nbsp;subsidi\u00e1ria&nbsp;n\u00e3o pode ser entregue \u00e0 iniciativa privada por atuar com energia nuclear e a segunda por ser uma&nbsp;empresa binacional.&nbsp;<\/p>\n\n\n\n<p>Cervinski&nbsp;alerta que&nbsp;com a privatiza\u00e7\u00e3o&nbsp;30% da gera\u00e7\u00e3o de energia do pa\u00eds pode ficar sobre o monop\u00f3lio de uma \u00fanica empresa, provavelmente estrangeira. Foi o que aconteceu com as quatro usinas localizadas em Minas Gerais e que foram leiloadas pelo governo federal em 2017. A principal compradora foi a empresa&nbsp;Spic&nbsp;Pacific Energy, do grupo&nbsp;Spic, comandado pelo governo chin\u00eas.<\/p>\n\n\n\n<p><strong>3&nbsp;<\/strong><strong>\u2013<\/strong><strong>&nbsp;<\/strong><strong>Mentira: A privatiza\u00e7\u00e3o da Eletrobras \u00e9 necess\u00e1ria para a retomada do crescimento<\/strong><\/p>\n\n\n\n<p><strong>Verdade:&nbsp;<\/strong><strong>A privatiza\u00e7\u00e3o da Eletrobras aumenta o risco de apag\u00e3o e aprofundamento da crise econ\u00f4mica<\/strong><\/p>\n\n\n\n<p>\u201cEnergia \u00e9, claramente, o primeiro requisito para o desenvolvimento de uma ind\u00fastria pulsante e de todos os setores da sociedade.\u00c9&nbsp;por isso que o debate sobre a privatiza\u00e7\u00e3o da Eletrobras \u00e9 t\u00e3o complexo.&nbsp;Ser\u00e1 que a iniciativa privada tem realmente capacidade para oferecer energia mais barata que o Estado?\u201d, questiona&nbsp;a economista&nbsp;Campregher.<\/p>\n\n\n\n<p>Gilberto&nbsp;Cervinski&nbsp;n\u00e3o tem d\u00favidas de que a resposta \u00e9 n\u00e3o. Ele afirma que a privatiza\u00e7\u00e3o n\u00e3o s\u00f3 vai provocar um expressivo aumento da conta de luz, como pode resultar em apag\u00f5es, como o que aconteceu em 2020 no Amap\u00e1, como resultado da precariza\u00e7\u00e3o da estrutura da companhia el\u00e9trica do estado ap\u00f3s sua venda para a iniciativa privada.&nbsp;<\/p>\n\n\n\n<p>A professora&nbsp;Gl\u00e1ucia defende&nbsp;a necessidade&nbsp;do&nbsp;pa\u00eds ter&nbsp;controle sobre um setor que \u00e9 t\u00e3o estrat\u00e9gico para o desenvolvimento econ\u00f4mico e social.&nbsp;\u201cA&nbsp;energia \u00e9 um recurso estrat\u00e9gico, porque ela simplesmente \u00e9 necess\u00e1ria para tudo. Para colocar uma f\u00e1brica para funcionar, para gerar outras formas de energia, para manter os respiradores de um hospital ligados, uma escola funcionando, uma \u00e1rea agr\u00edcola irrigada. Ent\u00e3o, voc\u00ea n\u00e3o pode privar nenhum territ\u00f3rio de ter energia se voc\u00ea quer ser uma na\u00e7\u00e3o com menos desigualdade\u201d.&nbsp;<\/p>\n\n\n\n<p><strong>4 \u2013&nbsp;<\/strong><strong>Mentira: Com a privatiza\u00e7\u00e3o, a Eletrobras vai se tornar mais moderna e eficiente<\/strong><\/p>\n\n\n\n<p><strong>Verdade: O&nbsp;<\/strong><strong>governo<\/strong><strong>&nbsp;<\/strong><strong>abre m\u00e3o de<\/strong><strong>&nbsp;d\u00e9cadas de pesquisa e produ\u00e7\u00e3o tecnol\u00f3gica que poderiam colocar o Brasil na vanguarda da transi\u00e7\u00e3o energ\u00e9tica<\/strong><strong>.<\/strong><\/p>\n\n\n\n<p>Al\u00e9m das principais usinas hidrel\u00e9tricas do Brasil, a Eletrobras det\u00e9m diversos&nbsp;centros e laborat\u00f3rios de pesquisa,&nbsp;como o Eletrobras CEPEL, o Centro Tecnol\u00f3gico de Engenharia Civil de FURNAS e o Parque Tecnol\u00f3gico Itaipu &#8211; Brasil. Esses centros t\u00eam uma import\u00e2ncia essencial na produ\u00e7\u00e3o de conhecimento, pesquisa e inova\u00e7\u00e3o no setor el\u00e9trico, mas podem ser simplesmente abandonados.&nbsp;<\/p>\n\n\n\n<p>Segundo o pesquisador Paulo Santos, a Medida Provis\u00f3ria da privatiza\u00e7\u00e3o prev\u00ea que a Eletrobr\u00e1s poder\u00e1 sustentar por apenas mais seis anos o CEPEL, mas n\u00e3o determina uma solu\u00e7\u00e3o definitiva para este que \u00e9 um dos mais importantes grupos de laborat\u00f3rios de pesquisa e metrologia do&nbsp;pa\u00eds, ferramenta essencial no processo de diversifica\u00e7\u00e3o da matriz energ\u00e9tica.<\/p>\n\n\n\n<p><br>Paulo ressalta que&nbsp;a&nbsp;Eletrobras \u00e9&nbsp;fundamental para a diversifica\u00e7\u00e3o da matriz el\u00e9trica brasileira,&nbsp;pois a capacidade de estocar energia em seus reservat\u00f3rios&nbsp;assegura&nbsp;a possibilidade de investir em desenvolvimento de&nbsp;energias renov\u00e1veis&nbsp;intermitentes, comoe\u00f3licas e fotovoltaicas, contando com a energia hidrel\u00e9trica estocada para complementar essas fontes.&nbsp;<\/p>\n\n\n\n<p>\u201cPerder o controle sobre a Eletrobras \u00e9 perder a capacidade de direcionarmos o futuro da transi\u00e7\u00e3o energ\u00e9tica de nossa matriz el\u00e9trica, significa causar pobreza energ\u00e9tica cr\u00f4nica para grandes segmentos de nosso povo, significa abdicarmos de participar ativamente do crescente mercado de energias renov\u00e1veis.\u201d, refor\u00e7a.&nbsp;<\/p>\n\n\n\n<p>Gl\u00e1ucia avalia que a perda de patrim\u00f4nio relacionada a essa privatiza\u00e7\u00e3o vai para al\u00e9m das usinas da companhia. \u201cImagine o patrim\u00f4nio natural envolvido, todos os nossos rios e o todo o&nbsp;recurso humano e tecnol\u00f3gicoque a gente usou para construir um parque energ\u00e9tico de energias&nbsp;renov\u00e1veis.&nbsp;\u00c8&nbsp;isso que a popula\u00e7\u00e3o precisa entender que o governo est\u00e1 colocando \u00e0 venda\u201d, provoca a professora.<\/p>\n","protected":false},"excerpt":{"rendered":"<p>Ao contr\u00e1rio do que diz o governo, a&nbsp;tarifa vai&nbsp;subir&nbsp;e&nbsp;apag\u00f5es ser\u00e3o cada vez mais prov\u00e1veis&nbsp;se a Eletrobras for privatizada, avaliam especialistas<\/p>\n","protected":false},"author":1,"featured_media":0,"comment_status":"closed","ping_status":"open","sticky":false,"template":"","format":"standard","meta":{"_exactmetrics_skip_tracking":false,"_exactmetrics_sitenote_active":false,"_exactmetrics_sitenote_note":"","_exactmetrics_sitenote_category":0,"jetpack_post_was_ever_published":false,"_jetpack_newsletter_access":"","_jetpack_dont_email_post_to_subs":false,"_jetpack_newsletter_tier_id":0,"_jetpack_memberships_contains_paywalled_content":false,"_jetpack_memberships_contains_paid_content":false,"footnotes":"","jetpack_publicize_message":"","jetpack_publicize_feature_enabled":true,"jetpack_social_post_already_shared":true,"jetpack_social_options":{"image_generator_settings":{"template":"highway","enabled":false},"version":2}},"categories":[1],"tags":[],"class_list":["post-32235","post","type-post","status-publish","format-standard","hentry","category-notas"],"jetpack_publicize_connections":[],"jetpack_sharing_enabled":true,"jetpack_featured_media_url":"","jetpack_shortlink":"https:\/\/wp.me\/p7wKYW-8nV","jetpack-related-posts":[],"_links":{"self":[{"href":"http:\/\/blogdalucianaoliveira.com.br\/blog\/wp-json\/wp\/v2\/posts\/32235","targetHints":{"allow":["GET"]}}],"collection":[{"href":"http:\/\/blogdalucianaoliveira.com.br\/blog\/wp-json\/wp\/v2\/posts"}],"about":[{"href":"http:\/\/blogdalucianaoliveira.com.br\/blog\/wp-json\/wp\/v2\/types\/post"}],"author":[{"embeddable":true,"href":"http:\/\/blogdalucianaoliveira.com.br\/blog\/wp-json\/wp\/v2\/users\/1"}],"replies":[{"embeddable":true,"href":"http:\/\/blogdalucianaoliveira.com.br\/blog\/wp-json\/wp\/v2\/comments?post=32235"}],"version-history":[{"count":1,"href":"http:\/\/blogdalucianaoliveira.com.br\/blog\/wp-json\/wp\/v2\/posts\/32235\/revisions"}],"predecessor-version":[{"id":32241,"href":"http:\/\/blogdalucianaoliveira.com.br\/blog\/wp-json\/wp\/v2\/posts\/32235\/revisions\/32241"}],"wp:attachment":[{"href":"http:\/\/blogdalucianaoliveira.com.br\/blog\/wp-json\/wp\/v2\/media?parent=32235"}],"wp:term":[{"taxonomy":"category","embeddable":true,"href":"http:\/\/blogdalucianaoliveira.com.br\/blog\/wp-json\/wp\/v2\/categories?post=32235"},{"taxonomy":"post_tag","embeddable":true,"href":"http:\/\/blogdalucianaoliveira.com.br\/blog\/wp-json\/wp\/v2\/tags?post=32235"}],"curies":[{"name":"wp","href":"https:\/\/api.w.org\/{rel}","templated":true}]}}