{"id":32248,"date":"2021-06-16T16:55:29","date_gmt":"2021-06-16T20:55:29","guid":{"rendered":"http:\/\/blogdalucianaoliveira.com.br\/blog\/?p=32248"},"modified":"2021-06-16T16:55:34","modified_gmt":"2021-06-16T20:55:34","slug":"indigenas-sao-recebidos-com-bombas-na-funai-em-brasilia-video","status":"publish","type":"post","link":"http:\/\/blogdalucianaoliveira.com.br\/blog\/2021\/06\/16\/indigenas-sao-recebidos-com-bombas-na-funai-em-brasilia-video\/","title":{"rendered":"Ind\u00edgenas s\u00e3o recebidos com bombas na Funai em Bras\u00edlia (v\u00eddeo)"},"content":{"rendered":"\n<figure class=\"wp-block-image size-large\"><img loading=\"lazy\" decoding=\"async\" width=\"1250\" height=\"600\" data-attachment-id=\"32249\" data-permalink=\"http:\/\/blogdalucianaoliveira.com.br\/blog\/2021\/06\/16\/indigenas-sao-recebidos-com-bombas-na-funai-em-brasilia-video\/9341eb70-2717-4e28-9d3b-9ec498625df1\/\" data-orig-file=\"https:\/\/i0.wp.com\/blogdalucianaoliveira.com.br\/blog\/wp-content\/uploads\/2021\/06\/9341EB70-2717-4E28-9D3B-9EC498625DF1.jpeg?fit=1250%2C600\" data-orig-size=\"1250,600\" data-comments-opened=\"0\" data-image-meta=\"{&quot;aperture&quot;:&quot;0&quot;,&quot;credit&quot;:&quot;&quot;,&quot;camera&quot;:&quot;&quot;,&quot;caption&quot;:&quot;&quot;,&quot;created_timestamp&quot;:&quot;0&quot;,&quot;copyright&quot;:&quot;&quot;,&quot;focal_length&quot;:&quot;0&quot;,&quot;iso&quot;:&quot;0&quot;,&quot;shutter_speed&quot;:&quot;0&quot;,&quot;title&quot;:&quot;&quot;,&quot;orientation&quot;:&quot;0&quot;}\" data-image-title=\"9341EB70-2717-4E28-9D3B-9EC498625DF1\" data-image-description=\"\" data-image-caption=\"\" data-medium-file=\"https:\/\/i0.wp.com\/blogdalucianaoliveira.com.br\/blog\/wp-content\/uploads\/2021\/06\/9341EB70-2717-4E28-9D3B-9EC498625DF1.jpeg?fit=300%2C144\" data-large-file=\"https:\/\/i0.wp.com\/blogdalucianaoliveira.com.br\/blog\/wp-content\/uploads\/2021\/06\/9341EB70-2717-4E28-9D3B-9EC498625DF1.jpeg?fit=600%2C288\" src=\"https:\/\/i1.wp.com\/blogdalucianaoliveira.com.br\/blog\/wp-content\/uploads\/2021\/06\/9341EB70-2717-4E28-9D3B-9EC498625DF1.jpeg?fit=600%2C288\" alt=\"\" class=\"wp-image-32249\" srcset=\"https:\/\/i0.wp.com\/blogdalucianaoliveira.com.br\/blog\/wp-content\/uploads\/2021\/06\/9341EB70-2717-4E28-9D3B-9EC498625DF1.jpeg?w=1250 1250w, https:\/\/i0.wp.com\/blogdalucianaoliveira.com.br\/blog\/wp-content\/uploads\/2021\/06\/9341EB70-2717-4E28-9D3B-9EC498625DF1.jpeg?resize=300%2C144 300w, https:\/\/i0.wp.com\/blogdalucianaoliveira.com.br\/blog\/wp-content\/uploads\/2021\/06\/9341EB70-2717-4E28-9D3B-9EC498625DF1.jpeg?resize=1024%2C492 1024w, https:\/\/i0.wp.com\/blogdalucianaoliveira.com.br\/blog\/wp-content\/uploads\/2021\/06\/9341EB70-2717-4E28-9D3B-9EC498625DF1.jpeg?resize=768%2C369 768w, https:\/\/i0.wp.com\/blogdalucianaoliveira.com.br\/blog\/wp-content\/uploads\/2021\/06\/9341EB70-2717-4E28-9D3B-9EC498625DF1.jpeg?resize=625%2C300 625w, https:\/\/i0.wp.com\/blogdalucianaoliveira.com.br\/blog\/wp-content\/uploads\/2021\/06\/9341EB70-2717-4E28-9D3B-9EC498625DF1.jpeg?w=1200 1200w\" sizes=\"auto, (max-width: 600px) 100vw, 600px\" \/><\/figure>\n\n\n\n<p><strong>247 &#8211;<\/strong>&nbsp;Um grupo de ind\u00edgenas foi recebido com bombas na tarde desta quarta-feira (16), em frente \u00e0 sede da Funda\u00e7\u00e3o Nacional do \u00cdndio (Funai), em Bras\u00edlia.&nbsp;<\/p>\n\n\n\n<!--more-->\n\n\n\n<p>Em v\u00eddeo divulgado pela lideran\u00e7a ind\u00edgena feminista Sonia Guajajara, policiais aparecem disparando bombas de efeito moral para dispersar os ind\u00edgenas, que est\u00e3o na capital federal para pedir que o julgamento do caso de repercuss\u00e3o geral sobre demarca\u00e7\u00e3o de terras ind\u00edgenas seja remarcado com urg\u00eancia pelo Supremo Tribunal Federal (STF).&nbsp;<\/p>\n\n\n\n<p>A Funai \u00e9 o \u00f3rg\u00e3o indigenista oficial do Estado brasileiro. Sua miss\u00e3o institucional \u00e9 proteger e promover os direitos dos povos ind\u00edgenas no Brasil.<\/p>\n\n\n\n<figure class=\"wp-block-embed-twitter wp-block-embed is-type-rich is-provider-twitter\"><div class=\"wp-block-embed__wrapper\">\n<blockquote class=\"twitter-tweet\" data-width=\"550\" data-dnt=\"true\"><p lang=\"pt\" dir=\"ltr\">Funai recebendo o Acampamento ind\u00edgena com bombas <a href=\"https:\/\/t.co\/zcVlRrfQut\">pic.twitter.com\/zcVlRrfQut<\/a><\/p>&mdash; Sonia Guajajara (@GuajajaraSonia) <a href=\"https:\/\/twitter.com\/GuajajaraSonia\/status\/1405238854219612174?ref_src=twsrc%5Etfw\">June 16, 2021<\/a><\/blockquote><script async src=\"https:\/\/platform.twitter.com\/widgets.js\" charset=\"utf-8\"><\/script>\n<\/div><\/figure>\n\n\n\n<p><strong>Leia tamb\u00e9m material do Conselho Indigenista Mission\u00e1rio (Cimi):<\/strong><\/p>\n\n\n\n<p>Em carta destinada ao presidente do Supremo Tribunal Federal (STF), Luiz Fux, diversos povos ind\u00edgenas pedem que o julgamento do caso de repercuss\u00e3o geral sobre demarca\u00e7\u00e3o de terras ind\u00edgenas seja remarcado com urg\u00eancia. O documento foi protocolado durante o ato realizado na tarde desta segunda (14) em frente ao Supremo e \u00a0reuniu mais de 450 ind\u00edgenas de v\u00e1rios povos de todas as regi\u00f5es do pa\u00eds.<\/p>\n\n\n\n<p>Na \u00faltima sexta (11) o julgamento que deve definir o futuro dos povos ind\u00edgenas foi interrompido logo ap\u00f3s o in\u00edcio do per\u00edodo de manifesta\u00e7\u00e3o dos ministros ser aberto e que deveria durar at\u00e9 o dia 18 de junho. O ministro Alexandre de Moraes pediu destaque do processo que agora deve ser inserido novamente na pauta de vota\u00e7\u00e3o pelo presidente da Suprema Corte.<\/p>\n\n\n\n<p>O processo trata de uma a\u00e7\u00e3o de reintegra\u00e7\u00e3o de posse movida pelo governo de Santa Catarina contra o povo Xokleng, referente \u00e0 Terra Ind\u00edgena (TI) Ibirama-Lakl\u00e3n\u00f5, onde tamb\u00e9m vivem ind\u00edgenas Guarani e Kaingang.<\/p>\n\n\n\n<p>O status de \u201crepercuss\u00e3o geral\u201d dado pelo STF ao caso significa que a decis\u00e3o tomada nele servir\u00e1 de diretriz para o governo federal e todas as inst\u00e2ncias do Judici\u00e1rio no que diz respeito \u00e0 demarca\u00e7\u00e3o de terras ind\u00edgenas, al\u00e9m de servir para balizar propostas legislativas que tratem dos direitos territoriais dos povos origin\u00e1rios.<\/p>\n","protected":false},"excerpt":{"rendered":"<p>247 &#8211;&nbsp;Um grupo de ind\u00edgenas foi recebido com bombas na tarde desta quarta-feira (16), em frente \u00e0 sede da Funda\u00e7\u00e3o Nacional do \u00cdndio (Funai), em Bras\u00edlia.&nbsp;<\/p>\n","protected":false},"author":1,"featured_media":0,"comment_status":"closed","ping_status":"open","sticky":false,"template":"","format":"standard","meta":{"_exactmetrics_skip_tracking":false,"_exactmetrics_sitenote_active":false,"_exactmetrics_sitenote_note":"","_exactmetrics_sitenote_category":0,"jetpack_post_was_ever_published":false,"_jetpack_newsletter_access":"","_jetpack_dont_email_post_to_subs":false,"_jetpack_newsletter_tier_id":0,"_jetpack_memberships_contains_paywalled_content":false,"_jetpack_memberships_contains_paid_content":false,"footnotes":"","jetpack_publicize_message":"","jetpack_publicize_feature_enabled":true,"jetpack_social_post_already_shared":true,"jetpack_social_options":{"image_generator_settings":{"template":"highway","enabled":false},"version":2}},"categories":[1],"tags":[],"class_list":["post-32248","post","type-post","status-publish","format-standard","hentry","category-notas"],"jetpack_publicize_connections":[],"jetpack_sharing_enabled":true,"jetpack_featured_media_url":"","jetpack_shortlink":"https:\/\/wp.me\/p7wKYW-8o8","jetpack-related-posts":[],"_links":{"self":[{"href":"http:\/\/blogdalucianaoliveira.com.br\/blog\/wp-json\/wp\/v2\/posts\/32248","targetHints":{"allow":["GET"]}}],"collection":[{"href":"http:\/\/blogdalucianaoliveira.com.br\/blog\/wp-json\/wp\/v2\/posts"}],"about":[{"href":"http:\/\/blogdalucianaoliveira.com.br\/blog\/wp-json\/wp\/v2\/types\/post"}],"author":[{"embeddable":true,"href":"http:\/\/blogdalucianaoliveira.com.br\/blog\/wp-json\/wp\/v2\/users\/1"}],"replies":[{"embeddable":true,"href":"http:\/\/blogdalucianaoliveira.com.br\/blog\/wp-json\/wp\/v2\/comments?post=32248"}],"version-history":[{"count":1,"href":"http:\/\/blogdalucianaoliveira.com.br\/blog\/wp-json\/wp\/v2\/posts\/32248\/revisions"}],"predecessor-version":[{"id":32250,"href":"http:\/\/blogdalucianaoliveira.com.br\/blog\/wp-json\/wp\/v2\/posts\/32248\/revisions\/32250"}],"wp:attachment":[{"href":"http:\/\/blogdalucianaoliveira.com.br\/blog\/wp-json\/wp\/v2\/media?parent=32248"}],"wp:term":[{"taxonomy":"category","embeddable":true,"href":"http:\/\/blogdalucianaoliveira.com.br\/blog\/wp-json\/wp\/v2\/categories?post=32248"},{"taxonomy":"post_tag","embeddable":true,"href":"http:\/\/blogdalucianaoliveira.com.br\/blog\/wp-json\/wp\/v2\/tags?post=32248"}],"curies":[{"name":"wp","href":"https:\/\/api.w.org\/{rel}","templated":true}]}}