{"id":32254,"date":"2021-06-17T11:56:33","date_gmt":"2021-06-17T15:56:33","guid":{"rendered":"http:\/\/blogdalucianaoliveira.com.br\/blog\/?p=32254"},"modified":"2021-06-17T11:56:38","modified_gmt":"2021-06-17T15:56:38","slug":"o-dicionario-zoocultural-da-amazonia","status":"publish","type":"post","link":"http:\/\/blogdalucianaoliveira.com.br\/blog\/2021\/06\/17\/o-dicionario-zoocultural-da-amazonia\/","title":{"rendered":"O dicion\u00e1rio zoocultural da Amaz\u00f4nia"},"content":{"rendered":"\n<figure class=\"wp-block-image size-large\"><img data-recalc-dims=\"1\" loading=\"lazy\" decoding=\"async\" width=\"600\" height=\"850\" data-attachment-id=\"32255\" data-permalink=\"http:\/\/blogdalucianaoliveira.com.br\/blog\/2021\/06\/17\/o-dicionario-zoocultural-da-amazonia\/f8d1e41d-3bb5-4af3-b41e-14cbaf379b21\/\" data-orig-file=\"https:\/\/i0.wp.com\/blogdalucianaoliveira.com.br\/blog\/wp-content\/uploads\/2021\/06\/F8D1E41D-3BB5-4AF3-B41E-14CBAF379B21.jpeg?fit=678%2C960\" data-orig-size=\"678,960\" data-comments-opened=\"0\" data-image-meta=\"{&quot;aperture&quot;:&quot;0&quot;,&quot;credit&quot;:&quot;&quot;,&quot;camera&quot;:&quot;&quot;,&quot;caption&quot;:&quot;&quot;,&quot;created_timestamp&quot;:&quot;0&quot;,&quot;copyright&quot;:&quot;&quot;,&quot;focal_length&quot;:&quot;0&quot;,&quot;iso&quot;:&quot;0&quot;,&quot;shutter_speed&quot;:&quot;0&quot;,&quot;title&quot;:&quot;&quot;,&quot;orientation&quot;:&quot;1&quot;}\" data-image-title=\"F8D1E41D-3BB5-4AF3-B41E-14CBAF379B21\" data-image-description=\"\" data-image-caption=\"\" data-medium-file=\"https:\/\/i0.wp.com\/blogdalucianaoliveira.com.br\/blog\/wp-content\/uploads\/2021\/06\/F8D1E41D-3BB5-4AF3-B41E-14CBAF379B21.jpeg?fit=212%2C300\" data-large-file=\"https:\/\/i0.wp.com\/blogdalucianaoliveira.com.br\/blog\/wp-content\/uploads\/2021\/06\/F8D1E41D-3BB5-4AF3-B41E-14CBAF379B21.jpeg?fit=600%2C850\" src=\"https:\/\/i0.wp.com\/blogdalucianaoliveira.com.br\/blog\/wp-content\/uploads\/2021\/06\/F8D1E41D-3BB5-4AF3-B41E-14CBAF379B21.jpeg?resize=600%2C850\" alt=\"\" class=\"wp-image-32255\" srcset=\"https:\/\/i0.wp.com\/blogdalucianaoliveira.com.br\/blog\/wp-content\/uploads\/2021\/06\/F8D1E41D-3BB5-4AF3-B41E-14CBAF379B21.jpeg?w=678 678w, https:\/\/i0.wp.com\/blogdalucianaoliveira.com.br\/blog\/wp-content\/uploads\/2021\/06\/F8D1E41D-3BB5-4AF3-B41E-14CBAF379B21.jpeg?resize=212%2C300 212w\" sizes=\"auto, (max-width: 600px) 100vw, 600px\" \/><\/figure>\n\n\n\n<p>Nasceu na pandemia o novo livro da professora Nair Ferreira Gurgel do Amaral, que mora em Porto Velho, Rond\u00f4nia. <br>\nSegundo ela, \u201c\u00c9 um livro destinado ao p\u00fablico infantil e juvenil, valorizando a cultura Amaz\u00f4nica e sua fauna. Sem grandes preten\u00e7\u00f5es, \u00e9 um livro que fiz pensando nos professores e suas atividades com os alunos.\u201d<br>\nDe A a Z, os animais da Amaz\u00f4nia s\u00e3o apresentados em 20 versos que se iniciam com a mesma letra do alfabeto representada pelo animal, misturados com simplicidade, pertencimento e ludicidade. <br>\nA Editora \u00e9 a Tem\u00e1tica e as ilustra\u00e7\u00f5es s\u00e3o do Mik\u00e9liton Alves.<\/p>\n","protected":false},"excerpt":{"rendered":"<p>Nasceu na pandemia o novo livro da professora Nair Ferreira Gurgel do Amaral, que mora em Porto Velho, Rond\u00f4nia. Segundo ela, \u201c\u00c9 um livro destinado ao p\u00fablico infantil e juvenil, valorizando a cultura Amaz\u00f4nica e sua fauna. Sem grandes preten\u00e7\u00f5es, \u00e9 um livro que fiz pensando nos professores e suas atividades com os alunos.\u201d De&#8230;<a class=\"more-link\" href=\"http:\/\/blogdalucianaoliveira.com.br\/blog\/2021\/06\/17\/o-dicionario-zoocultural-da-amazonia\/\">Continue a leitura <span class=\"meta-nav\">&raquo;<\/span><\/a><\/p>\n","protected":false},"author":1,"featured_media":0,"comment_status":"closed","ping_status":"open","sticky":false,"template":"","format":"standard","meta":{"_exactmetrics_skip_tracking":false,"_exactmetrics_sitenote_active":false,"_exactmetrics_sitenote_note":"","_exactmetrics_sitenote_category":0,"jetpack_post_was_ever_published":false,"_jetpack_newsletter_access":"","_jetpack_dont_email_post_to_subs":false,"_jetpack_newsletter_tier_id":0,"_jetpack_memberships_contains_paywalled_content":false,"_jetpack_memberships_contains_paid_content":false,"footnotes":"","jetpack_publicize_message":"","jetpack_publicize_feature_enabled":true,"jetpack_social_post_already_shared":true,"jetpack_social_options":{"image_generator_settings":{"template":"highway","enabled":false},"version":2}},"categories":[1],"tags":[],"class_list":["post-32254","post","type-post","status-publish","format-standard","hentry","category-notas"],"jetpack_publicize_connections":[],"jetpack_sharing_enabled":true,"jetpack_featured_media_url":"","jetpack_shortlink":"https:\/\/wp.me\/p7wKYW-8oe","jetpack-related-posts":[],"_links":{"self":[{"href":"http:\/\/blogdalucianaoliveira.com.br\/blog\/wp-json\/wp\/v2\/posts\/32254","targetHints":{"allow":["GET"]}}],"collection":[{"href":"http:\/\/blogdalucianaoliveira.com.br\/blog\/wp-json\/wp\/v2\/posts"}],"about":[{"href":"http:\/\/blogdalucianaoliveira.com.br\/blog\/wp-json\/wp\/v2\/types\/post"}],"author":[{"embeddable":true,"href":"http:\/\/blogdalucianaoliveira.com.br\/blog\/wp-json\/wp\/v2\/users\/1"}],"replies":[{"embeddable":true,"href":"http:\/\/blogdalucianaoliveira.com.br\/blog\/wp-json\/wp\/v2\/comments?post=32254"}],"version-history":[{"count":1,"href":"http:\/\/blogdalucianaoliveira.com.br\/blog\/wp-json\/wp\/v2\/posts\/32254\/revisions"}],"predecessor-version":[{"id":32256,"href":"http:\/\/blogdalucianaoliveira.com.br\/blog\/wp-json\/wp\/v2\/posts\/32254\/revisions\/32256"}],"wp:attachment":[{"href":"http:\/\/blogdalucianaoliveira.com.br\/blog\/wp-json\/wp\/v2\/media?parent=32254"}],"wp:term":[{"taxonomy":"category","embeddable":true,"href":"http:\/\/blogdalucianaoliveira.com.br\/blog\/wp-json\/wp\/v2\/categories?post=32254"},{"taxonomy":"post_tag","embeddable":true,"href":"http:\/\/blogdalucianaoliveira.com.br\/blog\/wp-json\/wp\/v2\/tags?post=32254"}],"curies":[{"name":"wp","href":"https:\/\/api.w.org\/{rel}","templated":true}]}}