{"id":32257,"date":"2021-06-18T13:26:57","date_gmt":"2021-06-18T17:26:57","guid":{"rendered":"http:\/\/blogdalucianaoliveira.com.br\/blog\/?p=32257"},"modified":"2021-06-18T13:27:03","modified_gmt":"2021-06-18T17:27:03","slug":"oms-fala-em-tristeza-pelos-500-mil-e-alerta-para-necessidade-de-vacina-mascara-e-distanciamento-social","status":"publish","type":"post","link":"http:\/\/blogdalucianaoliveira.com.br\/blog\/2021\/06\/18\/oms-fala-em-tristeza-pelos-500-mil-e-alerta-para-necessidade-de-vacina-mascara-e-distanciamento-social\/","title":{"rendered":"OMS fala em &#8220;tristeza&#8221; pelos 500 mil e alerta para necessidade de vacina, m\u00e1scara e distanciamento social"},"content":{"rendered":"\n<figure class=\"wp-block-image size-large\"><img loading=\"lazy\" decoding=\"async\" width=\"1250\" height=\"600\" data-attachment-id=\"32258\" data-permalink=\"http:\/\/blogdalucianaoliveira.com.br\/blog\/2021\/06\/18\/oms-fala-em-tristeza-pelos-500-mil-e-alerta-para-necessidade-de-vacina-mascara-e-distanciamento-social\/541d9691-053f-445b-bf84-856a8fd1e7aa\/\" data-orig-file=\"https:\/\/i0.wp.com\/blogdalucianaoliveira.com.br\/blog\/wp-content\/uploads\/2021\/06\/541D9691-053F-445B-BF84-856A8FD1E7AA.jpeg?fit=1250%2C600\" data-orig-size=\"1250,600\" data-comments-opened=\"0\" data-image-meta=\"{&quot;aperture&quot;:&quot;0&quot;,&quot;credit&quot;:&quot;&quot;,&quot;camera&quot;:&quot;&quot;,&quot;caption&quot;:&quot;&quot;,&quot;created_timestamp&quot;:&quot;0&quot;,&quot;copyright&quot;:&quot;&quot;,&quot;focal_length&quot;:&quot;0&quot;,&quot;iso&quot;:&quot;0&quot;,&quot;shutter_speed&quot;:&quot;0&quot;,&quot;title&quot;:&quot;&quot;,&quot;orientation&quot;:&quot;0&quot;}\" data-image-title=\"541D9691-053F-445B-BF84-856A8FD1E7AA\" data-image-description=\"\" data-image-caption=\"\" data-medium-file=\"https:\/\/i0.wp.com\/blogdalucianaoliveira.com.br\/blog\/wp-content\/uploads\/2021\/06\/541D9691-053F-445B-BF84-856A8FD1E7AA.jpeg?fit=300%2C144\" data-large-file=\"https:\/\/i0.wp.com\/blogdalucianaoliveira.com.br\/blog\/wp-content\/uploads\/2021\/06\/541D9691-053F-445B-BF84-856A8FD1E7AA.jpeg?fit=600%2C288\" src=\"https:\/\/i2.wp.com\/blogdalucianaoliveira.com.br\/blog\/wp-content\/uploads\/2021\/06\/541D9691-053F-445B-BF84-856A8FD1E7AA.jpeg?fit=600%2C288\" alt=\"\" class=\"wp-image-32258\" srcset=\"https:\/\/i0.wp.com\/blogdalucianaoliveira.com.br\/blog\/wp-content\/uploads\/2021\/06\/541D9691-053F-445B-BF84-856A8FD1E7AA.jpeg?w=1250 1250w, https:\/\/i0.wp.com\/blogdalucianaoliveira.com.br\/blog\/wp-content\/uploads\/2021\/06\/541D9691-053F-445B-BF84-856A8FD1E7AA.jpeg?resize=300%2C144 300w, https:\/\/i0.wp.com\/blogdalucianaoliveira.com.br\/blog\/wp-content\/uploads\/2021\/06\/541D9691-053F-445B-BF84-856A8FD1E7AA.jpeg?resize=1024%2C492 1024w, https:\/\/i0.wp.com\/blogdalucianaoliveira.com.br\/blog\/wp-content\/uploads\/2021\/06\/541D9691-053F-445B-BF84-856A8FD1E7AA.jpeg?resize=768%2C369 768w, https:\/\/i0.wp.com\/blogdalucianaoliveira.com.br\/blog\/wp-content\/uploads\/2021\/06\/541D9691-053F-445B-BF84-856A8FD1E7AA.jpeg?resize=625%2C300 625w, https:\/\/i0.wp.com\/blogdalucianaoliveira.com.br\/blog\/wp-content\/uploads\/2021\/06\/541D9691-053F-445B-BF84-856A8FD1E7AA.jpeg?w=1200 1200w\" sizes=\"auto, (max-width: 600px) 100vw, 600px\" \/><\/figure>\n\n\n\n<p><strong>247 &#8211;\u00a0<\/strong>\u00c0s v\u00e9speras de o Brasil registrar oficialmente 500 mil mortos pela Covid-19, o pa\u00eds recebeu um duro alerta da OMS (Organiza\u00e7\u00e3o Mundial da Sa\u00fade). Nesta sexta-feira (18), a entidade deixou claro que &#8220;a pandemia n\u00e3o terminou&#8221; e que as vacinas por si s\u00f3 n\u00e3o resolver\u00e3o no quadro atual, e que medidas como o uso de m\u00e1scaras e evitar aglomera\u00e7\u00f5es precisam ser implementadas com mais rigor.<\/p>\n\n\n\n<!--more-->\n\n\n\n<p>A OMS alertou durante entrevista coletiva que dois mundos come\u00e7am a ser formados, escreveu o jornalista\u00a0<a href=\"https:\/\/noticias.uol.com.br\/colunas\/jamil-chade\/2021\/06\/18\/as-vesperas-de-500-mil-mortos-oms-alerta-brasil-pandemia-nao-terminou.htm\">Jamil Chade<\/a>. Um deles, com ampla vacina\u00e7\u00e3o e que depois de meses de medidas de controle, \u201ccome\u00e7a a se abrir\u201d. Est\u00e1dios com p\u00fablico, a volta de restaurantes e festas voltam a ser imagens de uma Europa que redescobre certas liberdades de movimento.<\/p>\n\n\n\n<p>Mas um segundo mundo, ainda mergulhado na pandemia, ainda aguarda por vacinas e v\u00ea a expans\u00e3o do n\u00famero de casos. Essa \u00e9 a situa\u00e7\u00e3o do Brasil e da Am\u00e9rica do Sul.<\/p>\n\n\n\n<p>Mari\u00e2ngela Sim\u00e3o, vice-diretora da OMS, foi clara. &#8220;\u00c9 com muita tristeza que a OMS v\u00ea o Brasil atingindo esses n\u00fameros&#8221;, disse. &#8220;Os casos nas Am\u00e9ricas, inclusive no Brasil, ainda permanecem em patamares muito altos&#8221;, insistiu.<\/p>\n\n\n\n<p>A representante da OMS alertou que &#8220;ainda h\u00e1 uma grande necessidade de implementar e refor\u00e7ar as medidas preventivas de sa\u00fade p\u00fablica&#8221;. Ela insistiu que o uso da prote\u00e7\u00e3o continua sendo recomendado pela OMS, al\u00e9m de evitar aglomera\u00e7\u00f5es e outras medidas sociais. &#8220;S\u00e3o medidas que continuam sendo centrais&#8221;, disse.<\/p>\n\n\n\n<p>&#8220;A pandemia n\u00e3o terminou&#8221;, disse. De acordo com a diretora, a crise continua a colocar &#8220;press\u00e3o sobre a sa\u00fade p\u00fablica&#8221;. &#8220;Todos os esfor\u00e7os para a vacina precisam ocorrer em conjunto com medidas de sa\u00fade p\u00fablica&#8221;, defendeu.<\/p>\n","protected":false},"excerpt":{"rendered":"<p>247 &#8211;\u00a0\u00c0s v\u00e9speras de o Brasil registrar oficialmente 500 mil mortos pela Covid-19, o pa\u00eds recebeu um duro alerta da OMS (Organiza\u00e7\u00e3o Mundial da Sa\u00fade). Nesta sexta-feira (18), a entidade deixou claro que &#8220;a pandemia n\u00e3o terminou&#8221; e que as vacinas por si s\u00f3 n\u00e3o resolver\u00e3o no quadro atual, e que medidas como o uso&#8230;<a class=\"more-link\" href=\"http:\/\/blogdalucianaoliveira.com.br\/blog\/2021\/06\/18\/oms-fala-em-tristeza-pelos-500-mil-e-alerta-para-necessidade-de-vacina-mascara-e-distanciamento-social\/\">Continue a leitura <span class=\"meta-nav\">&raquo;<\/span><\/a><\/p>\n","protected":false},"author":1,"featured_media":0,"comment_status":"closed","ping_status":"open","sticky":false,"template":"","format":"standard","meta":{"_exactmetrics_skip_tracking":false,"_exactmetrics_sitenote_active":false,"_exactmetrics_sitenote_note":"","_exactmetrics_sitenote_category":0,"jetpack_post_was_ever_published":false,"_jetpack_newsletter_access":"","_jetpack_dont_email_post_to_subs":false,"_jetpack_newsletter_tier_id":0,"_jetpack_memberships_contains_paywalled_content":false,"_jetpack_memberships_contains_paid_content":false,"footnotes":"","jetpack_publicize_message":"","jetpack_publicize_feature_enabled":true,"jetpack_social_post_already_shared":true,"jetpack_social_options":{"image_generator_settings":{"template":"highway","enabled":false},"version":2}},"categories":[1],"tags":[],"class_list":["post-32257","post","type-post","status-publish","format-standard","hentry","category-notas"],"jetpack_publicize_connections":[],"jetpack_sharing_enabled":true,"jetpack_featured_media_url":"","jetpack_shortlink":"https:\/\/wp.me\/p7wKYW-8oh","jetpack-related-posts":[],"_links":{"self":[{"href":"http:\/\/blogdalucianaoliveira.com.br\/blog\/wp-json\/wp\/v2\/posts\/32257","targetHints":{"allow":["GET"]}}],"collection":[{"href":"http:\/\/blogdalucianaoliveira.com.br\/blog\/wp-json\/wp\/v2\/posts"}],"about":[{"href":"http:\/\/blogdalucianaoliveira.com.br\/blog\/wp-json\/wp\/v2\/types\/post"}],"author":[{"embeddable":true,"href":"http:\/\/blogdalucianaoliveira.com.br\/blog\/wp-json\/wp\/v2\/users\/1"}],"replies":[{"embeddable":true,"href":"http:\/\/blogdalucianaoliveira.com.br\/blog\/wp-json\/wp\/v2\/comments?post=32257"}],"version-history":[{"count":1,"href":"http:\/\/blogdalucianaoliveira.com.br\/blog\/wp-json\/wp\/v2\/posts\/32257\/revisions"}],"predecessor-version":[{"id":32259,"href":"http:\/\/blogdalucianaoliveira.com.br\/blog\/wp-json\/wp\/v2\/posts\/32257\/revisions\/32259"}],"wp:attachment":[{"href":"http:\/\/blogdalucianaoliveira.com.br\/blog\/wp-json\/wp\/v2\/media?parent=32257"}],"wp:term":[{"taxonomy":"category","embeddable":true,"href":"http:\/\/blogdalucianaoliveira.com.br\/blog\/wp-json\/wp\/v2\/categories?post=32257"},{"taxonomy":"post_tag","embeddable":true,"href":"http:\/\/blogdalucianaoliveira.com.br\/blog\/wp-json\/wp\/v2\/tags?post=32257"}],"curies":[{"name":"wp","href":"https:\/\/api.w.org\/{rel}","templated":true}]}}