{"id":32261,"date":"2021-06-18T13:33:55","date_gmt":"2021-06-18T17:33:55","guid":{"rendered":"http:\/\/blogdalucianaoliveira.com.br\/blog\/?p=32261"},"modified":"2021-06-18T13:33:59","modified_gmt":"2021-06-18T17:33:59","slug":"prefeito-de-maceio-demite-secretario-que-defendeu-manifestacao-nazista","status":"publish","type":"post","link":"http:\/\/blogdalucianaoliveira.com.br\/blog\/2021\/06\/18\/prefeito-de-maceio-demite-secretario-que-defendeu-manifestacao-nazista\/","title":{"rendered":"Prefeito de Macei\u00f3 demite secret\u00e1rio que defendeu manifesta\u00e7\u00e3o nazista"},"content":{"rendered":"\n<figure class=\"wp-block-image size-large\"><img loading=\"lazy\" decoding=\"async\" width=\"1250\" height=\"600\" data-attachment-id=\"32262\" data-permalink=\"http:\/\/blogdalucianaoliveira.com.br\/blog\/2021\/06\/18\/prefeito-de-maceio-demite-secretario-que-defendeu-manifestacao-nazista\/21a155e9-afe1-4c05-9421-51a2269fab15\/\" data-orig-file=\"https:\/\/i0.wp.com\/blogdalucianaoliveira.com.br\/blog\/wp-content\/uploads\/2021\/06\/21A155E9-AFE1-4C05-9421-51A2269FAB15.jpeg?fit=1250%2C600\" data-orig-size=\"1250,600\" data-comments-opened=\"0\" data-image-meta=\"{&quot;aperture&quot;:&quot;0&quot;,&quot;credit&quot;:&quot;&quot;,&quot;camera&quot;:&quot;&quot;,&quot;caption&quot;:&quot;&quot;,&quot;created_timestamp&quot;:&quot;0&quot;,&quot;copyright&quot;:&quot;&quot;,&quot;focal_length&quot;:&quot;0&quot;,&quot;iso&quot;:&quot;0&quot;,&quot;shutter_speed&quot;:&quot;0&quot;,&quot;title&quot;:&quot;&quot;,&quot;orientation&quot;:&quot;0&quot;}\" data-image-title=\"21A155E9-AFE1-4C05-9421-51A2269FAB15\" data-image-description=\"\" data-image-caption=\"\" data-medium-file=\"https:\/\/i0.wp.com\/blogdalucianaoliveira.com.br\/blog\/wp-content\/uploads\/2021\/06\/21A155E9-AFE1-4C05-9421-51A2269FAB15.jpeg?fit=300%2C144\" data-large-file=\"https:\/\/i0.wp.com\/blogdalucianaoliveira.com.br\/blog\/wp-content\/uploads\/2021\/06\/21A155E9-AFE1-4C05-9421-51A2269FAB15.jpeg?fit=600%2C288\" src=\"https:\/\/i0.wp.com\/blogdalucianaoliveira.com.br\/blog\/wp-content\/uploads\/2021\/06\/21A155E9-AFE1-4C05-9421-51A2269FAB15.jpeg?fit=600%2C288\" alt=\"\" class=\"wp-image-32262\" srcset=\"https:\/\/i0.wp.com\/blogdalucianaoliveira.com.br\/blog\/wp-content\/uploads\/2021\/06\/21A155E9-AFE1-4C05-9421-51A2269FAB15.jpeg?w=1250 1250w, https:\/\/i0.wp.com\/blogdalucianaoliveira.com.br\/blog\/wp-content\/uploads\/2021\/06\/21A155E9-AFE1-4C05-9421-51A2269FAB15.jpeg?resize=300%2C144 300w, https:\/\/i0.wp.com\/blogdalucianaoliveira.com.br\/blog\/wp-content\/uploads\/2021\/06\/21A155E9-AFE1-4C05-9421-51A2269FAB15.jpeg?resize=1024%2C492 1024w, https:\/\/i0.wp.com\/blogdalucianaoliveira.com.br\/blog\/wp-content\/uploads\/2021\/06\/21A155E9-AFE1-4C05-9421-51A2269FAB15.jpeg?resize=768%2C369 768w, https:\/\/i0.wp.com\/blogdalucianaoliveira.com.br\/blog\/wp-content\/uploads\/2021\/06\/21A155E9-AFE1-4C05-9421-51A2269FAB15.jpeg?resize=625%2C300 625w, https:\/\/i0.wp.com\/blogdalucianaoliveira.com.br\/blog\/wp-content\/uploads\/2021\/06\/21A155E9-AFE1-4C05-9421-51A2269FAB15.jpeg?w=1200 1200w\" sizes=\"auto, (max-width: 600px) 100vw, 600px\" \/><\/figure>\n\n\n\n<p><strong>247 &#8211;<\/strong>&nbsp;&nbsp;O prefeito de Macei\u00f3 Jo\u00e3o Henrique Holanda Caldas (PSB), anunciou na manh\u00e3 desta sexta-feira (18), atrav\u00e9s das redes sociais da prefeitura, que acaba de demitir o secret\u00e1rio de Turismo Ricardo Santa Ritta, ap\u00f3s ele questionar o fato da apologia ao nazismo ser crime no Brasil.&nbsp;<\/p>\n\n\n\n<!--more-->\n\n\n\n<p>O secret\u00e1rio repercutiu o caso u<a href=\"https:\/\/www.brasil247.com\/regionais\/nordeste\/com-suastica-no-braco-nazista-e-expulso-de-shopping-em-caruaru-video\" target=\"_blank\" rel=\"noreferrer noopener\">m jovem pego com uma faixa com uma su\u00e1stica nazista no bra\u00e7o e expulso de um shopping em Caruaru<\/a>, em Pernambuco.<\/p>\n\n\n\n<p>\u201cHoje descobri que usar qualquer elemento com a su\u00e1stica \u00e9 crime no Brasil. Pensava que a liberdade de express\u00e3o permitisse\u201d, disse o Secret\u00e1rio.<\/p>\n\n\n\n<p><a href=\"https:\/\/www.brasil247.com\/regionais\/nordeste\/secretario-de-turismo-de-maceio-se-choca-ao-saber-que-usar-suastica-e-crime-pensava-que-liberdade-de-expressao-permitisse\">Ricardo Santa Ritta apagou sua conta no Twitter, mas os internautas printaram o conte\u00fado<\/a>.&nbsp;<\/p>\n\n\n\n<p>Ap\u00f3s a s\u00e9rie de cr\u00edticas ao secret\u00e1rio, a prefeitura se manifestou nas redes: \u201cA Prefeitura de Macei\u00f3 comunica o desligamento de Ricardo Santa Rita do cargo de Secret\u00e1rio de Turismo.\u201d, disse o comunicado.\u00a0<br><\/p>\n\n\n\n<figure><iframe src=\"https:\/\/cdn.iframe.ly\/api\/iframe?url=https%3A%2F%2Ftwitter.com%2Fprefmaceio%2Fstatus%2F1405862971448958977%3Fs%3D12&amp;key=87ca3314a9fa775b5c3a7726100694b0&amp;app=1#amp=1\"><\/iframe><\/figure>\n\n\n\n\n\n<p><br>https:\/\/twitter.com\/peshitbot\/status\/1405580336935878658?s=21<a href=\"https:\/\/twitter.com\/peshitbot\/status\/1405580336935878658?s=21\">https:\/\/twitter.com\/peshitbot\/status\/1405580336935878658?s=21<\/a><br><\/p>\n\n\n\n<p>Vale lembrar que fazer apologia ao nazismo \u00e9 considerado crime no Brasil, conforme diz a Constitui\u00e7\u00e3o Federal de 1988, gerando de dois at\u00e9 cinco anos de cadeia.\u00a0<\/p>\n\n\n\n<p>Segundo estimativas recentes baseadas em n\u00fameros obtidos desde a queda da Uni\u00e3o Sovi\u00e9tica em 1991, um total de cerca de onze milh\u00f5es de civis e prisioneiros de guerra foram intencionalmente mortos pelo regime nazista.<\/p>\n","protected":false},"excerpt":{"rendered":"<p>247 &#8211;&nbsp;&nbsp;O prefeito de Macei\u00f3 Jo\u00e3o Henrique Holanda Caldas (PSB), anunciou na manh\u00e3 desta sexta-feira (18), atrav\u00e9s das redes sociais da prefeitura, que acaba de demitir o secret\u00e1rio de Turismo Ricardo Santa Ritta, ap\u00f3s ele questionar o fato da apologia ao nazismo ser crime no Brasil.&nbsp;<\/p>\n","protected":false},"author":1,"featured_media":0,"comment_status":"closed","ping_status":"open","sticky":false,"template":"","format":"standard","meta":{"_exactmetrics_skip_tracking":false,"_exactmetrics_sitenote_active":false,"_exactmetrics_sitenote_note":"","_exactmetrics_sitenote_category":0,"jetpack_post_was_ever_published":false,"_jetpack_newsletter_access":"","_jetpack_dont_email_post_to_subs":false,"_jetpack_newsletter_tier_id":0,"_jetpack_memberships_contains_paywalled_content":false,"_jetpack_memberships_contains_paid_content":false,"footnotes":"","jetpack_publicize_message":"","jetpack_publicize_feature_enabled":true,"jetpack_social_post_already_shared":true,"jetpack_social_options":{"image_generator_settings":{"template":"highway","enabled":false},"version":2}},"categories":[1],"tags":[],"class_list":["post-32261","post","type-post","status-publish","format-standard","hentry","category-notas"],"jetpack_publicize_connections":[],"jetpack_sharing_enabled":true,"jetpack_featured_media_url":"","jetpack_shortlink":"https:\/\/wp.me\/p7wKYW-8ol","jetpack-related-posts":[],"_links":{"self":[{"href":"http:\/\/blogdalucianaoliveira.com.br\/blog\/wp-json\/wp\/v2\/posts\/32261","targetHints":{"allow":["GET"]}}],"collection":[{"href":"http:\/\/blogdalucianaoliveira.com.br\/blog\/wp-json\/wp\/v2\/posts"}],"about":[{"href":"http:\/\/blogdalucianaoliveira.com.br\/blog\/wp-json\/wp\/v2\/types\/post"}],"author":[{"embeddable":true,"href":"http:\/\/blogdalucianaoliveira.com.br\/blog\/wp-json\/wp\/v2\/users\/1"}],"replies":[{"embeddable":true,"href":"http:\/\/blogdalucianaoliveira.com.br\/blog\/wp-json\/wp\/v2\/comments?post=32261"}],"version-history":[{"count":3,"href":"http:\/\/blogdalucianaoliveira.com.br\/blog\/wp-json\/wp\/v2\/posts\/32261\/revisions"}],"predecessor-version":[{"id":32265,"href":"http:\/\/blogdalucianaoliveira.com.br\/blog\/wp-json\/wp\/v2\/posts\/32261\/revisions\/32265"}],"wp:attachment":[{"href":"http:\/\/blogdalucianaoliveira.com.br\/blog\/wp-json\/wp\/v2\/media?parent=32261"}],"wp:term":[{"taxonomy":"category","embeddable":true,"href":"http:\/\/blogdalucianaoliveira.com.br\/blog\/wp-json\/wp\/v2\/categories?post=32261"},{"taxonomy":"post_tag","embeddable":true,"href":"http:\/\/blogdalucianaoliveira.com.br\/blog\/wp-json\/wp\/v2\/tags?post=32261"}],"curies":[{"name":"wp","href":"https:\/\/api.w.org\/{rel}","templated":true}]}}