{"id":32267,"date":"2021-06-20T20:57:49","date_gmt":"2021-06-21T00:57:49","guid":{"rendered":"http:\/\/blogdalucianaoliveira.com.br\/blog\/?p=32267"},"modified":"2021-06-20T20:57:52","modified_gmt":"2021-06-21T00:57:52","slug":"arrependidos-ex-eleitores-de-bolsonaro-engrossam-coro-do-protesto-em-sao-paulo","status":"publish","type":"post","link":"http:\/\/blogdalucianaoliveira.com.br\/blog\/2021\/06\/20\/arrependidos-ex-eleitores-de-bolsonaro-engrossam-coro-do-protesto-em-sao-paulo\/","title":{"rendered":"Arrependidos, ex-eleitores de Bolsonaro engrossam coro do protesto em S\u00e3o Paulo"},"content":{"rendered":"\n<figure class=\"wp-block-image size-large\"><img data-recalc-dims=\"1\" loading=\"lazy\" decoding=\"async\" width=\"600\" height=\"400\" data-attachment-id=\"32268\" data-permalink=\"http:\/\/blogdalucianaoliveira.com.br\/blog\/2021\/06\/20\/arrependidos-ex-eleitores-de-bolsonaro-engrossam-coro-do-protesto-em-sao-paulo\/e24a8bea-0882-4bd1-86ec-de4bd8bc0c23\/\" data-orig-file=\"https:\/\/i0.wp.com\/blogdalucianaoliveira.com.br\/blog\/wp-content\/uploads\/2021\/06\/E24A8BEA-0882-4BD1-86EC-DE4BD8BC0C23.jpeg?fit=1024%2C683\" data-orig-size=\"1024,683\" data-comments-opened=\"0\" data-image-meta=\"{&quot;aperture&quot;:&quot;0&quot;,&quot;credit&quot;:&quot;&quot;,&quot;camera&quot;:&quot;&quot;,&quot;caption&quot;:&quot;&quot;,&quot;created_timestamp&quot;:&quot;0&quot;,&quot;copyright&quot;:&quot;&quot;,&quot;focal_length&quot;:&quot;0&quot;,&quot;iso&quot;:&quot;0&quot;,&quot;shutter_speed&quot;:&quot;0&quot;,&quot;title&quot;:&quot;&quot;,&quot;orientation&quot;:&quot;0&quot;}\" data-image-title=\"E24A8BEA-0882-4BD1-86EC-DE4BD8BC0C23\" data-image-description=\"\" data-image-caption=\"\" data-medium-file=\"https:\/\/i0.wp.com\/blogdalucianaoliveira.com.br\/blog\/wp-content\/uploads\/2021\/06\/E24A8BEA-0882-4BD1-86EC-DE4BD8BC0C23.jpeg?fit=300%2C200\" data-large-file=\"https:\/\/i0.wp.com\/blogdalucianaoliveira.com.br\/blog\/wp-content\/uploads\/2021\/06\/E24A8BEA-0882-4BD1-86EC-DE4BD8BC0C23.jpeg?fit=600%2C400\" src=\"https:\/\/i0.wp.com\/blogdalucianaoliveira.com.br\/blog\/wp-content\/uploads\/2021\/06\/E24A8BEA-0882-4BD1-86EC-DE4BD8BC0C23.jpeg?resize=600%2C400\" alt=\"\" class=\"wp-image-32268\" srcset=\"https:\/\/i0.wp.com\/blogdalucianaoliveira.com.br\/blog\/wp-content\/uploads\/2021\/06\/E24A8BEA-0882-4BD1-86EC-DE4BD8BC0C23.jpeg?w=1024 1024w, https:\/\/i0.wp.com\/blogdalucianaoliveira.com.br\/blog\/wp-content\/uploads\/2021\/06\/E24A8BEA-0882-4BD1-86EC-DE4BD8BC0C23.jpeg?resize=300%2C200 300w, https:\/\/i0.wp.com\/blogdalucianaoliveira.com.br\/blog\/wp-content\/uploads\/2021\/06\/E24A8BEA-0882-4BD1-86EC-DE4BD8BC0C23.jpeg?resize=768%2C512 768w, https:\/\/i0.wp.com\/blogdalucianaoliveira.com.br\/blog\/wp-content\/uploads\/2021\/06\/E24A8BEA-0882-4BD1-86EC-DE4BD8BC0C23.jpeg?resize=450%2C300 450w\" sizes=\"auto, (max-width: 600px) 100vw, 600px\" \/><\/figure>\n\n\n\n<p><strong>Na FSP<\/strong> &#8211; Era um momento para ficar na hist\u00f3ria. Em meio \u00e0\u00a0<a href=\"https:\/\/www1.folha.uol.com.br\/poder\/2021\/06\/milhares-saem-as-ruas-do-pais-em-novos-protestos-pelo-impeachment-de-bolsonaro.shtml\">multid\u00e3o que carregava faixas e adesivos de protesto contra o governo\u00a0<\/a>e em defesa da vida e de vacinas, na tarde fria deste s\u00e1bado (19), a estudante Rafaela Romano queria registrar os atos na avenida Paulista com o seu celular. Ali, sua maior conquista foi, sobretudo, ver a m\u00e3e, a dentista Patr\u00edcia Romano,\u00a0<a href=\"https:\/\/www1.folha.uol.com.br\/poder\/2021\/06\/oposicao-volta-as-ruas-contra-bolsonaro-com-atos-em-mais-cidades-e-reforcada-por-novos-apoios.shtml\">soltar o grito de \u201cFora, Bolsonaro!\u201d.<\/a><\/p>\n\n\n\n<!--more-->\n\n\n\n<p>Patr\u00edcia contou que, na \u00faltima elei\u00e7\u00e3o presidencial (2018), estava descontente com os governos do PT&nbsp;<a href=\"https:\/\/www1.folha.uol.com.br\/poder\/2021\/06\/bolsonaro-multiplica-palcos-para-radicalismo-e-busca-recuperar-popularidade-para-2022.shtml\">e votou em Bolsonaro,&nbsp;<\/a>para o desespero da filha, que chorou com a atitude da m\u00e3e. \u201cEla nunca aceitou. Sempre considerou o Bolsonaro um desastre, um despreparado, um mis\u00f3gino\u201d, disse.<\/p>\n\n\n\n<p>A dentista lembra que, com o tempo, foi se desiludindo e agora se sente \u201cmuito arrependida\u201d de ter escolhido o n\u00famero 17 e ter dado seu voto a Jair Messias Bolsonaro.<\/p>\n\n\n\n<p>Ao lado das duas filhas, Rafaela, 18, e Gabriela, 14, Patr\u00edcia, 50, engrossava o coro dos que,&nbsp;<a href=\"https:\/\/www1.folha.uol.com.br\/poder\/2021\/06\/protesto-anti-bolsonaro-em-sp-atrai-moradores-das-periferias-e-da-regiao-metropolitana.shtml\">no meio da multid\u00e3o, pediam o impeachment.&nbsp;<\/a>Gabriela usava um adesivo que trazia o desejo de afastamento do presidente. A irm\u00e3, Rafaela, ostentava a mesma mensagem numa faixa na cabe\u00e7a. J\u00e1 o adesivo da m\u00e3e, Patr\u00edcia, era a palavra de ordem \u201cVacina na veia, Bolsonaro na cadeia\u201d.<\/p>\n\n\n\n<p>A opini\u00e3o das duas garotas influenciou a mudan\u00e7a de opini\u00e3o pol\u00edtica da m\u00e3e.<\/p>\n\n\n\n<p>Rafaela lembra o descaso com a natureza, as queimadas na Amaz\u00f4nia e no Pantanal, o desrespeito com os povos ind\u00edgenas. Fala tamb\u00e9m das atitudes machistas, racistas e<a href=\"https:\/\/www1.folha.uol.com.br\/poder\/2021\/04\/teor-homofobico-em-ataques-do-bolsonarismo-a-doria-e-leite-provoca-indignacao-e-reacoes-na-justica.shtml\">homof\u00f3bicas do presidente.<\/a><\/p>\n\n\n\n<p>A ca\u00e7ula, Gabriela, diz que \u00e9 muito preocupante o incremento da pobreza no pa\u00eds e a aus\u00eancia de a\u00e7\u00f5es mais en\u00e9rgicas por parte do governo em rela\u00e7\u00e3o aos mais pobres. \u201cEsse aux\u00edlio n\u00e3o d\u00e1 para comer.\u201d<\/p>\n\n\n\n<p>A fam\u00edlia mora na Vila Leopoldina, bairro de classes m\u00e9dia e alta, na zona oeste da capital.<\/p>\n\n\n\n<p>\u201cAgora, estou mais confiante. Ela n\u00e3o vai mais votar no Bolsonaro\u201d, comemorava a filha Rafaela. \u201cComo m\u00e3e de duas meninas, profissional da sa\u00fade, que&nbsp;<a href=\"https:\/\/www1.folha.uol.com.br\/cotidiano\/2021\/06\/folha-projeta-video-em-rua-de-sp-em-homenagem-aos-500-mil-mortos.shtml\">v\u00ea o descaso do presidente com a Covid<\/a>, uma pessoa que deveria dar o exemplo, mas n\u00e3o usa m\u00e1scara, provoca aglomera\u00e7\u00f5es e desdenha da ci\u00eancia, hoje n\u00e3o tenho mais d\u00favida. O meu voto ele n\u00e3o leva mais.\u201d<\/p>\n\n\n\n<p>Perto do parque Trianon, a advogada Patr\u00edcia Costa, 31, que trocou Belo Horizonte por S\u00e3o Paulo h\u00e1 cerca de seis meses, tamb\u00e9m n\u00e3o escondia seu arrependimento de&nbsp;<a href=\"https:\/\/www1.folha.uol.com.br\/poder\/2021\/06\/protestos-contra-bolsonaro-se-consolidam-no-xadrez-eleitoral-de-2022.shtml\">ter votado no ent\u00e3o candidato \u00e0 Presid\u00eancia pelo PSL.<\/a><\/p>\n\n\n\n<p>Tentando n\u00e3o chamar a aten\u00e7\u00e3o de manifestantes ligados a movimentos e partidos de esquerda, ela diz que \u201cqueria um candidato que tirasse o PT do poder\u201d. \u201cAs propostas econ\u00f4micas de Bolsonaro me pareceram, naquela \u00e9poca, boas.\u201d<\/p>\n\n\n\n<figure class=\"wp-block-image\"><img data-recalc-dims=\"1\" decoding=\"async\" src=\"https:\/\/i0.wp.com\/f.i.uol.com.br\/fotografia\/2021\/06\/19\/162415445360cea155d35dc_1624154453_3x2_rt.jpg?w=600&#038;ssl=1\" alt=\"\"\/><figcaption>A advogada Patr\u00edcia Costa, 31, que se arrependeu de ter votado em Bolsonaro, com o amigo, Fernando Vigui, 38, anti-bolsonarista &#8211; Jardiel Carvalho\/Folhapress&nbsp;<\/figcaption><\/figure>\n\n\n\n<p>Segundo a advogada, foi em algum per\u00edodo da pandemia,&nbsp;<a href=\"https:\/\/www1.folha.uol.com.br\/equilibrioesaude\/2021\/06\/com-500-mil-mortos-numero-de-vitimas-de-covid-19-no-brasil-ja-e-maior-que-8-genocidios.shtml\">que j\u00e1 matou 500 mil brasileiros,&nbsp;<\/a>que baixou a sensa\u00e7\u00e3o de arrependimento. \u201cEra para toda essa multid\u00e3o j\u00e1 estar vacinada\u201d, afirma. \u201cEu, pessoa com nanismo, n\u00e3o posso mais apoiar algu\u00e9m que \u00e9 contra a ci\u00eancia. N\u00e3o d\u00e1.\u201d<\/p>\n\n\n\n<p>Seu colega, o ator e professor Fernando Vigui, 38, dizia que n\u00e3o era um \u201ccara de esquerda, muito menos de direita\u201d. Na \u00faltima elei\u00e7\u00e3o presidencial,&nbsp;<a href=\"https:\/\/www1.folha.uol.com.br\/poder\/2021\/06\/presenca-da-esquerda-da-brecha-para-bolsonaristas-carimbarem-atos-como-pro-lula.shtml\">foi de Fernando Haddad (PT).<\/a><\/p>\n\n\n\n<p>\u201cJamais cogitei a possibilidade de votar em Jair Bolsonaro. Foi bom minha amiga ter-se conscientizado, mudado de opini\u00e3o. Seria incoerente, diria at\u00e9 hip\u00f3crita, apoiar algu\u00e9m que \u00e9 contra a ci\u00eancia. Digo isso n\u00e3o somente para n\u00f3s, pessoas com nanismo, mas para todo o mundo.\u201d<\/p>\n\n\n\n<p>De olho no fluxo de pessoas que deixavam uma das sa\u00eddas da esta\u00e7\u00e3o Trianon-Masp, o ambulante Reginaldo Ara\u00fajo, 59,&nbsp;<a href=\"https:\/\/www1.folha.uol.com.br\/poder\/2021\/06\/milhares-saem-as-ruas-do-pais-em-novos-protestos-pelo-impeachment-de-bolsonaro.shtml\">oferecia fitas, faixas, m\u00e1scaras e bandeiras<\/a>, que custavam de R$ 10 a R$ 30.<\/p>\n\n\n\n<p>As bandeiras traziam a&nbsp;<a href=\"https:\/\/www1.folha.uol.com.br\/poder\/2021\/06\/sob-pressao-lula-avalia-ida-a-protesto-contra-bolsonaro-mas-aliados-temem-contaminacao-eleitoral.shtml\">cara de Lula&nbsp;<\/a>com uma frase pr\u00f3-impeachment do atual presidente e a de Bolsonaro em duas vers\u00f5es, com os dizeres \u201cN\u00e3o tirem a m\u00e1scara, tirem o Bolsonaro\u201d e \u201cBolsonaro Genocida\u201d, nas cores branca e, sobretudo, vermelha, al\u00e9m de outras pe\u00e7as estampadas com o arco-\u00edris, s\u00edmbolo LGBTQIA+.<\/p>\n\n\n\n<p>Eleitor de Bolsonaro, negro, morador de&nbsp;<a href=\"https:\/\/www1.folha.uol.com.br\/poder\/2021\/06\/protesto-anti-bolsonaro-em-sp-atrai-moradores-das-periferias-e-da-regiao-metropolitana.shtml\">Cidade Tiradentes, zona leste paulistana,<\/a>Ara\u00fajo disse que estava impressionado com o n\u00famero de participantes no protesto.<\/p>\n\n\n\n<figure class=\"wp-block-image\"><img data-recalc-dims=\"1\" decoding=\"async\" src=\"https:\/\/i0.wp.com\/f.i.uol.com.br\/fotografia\/2021\/06\/19\/162415453260cea1a4ba4b8_1624154532_3x2_rt.jpg?w=600&#038;ssl=1\" alt=\"\"\/><figcaption>O ambulante Reginaldo Ara\u00fajo, 59, eleitor fiel de Bolsonaro, com seu material contra o presidente &#8211; Jardiel Carvalho\/Folhapress&nbsp;<\/figcaption><\/figure>\n\n\n\n<p>&#8220;A economia anda esquisita demais. Isso influencia. O Jair demorou para vacinar o povo. Sem contar que ele fala muita besteira. S\u00f3 falta mandar a gente para aquele lugar.\u201d<\/p>\n\n\n\n<p>Ara\u00fajo, por\u00e9m,&nbsp;<a href=\"https:\/\/www1.folha.uol.com.br\/poder\/2021\/06\/bolsonaro-multiplica-palcos-para-radicalismo-e-busca-recuperar-popularidade-para-2022.shtml\">n\u00e3o pretende mudar seu voto nas elei\u00e7\u00f5es&nbsp;<\/a>do ano que vem. Seguir\u00e1 fiel, diz ele, ao presidente.<\/p>\n\n\n\n<p>\u201cN\u00e3o vou gritar \u2018Fora, Bolsonaro\u2019 para vender mais. Neg\u00f3cio, neg\u00f3cio; pol\u00edtica, \u00e0 parte.\u201d<\/p>\n\n\n\n<p>Na vis\u00e3o do ambulante, o fato de continuar acreditando no presidente n\u00e3o o impede de vender produtos que defendam o seu impeachment.<\/p>\n\n\n\n<p>Sai-se, ent\u00e3o, com uma compara\u00e7\u00e3o futebol\u00edstica. \u201cSou s\u00e3o-paulino, mas isso n\u00e3o quer dizer que n\u00e3o irei aos est\u00e1dios do Corinthians e do Palmeiras vender meus produtos para eles, n\u00e9?\u201d<\/p>\n\n\n\n<p>Um empres\u00e1rio comprou de Ara\u00fajo uma bandana contra o presidente. Pagou por ela R$ 10. Sob a condi\u00e7\u00e3o de anonimato,&nbsp;<a href=\"https:\/\/www1.folha.uol.com.br\/poder\/2021\/05\/datafolha-aprovacao-a-bolsonaro-recua-seis-pontos-e-chega-a-24-a-pior-marca-do-mandato-rejeicao-e-de-45.shtml\">contou ter votado em Bolsonaro e ter-se arrependido<\/a>. \u201cN\u00e3o quero que coloque o meu nome, porque gente do meio e da minha fam\u00edlia v\u00e3o acabar brigando comigo. Prefiro n\u00e3o me expor\u201d, disse.<\/p>\n\n\n\n<p>Na opini\u00e3o dele, um homem de 57 anos, \u201ctoda essa<a href=\"https:\/\/www1.folha.uol.com.br\/equilibrioesaude\/2021\/06\/ministro-da-comunicacao-ironiza-lamentos-pela-morte-de-500-mil-mortos.shtml\">&nbsp;bate\u00e7\u00e3o de cabe\u00e7a em torno da compra de vacinas<\/a>&nbsp;foi a gota d\u2019\u00e1gua\u201d. \u201cPerdi gente querida para a Covid que poderia estar viva se tivesse sido vacinada.\u201d<\/p>\n\n\n\n<p>Falou um bocadinho mais. Para ele, se os atos deste s\u00e1bado&nbsp;<a href=\"https:\/\/www1.folha.uol.com.br\/poder\/2021\/06\/oposicao-volta-as-ruas-contra-bolsonaro-com-atos-em-mais-cidades-e-reforcada-por-novos-apoios.shtml\">n\u00e3o tivessem sido convocados pelo \u201cpessoal da esquerda\u201d,&nbsp;<\/a>outros bolsonaristas arrependidos ali estariam.<\/p>\n\n\n\n<figure class=\"wp-block-image\"><a href=\"https:\/\/fotografia.folha.uol.com.br\/galerias\/1703028810028857-protesto-contra-o-presidente-jair-bolsonaro-em-sao-paulo\"><img data-recalc-dims=\"1\" decoding=\"async\" src=\"https:\/\/i0.wp.com\/f.i.uol.com.br\/fotografia\/2021\/06\/19\/162413485460ce54c62bf6c_1624134854_3x2_md.jpg?w=600&#038;ssl=1\" alt=\"Protesto contra o presidente Jair Bolsonaro em S\u00e3o Paulo\"\/><\/a><\/figure>\n","protected":false},"excerpt":{"rendered":"<p>Na FSP &#8211; Era um momento para ficar na hist\u00f3ria. Em meio \u00e0\u00a0multid\u00e3o que carregava faixas e adesivos de protesto contra o governo\u00a0e em defesa da vida e de vacinas, na tarde fria deste s\u00e1bado (19), a estudante Rafaela Romano queria registrar os atos na avenida Paulista com o seu celular. Ali, sua maior conquista&#8230;<a class=\"more-link\" href=\"http:\/\/blogdalucianaoliveira.com.br\/blog\/2021\/06\/20\/arrependidos-ex-eleitores-de-bolsonaro-engrossam-coro-do-protesto-em-sao-paulo\/\">Continue a leitura <span class=\"meta-nav\">&raquo;<\/span><\/a><\/p>\n","protected":false},"author":1,"featured_media":0,"comment_status":"closed","ping_status":"open","sticky":false,"template":"","format":"standard","meta":{"_exactmetrics_skip_tracking":false,"_exactmetrics_sitenote_active":false,"_exactmetrics_sitenote_note":"","_exactmetrics_sitenote_category":0,"jetpack_post_was_ever_published":false,"_jetpack_newsletter_access":"","_jetpack_dont_email_post_to_subs":false,"_jetpack_newsletter_tier_id":0,"_jetpack_memberships_contains_paywalled_content":false,"_jetpack_memberships_contains_paid_content":false,"footnotes":"","jetpack_publicize_message":"","jetpack_publicize_feature_enabled":true,"jetpack_social_post_already_shared":true,"jetpack_social_options":{"image_generator_settings":{"template":"highway","enabled":false},"version":2}},"categories":[1],"tags":[],"class_list":["post-32267","post","type-post","status-publish","format-standard","hentry","category-notas"],"jetpack_publicize_connections":[],"jetpack_sharing_enabled":true,"jetpack_featured_media_url":"","jetpack_shortlink":"https:\/\/wp.me\/p7wKYW-8or","jetpack-related-posts":[],"_links":{"self":[{"href":"http:\/\/blogdalucianaoliveira.com.br\/blog\/wp-json\/wp\/v2\/posts\/32267","targetHints":{"allow":["GET"]}}],"collection":[{"href":"http:\/\/blogdalucianaoliveira.com.br\/blog\/wp-json\/wp\/v2\/posts"}],"about":[{"href":"http:\/\/blogdalucianaoliveira.com.br\/blog\/wp-json\/wp\/v2\/types\/post"}],"author":[{"embeddable":true,"href":"http:\/\/blogdalucianaoliveira.com.br\/blog\/wp-json\/wp\/v2\/users\/1"}],"replies":[{"embeddable":true,"href":"http:\/\/blogdalucianaoliveira.com.br\/blog\/wp-json\/wp\/v2\/comments?post=32267"}],"version-history":[{"count":1,"href":"http:\/\/blogdalucianaoliveira.com.br\/blog\/wp-json\/wp\/v2\/posts\/32267\/revisions"}],"predecessor-version":[{"id":32269,"href":"http:\/\/blogdalucianaoliveira.com.br\/blog\/wp-json\/wp\/v2\/posts\/32267\/revisions\/32269"}],"wp:attachment":[{"href":"http:\/\/blogdalucianaoliveira.com.br\/blog\/wp-json\/wp\/v2\/media?parent=32267"}],"wp:term":[{"taxonomy":"category","embeddable":true,"href":"http:\/\/blogdalucianaoliveira.com.br\/blog\/wp-json\/wp\/v2\/categories?post=32267"},{"taxonomy":"post_tag","embeddable":true,"href":"http:\/\/blogdalucianaoliveira.com.br\/blog\/wp-json\/wp\/v2\/tags?post=32267"}],"curies":[{"name":"wp","href":"https:\/\/api.w.org\/{rel}","templated":true}]}}