{"id":32270,"date":"2021-06-20T21:06:54","date_gmt":"2021-06-21T01:06:54","guid":{"rendered":"http:\/\/blogdalucianaoliveira.com.br\/blog\/?p=32270"},"modified":"2021-06-20T21:06:57","modified_gmt":"2021-06-21T01:06:57","slug":"fora-bolsonaro-mobiliza-o-povo-de-porto-velho-que-quer-vacina-pao-educacao-e-vida","status":"publish","type":"post","link":"http:\/\/blogdalucianaoliveira.com.br\/blog\/2021\/06\/20\/fora-bolsonaro-mobiliza-o-povo-de-porto-velho-que-quer-vacina-pao-educacao-e-vida\/","title":{"rendered":"Fora Bolsonaro mobiliza o povo de Porto Velho, que quer vacina, p\u00e3o, educa\u00e7\u00e3o e vida"},"content":{"rendered":"\n<figure class=\"wp-block-image size-large\"><img loading=\"lazy\" decoding=\"async\" width=\"2560\" height=\"1920\" data-attachment-id=\"32271\" data-permalink=\"http:\/\/blogdalucianaoliveira.com.br\/blog\/2021\/06\/20\/fora-bolsonaro-mobiliza-o-povo-de-porto-velho-que-quer-vacina-pao-educacao-e-vida\/c6c3ad99-b4d9-436c-b83c-6e13c70303d8\/\" data-orig-file=\"https:\/\/i0.wp.com\/blogdalucianaoliveira.com.br\/blog\/wp-content\/uploads\/2021\/06\/C6C3AD99-B4D9-436C-B83C-6E13C70303D8-scaled.jpeg?fit=2560%2C1920\" data-orig-size=\"2560,1920\" data-comments-opened=\"0\" data-image-meta=\"{&quot;aperture&quot;:&quot;0&quot;,&quot;credit&quot;:&quot;&quot;,&quot;camera&quot;:&quot;&quot;,&quot;caption&quot;:&quot;&quot;,&quot;created_timestamp&quot;:&quot;0&quot;,&quot;copyright&quot;:&quot;&quot;,&quot;focal_length&quot;:&quot;0&quot;,&quot;iso&quot;:&quot;0&quot;,&quot;shutter_speed&quot;:&quot;0&quot;,&quot;title&quot;:&quot;&quot;,&quot;orientation&quot;:&quot;1&quot;}\" data-image-title=\"C6C3AD99-B4D9-436C-B83C-6E13C70303D8\" data-image-description=\"\" data-image-caption=\"\" data-medium-file=\"https:\/\/i0.wp.com\/blogdalucianaoliveira.com.br\/blog\/wp-content\/uploads\/2021\/06\/C6C3AD99-B4D9-436C-B83C-6E13C70303D8-scaled.jpeg?fit=300%2C225\" data-large-file=\"https:\/\/i0.wp.com\/blogdalucianaoliveira.com.br\/blog\/wp-content\/uploads\/2021\/06\/C6C3AD99-B4D9-436C-B83C-6E13C70303D8-scaled.jpeg?fit=600%2C450\" src=\"https:\/\/i2.wp.com\/blogdalucianaoliveira.com.br\/blog\/wp-content\/uploads\/2021\/06\/C6C3AD99-B4D9-436C-B83C-6E13C70303D8-scaled.jpeg?fit=600%2C450\" alt=\"\" class=\"wp-image-32271\" srcset=\"https:\/\/i0.wp.com\/blogdalucianaoliveira.com.br\/blog\/wp-content\/uploads\/2021\/06\/C6C3AD99-B4D9-436C-B83C-6E13C70303D8-scaled.jpeg?w=2560 2560w, https:\/\/i0.wp.com\/blogdalucianaoliveira.com.br\/blog\/wp-content\/uploads\/2021\/06\/C6C3AD99-B4D9-436C-B83C-6E13C70303D8-scaled.jpeg?resize=300%2C225 300w, https:\/\/i0.wp.com\/blogdalucianaoliveira.com.br\/blog\/wp-content\/uploads\/2021\/06\/C6C3AD99-B4D9-436C-B83C-6E13C70303D8-scaled.jpeg?resize=1024%2C768 1024w, https:\/\/i0.wp.com\/blogdalucianaoliveira.com.br\/blog\/wp-content\/uploads\/2021\/06\/C6C3AD99-B4D9-436C-B83C-6E13C70303D8-scaled.jpeg?resize=768%2C576 768w, https:\/\/i0.wp.com\/blogdalucianaoliveira.com.br\/blog\/wp-content\/uploads\/2021\/06\/C6C3AD99-B4D9-436C-B83C-6E13C70303D8-scaled.jpeg?resize=1536%2C1152 1536w, https:\/\/i0.wp.com\/blogdalucianaoliveira.com.br\/blog\/wp-content\/uploads\/2021\/06\/C6C3AD99-B4D9-436C-B83C-6E13C70303D8-scaled.jpeg?resize=2048%2C1536 2048w, https:\/\/i0.wp.com\/blogdalucianaoliveira.com.br\/blog\/wp-content\/uploads\/2021\/06\/C6C3AD99-B4D9-436C-B83C-6E13C70303D8-scaled.jpeg?resize=400%2C300 400w, https:\/\/i0.wp.com\/blogdalucianaoliveira.com.br\/blog\/wp-content\/uploads\/2021\/06\/C6C3AD99-B4D9-436C-B83C-6E13C70303D8-scaled.jpeg?w=1200 1200w, https:\/\/i0.wp.com\/blogdalucianaoliveira.com.br\/blog\/wp-content\/uploads\/2021\/06\/C6C3AD99-B4D9-436C-B83C-6E13C70303D8-scaled.jpeg?w=1800 1800w\" sizes=\"auto, (max-width: 600px) 100vw, 600px\" \/><\/figure>\n\n\n\n<p>Em Porto Velho foram dois atos no centro da cidade. Uma carreata saindo da pra\u00e7a EFMM e uma passeata da pra\u00e7a das Tr\u00eas Caixas d\u2019\u00c1gua. Os atos s\u00e3o principalmente, por comida no prato, vacina no bra\u00e7o, pela educa\u00e7\u00e3o e contra a privatiza\u00e7\u00e3o da Eletrobr\u00e1s.<\/p>\n\n\n\n<!--more-->\n\n\n\n<div class=\"fb-post\" data-href=\"https:\/\/www.facebook.com\/100001977379087\/posts\/4214812601927944\/?d=n\" data-width=\"552\"><\/div>\n","protected":false},"excerpt":{"rendered":"<p>Em Porto Velho foram dois atos no centro da cidade. Uma carreata saindo da pra\u00e7a EFMM e uma passeata da pra\u00e7a das Tr\u00eas Caixas d\u2019\u00c1gua. Os atos s\u00e3o principalmente, por comida no prato, vacina no bra\u00e7o, pela educa\u00e7\u00e3o e contra a privatiza\u00e7\u00e3o da Eletrobr\u00e1s.<\/p>\n","protected":false},"author":1,"featured_media":0,"comment_status":"closed","ping_status":"open","sticky":false,"template":"","format":"standard","meta":{"_exactmetrics_skip_tracking":false,"_exactmetrics_sitenote_active":false,"_exactmetrics_sitenote_note":"","_exactmetrics_sitenote_category":0,"jetpack_post_was_ever_published":false,"_jetpack_newsletter_access":"","_jetpack_dont_email_post_to_subs":false,"_jetpack_newsletter_tier_id":0,"_jetpack_memberships_contains_paywalled_content":false,"_jetpack_memberships_contains_paid_content":false,"footnotes":"","jetpack_publicize_message":"","jetpack_publicize_feature_enabled":true,"jetpack_social_post_already_shared":true,"jetpack_social_options":{"image_generator_settings":{"template":"highway","enabled":false},"version":2}},"categories":[1],"tags":[546,568,8],"class_list":["post-32270","post","type-post","status-publish","format-standard","hentry","category-notas","tag-fora-bolsonaro","tag-manifestacao","tag-porto-velho"],"jetpack_publicize_connections":[],"jetpack_sharing_enabled":true,"jetpack_featured_media_url":"","jetpack_shortlink":"https:\/\/wp.me\/p7wKYW-8ou","jetpack-related-posts":[],"_links":{"self":[{"href":"http:\/\/blogdalucianaoliveira.com.br\/blog\/wp-json\/wp\/v2\/posts\/32270","targetHints":{"allow":["GET"]}}],"collection":[{"href":"http:\/\/blogdalucianaoliveira.com.br\/blog\/wp-json\/wp\/v2\/posts"}],"about":[{"href":"http:\/\/blogdalucianaoliveira.com.br\/blog\/wp-json\/wp\/v2\/types\/post"}],"author":[{"embeddable":true,"href":"http:\/\/blogdalucianaoliveira.com.br\/blog\/wp-json\/wp\/v2\/users\/1"}],"replies":[{"embeddable":true,"href":"http:\/\/blogdalucianaoliveira.com.br\/blog\/wp-json\/wp\/v2\/comments?post=32270"}],"version-history":[{"count":2,"href":"http:\/\/blogdalucianaoliveira.com.br\/blog\/wp-json\/wp\/v2\/posts\/32270\/revisions"}],"predecessor-version":[{"id":32273,"href":"http:\/\/blogdalucianaoliveira.com.br\/blog\/wp-json\/wp\/v2\/posts\/32270\/revisions\/32273"}],"wp:attachment":[{"href":"http:\/\/blogdalucianaoliveira.com.br\/blog\/wp-json\/wp\/v2\/media?parent=32270"}],"wp:term":[{"taxonomy":"category","embeddable":true,"href":"http:\/\/blogdalucianaoliveira.com.br\/blog\/wp-json\/wp\/v2\/categories?post=32270"},{"taxonomy":"post_tag","embeddable":true,"href":"http:\/\/blogdalucianaoliveira.com.br\/blog\/wp-json\/wp\/v2\/tags?post=32270"}],"curies":[{"name":"wp","href":"https:\/\/api.w.org\/{rel}","templated":true}]}}