{"id":32274,"date":"2021-06-20T21:11:37","date_gmt":"2021-06-21T01:11:37","guid":{"rendered":"http:\/\/blogdalucianaoliveira.com.br\/blog\/?p=32274"},"modified":"2021-06-20T21:11:42","modified_gmt":"2021-06-21T01:11:42","slug":"as-ruas-contra-bolsonaro-comecam-a-ficar-mais-fortes","status":"publish","type":"post","link":"http:\/\/blogdalucianaoliveira.com.br\/blog\/2021\/06\/20\/as-ruas-contra-bolsonaro-comecam-a-ficar-mais-fortes\/","title":{"rendered":"As ruas contra Bolsonaro come\u00e7am a ficar mais fortes"},"content":{"rendered":"\n<figure class=\"wp-block-image size-large\"><img data-recalc-dims=\"1\" loading=\"lazy\" decoding=\"async\" width=\"600\" height=\"407\" data-attachment-id=\"32275\" data-permalink=\"http:\/\/blogdalucianaoliveira.com.br\/blog\/2021\/06\/20\/as-ruas-contra-bolsonaro-comecam-a-ficar-mais-fortes\/6f5db324-12a7-47f4-9954-aecbe3b55003\/\" data-orig-file=\"https:\/\/i0.wp.com\/blogdalucianaoliveira.com.br\/blog\/wp-content\/uploads\/2021\/06\/6F5DB324-12A7-47F4-9954-AECBE3B55003.jpeg?fit=980%2C665\" data-orig-size=\"980,665\" data-comments-opened=\"0\" data-image-meta=\"{&quot;aperture&quot;:&quot;0&quot;,&quot;credit&quot;:&quot;&quot;,&quot;camera&quot;:&quot;&quot;,&quot;caption&quot;:&quot;&quot;,&quot;created_timestamp&quot;:&quot;0&quot;,&quot;copyright&quot;:&quot;&quot;,&quot;focal_length&quot;:&quot;0&quot;,&quot;iso&quot;:&quot;0&quot;,&quot;shutter_speed&quot;:&quot;0&quot;,&quot;title&quot;:&quot;&quot;,&quot;orientation&quot;:&quot;0&quot;}\" data-image-title=\"6F5DB324-12A7-47F4-9954-AECBE3B55003\" data-image-description=\"\" data-image-caption=\"\" data-medium-file=\"https:\/\/i0.wp.com\/blogdalucianaoliveira.com.br\/blog\/wp-content\/uploads\/2021\/06\/6F5DB324-12A7-47F4-9954-AECBE3B55003.jpeg?fit=300%2C204\" data-large-file=\"https:\/\/i0.wp.com\/blogdalucianaoliveira.com.br\/blog\/wp-content\/uploads\/2021\/06\/6F5DB324-12A7-47F4-9954-AECBE3B55003.jpeg?fit=600%2C407\" src=\"https:\/\/i0.wp.com\/blogdalucianaoliveira.com.br\/blog\/wp-content\/uploads\/2021\/06\/6F5DB324-12A7-47F4-9954-AECBE3B55003.jpeg?resize=600%2C407\" alt=\"\" class=\"wp-image-32275\" srcset=\"https:\/\/i0.wp.com\/blogdalucianaoliveira.com.br\/blog\/wp-content\/uploads\/2021\/06\/6F5DB324-12A7-47F4-9954-AECBE3B55003.jpeg?w=980 980w, https:\/\/i0.wp.com\/blogdalucianaoliveira.com.br\/blog\/wp-content\/uploads\/2021\/06\/6F5DB324-12A7-47F4-9954-AECBE3B55003.jpeg?resize=300%2C204 300w, https:\/\/i0.wp.com\/blogdalucianaoliveira.com.br\/blog\/wp-content\/uploads\/2021\/06\/6F5DB324-12A7-47F4-9954-AECBE3B55003.jpeg?resize=768%2C521 768w, https:\/\/i0.wp.com\/blogdalucianaoliveira.com.br\/blog\/wp-content\/uploads\/2021\/06\/6F5DB324-12A7-47F4-9954-AECBE3B55003.jpeg?resize=442%2C300 442w\" sizes=\"auto, (max-width: 600px) 100vw, 600px\" \/><\/figure>\n\n\n\n<p>O Brasil deste ano n\u00e3o \u00e9 o mesmo de 2018. \u00c9 um Brasil mais triste, mais sofrido e com meio milh\u00e3o a menos de brasileiros. Mas a grande maioria dos que sobreviveram n\u00e3o vai permitir que varram a mem\u00f3ria dos mortos para debaixo do tapete.<\/p>\n\n\n\n<!--more-->\n\n\n\n<p>El Pa\u00eds<\/p>\n\n\n\n<p>\u201cAs condi\u00e7\u00f5es n\u00e3o definem resultados; as a\u00e7\u00f5es das pessoas nessas condi\u00e7\u00f5es \u00e9 que definem\u201d (Adam Przeworski,\u00a0<em>Crises da Democracia<\/em>).<\/p>\n\n\n\n<p>A segunda\u00a0<a rel=\"noreferrer noopener\" href=\"https:\/\/brasil.elpais.com\/brasil\/2021-06-19\/protestos-contra-bolsonaro-e-noticias-sobre-a-pandemia-de-covid-19-ao-vivo.html\" target=\"_blank\">manifesta\u00e7\u00e3o contra o Governo Bolsonaro em meio \u00e0 pandemia<\/a>\u00a0do coronav\u00edrus pareceu t\u00e3o grande, sen\u00e3o maior, do que a primeira de maio deste ano. Com exce\u00e7\u00e3o de alguns atos ocorridos no pa\u00eds contra as pol\u00edticas educacionais no in\u00edcio do Governo, estas \u00faltimas que eclodiram neste ano nas capitais brasileiras vieram ap\u00f3s um per\u00edodo sufocante de dor e de esgotamentos ps\u00edquico e f\u00edsico. Chegaram no momento em que o Brasil come\u00e7a a se perceber, novamente,\u00a0<a rel=\"noreferrer noopener\" href=\"https:\/\/brasil.elpais.com\/noticias\/coronavirus\/\" target=\"_blank\">\u00e0s v\u00e9speras de uma terceira e letal onda de covid-19<\/a>\u00a0e justo na hora em que a sociedade contabiliza 15 milh\u00f5es de desempregados, milh\u00f5es de desalentados, novos famintos e miser\u00e1veis, marcas produzidas sob a frequente\u00a0<a rel=\"noreferrer noopener\" href=\"https:\/\/brasil.elpais.com\/brasil\/2021-06-19\/coronel-insufla-seguidores-extremistas-a-defender-bolsonaro-de-golpe-imaginario.html\" target=\"_blank\">agress\u00e3o que as institui\u00e7\u00f5es de nossa democracia t\u00eam sofrido<\/a>\u00a0desde o in\u00edcio do atual Governo.<\/p>\n\n\n\n<p>\u00c9 verdade que as \u00faltimas pesquisas anteciparam esse descontentamento popular com o Governo. Nos \u00faltimos meses, diversos institutos de pesquisa mostraram que ao menos dois movimentos importantes est\u00e3o ocorrendo: o primeiro deles \u00e9 que&nbsp;<a href=\"https:\/\/brasil.elpais.com\/brasil\/2021-06-19\/somos-nos-as-pretas-os-pretos-os-indios-e-as-indias-que-vamos-derrubar-o-governo-bolsonaro-neste-ano-ou-nas-urnas.html\" target=\"_blank\" rel=\"noreferrer noopener\">os apoiadores do Governo deixaram de representar um ter\u00e7o do eleitorado<\/a>. Este grupo diminuiu para aproximadamente um quarto, com tend\u00eancia a minguar um pouco mais. A segunda, e que merece destaque, \u00e9 que os demais eleitores, que antes pareciam se dividir entre diferentes prefer\u00eancias, come\u00e7am pouco a pouco a se unir em torno de uma ideia comum: quem nos governa n\u00e3o est\u00e1 apto para essa responsabilidade.<\/p>\n\n\n\n<p>Isso quer dizer que o jogo est\u00e1 ganho? N\u00e3o, longe disso. H\u00e1 elementos importantes que merecem aten\u00e7\u00e3o. O Governo possui ativos preciosos que podem ser usados para se manter no poder. O primeiro deles se refere \u00e0 condi\u00e7\u00e3o de maior autoridade do executivo brasileiro. A literatura pol\u00edtica j\u00e1 mostrou in\u00fameras vezes que uma caneta presidencial, mesmo uma&nbsp;<em>Bic<\/em>, aumenta a chance desse Governo permanecer no poder. A principal raz\u00e3o \u00e9 que ele pode de forma discricion\u00e1ria escolher onde alocar recursos e or\u00e7amento p\u00fablico. Isto \u00e9,&nbsp;<a href=\"https:\/\/brasil.elpais.com\/brasil\/2021-05-20\/os-milhoes-do-orcamento-secreto-para-a-pequena-paraiso-do-tocantins-azeitam-a-engrenagem-que-blinda-bolsonaro.html\" target=\"_blank\" rel=\"noreferrer noopener\">pode beneficiar grupos pol\u00edticos e partid\u00e1rios que comp\u00f5em a sua base<\/a>, assim como focalizar pol\u00edticas de transfer\u00eancia para segmentos da sociedade. O apoio de parte do centr\u00e3o exemplifica a primeira ideia e a prova de que isso est\u00e1 ocorrendo \u00e9 a resist\u00eancia do atual presidente da c\u00e2mara, Arthur Lira, \u00e0 abertura de um processo de impeachment mesmo diante de crimes de responsabilidade do presidente da Rep\u00fablica.<\/p>\n\n\n\n<p>A segunda ideia pode ser comprovada com declara\u00e7\u00f5es p\u00fablicas do ministro da economia,\u00a0<a rel=\"noreferrer noopener\" href=\"https:\/\/brasil.elpais.com\/noticias\/paulo-roberto-nunes-guedes\/\" target=\"_blank\">Paulo Guedes<\/a>, como a dita h\u00e1 poucas semanas, \u201cagora vem a elei\u00e7\u00e3o? N\u00f3s vamos para o ataque. Vai ter Bolsa Fam\u00edlia melhorado\u201d. Al\u00e9m das quest\u00f5es or\u00e7ament\u00e1rias e de transfer\u00eancias de recursos, o Governo tem \u00e0 disposi\u00e7\u00e3o toda a m\u00e1quina federal, seja para propagandear diariamente o que quer, seja para contratar e dispor de instrumentos que podem auxiliar na reelei\u00e7\u00e3o. Finalmente, o Governo tem demonstrado excelente capacidade de se comunicar com uma base eleitoral relativamente consolidada, coesa e munida de setores radicalizados e dispostos a apoiar o presidente al\u00e9m de ignorar toda e qualquer barbaridade exibida ao longo dessa administra\u00e7\u00e3o. Como dito acima, a base de apoio do presidente representa 25% do eleitorado, n\u00famero suficiente para lev\u00e1-lo ao segundo turno das elei\u00e7\u00f5es. Por fim, o que quero dizer \u00e9: sejamos cautelosos.<\/p>\n\n\n\n<p>Voltemos \u00e0s pesquisas e \u00e0s ruas para que o des\u00e2nimo n\u00e3o tome conta da racionalidade. \u00c9 para evitar isso que tamb\u00e9m retorno \u00e0 frase de Przeworski que inaugura este artigo: \u201cAs condi\u00e7\u00f5es n\u00e3o definem resultados;&nbsp;<a href=\"https:\/\/brasil.elpais.com\/brasil\/2021-06-20\/ruas-se-movem-contra-bolsonaro-com-revolta-reforcada-por-marca-de-meio-milhao-de-mortos-para-a-covid-19.html\" target=\"_blank\" rel=\"noreferrer noopener\">as a\u00e7\u00f5es das pessoas nessas condi\u00e7\u00f5es \u00e9 que definem<\/a>\u201d. \u00c9 bem verdade que pesquisas de opini\u00e3o p\u00fablica geram d\u00favidas e desconfian\u00e7as. Mas h\u00e1 menos emo\u00e7\u00e3o por tr\u00e1s de tabelas e gr\u00e1ficos do que ver, sentir e ouvir o povo na rua. As manifesta\u00e7\u00f5es parecem estar tomando cada vez mais corpo e produzindo um efeito que andava raro por aqui: uni\u00e3o de diferentes grupos.<\/p>\n\n\n\n<p>Partidos de esquerda voltam a ocupar com mais desenvoltura as ruas, mas n\u00e3o s\u00f3 eles, dividem o espa\u00e7o pol\u00edtico com diferentes grupos da sociedade, todos eles massacrados e cansados por dois anos e meio de governo Bolsonaro. Idosos, jovens, negros, \u00edndios, mulheres. No meio deles, eleitores arrependidos do governo posam para fotos com os rostos cansados. Algo mudou. E um lembrete \u00e0s for\u00e7as que trabalham pela democracia: o Brasil deste ano n\u00e3o \u00e9 o mesmo Brasil de 2018. \u00c9 um Brasil mais triste, mais sofrido e com meio milh\u00e3o a menos de brasileiros. Mas a grande maioria dos que sobreviveram n\u00e3o vai permitir que varram a mem\u00f3ria dos mortos para debaixo do tapete.<\/p>\n\n\n\n<p><strong>Carolina Botelho<\/strong>&nbsp;\u00e9 doutora em Ci\u00eancia Pol\u00edtica, pesquisadora no Laborat\u00f3rio de Neuroci\u00eancia Cognitiva e Social Mackenzie (SCNLab\/Mackenzie) e Doxa\/Iesp\/UERJ.<\/p>\n","protected":false},"excerpt":{"rendered":"<p>O Brasil deste ano n\u00e3o \u00e9 o mesmo de 2018. \u00c9 um Brasil mais triste, mais sofrido e com meio milh\u00e3o a menos de brasileiros. Mas a grande maioria dos que sobreviveram n\u00e3o vai permitir que varram a mem\u00f3ria dos mortos para debaixo do tapete.<\/p>\n","protected":false},"author":1,"featured_media":0,"comment_status":"closed","ping_status":"open","sticky":false,"template":"","format":"standard","meta":{"_exactmetrics_skip_tracking":false,"_exactmetrics_sitenote_active":false,"_exactmetrics_sitenote_note":"","_exactmetrics_sitenote_category":0,"jetpack_post_was_ever_published":false,"_jetpack_newsletter_access":"","_jetpack_dont_email_post_to_subs":false,"_jetpack_newsletter_tier_id":0,"_jetpack_memberships_contains_paywalled_content":false,"_jetpack_memberships_contains_paid_content":false,"footnotes":"","jetpack_publicize_message":"","jetpack_publicize_feature_enabled":true,"jetpack_social_post_already_shared":true,"jetpack_social_options":{"image_generator_settings":{"template":"highway","enabled":false},"version":2}},"categories":[1],"tags":[],"class_list":["post-32274","post","type-post","status-publish","format-standard","hentry","category-notas"],"jetpack_publicize_connections":[],"jetpack_sharing_enabled":true,"jetpack_featured_media_url":"","jetpack_shortlink":"https:\/\/wp.me\/p7wKYW-8oy","jetpack-related-posts":[],"_links":{"self":[{"href":"http:\/\/blogdalucianaoliveira.com.br\/blog\/wp-json\/wp\/v2\/posts\/32274","targetHints":{"allow":["GET"]}}],"collection":[{"href":"http:\/\/blogdalucianaoliveira.com.br\/blog\/wp-json\/wp\/v2\/posts"}],"about":[{"href":"http:\/\/blogdalucianaoliveira.com.br\/blog\/wp-json\/wp\/v2\/types\/post"}],"author":[{"embeddable":true,"href":"http:\/\/blogdalucianaoliveira.com.br\/blog\/wp-json\/wp\/v2\/users\/1"}],"replies":[{"embeddable":true,"href":"http:\/\/blogdalucianaoliveira.com.br\/blog\/wp-json\/wp\/v2\/comments?post=32274"}],"version-history":[{"count":1,"href":"http:\/\/blogdalucianaoliveira.com.br\/blog\/wp-json\/wp\/v2\/posts\/32274\/revisions"}],"predecessor-version":[{"id":32276,"href":"http:\/\/blogdalucianaoliveira.com.br\/blog\/wp-json\/wp\/v2\/posts\/32274\/revisions\/32276"}],"wp:attachment":[{"href":"http:\/\/blogdalucianaoliveira.com.br\/blog\/wp-json\/wp\/v2\/media?parent=32274"}],"wp:term":[{"taxonomy":"category","embeddable":true,"href":"http:\/\/blogdalucianaoliveira.com.br\/blog\/wp-json\/wp\/v2\/categories?post=32274"},{"taxonomy":"post_tag","embeddable":true,"href":"http:\/\/blogdalucianaoliveira.com.br\/blog\/wp-json\/wp\/v2\/tags?post=32274"}],"curies":[{"name":"wp","href":"https:\/\/api.w.org\/{rel}","templated":true}]}}