{"id":32277,"date":"2021-06-21T10:55:05","date_gmt":"2021-06-21T14:55:05","guid":{"rendered":"http:\/\/blogdalucianaoliveira.com.br\/blog\/?p=32277"},"modified":"2021-06-21T10:55:10","modified_gmt":"2021-06-21T14:55:10","slug":"artigo-o-fora-bolsonaro-nao-e-uma-hashtag-e-uma-necessidade","status":"publish","type":"post","link":"http:\/\/blogdalucianaoliveira.com.br\/blog\/2021\/06\/21\/artigo-o-fora-bolsonaro-nao-e-uma-hashtag-e-uma-necessidade\/","title":{"rendered":"Artigo | O Fora Bolsonaro n\u00e3o \u00e9 uma hashtag, \u00e9 uma necessidade"},"content":{"rendered":"\n<figure class=\"wp-block-image\"><img data-recalc-dims=\"1\" decoding=\"async\" src=\"https:\/\/i0.wp.com\/images01.brasildefato.com.br\/92ab11aaf44a6d82d68ff4aa6b0d9088.jpeg?w=600&#038;ssl=1\" alt=\"\"\/><\/figure>\n\n\n\n<h2 class=\"wp-block-heading\">Foram mais de 750 mil brasileiras e brasileiros que ocuparam as ruas em todos os estados e em 17 pa\u00edses<\/h2>\n\n\n\n<!--more-->\n\n\n\n<p>Vanessa Grazziotin, Brasil de Fato | Bras\u00edlia (DF) <\/p>\n\n\n\n<p>O dezenove de junho, ou 19J foi um dia marcado na hist\u00f3ria do Brasil. Foi o\u00a0dia em que atingimos mais de 500 mil mortes por covid-19, mas foi tamb\u00e9m um dia de resist\u00eancia, de grandes mobiliza\u00e7\u00f5es em todo territ\u00f3rio nacional.<br><\/p>\n\n\n\n<p>Segundo reconhecem os ve\u00edculos de comunica\u00e7\u00e3o do Brasil, o 19J pelo #ForaBolsonaro, foi maior \u2013 muito maior \u2013 que o 29M. Foram mais de 750 mil brasileiras e brasileiros que ocuparam as ruas em diversas cidades, em&nbsp;todos os estados, al\u00e9m de protestos em 17 outros pa\u00edses.&nbsp;<\/p>\n\n\n\n<p>Os atos, convocados por entidades da Campanha Fora Bolsonaro, como a Frente Brasil Popular, Frente Povo sem Medo, centrais sindicais, movimentos populares, partidos pol\u00edticos, institui\u00e7\u00f5es religiosas e torcidas organizadas, conseguiu alcan\u00e7ar todo territ\u00f3rio nacional, e sem d\u00favida nenhuma, foi um grande sucesso.&nbsp;<\/p>\n\n\n\n<p>Entretanto, h\u00e1 de se fazer uma an\u00e1lise profunda de todos os aspectos do movimento para estabelecer os pr\u00f3ximos passos do das mobiliza\u00e7\u00f5es que tem um objetivo claro: a sa\u00edda, o impedimento, o impeachment de Bolsonaro, j\u00e1!<br><\/p>\n\n\n\n<p>Pois temos a consci\u00eancia, e a mais absoluta convic\u00e7\u00e3o de que, cada dia que Bolsonaro passa no poder, provoca novas centenas de mortes, retrocessos no desenvolvimento do nosso pa\u00eds e a subtra\u00e7\u00e3o de direitos e de programas sociais que visam a inclus\u00e3o social, o combate \u00e0 pobreza e \u00e0s inaceit\u00e1veis amea\u00e7as \u00e0 democracia.<\/p>\n\n\n\n<p>Em 2016 o pa\u00eds assistiu, n\u00e3o sem resist\u00eancia, uma presidenta ser apeada do poder, sem que tivesse cometido um \u00fanico crime sequer. Sabe-se perfeitamente que aquela decis\u00e3o foi tomada a partir da forma\u00e7\u00e3o de uma maioria pol\u00edtica &#8211; formada pelo mercado, pelo judici\u00e1rio, pela m\u00eddia e pela maioria parlamentar.<\/p>\n\n\n\n<p>Uma ampla frente que se formou em torno dos interesses do capital financeiro e dos grandes conglomerados econ\u00f4micos internacionais. Uma frente que queria ver o avan\u00e7o do neoliberalismo no Brasil, das privatiza\u00e7\u00f5es, das reformas previdenci\u00e1ria, trabalhista e administrativa, que queria uma pol\u00edtica que canalizasse ainda mais os recursos p\u00fablicos para os ricos e poderosos.<\/p>\n\n\n\n<p>J\u00e1 em rela\u00e7\u00e3o a&nbsp;Bolsonaro n\u00e3o faltam crimes de responsabilidade.&nbsp;S\u00e3o em torno de 120 representa\u00e7\u00f5es que dormitam nas gavetas do presidente da C\u00e2mara, deputado Arthur Lira (PP-AL).&nbsp;<\/p>\n\n\n\n<p>\u00c9 diante desse descaso, ou melhor, da coniv\u00eancia de uma maioria parlamentar, que se move apenas por interesses pessoais, e, segue sugando os recursos p\u00fablicos atrav\u00e9s de um or\u00e7amento paralelo e ilegal, que uma frente suprapartid\u00e1ria dever\u00e1 apresentar, em breve, um \u201cnovo\u201d e \u201csuper\u201d Pedido de Impeachment contra o presidente Jair Messias Bolsonaro.<\/p>\n\n\n\n<p>A nova representa\u00e7\u00e3o lista pelo menos 20&nbsp;crimes de responsabilidade, entre os quais, as amea\u00e7as aos poderes constitu\u00eddos &#8211; STF e Congresso Nacional; interfer\u00eancia na Pol\u00edcia Federal; omiss\u00f5es e erros no combate \u00e0 pandemia; promo\u00e7\u00e3o de revoltas contra medidas legais necess\u00e1rias \u00e0 prote\u00e7\u00e3o da popula\u00e7\u00e3o contra o coronav\u00edrus, entre tantas outras.<\/p>\n\n\n\n<p>As revela\u00e7\u00f5es apresentadas na CPI da Covid do Senado Federal s\u00e3o comprova\u00e7\u00f5es cabais da responsabilidade de Bolsonaro diante da crise sanit\u00e1ria que se prolonga no pa\u00eds, diante principalmente de tantas mortes, que poderiam ter sido evitadas, caso o presidente n\u00e3o tivesse, em meados de 2020, negado a compra de vacinas para a popula\u00e7\u00e3o, n\u00e3o tivesse trocado as vacinas pela insist\u00eancia na implementa\u00e7\u00e3o de um tal \u201ctratamento precoce\u201c contra covid-19, sem qualquer comprova\u00e7\u00e3o cient\u00edfica, e o que \u00e9 mais grave, contra as pr\u00f3prias orienta\u00e7\u00f5es da Organiza\u00e7\u00e3o Mundial da Sa\u00fade (OMS).<br><\/p>\n\n\n\n<p>O momento \u00e9 grave e exige, das for\u00e7as progressistas e democr\u00e1ticas, responsabilidade pol\u00edtica. Responsabilidade diante da vida e do Brasil, de nosso presente e futuro. N\u00e3o podemos mais continuar perdendo tantas vidas, n\u00e3o podemos mais conviver com as amea\u00e7as permanentes e crescentes contra a nossa democracia.&nbsp;<\/p>\n\n\n\n<p>O Fora Bolsonaro, portanto, n\u00e3o \u00e9 uma hashtag, \u00e9 uma necessidade! O Brasil n\u00e3o suportar\u00e1 conviver e sofrer com Bolsonaro at\u00e9 2022.<br>2022 poder\u00e1 ser tarde demais.<\/p>\n\n\n\n<p>Sabemos da gravidade do momento, caracterizado ainda pelo avan\u00e7o da pandemia, pelo aumento do n\u00famero de infectados e de mortos, sabemos que o momento nos imp\u00f5e muita cautela e cuidados, mas sabemos tamb\u00e9m da necessidade de nos mobilizar, de mobilizar as mais amplas massas, de protestar contra as a\u00e7\u00f5es de Bolsonaro, que s\u00f3 traz morte, fome e desemprego.&nbsp;<\/p>\n\n\n\n<p><a href=\"https:\/\/www.brasildefato.com.br\/2021\/06\/19\/veja-como-foram-os-principais-atos-pelo-fora-bolsonaro-em-todo-o-brasil\" target=\"_blank\" rel=\"noreferrer noopener\">::&nbsp;Veja como foram os principais atos pelo &#8220;Fora, Bolsonaro&#8221; em todo o Brasil ::<\/a><\/p>\n\n\n\n<p>As manifesta\u00e7\u00f5es tem sido crescentes, mas precisam crescer e ampliar ainda mais. Precisamos construir uma grande e ampla Frente Democr\u00e1tica em defesa do Brasil, em defesa do emprego, da renda, da educa\u00e7\u00e3o, do SUS, do meio ambiente, em defesa da nossa Constitui\u00e7\u00e3o, em defesa da democracia e em defesa da vida.<\/p>\n\n\n\n<p>Impeachment de Bolsonaro J\u00e1!<\/p>\n\n\n\n<p><em>*Vanessa Grazziotin \u00e9 ex-senadora da Rep\u00fablica, membro do Comit\u00ea Central do PCdoB e colunista do&nbsp;<strong>Brasil de Fato<\/strong>.&nbsp;<a href=\"https:\/\/www.brasildefato.com.br\/colunistas\/vanessa-grazziotin\" target=\"_blank\" rel=\"noreferrer noopener\">Leia outros textos.<\/a><\/em><br><\/p>\n\n\n\n<p><\/p>\n","protected":false},"excerpt":{"rendered":"<p>Foram mais de 750 mil brasileiras e brasileiros que ocuparam as ruas em todos os estados e em 17 pa\u00edses<\/p>\n","protected":false},"author":1,"featured_media":0,"comment_status":"closed","ping_status":"open","sticky":false,"template":"","format":"standard","meta":{"_exactmetrics_skip_tracking":false,"_exactmetrics_sitenote_active":false,"_exactmetrics_sitenote_note":"","_exactmetrics_sitenote_category":0,"jetpack_post_was_ever_published":false,"_jetpack_newsletter_access":"","_jetpack_dont_email_post_to_subs":false,"_jetpack_newsletter_tier_id":0,"_jetpack_memberships_contains_paywalled_content":false,"_jetpack_memberships_contains_paid_content":false,"footnotes":"","jetpack_publicize_message":"","jetpack_publicize_feature_enabled":true,"jetpack_social_post_already_shared":true,"jetpack_social_options":{"image_generator_settings":{"template":"highway","enabled":false},"version":2}},"categories":[1],"tags":[],"class_list":["post-32277","post","type-post","status-publish","format-standard","hentry","category-notas"],"jetpack_publicize_connections":[],"jetpack_sharing_enabled":true,"jetpack_featured_media_url":"","jetpack_shortlink":"https:\/\/wp.me\/p7wKYW-8oB","jetpack-related-posts":[],"_links":{"self":[{"href":"http:\/\/blogdalucianaoliveira.com.br\/blog\/wp-json\/wp\/v2\/posts\/32277","targetHints":{"allow":["GET"]}}],"collection":[{"href":"http:\/\/blogdalucianaoliveira.com.br\/blog\/wp-json\/wp\/v2\/posts"}],"about":[{"href":"http:\/\/blogdalucianaoliveira.com.br\/blog\/wp-json\/wp\/v2\/types\/post"}],"author":[{"embeddable":true,"href":"http:\/\/blogdalucianaoliveira.com.br\/blog\/wp-json\/wp\/v2\/users\/1"}],"replies":[{"embeddable":true,"href":"http:\/\/blogdalucianaoliveira.com.br\/blog\/wp-json\/wp\/v2\/comments?post=32277"}],"version-history":[{"count":1,"href":"http:\/\/blogdalucianaoliveira.com.br\/blog\/wp-json\/wp\/v2\/posts\/32277\/revisions"}],"predecessor-version":[{"id":32278,"href":"http:\/\/blogdalucianaoliveira.com.br\/blog\/wp-json\/wp\/v2\/posts\/32277\/revisions\/32278"}],"wp:attachment":[{"href":"http:\/\/blogdalucianaoliveira.com.br\/blog\/wp-json\/wp\/v2\/media?parent=32277"}],"wp:term":[{"taxonomy":"category","embeddable":true,"href":"http:\/\/blogdalucianaoliveira.com.br\/blog\/wp-json\/wp\/v2\/categories?post=32277"},{"taxonomy":"post_tag","embeddable":true,"href":"http:\/\/blogdalucianaoliveira.com.br\/blog\/wp-json\/wp\/v2\/tags?post=32277"}],"curies":[{"name":"wp","href":"https:\/\/api.w.org\/{rel}","templated":true}]}}