{"id":32282,"date":"2021-06-21T20:11:19","date_gmt":"2021-06-22T00:11:19","guid":{"rendered":"http:\/\/blogdalucianaoliveira.com.br\/blog\/?p=32282"},"modified":"2021-06-21T20:11:22","modified_gmt":"2021-06-22T00:11:22","slug":"abi-reage-as-agressoes-de-bolsonaro-contra-reporter-renuncie-presidente","status":"publish","type":"post","link":"http:\/\/blogdalucianaoliveira.com.br\/blog\/2021\/06\/21\/abi-reage-as-agressoes-de-bolsonaro-contra-reporter-renuncie-presidente\/","title":{"rendered":"ABI reage \u00e0s agress\u00f5es de Bolsonaro contra rep\u00f3rter: &#8220;renuncie, presidente!&#8221;"},"content":{"rendered":"\n<figure class=\"wp-block-image\"><img data-recalc-dims=\"1\" decoding=\"async\" src=\"https:\/\/i0.wp.com\/publisher-publish.s3.eu-central-1.amazonaws.com\/pb-brasil247\/swp\/jtjeq9\/media\/2020010701018_dc80a641-5162-4f6d-ba92-cd8020db9f03.jpeg?w=600&#038;ssl=1\" alt=\"Jair Bolsonaro\"\/><\/figure>\n\n\n\n<p>Segundo a ABI, \u201cdiante da rejei\u00e7\u00e3o crescente a seu governo, Bolsonaro prepara uma sa\u00edda autorit\u00e1ria e, mesmo a um ano e meio da elei\u00e7\u00e3o, tenta desacreditar o sistema eleitoral. Seu objetivo \u00e9 acumular for\u00e7as para a n\u00e3o aceita\u00e7\u00e3o de um rev\u00e9s em outubro de 2022. \u00c9 preciso que os democratas estejam alertas e mobilizados\u201d<\/p>\n\n\n\n<!--more-->\n\n\n\n<p><br><strong>247 &#8211;\u00a0<\/strong>Em nota assinada pelo presidente Paulo Jer\u00f4nimo, a Associa\u00e7\u00e3o Brasileira de Imprensa (ABI) pede a ren\u00fancia de Jair Bolsonaro ap\u00f3s o\u00a0<a rel=\"noreferrer noopener\" target=\"_blank\" href=\"https:\/\/www.brasil247.com\/brasil\/irritado-com-cobertura-do-19j-bolsonaro-perde-controle-diz-que-a-globo-e-uma-merda-e-manda-reporter-calar-a-boca-video\">chefe do Planalto ter agredido uma rep\u00f3rter<\/a>\u00a0nesta segunda-feira, 21. <\/p>\n\n\n\n<p>\u201cDescontrolado, perturbado, louco, exaltado, irritadi\u00e7o, irasc\u00edvel, amalucado, alucinado, desvairado, enlouquecido, tresloucado. Qualquer uma destas express\u00f5es poderia ser usada para classificar o comportamento do presidente Jair Bolsonaro nesta segunda-feira, insultando jornalistas da TV Globo e da CNN\u201d, denuncia a entidade.<\/p>\n\n\n\n<p>\u201cQue o presidente nunca apreciou uma imprensa livre e cr\u00edtica, \u00e9 mais do que sabido. Mas, a cada dia, ele vai subindo o tom perigosamente. Pouco falta para que agrida fisicamente algum jornalista\u201d, continua.<br><\/p>\n\n\n\n<p>Segundo a ABI, \u201cdiante da rejei\u00e7\u00e3o crescente a seu governo, Bolsonaro prepara uma sa\u00edda autorit\u00e1ria e, mesmo a um ano e meio da elei\u00e7\u00e3o, tenta desacreditar o sistema eleitoral. Seu objetivo \u00e9 acumular for\u00e7as para a n\u00e3o aceita\u00e7\u00e3o de um rev\u00e9s em outubro de 2022. \u00c9 preciso que os democratas estejam alertas e mobilizados\u201d.<\/p>\n\n\n\n<p>Por isso, a associa\u00e7\u00e3o defendeu novamente o impeachment de Jair Bolsonaro, mas apelou que, para o bem da democracia, a solu\u00e7\u00e3o mais r\u00e1pida seria renunciar ao governo federal.<\/p>\n\n\n\n<h2 class=\"wp-block-heading\"><strong>Ataques \u00e0 imprensa<\/strong><\/h2>\n\n\n\n<p>Em mais um ato de descontrole, Jair Bolsonaro atacou, nesta segunda, uma jornalista de uma afiliada da TV Globo, al\u00e9m de insultar a pr\u00f3pria emissora e a CNN Brasil.&nbsp;<br><\/p>\n\n\n\n<p>O chefe do governo federal ainda se mostrou decepcionado pela cobertura jornal\u00edstica das&nbsp;<a target=\"_blank\" rel=\"noreferrer noopener\" href=\"https:\/\/www.brasil247.com\/brasil\/atos-pelo-fora-bolsonaro-reuniram-mais-de-750-mil-pessoas-no-brasil-e-no-mundo\">manifesta\u00e7\u00f5es do \u00faltimo s\u00e1bado, 19, que reuniram mais de 750 mil pessoas no Brasil e no mundo<\/a>.<\/p>\n\n\n\n<p>Questionado por uma rep\u00f3rter sobre a dispensa do uso de m\u00e1scara, Bolsonaro se irritou e passou a fazer uma s\u00e9rie de ofensas \u00e0 imprensa: &#8220;voc\u00eas n\u00e3o ajudam em nada&#8221;.<\/p>\n\n\n\n<p>Nem mesmo a pr\u00f3pria equipe do governo escapou do surto de Bolsonaro, que mandou seu &#8220;staff&#8221; &#8220;calar a boca&#8221;.<\/p>\n\n\n\n<h2 class=\"wp-block-heading\"><strong>Nota oficial da ABI<\/strong><\/h2>\n\n\n\n<p>Renuncie, presidente!<\/p>\n\n\n\n<p>Descontrolado, perturbado, louco, exaltado, irritadi\u00e7o, irasc\u00edvel, amalucado, alucinado, desvairado, enlouquecido, tresloucado. Qualquer uma destas express\u00f5es poderia ser usada para classificar o comportamento do presidente Jair Bolsonaro nesta segunda-feira, insultando jornalistas da TV Globo e da CNN.<\/p>\n\n\n\n<p>Com seu destempero, Bolsonaro mostrou ter sentido profundamente o golpe representado pelas manifesta\u00e7\u00f5es do \u00faltimo s\u00e1bado. Elas desnudaram o crescente isolamento de seu governo.&nbsp;<\/p>\n\n\n\n<p>Que o presidente nunca apreciou uma imprensa livre e cr\u00edtica, \u00e9 mais do que sabido. Mas, a cada dia, ele vai subindo o tom perigosamente. Pouco falta para que agrida fisicamente algum jornalista.<\/p>\n\n\n\n<p>Seu comportamento chega a enfraquecer o movimento antimanicomial \u2013 movimento progressista e com conte\u00fado profundamente humanit\u00e1rio. J\u00e1 h\u00e1 quem se pergunte como um cidad\u00e3o com tamanho desequil\u00edbrio pode andar por a\u00ed pelas ruas.<\/p>\n\n\n\n<p>Mas a situa\u00e7\u00e3o \u00e9 ainda mais grave: esse cidad\u00e3o \u00e9 presidente de um pa\u00eds com a import\u00e2ncia do Brasil.<\/p>\n\n\n\n<p>Diante da rejei\u00e7\u00e3o crescente a seu governo, Bolsonaro prepara uma sa\u00edda autorit\u00e1ria e, mesmo a um ano e meio da elei\u00e7\u00e3o, tenta desacreditar o sistema eleitoral. Seu objetivo \u00e9 acumular for\u00e7as para a n\u00e3o aceita\u00e7\u00e3o de um rev\u00e9s em outubro de 2022.&nbsp;<\/p>\n\n\n\n<p>\u00c9 preciso que os democratas estejam alertas e mobilizados.<\/p>\n\n\n\n<p>Diante desse quadro, com a autoridade de seus 113 anos de luta pela democracia, a ABI reitera sua posi\u00e7\u00e3o a favor do impeachment do presidente. E reafirma que, decididamente, ele n\u00e3o tem condi\u00e7\u00f5es de governar o Brasil.<\/p>\n\n\n\n<p>Outra solu\u00e7\u00e3o \u2013 at\u00e9 melhor, porque mais r\u00e1pida &#8211; seria que ele se retirasse voluntariamente.&nbsp;<\/p>\n\n\n\n<p>Ent\u00e3o, renuncie, presidente!<\/p>\n\n\n\n<p>Paulo Jeronimo<\/p>\n\n\n\n<p>Presidente da ABI<\/p>\n\n\n\n<p><br><\/p>\n","protected":false},"excerpt":{"rendered":"<p>Segundo a ABI, \u201cdiante da rejei\u00e7\u00e3o crescente a seu governo, Bolsonaro prepara uma sa\u00edda autorit\u00e1ria e, mesmo a um ano e meio da elei\u00e7\u00e3o, tenta desacreditar o sistema eleitoral. Seu objetivo \u00e9 acumular for\u00e7as para a n\u00e3o aceita\u00e7\u00e3o de um rev\u00e9s em outubro de 2022. \u00c9 preciso que os democratas estejam alertas e mobilizados\u201d<\/p>\n","protected":false},"author":1,"featured_media":0,"comment_status":"closed","ping_status":"open","sticky":false,"template":"","format":"standard","meta":{"_exactmetrics_skip_tracking":false,"_exactmetrics_sitenote_active":false,"_exactmetrics_sitenote_note":"","_exactmetrics_sitenote_category":0,"jetpack_post_was_ever_published":false,"_jetpack_newsletter_access":"","_jetpack_dont_email_post_to_subs":false,"_jetpack_newsletter_tier_id":0,"_jetpack_memberships_contains_paywalled_content":false,"_jetpack_memberships_contains_paid_content":false,"footnotes":"","jetpack_publicize_message":"","jetpack_publicize_feature_enabled":true,"jetpack_social_post_already_shared":true,"jetpack_social_options":{"image_generator_settings":{"template":"highway","enabled":false},"version":2}},"categories":[1],"tags":[569,176,53,571,353],"class_list":["post-32282","post","type-post","status-publish","format-standard","hentry","category-notas","tag-abi","tag-agressao","tag-bolsonaro","tag-imprensa","tag-jornalista"],"jetpack_publicize_connections":[],"jetpack_sharing_enabled":true,"jetpack_featured_media_url":"","jetpack_shortlink":"https:\/\/wp.me\/p7wKYW-8oG","jetpack-related-posts":[],"_links":{"self":[{"href":"http:\/\/blogdalucianaoliveira.com.br\/blog\/wp-json\/wp\/v2\/posts\/32282","targetHints":{"allow":["GET"]}}],"collection":[{"href":"http:\/\/blogdalucianaoliveira.com.br\/blog\/wp-json\/wp\/v2\/posts"}],"about":[{"href":"http:\/\/blogdalucianaoliveira.com.br\/blog\/wp-json\/wp\/v2\/types\/post"}],"author":[{"embeddable":true,"href":"http:\/\/blogdalucianaoliveira.com.br\/blog\/wp-json\/wp\/v2\/users\/1"}],"replies":[{"embeddable":true,"href":"http:\/\/blogdalucianaoliveira.com.br\/blog\/wp-json\/wp\/v2\/comments?post=32282"}],"version-history":[{"count":1,"href":"http:\/\/blogdalucianaoliveira.com.br\/blog\/wp-json\/wp\/v2\/posts\/32282\/revisions"}],"predecessor-version":[{"id":32283,"href":"http:\/\/blogdalucianaoliveira.com.br\/blog\/wp-json\/wp\/v2\/posts\/32282\/revisions\/32283"}],"wp:attachment":[{"href":"http:\/\/blogdalucianaoliveira.com.br\/blog\/wp-json\/wp\/v2\/media?parent=32282"}],"wp:term":[{"taxonomy":"category","embeddable":true,"href":"http:\/\/blogdalucianaoliveira.com.br\/blog\/wp-json\/wp\/v2\/categories?post=32282"},{"taxonomy":"post_tag","embeddable":true,"href":"http:\/\/blogdalucianaoliveira.com.br\/blog\/wp-json\/wp\/v2\/tags?post=32282"}],"curies":[{"name":"wp","href":"https:\/\/api.w.org\/{rel}","templated":true}]}}