{"id":32285,"date":"2021-06-22T08:07:08","date_gmt":"2021-06-22T12:07:08","guid":{"rendered":"http:\/\/blogdalucianaoliveira.com.br\/blog\/?p=32285"},"modified":"2021-06-22T08:07:11","modified_gmt":"2021-06-22T12:07:11","slug":"chaules-pozzebon-madeireiro-apontado-como-o-maior-desmatador-do-brasil-e-condenado-a-quase-100-anos-de-prisao","status":"publish","type":"post","link":"http:\/\/blogdalucianaoliveira.com.br\/blog\/2021\/06\/22\/chaules-pozzebon-madeireiro-apontado-como-o-maior-desmatador-do-brasil-e-condenado-a-quase-100-anos-de-prisao\/","title":{"rendered":"Chaules Pozzebon, madeireiro apontado como o maior desmatador do Brasil \u00e9 condenado a quase 100 anos de pris\u00e3o"},"content":{"rendered":"\n<figure class=\"wp-block-image size-large\"><img data-recalc-dims=\"1\" loading=\"lazy\" decoding=\"async\" width=\"552\" height=\"322\" data-attachment-id=\"32286\" data-permalink=\"http:\/\/blogdalucianaoliveira.com.br\/blog\/2021\/06\/22\/chaules-pozzebon-madeireiro-apontado-como-o-maior-desmatador-do-brasil-e-condenado-a-quase-100-anos-de-prisao\/5d90f8bd-0b6d-498a-9b05-a6437cc0f1e8\/\" data-orig-file=\"https:\/\/i0.wp.com\/blogdalucianaoliveira.com.br\/blog\/wp-content\/uploads\/2021\/06\/5D90F8BD-0B6D-498A-9B05-A6437CC0F1E8.jpeg?fit=552%2C322\" data-orig-size=\"552,322\" data-comments-opened=\"0\" data-image-meta=\"{&quot;aperture&quot;:&quot;0&quot;,&quot;credit&quot;:&quot;&quot;,&quot;camera&quot;:&quot;&quot;,&quot;caption&quot;:&quot;&quot;,&quot;created_timestamp&quot;:&quot;0&quot;,&quot;copyright&quot;:&quot;&quot;,&quot;focal_length&quot;:&quot;0&quot;,&quot;iso&quot;:&quot;0&quot;,&quot;shutter_speed&quot;:&quot;0&quot;,&quot;title&quot;:&quot;&quot;,&quot;orientation&quot;:&quot;0&quot;}\" data-image-title=\"5D90F8BD-0B6D-498A-9B05-A6437CC0F1E8\" data-image-description=\"\" data-image-caption=\"\" data-medium-file=\"https:\/\/i0.wp.com\/blogdalucianaoliveira.com.br\/blog\/wp-content\/uploads\/2021\/06\/5D90F8BD-0B6D-498A-9B05-A6437CC0F1E8.jpeg?fit=300%2C175\" data-large-file=\"https:\/\/i0.wp.com\/blogdalucianaoliveira.com.br\/blog\/wp-content\/uploads\/2021\/06\/5D90F8BD-0B6D-498A-9B05-A6437CC0F1E8.jpeg?fit=552%2C322\" src=\"https:\/\/i0.wp.com\/blogdalucianaoliveira.com.br\/blog\/wp-content\/uploads\/2021\/06\/5D90F8BD-0B6D-498A-9B05-A6437CC0F1E8.jpeg?resize=552%2C322\" alt=\"\" class=\"wp-image-32286\" srcset=\"https:\/\/i0.wp.com\/blogdalucianaoliveira.com.br\/blog\/wp-content\/uploads\/2021\/06\/5D90F8BD-0B6D-498A-9B05-A6437CC0F1E8.jpeg?w=552 552w, https:\/\/i0.wp.com\/blogdalucianaoliveira.com.br\/blog\/wp-content\/uploads\/2021\/06\/5D90F8BD-0B6D-498A-9B05-A6437CC0F1E8.jpeg?resize=300%2C175 300w, https:\/\/i0.wp.com\/blogdalucianaoliveira.com.br\/blog\/wp-content\/uploads\/2021\/06\/5D90F8BD-0B6D-498A-9B05-A6437CC0F1E8.jpeg?resize=514%2C300 514w\" sizes=\"auto, (max-width: 552px) 100vw, 552px\" \/><\/figure>\n\n\n\n<h4 class=\"wp-block-heading\">Ele foi preso em 2019 pela Pol\u00edcia Federal, durante a Opera\u00e7\u00e3o Deforest. A senten\u00e7a de 592 p\u00e1ginas tamb\u00e9m define a pena para os outros 15 r\u00e9us.&nbsp;<\/h4>\n\n\n\n<!--more-->\n\n\n\n<p>Por G1 RO e Rede Amaz\u00f4nica<\/p>\n\n\n\n<p>Chaules Volban Pozzebon, apontado pelo Minist\u00e9rio P\u00fablico de Rond\u00f4nia (MP-RO) como um dos maiores desmatadores do Brasil, foi condenado a 99 anos, dois meses e vinte e tr\u00eas dias de pris\u00e3o por crimes de organiza\u00e7\u00e3o criminosa e extors\u00e3o. A senten\u00e7a \u00e9 da ju\u00edza Larissa Pinho de Alencar, da 1\u00aa Vara Criminal de Ariquemes (RO). Al\u00e9m de Chaules, outras 15 pessoas foram condenadas no processo.<\/p>\n\n\n\n<p>Chaules \u00e9 empres\u00e1rio na regi\u00e3o de Ariquemes, dono de mais de 100 madeireiras.\u00a0<a href=\"https:\/\/g1.globo.com\/ro\/rondonia\/noticia\/2019\/10\/23\/pf-deflagra-operacao-contra-organizacao-criminosa-responsavel-por-invasoes-de-terras-em-ro.ghtml\">Ele foi preso em 2019 pela Pol\u00edcia Federal (PF), durante a Opera\u00e7\u00e3o Deforest<\/a>, suspeito de liderar uma organiza\u00e7\u00e3o criminosa que invadia terras para extra\u00e7\u00e3o ilegal de madeira.<\/p>\n\n\n\n<p>A senten\u00e7a de 592 p\u00e1ginas tamb\u00e9m define a pena para outros 15 envolvidos, sendo que 11 s\u00e3o policiais militares.<\/p>\n\n\n\n<p>As investiga\u00e7\u00f5es come\u00e7aram a partir de den\u00fancias feitas ao MP-RO por moradores da regi\u00e3o do Vale do Jamari que estariam sendo amea\u00e7ados e extorquidos pelo grupo composto por empres\u00e1rios, policiais, pistoleiros, entre outras pessoas.&nbsp;<\/p>\n\n\n\n<blockquote class=\"wp-block-quote is-layout-flow wp-block-quote-is-layout-flow\"><p>&#8220;Consequ\u00eancias do crime s\u00e3o grav\u00edssimas, tendo em vista que a organiza\u00e7\u00e3o criminosa liderada e ordenada pelo acusado Chaules imp\u00f5e grande temor e viol\u00eancia as v\u00edtimas daquela regi\u00e3o, que se veem ref\u00e9ns dos integrantes dessa organiza\u00e7\u00e3o&#8221;, consta na senten\u00e7a.<\/p><\/blockquote>\n\n\n\n<p>Recentemente, em junho de 2021, a justi\u00e7a negou o pedido dos advogados de defesa de Chaules, para que ele fosse transferido do pres\u00eddio federal de Campo Grande (MS) para um de Rond\u00f4nia.&nbsp;<\/p>\n\n\n\n<h2 class=\"wp-block-heading\">Maior audi\u00eancia de instru\u00e7\u00e3o do Brasil<\/h2>\n\n\n\n<p>Conforme informa\u00e7\u00f5es do Tribunal de Justi\u00e7a de Rond\u00f4nia (TJ-RO), ao todo foram ouvidas 96 pessoas no processo. A audi\u00eancia de instru\u00e7\u00e3o, iniciada em julho de 2020 levou mais de um m\u00eas para ser conclu\u00edda.&nbsp;<\/p>\n\n\n\n<p>&#8220;Foi a maior audi\u00eancia de instru\u00e7\u00e3o virtual feita no Brasil&#8221;, destacou a ju\u00edza da 1\u00aa Vara Criminal, Larissa Pinho.<\/p>\n\n\n\n<h2 class=\"wp-block-heading\">O que diz a defesa?<\/h2>\n\n\n\n<p>Os advogados de Chaules se posicionaram sobre o caso manifestando &#8220;imensa perplexidade com essa senten\u00e7a, absolutamente equivocada, desproporcional e proferida em uma justi\u00e7a claramente incompetente&#8221;.<\/p>\n\n\n\n<p>Eles ainda completam ressaltando que &#8220;al\u00e9m da viola\u00e7\u00e3o do devido processo, a senten\u00e7a condenat\u00f3ria \u00e9 contr\u00e1ria \u00e0 ampla prova de inoc\u00eancia dos acusados que foi produzida. A decis\u00e3o condena Chaules pelo crime de extors\u00e3o quando as pr\u00f3prias v\u00edtimas do processo afirmam que ele jamais praticou crime de extors\u00e3o contra elas&#8221;.<\/p>\n\n\n\n<p>Por fim, a defesa classifica as penas definidas pela justi\u00e7a como &#8220;absurdamente exageradas e desproporcionais&#8221; e possuem &#8220;plena convic\u00e7\u00e3o de que a senten\u00e7a ser\u00e1 reformada pelo Tribunal, inclusive com a anula\u00e7\u00e3o do processo&#8221;.<\/p>\n","protected":false},"excerpt":{"rendered":"<p>Ele foi preso em 2019 pela Pol\u00edcia Federal, durante a Opera\u00e7\u00e3o Deforest. A senten\u00e7a de 592 p\u00e1ginas tamb\u00e9m define a pena para os outros 15 r\u00e9us.&nbsp;<\/p>\n","protected":false},"author":1,"featured_media":0,"comment_status":"closed","ping_status":"open","sticky":false,"template":"","format":"standard","meta":{"_exactmetrics_skip_tracking":false,"_exactmetrics_sitenote_active":false,"_exactmetrics_sitenote_note":"","_exactmetrics_sitenote_category":0,"jetpack_post_was_ever_published":false,"_jetpack_newsletter_access":"","_jetpack_dont_email_post_to_subs":false,"_jetpack_newsletter_tier_id":0,"_jetpack_memberships_contains_paywalled_content":false,"_jetpack_memberships_contains_paid_content":false,"footnotes":"","jetpack_publicize_message":"","jetpack_publicize_feature_enabled":true,"jetpack_social_post_already_shared":true,"jetpack_social_options":{"image_generator_settings":{"template":"highway","enabled":false},"version":2}},"categories":[1],"tags":[],"class_list":["post-32285","post","type-post","status-publish","format-standard","hentry","category-notas"],"jetpack_publicize_connections":[],"jetpack_sharing_enabled":true,"jetpack_featured_media_url":"","jetpack_shortlink":"https:\/\/wp.me\/p7wKYW-8oJ","jetpack-related-posts":[],"_links":{"self":[{"href":"http:\/\/blogdalucianaoliveira.com.br\/blog\/wp-json\/wp\/v2\/posts\/32285","targetHints":{"allow":["GET"]}}],"collection":[{"href":"http:\/\/blogdalucianaoliveira.com.br\/blog\/wp-json\/wp\/v2\/posts"}],"about":[{"href":"http:\/\/blogdalucianaoliveira.com.br\/blog\/wp-json\/wp\/v2\/types\/post"}],"author":[{"embeddable":true,"href":"http:\/\/blogdalucianaoliveira.com.br\/blog\/wp-json\/wp\/v2\/users\/1"}],"replies":[{"embeddable":true,"href":"http:\/\/blogdalucianaoliveira.com.br\/blog\/wp-json\/wp\/v2\/comments?post=32285"}],"version-history":[{"count":1,"href":"http:\/\/blogdalucianaoliveira.com.br\/blog\/wp-json\/wp\/v2\/posts\/32285\/revisions"}],"predecessor-version":[{"id":32287,"href":"http:\/\/blogdalucianaoliveira.com.br\/blog\/wp-json\/wp\/v2\/posts\/32285\/revisions\/32287"}],"wp:attachment":[{"href":"http:\/\/blogdalucianaoliveira.com.br\/blog\/wp-json\/wp\/v2\/media?parent=32285"}],"wp:term":[{"taxonomy":"category","embeddable":true,"href":"http:\/\/blogdalucianaoliveira.com.br\/blog\/wp-json\/wp\/v2\/categories?post=32285"},{"taxonomy":"post_tag","embeddable":true,"href":"http:\/\/blogdalucianaoliveira.com.br\/blog\/wp-json\/wp\/v2\/tags?post=32285"}],"curies":[{"name":"wp","href":"https:\/\/api.w.org\/{rel}","templated":true}]}}