{"id":32298,"date":"2021-06-22T14:02:36","date_gmt":"2021-06-22T18:02:36","guid":{"rendered":"http:\/\/blogdalucianaoliveira.com.br\/blog\/?p=32298"},"modified":"2021-06-22T14:02:39","modified_gmt":"2021-06-22T18:02:39","slug":"entenda-o-bolo-de-retrocessos-contra-os-indigenas-que-o-pl-490-carrega","status":"publish","type":"post","link":"http:\/\/blogdalucianaoliveira.com.br\/blog\/2021\/06\/22\/entenda-o-bolo-de-retrocessos-contra-os-indigenas-que-o-pl-490-carrega\/","title":{"rendered":"Entenda o \u201cbolo de retrocessos\u201d contra os ind\u00edgenas que o PL 490 carrega"},"content":{"rendered":"\n<figure class=\"wp-block-image size-large\"><img data-recalc-dims=\"1\" loading=\"lazy\" decoding=\"async\" width=\"600\" height=\"450\" data-attachment-id=\"32299\" data-permalink=\"http:\/\/blogdalucianaoliveira.com.br\/blog\/2021\/06\/22\/entenda-o-bolo-de-retrocessos-contra-os-indigenas-que-o-pl-490-carrega\/455bfd2b-2663-430a-a7d7-42e612cad350\/\" data-orig-file=\"https:\/\/i0.wp.com\/blogdalucianaoliveira.com.br\/blog\/wp-content\/uploads\/2021\/06\/455BFD2B-2663-430A-A7D7-42E612CAD350.jpeg?fit=800%2C600\" data-orig-size=\"800,600\" data-comments-opened=\"0\" data-image-meta=\"{&quot;aperture&quot;:&quot;0&quot;,&quot;credit&quot;:&quot;&quot;,&quot;camera&quot;:&quot;&quot;,&quot;caption&quot;:&quot;&quot;,&quot;created_timestamp&quot;:&quot;0&quot;,&quot;copyright&quot;:&quot;&quot;,&quot;focal_length&quot;:&quot;0&quot;,&quot;iso&quot;:&quot;0&quot;,&quot;shutter_speed&quot;:&quot;0&quot;,&quot;title&quot;:&quot;&quot;,&quot;orientation&quot;:&quot;0&quot;}\" data-image-title=\"455BFD2B-2663-430A-A7D7-42E612CAD350\" data-image-description=\"\" data-image-caption=\"\" data-medium-file=\"https:\/\/i0.wp.com\/blogdalucianaoliveira.com.br\/blog\/wp-content\/uploads\/2021\/06\/455BFD2B-2663-430A-A7D7-42E612CAD350.jpeg?fit=300%2C225\" data-large-file=\"https:\/\/i0.wp.com\/blogdalucianaoliveira.com.br\/blog\/wp-content\/uploads\/2021\/06\/455BFD2B-2663-430A-A7D7-42E612CAD350.jpeg?fit=600%2C450\" src=\"https:\/\/i0.wp.com\/blogdalucianaoliveira.com.br\/blog\/wp-content\/uploads\/2021\/06\/455BFD2B-2663-430A-A7D7-42E612CAD350.jpeg?resize=600%2C450\" alt=\"\" class=\"wp-image-32299\" srcset=\"https:\/\/i0.wp.com\/blogdalucianaoliveira.com.br\/blog\/wp-content\/uploads\/2021\/06\/455BFD2B-2663-430A-A7D7-42E612CAD350.jpeg?w=800 800w, https:\/\/i0.wp.com\/blogdalucianaoliveira.com.br\/blog\/wp-content\/uploads\/2021\/06\/455BFD2B-2663-430A-A7D7-42E612CAD350.jpeg?resize=300%2C225 300w, https:\/\/i0.wp.com\/blogdalucianaoliveira.com.br\/blog\/wp-content\/uploads\/2021\/06\/455BFD2B-2663-430A-A7D7-42E612CAD350.jpeg?resize=768%2C576 768w, https:\/\/i0.wp.com\/blogdalucianaoliveira.com.br\/blog\/wp-content\/uploads\/2021\/06\/455BFD2B-2663-430A-A7D7-42E612CAD350.jpeg?resize=400%2C300 400w\" sizes=\"auto, (max-width: 600px) 100vw, 600px\" \/><\/figure>\n\n\n\n<h4 class=\"wp-block-heading\">Projeto prop\u00f5e fim das demarca\u00e7\u00f5es, revis\u00e3o de terras ind\u00edgenas e regulariza\u00e7\u00e3o do garimpo<\/h4>\n\n\n\n<!--more-->\n\n\n\n<p>Martha Raquel &#8211; Brasil de Fato | S\u00e3o Paulo (SP)<\/p>\n\n\n\n<p><\/p>\n\n\n\n<p>Indo contra a Constitui\u00e7\u00e3o Federal Brasileira, o\u00a0<a href=\"https:\/\/www.camara.leg.br\/proposicoesWeb\/fichadetramitacao?idProposicao=345311\">Projeto de Lei 490\/2007<\/a>, elaborado pela bancada ruralista, prop\u00f5e que a demarca\u00e7\u00e3o das terras ind\u00edgenas seja feita atrav\u00e9s de leis. Al\u00e9m disso, o projeto tamb\u00e9m prev\u00ea a abertura das terras ind\u00edgenas para o garimpo que est\u00e1 destruindo cada vez mais a Amaz\u00f4nia Brasileira.\u00a0<\/p>\n\n\n\n<p>O&nbsp;<a href=\"https:\/\/www.senado.leg.br\/atividade\/const\/con1988\/con1988_08.09.2016\/art_231_.asp\">artigo 231<\/a>&nbsp;da Constitui\u00e7\u00e3o reconhece que &#8220;as terras tradicionalmente ocupadas pelos \u00edndios destinam-se \u00e0 sua posse permanente, cabendo-lhes o usufruto exclusivo das riquezas do solo, dos rios e dos lagos nelas existentes&#8221;.&nbsp;<\/p>\n\n\n\n<p>Em coletiva de imprensa com lideran\u00e7as ind\u00edgenas de Roraima que est\u00e3o em Bras\u00edlia para se manifestar contra a investida anti-ind\u00edgena, a deputada federal e coordenadora da Frente Parlamentar Ind\u00edgena, Joenia Wapichana, lembrou que os direitos ind\u00edgenas sobre suas terras s\u00e3o cl\u00e1usula p\u00e9trea da Constitui\u00e7\u00e3o e que, portanto, n\u00e3o pode ser alterados&nbsp;por interesses individuais.&nbsp;<\/p>\n\n\n\n<p>&#8220;O PL vai trazer uma mudan\u00e7a significativa em termos de demarca\u00e7\u00e3o de terras ind\u00edgenas. N\u00e3o somente o texto original do projeto, mas o substitutivo que foi apresentado pelo relator Arthur Oliveira Maia (DEM-BA)&#8221;, explica.&nbsp;<\/p>\n\n\n\n<p>Segundo a parlamentar, o novo texto traz uma s\u00e9rie de quest\u00f5es novas, como os condicionantes do caso da Raposa Serra do Sol e a quest\u00e3o do Marco Temporal.<\/p>\n\n\n\n<p>&#8220;O pr\u00f3prio texto do PL 490 ele j\u00e1 inclui o texto do Marco Temporal que est\u00e1 sendo discutido no Supremo Tribunal Federal. Eu diria que, sim, \u00e9 uma prioridade hoje rejeitar esse PL 490 que t\u00e1 em tr\u00e2mite&#8221;.&nbsp;<\/p>\n\n\n\n<p>O texto do relator pode ser considerado inconstitucional, j\u00e1 que tem a pretens\u00e3o de mudar a Constitui\u00e7\u00e3o no que diz respeito ao direito do usufruto exclusivo da terra em rela\u00e7\u00e3o aos povos ind\u00edgenas.&nbsp;<\/p>\n\n\n\n<figure><iframe loading=\"lazy\" allowfullscreen=\"\" height=\"315\" src=\"https:\/\/www.youtube.com\/embed\/I4uzRhMZZtA\" width=\"560\"><\/iframe><\/figure>\n\n\n\n<p>Projeto guarda-chuva<\/p>\n\n\n\n<p>O PL 490 abrange diversos pontos considerados um retrocesso para as popula\u00e7\u00f5es ind\u00edgenas, como por exemplo o Marco Temporal e a tentativa de regularizar a minera\u00e7\u00e3o, apensados dentro do PL 490.&nbsp;<\/p>\n\n\n\n<p>&#8220;Quando se coloca em vota\u00e7\u00e3o o Projeto Lei e se considera o texto substitutivo que o relator apresenta, que muda totalmente, tamb\u00e9m se\u00a0 coloca em vota\u00e7\u00e3o os que est\u00e3o em anexo, e os textos que est\u00e3o apensados &#8211; que muitas vezes n\u00e3o s\u00e3o analisados e tratam de mat\u00e9rias totalmente inconstitucionais, como a quest\u00e3o da posse e usufruto&#8221;, explica a deputada federal.\u00a0<br><\/p>\n\n\n\n<p>O PL pretende instituir o Marco Temporal via legislativo. &#8220;O Projeto traz uma s\u00e9rie de quest\u00f5es de flexibilizar a posse em rela\u00e7\u00e3o \u00e0 terra, esse marco temporal descarta qualquer possibilidade de alguns povos que t\u00eam questionado via judicial, via administrativo&#8221;, explica Wapichana.&nbsp;<\/p>\n\n\n\n<p>Mais de 20 Projetos de Leis est\u00e3o apensados dentro do PL 490. Para a parlamentar, o risco \u00e9 &#8220;aprovar tudo num bolo s\u00f3&#8221;.&nbsp;<\/p>\n\n\n\n<p>Por que agora?&nbsp;<\/p>\n\n\n\n<p>&#8220;Por que a pressa? De quem \u00e9 a pressa? Quem t\u00e1 querendo colocar um projeto pra retaliar os direitos dos povos ind\u00edgenas num momento de pandemia? A quem interessa?&#8221;, questiona a deputada.&nbsp;<\/p>\n\n\n\n<p>&#8220;Aos povos ind\u00edgenas n\u00e3o interessa. A n\u00f3s interessa concluir as demarca\u00e7\u00f5es de terras ind\u00edgenas, interessa seguran\u00e7a, fiscaliza\u00e7\u00e3o, interessa retirar os garimpeiros, invasores e madeireiros que est\u00e3o atacando as terras ind\u00edgenas continuamente&#8221;, finaliza.&nbsp;<\/p>\n\n\n\n<p>&#8220;Estamos aqui porque n\u00e3o temos mais escolha&#8221;<\/p>\n\n\n\n<p>Cerca de 450 lideran\u00e7as ind\u00edgenas, de 25 povos de todas as regi\u00f5es do pa\u00eds, est\u00e3o em Bras\u00edlia para acompanhar os rumos da pol\u00edtica que envolve seus direitos duramente conquistados nos \u00faltimos anos.<\/p>\n\n\n\n<p>No&nbsp;acampamento &#8220;Levante Pela Terra&#8221;, a palavra de ordem \u00e9 de resist\u00eancia.&nbsp;As manifesta\u00e7\u00f5es di\u00e1rias pelo fim da agenda anti-ind\u00edgena no Congresso denunciam o genoc\u00eddio do povo ind\u00edgena.&nbsp;<\/p>\n\n\n\n<p>Kret\u00e3 Kaingang, coordenador executivo da Articula\u00e7\u00e3o dos Povos Ind\u00edgenas do Brasil (Apib), alerta para os riscos que o PL 490 trar\u00e1 para essa popula\u00e7\u00e3o.<\/p>\n\n\n\n<p><strong><a href=\"https:\/\/www.brasildefato.com.br\/2021\/06\/10\/numero-de-familias-indigenas-afetadas-por-invasoes-quadruplica-sob-governo-bolsonaro\" target=\"_blank\" rel=\"noreferrer noopener\">:: N\u00famero de familias ind\u00edgenas afetadas por invas\u00f5es quadruplica sob governo Bolsonaro ::<\/a><\/strong><\/p>\n\n\n\n<p>&#8220;O projeto permite que o governo tire da posse de povos ind\u00edgenas \u00e1reas oficializadas h\u00e1 d\u00e9cadas, escancara as Terras Ind\u00edgenas a empreendimentos predat\u00f3rios, como o garimpo, e, na pr\u00e1tica, vai inviabilizar as demarca\u00e7\u00f5es, totalmente paralisadas pelo governo Bolsonaro&#8221;.<\/p>\n\n\n\n<p>&#8220;Dissemos que voltar\u00edamos com vida, ou dar\u00edamos nossa vida pelo nosso povo. E hoje esse dia chegou! Estamos aqui porque n\u00e3o temos mais escolha\u201d, afirma o coordenador da Apib.&nbsp;&nbsp;<\/p>\n\n\n\n<p>Os ind\u00edgenas se manifestaram de forma pacifica em frente ao Minist\u00e9rio da Justi\u00e7a. Uma delega\u00e7\u00e3o foi recebida pela equipe ministerial para audi\u00eancia, onde&nbsp;cobraram a demarca\u00e7\u00e3o dos territ\u00f3rios, a retirada dos invasores e pediram a demiss\u00e3o do presidente da Funda\u00e7\u00e3o Nacional do \u00cdndio (Funai), Marcelo Xavier.<\/p>\n\n\n\n<figure class=\"wp-block-image\"><img data-recalc-dims=\"1\" decoding=\"async\" src=\"https:\/\/i0.wp.com\/images01.brasildefato.com.br\/3a61a8348ca5eff05e0930b1a3e59493.jpeg?w=600&#038;ssl=1\" alt=\"\"\/><\/figure>\n\n\n\n<p><br>Em audi\u00eancia no Minist\u00e9rio da Justi\u00e7a, lideran\u00e7as ind\u00edgenas cobraram a demarca\u00e7\u00e3o dos territ\u00f3rios, a retirada dos invasores e pediram a demiss\u00e3o do presidente da Funai, Marcelo Xavier \/ Eryck Marck \/ M\u00eddia \u00cdndia<\/p>\n\n\n\n<p>Projeto ainda n\u00e3o foi votado na CCJC&nbsp;<\/p>\n\n\n\n<p>O projeto entrou em discuss\u00e3o nesta ter\u00e7a-feira (15), na Comiss\u00e3o de Constitui\u00e7\u00e3o e Justi\u00e7a e de Cidadania (CCJC), mas n\u00e3o houve vota\u00e7\u00e3o.&nbsp;<\/p>\n\n\n\n<p>A deputada federal Fernanda Melchionna (PSOL) fazia sua fala quando a sess\u00e3o foi encerrada e marcada para a pr\u00f3xima quarta-feira (16), \u00e0s 09h.<\/p>\n\n\n\n<p>&#8220;O PL fere 15 legisla\u00e7\u00f5es para garantir que n\u00e3o haja mais demarca\u00e7\u00f5es de terras ind\u00edgenas, que passe pela C\u00e2mara dos Deputados a decis\u00e3o de algo que \u00e9 da Constitui\u00e7\u00e3o Federal para inviabilizar. E, na verdade, prop\u00f5e legalizar a minera\u00e7\u00e3o e o garimpo em terras ind\u00edgenas, que \u00e9 uma tentativa recorrente do governo de Jair genocida Bolsonaro&#8221;.<\/p>\n\n\n\n<p>Edi\u00e7\u00e3o: Leandro Melito<\/p>\n","protected":false},"excerpt":{"rendered":"<p>Projeto prop\u00f5e fim das demarca\u00e7\u00f5es, revis\u00e3o de terras ind\u00edgenas e regulariza\u00e7\u00e3o do garimpo<\/p>\n","protected":false},"author":1,"featured_media":0,"comment_status":"closed","ping_status":"open","sticky":false,"template":"","format":"standard","meta":{"_exactmetrics_skip_tracking":false,"_exactmetrics_sitenote_active":false,"_exactmetrics_sitenote_note":"","_exactmetrics_sitenote_category":0,"jetpack_post_was_ever_published":false,"_jetpack_newsletter_access":"","_jetpack_dont_email_post_to_subs":false,"_jetpack_newsletter_tier_id":0,"_jetpack_memberships_contains_paywalled_content":false,"_jetpack_memberships_contains_paid_content":false,"footnotes":"","jetpack_publicize_message":"","jetpack_publicize_feature_enabled":true,"jetpack_social_post_already_shared":true,"jetpack_social_options":{"image_generator_settings":{"template":"highway","enabled":false},"version":2}},"categories":[1],"tags":[],"class_list":["post-32298","post","type-post","status-publish","format-standard","hentry","category-notas"],"jetpack_publicize_connections":[],"jetpack_sharing_enabled":true,"jetpack_featured_media_url":"","jetpack_shortlink":"https:\/\/wp.me\/p7wKYW-8oW","jetpack-related-posts":[],"_links":{"self":[{"href":"http:\/\/blogdalucianaoliveira.com.br\/blog\/wp-json\/wp\/v2\/posts\/32298","targetHints":{"allow":["GET"]}}],"collection":[{"href":"http:\/\/blogdalucianaoliveira.com.br\/blog\/wp-json\/wp\/v2\/posts"}],"about":[{"href":"http:\/\/blogdalucianaoliveira.com.br\/blog\/wp-json\/wp\/v2\/types\/post"}],"author":[{"embeddable":true,"href":"http:\/\/blogdalucianaoliveira.com.br\/blog\/wp-json\/wp\/v2\/users\/1"}],"replies":[{"embeddable":true,"href":"http:\/\/blogdalucianaoliveira.com.br\/blog\/wp-json\/wp\/v2\/comments?post=32298"}],"version-history":[{"count":1,"href":"http:\/\/blogdalucianaoliveira.com.br\/blog\/wp-json\/wp\/v2\/posts\/32298\/revisions"}],"predecessor-version":[{"id":32300,"href":"http:\/\/blogdalucianaoliveira.com.br\/blog\/wp-json\/wp\/v2\/posts\/32298\/revisions\/32300"}],"wp:attachment":[{"href":"http:\/\/blogdalucianaoliveira.com.br\/blog\/wp-json\/wp\/v2\/media?parent=32298"}],"wp:term":[{"taxonomy":"category","embeddable":true,"href":"http:\/\/blogdalucianaoliveira.com.br\/blog\/wp-json\/wp\/v2\/categories?post=32298"},{"taxonomy":"post_tag","embeddable":true,"href":"http:\/\/blogdalucianaoliveira.com.br\/blog\/wp-json\/wp\/v2\/tags?post=32298"}],"curies":[{"name":"wp","href":"https:\/\/api.w.org\/{rel}","templated":true}]}}