{"id":32301,"date":"2021-06-23T12:23:06","date_gmt":"2021-06-23T16:23:06","guid":{"rendered":"http:\/\/blogdalucianaoliveira.com.br\/blog\/?p=32301"},"modified":"2021-06-23T12:23:11","modified_gmt":"2021-06-23T16:23:11","slug":"deputado-diz-ter-informado-bolsonaro-pessoalmente-no-alvorada-sobre-corrupcao-na-compra-da-covaxin","status":"publish","type":"post","link":"http:\/\/blogdalucianaoliveira.com.br\/blog\/2021\/06\/23\/deputado-diz-ter-informado-bolsonaro-pessoalmente-no-alvorada-sobre-corrupcao-na-compra-da-covaxin\/","title":{"rendered":"Deputado diz ter informado Bolsonaro pessoalmente, no Alvorada, sobre corrup\u00e7\u00e3o na compra da Covaxin"},"content":{"rendered":"\n<figure class=\"wp-block-image\"><img data-recalc-dims=\"1\" decoding=\"async\" src=\"https:\/\/i0.wp.com\/publisher-publish.s3.eu-central-1.amazonaws.com\/pb-brasil247\/swp\/jtjeq9\/media\/2021062313064_99e22255-8d51-4834-a86e-7cc46a3aed89.jpg?w=600&#038;ssl=1\" alt=\"Luis Miranda e Jair Bolsonaro \/ Covaxin\"\/><\/figure>\n\n\n\n<p>Segundo o deputado Luis Miranda, o encontro aconteceu no dia 20 de mar\u00e7o, um s\u00e1bado, quando Bolsonaro disse que tomaria provid\u00eancias e enviaria o caso para o diretor-geral da PF. \u201cN\u00e3o tive mais resposta sobre o caso\u201d, relata o parlamentar. Ele diz ainda que as vacinas compradas com superfaturamento estavam para vencer, entre abril e maio.<\/p>\n\n\n\n<!--more-->\n\n\n\n<p><strong>247\u00a0<\/strong>&#8211; O deputado federal Luis Miranda (DEM-DF) relatou em entrevista \u00e0 CNN no in\u00edcio da tarde desta quarta-feira (23) que informou Jair Bolsonaro pessoalmente sobre a suspeita de corrup\u00e7\u00e3o no contrato de compra da vacina indiana Covaxin pelo Minist\u00e9rio da Sa\u00fade.\u00a0 <\/p>\n\n\n\n<p>O parlamentar disse ter enviado inicialmente uma mensagem a um \u201cadjunto\u201d de Bolsonaro informando a&nbsp;<a target=\"_blank\" rel=\"noreferrer noopener\" href=\"https:\/\/www.brasil247.com\/regionais\/brasilia\/luis-miranda-disse-a-bolsonaro-meu-irmao-esta-recebendo-uma-puta-pressao-de-coroneis-para-fazer-um-pagamento\">press\u00e3o incomum que seu irm\u00e3o, o servidor da pasta Luis Ricardo Miranda<\/a>, estaria sofrendo para fechar um contrato suspeito da compra das vacinas.&nbsp;<a target=\"_blank\" rel=\"noreferrer noopener\" href=\"https:\/\/www.brasil247.com\/cpicovid\/irmaos-miranda-que-denunciaram-escandalo-da-covaxin-deporao-na-cpi-na-sexta\">Os dois ir\u00e3o depor na CPI da Covid na sexta-feira (25)<\/a>.<\/p>\n\n\n\n<p>No mesmo dia &#8211; 20 de mar\u00e7o, um s\u00e1bado &#8211; o assessor de Bolsonaro prop\u00f4s um encontro pessoalmente entre eles e Jair Bolsonaro no Pal\u00e1cio da Alvorada, por volta de 16h. O parlamentar compareceu \u00e0 resid\u00eancia oficial da Presid\u00eancia acompanhado do irm\u00e3o e da esposa e comunicou o chefe do Planalto sobre os detalhes da negocia\u00e7\u00e3o, inclusive com documentos.<br><\/p>\n\n\n\n<p>De acordo com o servidor Luis Ricardo, as suspeitas se baseavam em alguns elementos: o invoice &#8211; nota fiscal para pagamento &#8211; estava em nome de uma empresa que n\u00e3o era nem a fabricante da vacina, na \u00cdndia (Bharat Biotech), nem a representante legal dela no Brasil (Precisa Medicamentos), mas de uma terceira. Havia tamb\u00e9m acordos diferentes no contrato inicial e no invoice &#8211; como o pagamento antes da entrega das vacinas, no caso do \u00faltimo documento. Durante a entrevista, o deputado apresentou um \u00e1udio do irm\u00e3o com o relato dos pontos.<\/p>\n\n\n\n<p>Na conversa com Bolsonaro, segundo o deputado, o presidente disse que tomaria provid\u00eancias e que levaria o caso ao diretor-geral da Pol\u00edcia Federal. Depois do encontro na Alvorada, o parlamentar contou ter cobrado o adjunto por mensagens via Whatsapp. Chegou a perguntar se \u2018o presidente estaria chateado\u2019 com ele por alguma coisa e depois indagou se o caso havia sido levado adiante.<\/p>\n\n\n\n<h2 class=\"wp-block-heading\">Vacinas prestes a vencer<\/h2>\n\n\n\n<p>No dia 24 de mar\u00e7o, quarta-feira, Luis Miranda relatou ter enviado ao assessor uma \u201cinforma\u00e7\u00e3o bastante complicada\u201d. \u201cAl\u00e9m de tudo, as vacinas ainda estavam, segundo o documento que foi encaminhado ao meu irm\u00e3o, em prazo de vencimento. Venceriam entre abril e maio. Ou seja, a importa\u00e7\u00e3o, a distribui\u00e7\u00e3o e a vacina\u00e7\u00e3o da popula\u00e7\u00e3o seria praticamente imposs\u00edvel. Teria que fazer uma m\u00e1gica\u201d.<br><\/p>\n\n\n\n<p>\u201cEnt\u00e3o eu mandei uma mensagem na quarta-feira dizendo \u2018olha, os caras ainda est\u00e3o mandando vacinas que vencem em abril e maio\u2019. E n\u00e3o tive mais resposta sobre o caso, n\u00e3o sei dizer qual foi dado o prosseguimento, n\u00e3o tive mais contato. Eu at\u00e9 encontrei o presidente recentemente num evento que eu fui convidado. Falei \u2018presidente, preciso falar com o senhor\u2019. E ele me mandou entrar em contato com o chefe de gabinete dele. Eu falo que \u00e9 urgente, mas nunca mais consegui falar nem com ele nem com nenhum assessor dele sobre o tema. E eu s\u00f3 estou aqui hoje porque estouraram o \u00e1udio do meu irm\u00e3o no MPF\u201d.<\/p>\n\n\n\n<p>O valor do contrato, que envolve a aquisi\u00e7\u00e3o de 20 milh\u00f5es de doses da Covaxim, \u00e9 de R$ 1,61 bilh\u00e3o. O custo unit\u00e1rio \u00e9 de US$ 15, o mais alto dentre todas as vacinas adquiridas pelo Minist\u00e9rio da Sa\u00fade &#8211; no site da Covaxin, a dose da vacina era anunciada a US$ 2. O<a target=\"_blank\" rel=\"noreferrer noopener\" href=\"https:\/\/www.brasil247.com\/cpicovid\/socio-da-precisa-medicamentos-alega-quarentena-para-nao-depor-a-cpi-da-covid\">&nbsp;s\u00f3cio da Precisa Medicamentos, Francisco Emerson Maximiano<\/a>&nbsp;deveria prestar depoimento \u00e0 CPI nesta quarta-feira (23), mas a oitiva foi adiada para a semana que vem.<br><\/p>\n\n\n\n<p><br><\/p>\n","protected":false},"excerpt":{"rendered":"<p>Segundo o deputado Luis Miranda, o encontro aconteceu no dia 20 de mar\u00e7o, um s\u00e1bado, quando Bolsonaro disse que tomaria provid\u00eancias e enviaria o caso para o diretor-geral da PF. \u201cN\u00e3o tive mais resposta sobre o caso\u201d, relata o parlamentar. Ele diz ainda que as vacinas compradas com superfaturamento estavam para vencer, entre abril e&#8230;<a class=\"more-link\" href=\"http:\/\/blogdalucianaoliveira.com.br\/blog\/2021\/06\/23\/deputado-diz-ter-informado-bolsonaro-pessoalmente-no-alvorada-sobre-corrupcao-na-compra-da-covaxin\/\">Continue a leitura <span class=\"meta-nav\">&raquo;<\/span><\/a><\/p>\n","protected":false},"author":1,"featured_media":0,"comment_status":"closed","ping_status":"open","sticky":false,"template":"","format":"standard","meta":{"_exactmetrics_skip_tracking":false,"_exactmetrics_sitenote_active":false,"_exactmetrics_sitenote_note":"","_exactmetrics_sitenote_category":0,"jetpack_post_was_ever_published":false,"_jetpack_newsletter_access":"","_jetpack_dont_email_post_to_subs":false,"_jetpack_newsletter_tier_id":0,"_jetpack_memberships_contains_paywalled_content":false,"_jetpack_memberships_contains_paid_content":false,"footnotes":"","jetpack_publicize_message":"","jetpack_publicize_feature_enabled":true,"jetpack_social_post_already_shared":true,"jetpack_social_options":{"image_generator_settings":{"template":"highway","enabled":false},"version":2}},"categories":[1],"tags":[],"class_list":["post-32301","post","type-post","status-publish","format-standard","hentry","category-notas"],"jetpack_publicize_connections":[],"jetpack_sharing_enabled":true,"jetpack_featured_media_url":"","jetpack_shortlink":"https:\/\/wp.me\/p7wKYW-8oZ","jetpack-related-posts":[],"_links":{"self":[{"href":"http:\/\/blogdalucianaoliveira.com.br\/blog\/wp-json\/wp\/v2\/posts\/32301","targetHints":{"allow":["GET"]}}],"collection":[{"href":"http:\/\/blogdalucianaoliveira.com.br\/blog\/wp-json\/wp\/v2\/posts"}],"about":[{"href":"http:\/\/blogdalucianaoliveira.com.br\/blog\/wp-json\/wp\/v2\/types\/post"}],"author":[{"embeddable":true,"href":"http:\/\/blogdalucianaoliveira.com.br\/blog\/wp-json\/wp\/v2\/users\/1"}],"replies":[{"embeddable":true,"href":"http:\/\/blogdalucianaoliveira.com.br\/blog\/wp-json\/wp\/v2\/comments?post=32301"}],"version-history":[{"count":1,"href":"http:\/\/blogdalucianaoliveira.com.br\/blog\/wp-json\/wp\/v2\/posts\/32301\/revisions"}],"predecessor-version":[{"id":32302,"href":"http:\/\/blogdalucianaoliveira.com.br\/blog\/wp-json\/wp\/v2\/posts\/32301\/revisions\/32302"}],"wp:attachment":[{"href":"http:\/\/blogdalucianaoliveira.com.br\/blog\/wp-json\/wp\/v2\/media?parent=32301"}],"wp:term":[{"taxonomy":"category","embeddable":true,"href":"http:\/\/blogdalucianaoliveira.com.br\/blog\/wp-json\/wp\/v2\/categories?post=32301"},{"taxonomy":"post_tag","embeddable":true,"href":"http:\/\/blogdalucianaoliveira.com.br\/blog\/wp-json\/wp\/v2\/tags?post=32301"}],"curies":[{"name":"wp","href":"https:\/\/api.w.org\/{rel}","templated":true}]}}