{"id":32306,"date":"2021-06-23T17:12:01","date_gmt":"2021-06-23T21:12:01","guid":{"rendered":"http:\/\/blogdalucianaoliveira.com.br\/blog\/?p=32306"},"modified":"2021-06-23T17:12:07","modified_gmt":"2021-06-23T21:12:07","slug":"ricardo-salles-esta-fora-do-ministerio-do-meio-ambiente","status":"publish","type":"post","link":"http:\/\/blogdalucianaoliveira.com.br\/blog\/2021\/06\/23\/ricardo-salles-esta-fora-do-ministerio-do-meio-ambiente\/","title":{"rendered":"Ricardo Salles est\u00e1 fora do Minist\u00e9rio do Meio Ambiente"},"content":{"rendered":"\n<figure class=\"wp-block-image size-large\"><img data-recalc-dims=\"1\" loading=\"lazy\" decoding=\"async\" width=\"600\" height=\"400\" data-attachment-id=\"32307\" data-permalink=\"http:\/\/blogdalucianaoliveira.com.br\/blog\/2021\/06\/23\/ricardo-salles-esta-fora-do-ministerio-do-meio-ambiente\/brazil-farmers-protest-bolsonaro\/\" data-orig-file=\"https:\/\/i0.wp.com\/blogdalucianaoliveira.com.br\/blog\/wp-content\/uploads\/2021\/06\/4B28A7AD-4604-4A4E-AC98-11FF67B431E1.jpeg?fit=800%2C533\" data-orig-size=\"800,533\" data-comments-opened=\"0\" data-image-meta=\"{&quot;aperture&quot;:&quot;0&quot;,&quot;credit&quot;:&quot;AFP&quot;,&quot;camera&quot;:&quot;&quot;,&quot;caption&quot;:&quot;Brazil&#039;s Environment Minister Ricardo Salles (2-L) delivers a speech next to President Jair Bolsonaro durind a demonstration by farmers against the Supreme Court and calling for the end of COVID-19 restrictions, in Brasilia, on May 15, 2021 - The rally&#039;s organizers have called for conservative \\&quot;soldiers\\&quot; to protest the \\&quot;craziness\\&quot; of pandemic stay-at-home measures and Brazil&#039;s Supreme Court, which allowed local authorities to impose such policies over Bolsonaro&#039;s objections. (Photo by EVARISTO SA \\\/ AFP)&quot;,&quot;created_timestamp&quot;:&quot;1621101950&quot;,&quot;copyright&quot;:&quot;AFP or licensors&quot;,&quot;focal_length&quot;:&quot;0&quot;,&quot;iso&quot;:&quot;0&quot;,&quot;shutter_speed&quot;:&quot;0&quot;,&quot;title&quot;:&quot;BRAZIL-FARMERS-PROTEST-BOLSONARO&quot;,&quot;orientation&quot;:&quot;0&quot;}\" data-image-title=\"BRAZIL-FARMERS-PROTEST-BOLSONARO\" data-image-description=\"\" data-image-caption=\"&lt;p&gt;Brazil&amp;#8217;s Environment Minister Ricardo Salles (2-L) delivers a speech next to President Jair Bolsonaro durind a demonstration by farmers against the Supreme Court and calling for the end of COVID-19 restrictions, in Brasilia, on May 15, 2021 &amp;#8211; The rally&amp;#8217;s organizers have called for conservative &amp;#8220;soldiers&amp;#8221; to protest the &amp;#8220;craziness&amp;#8221; of pandemic stay-at-home measures and Brazil&amp;#8217;s Supreme Court, which allowed local authorities to impose such policies over Bolsonaro&amp;#8217;s objections. (Photo by EVARISTO SA \/ AFP)&lt;\/p&gt;\n\" data-medium-file=\"https:\/\/i0.wp.com\/blogdalucianaoliveira.com.br\/blog\/wp-content\/uploads\/2021\/06\/4B28A7AD-4604-4A4E-AC98-11FF67B431E1.jpeg?fit=300%2C200\" data-large-file=\"https:\/\/i0.wp.com\/blogdalucianaoliveira.com.br\/blog\/wp-content\/uploads\/2021\/06\/4B28A7AD-4604-4A4E-AC98-11FF67B431E1.jpeg?fit=600%2C400\" src=\"https:\/\/i0.wp.com\/blogdalucianaoliveira.com.br\/blog\/wp-content\/uploads\/2021\/06\/4B28A7AD-4604-4A4E-AC98-11FF67B431E1.jpeg?resize=600%2C400\" alt=\"\" class=\"wp-image-32307\" srcset=\"https:\/\/i0.wp.com\/blogdalucianaoliveira.com.br\/blog\/wp-content\/uploads\/2021\/06\/4B28A7AD-4604-4A4E-AC98-11FF67B431E1.jpeg?w=800 800w, https:\/\/i0.wp.com\/blogdalucianaoliveira.com.br\/blog\/wp-content\/uploads\/2021\/06\/4B28A7AD-4604-4A4E-AC98-11FF67B431E1.jpeg?resize=300%2C200 300w, https:\/\/i0.wp.com\/blogdalucianaoliveira.com.br\/blog\/wp-content\/uploads\/2021\/06\/4B28A7AD-4604-4A4E-AC98-11FF67B431E1.jpeg?resize=768%2C512 768w, https:\/\/i0.wp.com\/blogdalucianaoliveira.com.br\/blog\/wp-content\/uploads\/2021\/06\/4B28A7AD-4604-4A4E-AC98-11FF67B431E1.jpeg?resize=450%2C300 450w\" sizes=\"auto, (max-width: 600px) 100vw, 600px\" \/><\/figure>\n\n\n\n<h4 class=\"wp-block-heading\">Novo chefe da pasta \u00e9 ex-conselheiro de entidade ruralista<\/h4>\n\n\n\n<!--more-->\n\n\n\n<p>Nara Lacerda &#8211; Brasil de Fato | S\u00e3o Paulo (SP)\u00a0<\/p>\n\n\n\n<p>Ricardo Salles foi exonerado do cargo de ministro do Meio Ambiente nesta quarta-feira (23). A decis\u00e3o foi publicada em edi\u00e7\u00e3o extra do Di\u00e1rio Oficial da Uni\u00e3o. Segundo o texto, a sa\u00edda de Salles ocorreu &#8220;a pedido&#8221;.<\/p>\n\n\n\n<p>No in\u00edcio deste m\u00eas, a&nbsp;Procuradoria-Geral da Rep\u00fablica (PGR) pediu ao STF a abertura de inqu\u00e9rito para investigar a suspeita de tr\u00eas delitos por parte do ex-ministro:&nbsp;crimes de advocacia administrativa, dificultar a fiscaliza\u00e7\u00e3o ambiental e embara\u00e7ar a investiga\u00e7\u00e3o de infra\u00e7\u00e3o que envolva organiza\u00e7\u00e3o criminosa.<\/p>\n\n\n\n<p><strong>Coluna:<\/strong>&nbsp;<a href=\"https:\/\/www.brasildefato.com.br\/2021\/05\/06\/como-operam-as-quadrilhas-protegidas-pelo-ministro-ricardo-salles\">Como operam as quadrilhas protegidas pelo ministro Ricardo Salles<\/a><\/p>\n\n\n\n<p>Salles \u00e9 suspeito de beneficiar interesses privados perante a administra\u00e7\u00e3o p\u00fablica, valendo-se da qualidade de ministro. Ele \u00e9 alvo de uma not\u00edcia-crime da Pol\u00edcia Federal do Amazonas, que pede apura\u00e7\u00e3o de tentativas de atrapalhar investiga\u00e7\u00f5es&nbsp;relacionadas \u00e0 maior apreens\u00e3o de madeira da hist\u00f3ria do Brasil.<\/p>\n\n\n\n<p>No&nbsp;STF, ele \u00e9 alvo de um inqu\u00e9rito que investiga suspeita de facilitar a exporta\u00e7\u00e3o ilegal de madeira da Amaz\u00f4nia. Al\u00e9m disso, o Minist\u00e9rio P\u00fablico do estado de S\u00e3o Paulo conseguiu a quebra de sigilo financeiro&nbsp;do ex-ministro em uma apura\u00e7\u00e3o sobre&nbsp;enriquecimento il\u00edcito.&nbsp;<\/p>\n\n\n\n<p><a href=\"https:\/\/www.brasildefato.com.br\/2021\/06\/23\/novo-ministro-do-meio-ambiente-tem-trajetoria-ligada-a-entidade-que-apoiou-boiada\" target=\"_blank\" rel=\"noreferrer noopener\">:: Novo ministro do Meio Ambiente tem trajet\u00f3ria ligada a entidade que apoiou &#8220;boiada&#8221; ::<\/a><\/p>\n\n\n\n<p>Para o lugar de Salles, o governo escalou Joaquim \u00c1lvaro Pereira Leite, que por mais de duas d\u00e9cadas foi conselheiro da Sociedade Rural Brasileira. Ele j\u00e1 comandou a Secretaria da Amaz\u00f4nia e Servi\u00e7os Ambientais da pasta.&nbsp;<\/p>\n\n\n\n<p>Edi\u00e7\u00e3o: Leandro Melito<\/p>\n","protected":false},"excerpt":{"rendered":"<p>Novo chefe da pasta \u00e9 ex-conselheiro de entidade ruralista<\/p>\n","protected":false},"author":1,"featured_media":0,"comment_status":"closed","ping_status":"open","sticky":false,"template":"","format":"standard","meta":{"_exactmetrics_skip_tracking":false,"_exactmetrics_sitenote_active":false,"_exactmetrics_sitenote_note":"","_exactmetrics_sitenote_category":0,"jetpack_post_was_ever_published":false,"_jetpack_newsletter_access":"","_jetpack_dont_email_post_to_subs":false,"_jetpack_newsletter_tier_id":0,"_jetpack_memberships_contains_paywalled_content":false,"_jetpack_memberships_contains_paid_content":false,"footnotes":"","jetpack_publicize_message":"","jetpack_publicize_feature_enabled":true,"jetpack_social_post_already_shared":true,"jetpack_social_options":{"image_generator_settings":{"template":"highway","enabled":false},"version":2}},"categories":[1],"tags":[],"class_list":["post-32306","post","type-post","status-publish","format-standard","hentry","category-notas"],"jetpack_publicize_connections":[],"jetpack_sharing_enabled":true,"jetpack_featured_media_url":"","jetpack_shortlink":"https:\/\/wp.me\/p7wKYW-8p4","jetpack-related-posts":[],"_links":{"self":[{"href":"http:\/\/blogdalucianaoliveira.com.br\/blog\/wp-json\/wp\/v2\/posts\/32306","targetHints":{"allow":["GET"]}}],"collection":[{"href":"http:\/\/blogdalucianaoliveira.com.br\/blog\/wp-json\/wp\/v2\/posts"}],"about":[{"href":"http:\/\/blogdalucianaoliveira.com.br\/blog\/wp-json\/wp\/v2\/types\/post"}],"author":[{"embeddable":true,"href":"http:\/\/blogdalucianaoliveira.com.br\/blog\/wp-json\/wp\/v2\/users\/1"}],"replies":[{"embeddable":true,"href":"http:\/\/blogdalucianaoliveira.com.br\/blog\/wp-json\/wp\/v2\/comments?post=32306"}],"version-history":[{"count":1,"href":"http:\/\/blogdalucianaoliveira.com.br\/blog\/wp-json\/wp\/v2\/posts\/32306\/revisions"}],"predecessor-version":[{"id":32308,"href":"http:\/\/blogdalucianaoliveira.com.br\/blog\/wp-json\/wp\/v2\/posts\/32306\/revisions\/32308"}],"wp:attachment":[{"href":"http:\/\/blogdalucianaoliveira.com.br\/blog\/wp-json\/wp\/v2\/media?parent=32306"}],"wp:term":[{"taxonomy":"category","embeddable":true,"href":"http:\/\/blogdalucianaoliveira.com.br\/blog\/wp-json\/wp\/v2\/categories?post=32306"},{"taxonomy":"post_tag","embeddable":true,"href":"http:\/\/blogdalucianaoliveira.com.br\/blog\/wp-json\/wp\/v2\/tags?post=32306"}],"curies":[{"name":"wp","href":"https:\/\/api.w.org\/{rel}","templated":true}]}}