{"id":32309,"date":"2021-06-23T18:24:52","date_gmt":"2021-06-23T22:24:52","guid":{"rendered":"http:\/\/blogdalucianaoliveira.com.br\/blog\/?p=32309"},"modified":"2021-06-23T18:24:58","modified_gmt":"2021-06-23T22:24:58","slug":"pantanal-em-chamas-e-alertas-de-desmatamento-na-amazonia-em-alta-veja-os-recordes-da-gestao-salles","status":"publish","type":"post","link":"http:\/\/blogdalucianaoliveira.com.br\/blog\/2021\/06\/23\/pantanal-em-chamas-e-alertas-de-desmatamento-na-amazonia-em-alta-veja-os-recordes-da-gestao-salles\/","title":{"rendered":"Pantanal em chamas e alertas de desmatamento na Amaz\u00f4nia em alta; veja os recordes da gest\u00e3o Salles"},"content":{"rendered":"\n<figure class=\"wp-block-image size-large\"><img data-recalc-dims=\"1\" loading=\"lazy\" decoding=\"async\" width=\"600\" height=\"361\" data-attachment-id=\"32311\" data-permalink=\"http:\/\/blogdalucianaoliveira.com.br\/blog\/2021\/06\/23\/pantanal-em-chamas-e-alertas-de-desmatamento-na-amazonia-em-alta-veja-os-recordes-da-gestao-salles\/ae61a47f-13c5-48d5-a543-66ff06cfafdb\/\" data-orig-file=\"https:\/\/i0.wp.com\/blogdalucianaoliveira.com.br\/blog\/wp-content\/uploads\/2021\/06\/AE61A47F-13C5-48D5-A543-66FF06CFAFDB.jpeg?fit=921%2C554\" data-orig-size=\"921,554\" data-comments-opened=\"0\" data-image-meta=\"{&quot;aperture&quot;:&quot;0&quot;,&quot;credit&quot;:&quot;&quot;,&quot;camera&quot;:&quot;&quot;,&quot;caption&quot;:&quot;&quot;,&quot;created_timestamp&quot;:&quot;0&quot;,&quot;copyright&quot;:&quot;&quot;,&quot;focal_length&quot;:&quot;0&quot;,&quot;iso&quot;:&quot;0&quot;,&quot;shutter_speed&quot;:&quot;0&quot;,&quot;title&quot;:&quot;&quot;,&quot;orientation&quot;:&quot;0&quot;}\" data-image-title=\"AE61A47F-13C5-48D5-A543-66FF06CFAFDB\" data-image-description=\"\" data-image-caption=\"\" data-medium-file=\"https:\/\/i0.wp.com\/blogdalucianaoliveira.com.br\/blog\/wp-content\/uploads\/2021\/06\/AE61A47F-13C5-48D5-A543-66FF06CFAFDB.jpeg?fit=300%2C180\" data-large-file=\"https:\/\/i0.wp.com\/blogdalucianaoliveira.com.br\/blog\/wp-content\/uploads\/2021\/06\/AE61A47F-13C5-48D5-A543-66FF06CFAFDB.jpeg?fit=600%2C361\" src=\"https:\/\/i0.wp.com\/blogdalucianaoliveira.com.br\/blog\/wp-content\/uploads\/2021\/06\/AE61A47F-13C5-48D5-A543-66FF06CFAFDB.jpeg?resize=600%2C361\" alt=\"\" class=\"wp-image-32311\" srcset=\"https:\/\/i0.wp.com\/blogdalucianaoliveira.com.br\/blog\/wp-content\/uploads\/2021\/06\/AE61A47F-13C5-48D5-A543-66FF06CFAFDB.jpeg?w=921 921w, https:\/\/i0.wp.com\/blogdalucianaoliveira.com.br\/blog\/wp-content\/uploads\/2021\/06\/AE61A47F-13C5-48D5-A543-66FF06CFAFDB.jpeg?resize=300%2C180 300w, https:\/\/i0.wp.com\/blogdalucianaoliveira.com.br\/blog\/wp-content\/uploads\/2021\/06\/AE61A47F-13C5-48D5-A543-66FF06CFAFDB.jpeg?resize=768%2C462 768w, https:\/\/i0.wp.com\/blogdalucianaoliveira.com.br\/blog\/wp-content\/uploads\/2021\/06\/AE61A47F-13C5-48D5-A543-66FF06CFAFDB.jpeg?resize=499%2C300 499w\" sizes=\"auto, (max-width: 600px) 100vw, 600px\" \/><\/figure>\n\n\n\n<h4 class=\"wp-block-heading\">Ministro do Meio Ambiente foi exonerado pelo presidente Jair Bolsonaro e \u00e9 alvo de inqu\u00e9rito por supostamente ter atrapalhado investiga\u00e7\u00f5es sobre a maior apreens\u00e3o de madeira da hist\u00f3ria.<\/h4>\n\n\n\n<!--more-->\n\n\n\n<p>Por Carolina Dantas, G1<\/p>\n\n\n\n<p><a href=\"https:\/\/g1.globo.com\/politica\/noticia\/2021\/06\/23\/bolsonaro-exonera-salles-do-cargo-de-ministro-do-meio-ambiente.ghtml\">Ricardo Salles foi exonerado<\/a>&nbsp;pelo presidente&nbsp;<a href=\"https:\/\/g1.globo.com\/politica\/politico\/jair-bolsonaro\/\">Jair Bolsonaro<\/a>&nbsp;nesta quarta-feira (23) do cargo de Ministro de Meio Ambiente.<strong>Desde 2019, foram recordes nas taxas de desmatamento e de queimadas<\/strong>, com fortes cr\u00edticas de ambientalistas, de especialistas e de pa\u00edses que defendem o combate \u00e0 emerg\u00eancia clim\u00e1tica.&nbsp;<strong>O agora ex-ministro \u00e9 alvo de inqu\u00e9rito<\/strong>, autorizado pelo Supremo Tribunal Federal (<a href=\"https:\/\/g1.globo.com\/tudo-sobre\/supremo-tribunal-federal\/\">STF<\/a>) a pedido da Procuradoria Geral da Rep\u00fablica (<a href=\"https:\/\/g1.globo.com\/tudo-sobre\/procuradoria-geral-da-republica\/\">PGR<\/a>), por supostamente ter atrapalhado investiga\u00e7\u00f5es sobre a maior apreens\u00e3o de madeira da hist\u00f3ria.&nbsp;<\/p>\n\n\n\n<p><strong>Veja abaixo alguns dos recordes batidos nos anos da gest\u00e3o Salles:&nbsp;<\/strong><\/p>\n\n\n\n<h2 class=\"wp-block-heading\">Amaz\u00f4nia mais desmatada em 2021<\/h2>\n\n\n\n<p>Foram\u00a0<strong>tr\u00eas meses seguidos de recordes nos alertas de desmatamento<\/strong>\u00a0no primeiro semestre deste ano. O Instituto Nacional de Pesquisas Espaciais (<a href=\"https:\/\/g1.globo.com\/tudo-sobre\/inpe\/\">Inpe<\/a>) gera esses dados quase em tempo real para as equipes de fiscaliza\u00e7\u00e3o ambiental, que devem ir a campo para confirmar a devasta\u00e7\u00e3o e multar os infratores.<\/p>\n\n\n\n<p>A Amaz\u00f4nia perdeu 810 quil\u00f4metros quadrados de floresta em mar\u00e7o. Para se ter uma dimens\u00e3o do estrago, o tamanho da \u00e1rea devastada foi um pouco maior que a cidade de Goi\u00e2nia.&nbsp;<strong>O desmatamento aumentou 216% em rela\u00e7\u00e3o a mar\u00e7o de 2020<\/strong>.&nbsp;<\/p>\n\n\n\n<p><a href=\"https:\/\/g1.globo.com\/natureza\/amazonia\/noticia\/2021\/05\/17\/amazonia-tem-o-maior-desmatamento-para-o-mes-de-abril-em-uma-decada-diz-imazon.ghtml\">Em abril, foram 778 km\u00b2 de floresta devastada<\/a>, o maior valor para o m\u00eas registrado nos \u00faltimos dez anos, segundo monitoramento do Instituto do Homem e Meio Ambiente da Amaz\u00f4nia (Imazon).<a href=\"https:\/\/g1.globo.com\/natureza\/amazonia\/noticia\/2021\/06\/04\/alerta-de-desmatamento-na-amazonia-legal-em-maio-e-o-maior-desde-2016.ghtml\">&nbsp;O mesmo aconteceu em maio<\/a>: antes mesmo de o m\u00eas terminar,&nbsp;<strong>a regi\u00e3o j\u00e1 tinha 1.180km\u00b2<\/strong>&nbsp;de \u00e1rea sob alerta de defloresta\u00e7\u00e3o, o maior n\u00famero para o m\u00eas desde 2016.&nbsp;<\/p>\n\n\n\n<h2 class=\"wp-block-heading\">Recorde de desmate em 2020<\/h2>\n\n\n\n<p>A&nbsp;<a href=\"https:\/\/g1.globo.com\/natureza\/noticia\/2020\/11\/30\/amazonia-teve-11-mil-km-de-desmatamento-entre-agosto-de-2019-e-julho-de-2020-aponta-inpe.ghtml\">\u00e1rea desmatada na Amaz\u00f4nia foi de 11.088 km\u00b2 entre agosto de 2019 e julho de 2020<\/a>, de acordo com n\u00fameros oficiais do governo federal divulgados Inpe. Essa foi a maior \u00e1rea devastada desde 2008, quando o Prodes apontou 12.911 km\u00b2 desmatados. O Par\u00e1 concentra quase metade do desmatamento.&nbsp;<\/p>\n\n\n\n<figure class=\"wp-block-image\"><img data-recalc-dims=\"1\" decoding=\"async\" src=\"https:\/\/i0.wp.com\/s2.glbimg.com\/W_Yckw7HELyxHDmnaOcCrb3IQcQ%3D\/0x0%3A1600x3239\/984x0\/smart\/filters%3Astrip_icc%28%29\/i.s3.glbimg.com\/v1\/AUTH_59edd422c0c84a879bd37670ae4f538a\/internal_photos\/bs\/2020\/z\/8\/IUEv4kSue6aEksvNzozg\/desmatamento-amazonia.jpg?w=600&#038;ssl=1\" alt=\"S\u00e9rie hist\u00f3rica com dados de desmatamento na Amaz\u00f4nia segundo o Prodes at\u00e9 2019\/2020. \u2014 Foto: Arte\/G1\"\/><\/figure>\n\n\n\n<p>S\u00e9rie hist\u00f3rica com dados de desmatamento na Amaz\u00f4nia segundo o Prodes at\u00e9 2019\/2020. \u2014 Foto: Arte\/G1&nbsp;<\/p>\n\n\n\n<h2 class=\"wp-block-heading\">Pantanal em chamas&nbsp;<\/h2>\n\n\n\n<p>Em 2020, os inc\u00eandios que atingiram o Pantanal consumiram, pelo menos,<a href=\"https:\/\/g1.globo.com\/natureza\/noticia\/2020\/09\/24\/pantanal-bioma-mais-preservado-ate-2018-perdeu-ao-menos-10-vezes-mais-area-em-2020-que-em-18-anos.ghtml\">\u00a0uma \u00e1rea de vegeta\u00e7\u00e3o dez vezes maior do que em 18 anos de devasta\u00e7\u00e3o<\/a>. O bioma registrou o maior n\u00famero de focos de inc\u00eandio de sua hist\u00f3ria &#8211;\u00a0<strong>foram 22.116 pontos detectados no ano passado, contra 10.025 registrados em 2019<\/strong>.<\/p>\n\n\n\n<p>Entre 2000 e 2018, o Pantanal perdeu cerca de 2,1 mil km\u00b2 de \u00e1rea nativa. J\u00e1 em 2020, ainda em setembro, conforme os dados divulgados por pesquisadores do Instituto Nacional de Pesquisas do Pantanal (INPP) e da Universidade Federal de Mato Grosso (UFMT),&nbsp;<strong>o bioma j\u00e1 havia visto cerca de 23 mil km\u00b2 serem consumidos pelas chamas<\/strong>.&nbsp;<\/p>\n\n\n\n<h2 class=\"wp-block-heading\">4,65 bilh\u00f5es de animais afetados&nbsp;<\/h2>\n\n\n\n<p>Com todo o fogo registrado no territ\u00f3rio pantaneiro em 2020,\u00a0<a href=\"https:\/\/g1.globo.com\/ms\/mato-grosso-do-sul\/noticia\/2021\/06\/19\/465-bilhoes-de-animais-foram-afetados-com-as-queimadas-no-pantanal-apontam-pesquisadores.ghtml\">pesquisadores mostraram n\u00fameros alarmantes sobre o impacto nos animais\u00a0<\/a>que habitam o bioma. De acordo com o estudo,<strong>\u00a0os inc\u00eandios no bioma afetaram pelo menos 65 milh\u00f5es de animais vertebrados nativos e 4 bilh\u00f5es de invertebrados<\/strong>.<\/p>\n\n\n\n<h2 class=\"wp-block-heading\">Ibama em baixa<\/h2>\n\n\n\n<p>O Ibama, pelo menos desde 2004,&nbsp;<a href=\"https:\/\/g1.globo.com\/natureza\/amazonia\/noticia\/2020\/10\/31\/apenas-3-de-quase-mil-autuacoes-aplicadas-pelo-ibama-por-desmate-na-amazonia-foram-quitadas-em-2020.ghtml\">nunca expediu t\u00e3o poucas autua\u00e7\u00f5es de crimes contra a flora como em 2020.&nbsp;<\/a>O&nbsp;<strong>G1<\/strong>&nbsp;analisou os dados da gest\u00e3o Salles e comparou com os anos anteriores. A s\u00e9rie escolhida come\u00e7a em 2004, quando ocorreu uma migra\u00e7\u00e3o de sistemas para o meio digital.&nbsp;<\/p>\n\n\n\n<p>As autua\u00e7\u00f5es do instituto na Amaz\u00f4nia Legal ca\u00edram 62% de janeiro a setembro de 2020 em rela\u00e7\u00e3o ao mesmo per\u00edodo de 2019.&nbsp;<strong>At\u00e9 18 de outubro do ano passado, foram 938 crimes contra a flora, enquanto o mesmo per\u00edodo de 2019 teve 2.475 autua\u00e7\u00f5es<\/strong>. Todos os estados apresentaram o menor n\u00famero de autua\u00e7\u00f5es da s\u00e9rie desde 2004.&nbsp;<\/p>\n\n\n\n<h2 class=\"wp-block-heading\">Desmatamento em terras ind\u00edgenas<\/h2>\n\n\n\n<p>Entre agosto de 2018 e julho de 2019, per\u00edodo de monitoramento do sistema Prodes do Inpe, que mede a perda de floresta na Amaz\u00f4nia Legal,&nbsp;<a href=\"https:\/\/g1.globo.com\/natureza\/noticia\/2019\/11\/28\/terras-indigenas-tem-alta-de-74percent-no-desmatamento-area-mais-afetada-protege-povo-isolado.ghtml\">as terras ind\u00edgenas apresentaram uma taxa de desmatamento 74% maior<\/a>&nbsp;do que o mesmo per\u00edodo nos 12 meses anteriores.&nbsp;<\/p>\n\n\n\n<p>Foram\u00a0<strong>423,3 km\u00b2 desmatados em terras ind\u00edgenas<\/strong>, a maior perda de \u00e1rea de vegeta\u00e7\u00e3o desde 2008. <br><\/p>\n\n\n\n<p>Veja no gr\u00e1fico:\u00a0Desmatamento em terras ind\u00edgenasDados contabilizados em km\u00b2 entre 2018 e 2019<\/p>\n\n\n\n<figure class=\"wp-block-image size-large\"><img data-recalc-dims=\"1\" loading=\"lazy\" decoding=\"async\" width=\"600\" height=\"738\" data-attachment-id=\"32310\" data-permalink=\"http:\/\/blogdalucianaoliveira.com.br\/blog\/2021\/06\/23\/pantanal-em-chamas-e-alertas-de-desmatamento-na-amazonia-em-alta-veja-os-recordes-da-gestao-salles\/542f10cc-7fef-41aa-af45-99e1979329b8\/\" data-orig-file=\"https:\/\/i0.wp.com\/blogdalucianaoliveira.com.br\/blog\/wp-content\/uploads\/2021\/06\/542F10CC-7FEF-41AA-AF45-99E1979329B8.jpeg?fit=828%2C1018\" data-orig-size=\"828,1018\" data-comments-opened=\"0\" data-image-meta=\"{&quot;aperture&quot;:&quot;0&quot;,&quot;credit&quot;:&quot;&quot;,&quot;camera&quot;:&quot;&quot;,&quot;caption&quot;:&quot;&quot;,&quot;created_timestamp&quot;:&quot;0&quot;,&quot;copyright&quot;:&quot;&quot;,&quot;focal_length&quot;:&quot;0&quot;,&quot;iso&quot;:&quot;0&quot;,&quot;shutter_speed&quot;:&quot;0&quot;,&quot;title&quot;:&quot;&quot;,&quot;orientation&quot;:&quot;1&quot;}\" data-image-title=\"542F10CC-7FEF-41AA-AF45-99E1979329B8\" data-image-description=\"\" data-image-caption=\"\" data-medium-file=\"https:\/\/i0.wp.com\/blogdalucianaoliveira.com.br\/blog\/wp-content\/uploads\/2021\/06\/542F10CC-7FEF-41AA-AF45-99E1979329B8.jpeg?fit=244%2C300\" data-large-file=\"https:\/\/i0.wp.com\/blogdalucianaoliveira.com.br\/blog\/wp-content\/uploads\/2021\/06\/542F10CC-7FEF-41AA-AF45-99E1979329B8.jpeg?fit=600%2C738\" src=\"https:\/\/i0.wp.com\/blogdalucianaoliveira.com.br\/blog\/wp-content\/uploads\/2021\/06\/542F10CC-7FEF-41AA-AF45-99E1979329B8.jpeg?resize=600%2C738\" alt=\"\" class=\"wp-image-32310\" srcset=\"https:\/\/i0.wp.com\/blogdalucianaoliveira.com.br\/blog\/wp-content\/uploads\/2021\/06\/542F10CC-7FEF-41AA-AF45-99E1979329B8.jpeg?w=828 828w, https:\/\/i0.wp.com\/blogdalucianaoliveira.com.br\/blog\/wp-content\/uploads\/2021\/06\/542F10CC-7FEF-41AA-AF45-99E1979329B8.jpeg?resize=244%2C300 244w, https:\/\/i0.wp.com\/blogdalucianaoliveira.com.br\/blog\/wp-content\/uploads\/2021\/06\/542F10CC-7FEF-41AA-AF45-99E1979329B8.jpeg?resize=768%2C944 768w\" sizes=\"auto, (max-width: 600px) 100vw, 600px\" \/><\/figure>\n\n\n\n<h2 class=\"wp-block-heading\">Minera\u00e7\u00e3o avan\u00e7a<\/h2>\n\n\n\n<p>A minera\u00e7\u00e3o&nbsp;<a href=\"https:\/\/g1.globo.com\/natureza\/noticia\/2020\/12\/06\/mineracao-na-amazonia-bate-recordes-de-desmate-nos-ultimos-dois-anos-e-avanca-sobre-areas-de-conservacao.ghtml\">desmatou 405,36 km\u00b2 da Amaz\u00f4nia Legal entre 2015 e 2020<\/a>, segundo dados do Sistema de Detec\u00e7\u00e3o de Desmatamento em Tempo Real (Deter), do Inpe, reunidos pelo&nbsp;<strong>G1<\/strong>.<strong>&nbsp;A \u00e1rea derrubada equivale a cerca de 40,5 mil campos de futebol.<\/strong>&nbsp;Ao longo de 2019 e 2020, esse desmatamento causado pela atividade mineradora tamb\u00e9m registrou recordes e avan\u00e7ou sobre \u00e1reas de conserva\u00e7\u00e3o.&nbsp;<\/p>\n\n\n\n<p>A s\u00e9rie hist\u00f3rica, que compila dados desde 2015,&nbsp;<strong>aponta que o m\u00eas com a maior devasta\u00e7\u00e3o foi maio de 2019, com 34,47 km\u00b2 desmatados<\/strong>. Em seguida, ficou julho de 2019 com 23,98 km\u00b2. Al\u00e9m disso, 2020 teve os piores junho (21,85 km\u00b2), agosto (15,93 km\u00b2) e setembro (7,2 km\u00b2) da s\u00e9rie.&nbsp;<\/p>\n\n\n\n<figure class=\"wp-block-image\"><img data-recalc-dims=\"1\" decoding=\"async\" src=\"https:\/\/i0.wp.com\/s2.glbimg.com\/2SDbctwGa__VrtbIeXaxNtQXD9c%3D\/0x0%3A1024x768\/984x0\/smart\/filters%3Astrip_icc%28%29\/i.s3.glbimg.com\/v1\/AUTH_59edd422c0c84a879bd37670ae4f538a\/internal_photos\/bs\/2021\/1\/0\/VB8K0SR9aZ6zahYk2vUA\/whatsapp-image-2021-04-22-at-6.59.31-pm-1-.jpeg?w=600&#038;ssl=1\" alt=\"\u00c1rea de garimpo ilegal dentro da Terra Ind\u00edgenas (TI) Munduruku, no Par\u00e1. \u2014 Foto: Reprodu\u00e7\u00e3o \/ Pol\u00edcia Federal\"\/><\/figure>\n\n\n\n<p>\u00c1rea de garimpo ilegal dentro da Terra Ind\u00edgenas (TI) Munduruku, no Par\u00e1. \u2014 Foto: Reprodu\u00e7\u00e3o \/ Pol\u00edcia Federal<\/p>\n","protected":false},"excerpt":{"rendered":"<p>Ministro do Meio Ambiente foi exonerado pelo presidente Jair Bolsonaro e \u00e9 alvo de inqu\u00e9rito por supostamente ter atrapalhado investiga\u00e7\u00f5es sobre a maior apreens\u00e3o de madeira da hist\u00f3ria.<\/p>\n","protected":false},"author":1,"featured_media":0,"comment_status":"closed","ping_status":"open","sticky":false,"template":"","format":"standard","meta":{"_exactmetrics_skip_tracking":false,"_exactmetrics_sitenote_active":false,"_exactmetrics_sitenote_note":"","_exactmetrics_sitenote_category":0,"jetpack_post_was_ever_published":false,"_jetpack_newsletter_access":"","_jetpack_dont_email_post_to_subs":false,"_jetpack_newsletter_tier_id":0,"_jetpack_memberships_contains_paywalled_content":false,"_jetpack_memberships_contains_paid_content":false,"footnotes":"","jetpack_publicize_message":"","jetpack_publicize_feature_enabled":true,"jetpack_social_post_already_shared":true,"jetpack_social_options":{"image_generator_settings":{"template":"highway","enabled":false},"version":2}},"categories":[1],"tags":[],"class_list":["post-32309","post","type-post","status-publish","format-standard","hentry","category-notas"],"jetpack_publicize_connections":[],"jetpack_sharing_enabled":true,"jetpack_featured_media_url":"","jetpack_shortlink":"https:\/\/wp.me\/p7wKYW-8p7","jetpack-related-posts":[],"_links":{"self":[{"href":"http:\/\/blogdalucianaoliveira.com.br\/blog\/wp-json\/wp\/v2\/posts\/32309","targetHints":{"allow":["GET"]}}],"collection":[{"href":"http:\/\/blogdalucianaoliveira.com.br\/blog\/wp-json\/wp\/v2\/posts"}],"about":[{"href":"http:\/\/blogdalucianaoliveira.com.br\/blog\/wp-json\/wp\/v2\/types\/post"}],"author":[{"embeddable":true,"href":"http:\/\/blogdalucianaoliveira.com.br\/blog\/wp-json\/wp\/v2\/users\/1"}],"replies":[{"embeddable":true,"href":"http:\/\/blogdalucianaoliveira.com.br\/blog\/wp-json\/wp\/v2\/comments?post=32309"}],"version-history":[{"count":1,"href":"http:\/\/blogdalucianaoliveira.com.br\/blog\/wp-json\/wp\/v2\/posts\/32309\/revisions"}],"predecessor-version":[{"id":32312,"href":"http:\/\/blogdalucianaoliveira.com.br\/blog\/wp-json\/wp\/v2\/posts\/32309\/revisions\/32312"}],"wp:attachment":[{"href":"http:\/\/blogdalucianaoliveira.com.br\/blog\/wp-json\/wp\/v2\/media?parent=32309"}],"wp:term":[{"taxonomy":"category","embeddable":true,"href":"http:\/\/blogdalucianaoliveira.com.br\/blog\/wp-json\/wp\/v2\/categories?post=32309"},{"taxonomy":"post_tag","embeddable":true,"href":"http:\/\/blogdalucianaoliveira.com.br\/blog\/wp-json\/wp\/v2\/tags?post=32309"}],"curies":[{"name":"wp","href":"https:\/\/api.w.org\/{rel}","templated":true}]}}