{"id":32313,"date":"2021-06-23T21:01:20","date_gmt":"2021-06-24T01:01:20","guid":{"rendered":"http:\/\/blogdalucianaoliveira.com.br\/blog\/?p=32313"},"modified":"2021-06-23T21:01:26","modified_gmt":"2021-06-24T01:01:26","slug":"vacina-cubana-abdala-alcanca-92-de-eficacia-contra-a-covid-19","status":"publish","type":"post","link":"http:\/\/blogdalucianaoliveira.com.br\/blog\/2021\/06\/23\/vacina-cubana-abdala-alcanca-92-de-eficacia-contra-a-covid-19\/","title":{"rendered":"Vacina cubana Abdala alcan\u00e7a 92% de efic\u00e1cia contra a Covid-19"},"content":{"rendered":"\n<figure class=\"wp-block-image size-large\"><img data-recalc-dims=\"1\" loading=\"lazy\" decoding=\"async\" width=\"394\" height=\"280\" data-attachment-id=\"32314\" data-permalink=\"http:\/\/blogdalucianaoliveira.com.br\/blog\/2021\/06\/23\/vacina-cubana-abdala-alcanca-92-de-eficacia-contra-a-covid-19\/3310b896-d3ef-466f-a13c-b4c3bf46cf60\/\" data-orig-file=\"https:\/\/i0.wp.com\/blogdalucianaoliveira.com.br\/blog\/wp-content\/uploads\/2021\/06\/3310B896-D3EF-466F-A13C-B4C3BF46CF60.jpeg?fit=394%2C280\" data-orig-size=\"394,280\" data-comments-opened=\"0\" data-image-meta=\"{&quot;aperture&quot;:&quot;0&quot;,&quot;credit&quot;:&quot;&quot;,&quot;camera&quot;:&quot;&quot;,&quot;caption&quot;:&quot;&quot;,&quot;created_timestamp&quot;:&quot;0&quot;,&quot;copyright&quot;:&quot;&quot;,&quot;focal_length&quot;:&quot;0&quot;,&quot;iso&quot;:&quot;0&quot;,&quot;shutter_speed&quot;:&quot;0&quot;,&quot;title&quot;:&quot;&quot;,&quot;orientation&quot;:&quot;0&quot;}\" data-image-title=\"3310B896-D3EF-466F-A13C-B4C3BF46CF60\" data-image-description=\"\" data-image-caption=\"\" data-medium-file=\"https:\/\/i0.wp.com\/blogdalucianaoliveira.com.br\/blog\/wp-content\/uploads\/2021\/06\/3310B896-D3EF-466F-A13C-B4C3BF46CF60.jpeg?fit=300%2C213\" data-large-file=\"https:\/\/i0.wp.com\/blogdalucianaoliveira.com.br\/blog\/wp-content\/uploads\/2021\/06\/3310B896-D3EF-466F-A13C-B4C3BF46CF60.jpeg?fit=394%2C280\" src=\"https:\/\/i0.wp.com\/blogdalucianaoliveira.com.br\/blog\/wp-content\/uploads\/2021\/06\/3310B896-D3EF-466F-A13C-B4C3BF46CF60.jpeg?resize=394%2C280\" alt=\"\" class=\"wp-image-32314\" srcset=\"https:\/\/i0.wp.com\/blogdalucianaoliveira.com.br\/blog\/wp-content\/uploads\/2021\/06\/3310B896-D3EF-466F-A13C-B4C3BF46CF60.jpeg?w=394 394w, https:\/\/i0.wp.com\/blogdalucianaoliveira.com.br\/blog\/wp-content\/uploads\/2021\/06\/3310B896-D3EF-466F-A13C-B4C3BF46CF60.jpeg?resize=300%2C213 300w\" sizes=\"auto, (max-width: 394px) 100vw, 394px\" \/><\/figure>\n\n\n\n<p>Carta Capital &#8211; A vacina candidata Abdala, desenvolvida por Cuba para combater a covid-19, tem efic\u00e1cia de 92% com a aplica\u00e7\u00e3o de tr\u00eas doses, informou na segunda-feira 21 o BioCubaFarma, laborat\u00f3rio respons\u00e1vel pelo que est\u00e1 prestes a se tornar o primeiro imunizante criado na Am\u00e9rica Latina.<\/p>\n\n\n\n<!--more-->\n\n\n\n<p>\u201cA vacina candidata #Abdala da @CIGBCuba apresenta efic\u00e1cia de 92,28% em seu esquema de 3 doses. #CubaEsCiencia (Cuba \u00e9 ci\u00eancia)\u201d, afirmou o laborat\u00f3rio no Twitter.<\/p>\n\n\n\n<p>O an\u00fancio chega apenas dois dias depois de as autoridades cient\u00edficas anunciarem que a Soberana 2, outra vacina candidata de Cuba, que tamb\u00e9m concluiu as tr\u00eas fases de testes, atingiu uma efic\u00e1cia de 62% com duas das tr\u00eas doses previstas.<\/p>\n\n\n\n<p>\u201cA efic\u00e1cia com tr\u00eas doses da Abdala ser\u00e1 um sucesso que multiplicar\u00e1 o orgulho\u201d, tuitou o presidente Miguel D\u00edaz-Canel, pouco antes da divulga\u00e7\u00e3o da not\u00edcia.<\/p>\n\n\n\n<p>A Organiza\u00e7\u00e3o Mundial da Sa\u00fade (OMS) exige uma efic\u00e1cia de pelo menos 50% para que uma vacina seja aceita. Autoridades cubanas anunciaram que em algumas semanas esperam pedir \u00e0 autoridade reguladora permiss\u00e3o para o uso emergencial de suas vacinas.<\/p>\n\n\n\n<p>O an\u00fancio acontece no momento em que a ilha passa por um forte surto da doen\u00e7a. Esta segunda-feira foi um dos seus piores dias em termos de infec\u00e7\u00f5es detectadas, com 1.561, enquanto, desde o in\u00edcio da pandemia, foram registrados 169.365 casos e 1.170 mortes.<\/p>\n\n\n\n<p>Sob embargo dos Estados Unidos desde 1962, Cuba come\u00e7ou a desenvolver seus pr\u00f3prios medicamentos na d\u00e9cada de 1980. Das 13 vacinas em seu programa de imuniza\u00e7\u00e3o, oito s\u00e3o produzidas localmente.<\/p>\n","protected":false},"excerpt":{"rendered":"<p>Carta Capital &#8211; A vacina candidata Abdala, desenvolvida por Cuba para combater a covid-19, tem efic\u00e1cia de 92% com a aplica\u00e7\u00e3o de tr\u00eas doses, informou na segunda-feira 21 o BioCubaFarma, laborat\u00f3rio respons\u00e1vel pelo que est\u00e1 prestes a se tornar o primeiro imunizante criado na Am\u00e9rica Latina.<\/p>\n","protected":false},"author":1,"featured_media":0,"comment_status":"closed","ping_status":"open","sticky":false,"template":"","format":"standard","meta":{"_exactmetrics_skip_tracking":false,"_exactmetrics_sitenote_active":false,"_exactmetrics_sitenote_note":"","_exactmetrics_sitenote_category":0,"jetpack_post_was_ever_published":false,"_jetpack_newsletter_access":"","_jetpack_dont_email_post_to_subs":false,"_jetpack_newsletter_tier_id":0,"_jetpack_memberships_contains_paywalled_content":false,"_jetpack_memberships_contains_paid_content":false,"footnotes":"","jetpack_publicize_message":"","jetpack_publicize_feature_enabled":true,"jetpack_social_post_already_shared":true,"jetpack_social_options":{"image_generator_settings":{"template":"highway","enabled":false},"version":2}},"categories":[1],"tags":[],"class_list":["post-32313","post","type-post","status-publish","format-standard","hentry","category-notas"],"jetpack_publicize_connections":[],"jetpack_sharing_enabled":true,"jetpack_featured_media_url":"","jetpack_shortlink":"https:\/\/wp.me\/p7wKYW-8pb","jetpack-related-posts":[],"_links":{"self":[{"href":"http:\/\/blogdalucianaoliveira.com.br\/blog\/wp-json\/wp\/v2\/posts\/32313","targetHints":{"allow":["GET"]}}],"collection":[{"href":"http:\/\/blogdalucianaoliveira.com.br\/blog\/wp-json\/wp\/v2\/posts"}],"about":[{"href":"http:\/\/blogdalucianaoliveira.com.br\/blog\/wp-json\/wp\/v2\/types\/post"}],"author":[{"embeddable":true,"href":"http:\/\/blogdalucianaoliveira.com.br\/blog\/wp-json\/wp\/v2\/users\/1"}],"replies":[{"embeddable":true,"href":"http:\/\/blogdalucianaoliveira.com.br\/blog\/wp-json\/wp\/v2\/comments?post=32313"}],"version-history":[{"count":1,"href":"http:\/\/blogdalucianaoliveira.com.br\/blog\/wp-json\/wp\/v2\/posts\/32313\/revisions"}],"predecessor-version":[{"id":32315,"href":"http:\/\/blogdalucianaoliveira.com.br\/blog\/wp-json\/wp\/v2\/posts\/32313\/revisions\/32315"}],"wp:attachment":[{"href":"http:\/\/blogdalucianaoliveira.com.br\/blog\/wp-json\/wp\/v2\/media?parent=32313"}],"wp:term":[{"taxonomy":"category","embeddable":true,"href":"http:\/\/blogdalucianaoliveira.com.br\/blog\/wp-json\/wp\/v2\/categories?post=32313"},{"taxonomy":"post_tag","embeddable":true,"href":"http:\/\/blogdalucianaoliveira.com.br\/blog\/wp-json\/wp\/v2\/tags?post=32313"}],"curies":[{"name":"wp","href":"https:\/\/api.w.org\/{rel}","templated":true}]}}