{"id":32316,"date":"2021-06-24T16:03:23","date_gmt":"2021-06-24T20:03:23","guid":{"rendered":"http:\/\/blogdalucianaoliveira.com.br\/blog\/?p=32316"},"modified":"2021-06-24T16:03:28","modified_gmt":"2021-06-24T20:03:28","slug":"reprovacao-a-bolsonaro-sobe-11-pontos-e-chega-a-50-aponta-pesquisa-ipec","status":"publish","type":"post","link":"http:\/\/blogdalucianaoliveira.com.br\/blog\/2021\/06\/24\/reprovacao-a-bolsonaro-sobe-11-pontos-e-chega-a-50-aponta-pesquisa-ipec\/","title":{"rendered":"Reprova\u00e7\u00e3o a Bolsonaro sobe 11 pontos e chega a 50%, aponta pesquisa Ipec"},"content":{"rendered":"\n<figure class=\"wp-block-image\"><img data-recalc-dims=\"1\" decoding=\"async\" src=\"https:\/\/i0.wp.com\/publisher-publish.s3.eu-central-1.amazonaws.com\/pb-brasil247\/swp\/jtjeq9\/media\/20210622130616_bec300a4b1acc4cad772be801c98c8365d2a033f7c8d5f46fca254afb5db471d.jpg?w=600&#038;ssl=1\" alt=\"\"\/><\/figure>\n\n\n\n<p><strong>247 &#8211;\u00a0<\/strong>A pesquisa Ipec divulgada nesta quinta-feira (24) apontou que o governo Jair Bolsonaro tem reprova\u00e7\u00e3o (ruim\/p\u00e9ssimo) de 50%, um aumento de 11 pontos percentuais na compara\u00e7\u00e3o com o \u00faltimo levantamento, publicado em fevereiro (39%). Apenas 23% dos entrevistados consideram a gest\u00e3o \u00f3tima ou boa, uma queda de cinco pontos (28%). <\/p>\n\n\n\n<!--more-->\n\n\n\n<p>De acordo com as novas estat\u00edsticas, 26% acham a administra\u00e7\u00e3o federal regular. Eram 31% na \u00faltima pesquisa. Os que n\u00e3o souberam ou n\u00e3o responderam somaram 1%, diminui\u00e7\u00e3o de 1 p.p. (2%). Os n\u00fameros foram publicados pelo&nbsp;<a target=\"_blank\" rel=\"noreferrer noopener\" href=\"https:\/\/g1.globo.com\/politica\/noticia\/2021\/06\/24\/aprovacao-do-governo-bolsonaro-cai-para-23percent-e-reprovacao-sobe-para-50percent-aponta-pesquisa-ipec.ghtml\">portal G1<\/a>.&nbsp;<\/p>\n\n\n\n<p>Os eleitores tamb\u00e9m foram questionados sobre a maneira de governar de Bolsonaro, e 66% disseram n\u00e3o aprovar, alta de oito p.p. em rela\u00e7\u00e3o ao \u00faltimo levantamento (58%). S\u00f3 30% aprovam (eram 38%) e n\u00e3o souberam ou n\u00e3o responderam, 4%, um p.p. a menos.<br><\/p>\n\n\n\n<p>Conforme os dados, 68% disseram n\u00e3o confiar em Bolsonaro, sete p.p. a mais (61%). Ao todo, 30% afirmaram que confiam nele, uma queda de seis p.p. E 2% n\u00e3o souberam ou n\u00e3o responderam (eram 3%).<\/p>\n\n\n\n<p>O levantamento foi feito de 17 a 21 de junho, com 2.002 pessoas em 141 munic\u00edpios. A pesquisa tem margem de erro da pesquisa de dois pontos percentuais para mais ou para menos e o n\u00edvel de confian\u00e7a, de 95%.<br><\/p>\n\n\n\n<p><\/p>\n","protected":false},"excerpt":{"rendered":"<p>247 &#8211;\u00a0A pesquisa Ipec divulgada nesta quinta-feira (24) apontou que o governo Jair Bolsonaro tem reprova\u00e7\u00e3o (ruim\/p\u00e9ssimo) de 50%, um aumento de 11 pontos percentuais na compara\u00e7\u00e3o com o \u00faltimo levantamento, publicado em fevereiro (39%). Apenas 23% dos entrevistados consideram a gest\u00e3o \u00f3tima ou boa, uma queda de cinco pontos (28%).<\/p>\n","protected":false},"author":1,"featured_media":0,"comment_status":"closed","ping_status":"open","sticky":false,"template":"","format":"standard","meta":{"_exactmetrics_skip_tracking":false,"_exactmetrics_sitenote_active":false,"_exactmetrics_sitenote_note":"","_exactmetrics_sitenote_category":0,"jetpack_post_was_ever_published":false,"_jetpack_newsletter_access":"","_jetpack_dont_email_post_to_subs":false,"_jetpack_newsletter_tier_id":0,"_jetpack_memberships_contains_paywalled_content":false,"_jetpack_memberships_contains_paid_content":false,"footnotes":"","jetpack_publicize_message":"","jetpack_publicize_feature_enabled":true,"jetpack_social_post_already_shared":true,"jetpack_social_options":{"image_generator_settings":{"template":"highway","enabled":false},"version":2}},"categories":[1],"tags":[],"class_list":["post-32316","post","type-post","status-publish","format-standard","hentry","category-notas"],"jetpack_publicize_connections":[],"jetpack_sharing_enabled":true,"jetpack_featured_media_url":"","jetpack_shortlink":"https:\/\/wp.me\/p7wKYW-8pe","jetpack-related-posts":[],"_links":{"self":[{"href":"http:\/\/blogdalucianaoliveira.com.br\/blog\/wp-json\/wp\/v2\/posts\/32316","targetHints":{"allow":["GET"]}}],"collection":[{"href":"http:\/\/blogdalucianaoliveira.com.br\/blog\/wp-json\/wp\/v2\/posts"}],"about":[{"href":"http:\/\/blogdalucianaoliveira.com.br\/blog\/wp-json\/wp\/v2\/types\/post"}],"author":[{"embeddable":true,"href":"http:\/\/blogdalucianaoliveira.com.br\/blog\/wp-json\/wp\/v2\/users\/1"}],"replies":[{"embeddable":true,"href":"http:\/\/blogdalucianaoliveira.com.br\/blog\/wp-json\/wp\/v2\/comments?post=32316"}],"version-history":[{"count":1,"href":"http:\/\/blogdalucianaoliveira.com.br\/blog\/wp-json\/wp\/v2\/posts\/32316\/revisions"}],"predecessor-version":[{"id":32317,"href":"http:\/\/blogdalucianaoliveira.com.br\/blog\/wp-json\/wp\/v2\/posts\/32316\/revisions\/32317"}],"wp:attachment":[{"href":"http:\/\/blogdalucianaoliveira.com.br\/blog\/wp-json\/wp\/v2\/media?parent=32316"}],"wp:term":[{"taxonomy":"category","embeddable":true,"href":"http:\/\/blogdalucianaoliveira.com.br\/blog\/wp-json\/wp\/v2\/categories?post=32316"},{"taxonomy":"post_tag","embeddable":true,"href":"http:\/\/blogdalucianaoliveira.com.br\/blog\/wp-json\/wp\/v2\/tags?post=32316"}],"curies":[{"name":"wp","href":"https:\/\/api.w.org\/{rel}","templated":true}]}}