{"id":32320,"date":"2021-06-25T12:02:48","date_gmt":"2021-06-25T16:02:48","guid":{"rendered":"http:\/\/blogdalucianaoliveira.com.br\/blog\/?p=32320"},"modified":"2021-06-25T12:02:48","modified_gmt":"2021-06-25T16:02:48","slug":"superpedido-de-impeachment-contra-bolsonaro-sera-protocolado-na-quarta-30-com-ato-em-brasilia","status":"publish","type":"post","link":"http:\/\/blogdalucianaoliveira.com.br\/blog\/2021\/06\/25\/superpedido-de-impeachment-contra-bolsonaro-sera-protocolado-na-quarta-30-com-ato-em-brasilia\/","title":{"rendered":"Superpedido de impeachment contra Bolsonaro ser\u00e1 protocolado na quarta (30) com ato em Bras\u00edlia"},"content":{"rendered":"\n<figure class=\"wp-block-image\"><img data-recalc-dims=\"1\" decoding=\"async\" src=\"https:\/\/i0.wp.com\/f.i.uol.com.br\/fotografia\/2021\/06\/11\/162343752360c3b0d35af57_1623437523_3x2_md.jpg?w=600&#038;ssl=1\" alt=\"O presidente Jair Bolsonaro em 2021\"\/><\/figure>\n\n\n\n<h4 class=\"wp-block-heading\">Texto re\u00fane mais de 100 pedidos, elaborados por opositores e ex-aliados do presidente<\/h4>\n\n\n\n<!--more-->\n\n\n\n<p><strong>Na FSP <\/strong>&#8211; Partidos e movimentos sociais decidiram em reuni\u00e3o nesta quinta-feira (24) que apresentar\u00e3o na quarta-feira (30) o chamado superpedido de impeachment contra Jair Bolsonaro, que une mais de 100 pedidos feitos por movimentos sociais, partidos de oposi\u00e7\u00e3o e parlamentares que se arrependeram de ter apoiado o presidente, como Joice Hasselmann (PSL-SP) e Alexandre Frota (PSDB-SP).<\/p>\n\n\n\n<p>Presidentes de PSOL, PT, PC do B, PDT, PSB, Rede, UP, PV e Cidadania t\u00eam liderado as discuss\u00f5es. A expectativa \u00e9 a de que por se tratar de iniciativa supraideol\u00f3gica o pedido tenda a ganhar for\u00e7a e elevar a<a href=\"https:\/\/www1.folha.uol.com.br\/poder\/2021\/06\/protestos-contra-bolsonaro-se-consolidam-no-xadrez-eleitoral-de-2022.shtml\">&nbsp;press\u00e3o para que o presidente da C\u00e2mara, Arthur Lira (PP-AL),<\/a>&nbsp;analise as acusa\u00e7\u00f5es.<\/p>\n\n\n\n<p>A entrega dos pedidos contar\u00e1 tamb\u00e9m com um ato em Bras\u00edlia, programado para as 14h30, e que dever\u00e1 contar com a presen\u00e7a de movimentos que fazem parte da mobiliza\u00e7\u00e3o pelo superpedido, como UNE (Uni\u00e3o Nacional dos Estudantes) e MST (Movimento dos Trabalhadores Rurais Sem Terra).<\/p>\n\n\n\n<p>&#8220;Esse novo pedido \u00e9 muito importante, primeiro porque vem com a for\u00e7a e mobiliza\u00e7\u00e3o permanente das ruas contra Bolsonaro, e tamb\u00e9m porque agora re\u00fane todos pedidos anteriores, movimentos sociais e partidos e dever\u00e1 refor\u00e7ar ainda mais os pr\u00f3ximos protestos&#8221;, diz Iago Montalv\u00e3o, presidente da UNE.<\/p>\n","protected":false},"excerpt":{"rendered":"<p>Texto re\u00fane mais de 100 pedidos, elaborados por opositores e ex-aliados do presidente<\/p>\n","protected":false},"author":1,"featured_media":0,"comment_status":"closed","ping_status":"open","sticky":false,"template":"","format":"standard","meta":{"_exactmetrics_skip_tracking":false,"_exactmetrics_sitenote_active":false,"_exactmetrics_sitenote_note":"","_exactmetrics_sitenote_category":0,"jetpack_post_was_ever_published":false,"_jetpack_newsletter_access":"","_jetpack_dont_email_post_to_subs":false,"_jetpack_newsletter_tier_id":0,"_jetpack_memberships_contains_paywalled_content":false,"_jetpack_memberships_contains_paid_content":false,"footnotes":"","jetpack_publicize_message":"","jetpack_publicize_feature_enabled":true,"jetpack_social_post_already_shared":true,"jetpack_social_options":{"image_generator_settings":{"template":"highway","enabled":false},"version":2}},"categories":[1],"tags":[],"class_list":["post-32320","post","type-post","status-publish","format-standard","hentry","category-notas"],"jetpack_publicize_connections":[],"jetpack_sharing_enabled":true,"jetpack_featured_media_url":"","jetpack_shortlink":"https:\/\/wp.me\/p7wKYW-8pi","jetpack-related-posts":[],"_links":{"self":[{"href":"http:\/\/blogdalucianaoliveira.com.br\/blog\/wp-json\/wp\/v2\/posts\/32320","targetHints":{"allow":["GET"]}}],"collection":[{"href":"http:\/\/blogdalucianaoliveira.com.br\/blog\/wp-json\/wp\/v2\/posts"}],"about":[{"href":"http:\/\/blogdalucianaoliveira.com.br\/blog\/wp-json\/wp\/v2\/types\/post"}],"author":[{"embeddable":true,"href":"http:\/\/blogdalucianaoliveira.com.br\/blog\/wp-json\/wp\/v2\/users\/1"}],"replies":[{"embeddable":true,"href":"http:\/\/blogdalucianaoliveira.com.br\/blog\/wp-json\/wp\/v2\/comments?post=32320"}],"version-history":[{"count":1,"href":"http:\/\/blogdalucianaoliveira.com.br\/blog\/wp-json\/wp\/v2\/posts\/32320\/revisions"}],"predecessor-version":[{"id":32325,"href":"http:\/\/blogdalucianaoliveira.com.br\/blog\/wp-json\/wp\/v2\/posts\/32320\/revisions\/32325"}],"wp:attachment":[{"href":"http:\/\/blogdalucianaoliveira.com.br\/blog\/wp-json\/wp\/v2\/media?parent=32320"}],"wp:term":[{"taxonomy":"category","embeddable":true,"href":"http:\/\/blogdalucianaoliveira.com.br\/blog\/wp-json\/wp\/v2\/categories?post=32320"},{"taxonomy":"post_tag","embeddable":true,"href":"http:\/\/blogdalucianaoliveira.com.br\/blog\/wp-json\/wp\/v2\/tags?post=32320"}],"curies":[{"name":"wp","href":"https:\/\/api.w.org\/{rel}","templated":true}]}}