{"id":32321,"date":"2021-06-25T10:23:49","date_gmt":"2021-06-25T14:23:49","guid":{"rendered":"http:\/\/blogdalucianaoliveira.com.br\/blog\/?p=32321"},"modified":"2021-06-25T10:23:52","modified_gmt":"2021-06-25T14:23:52","slug":"lula-tem-49-e-venceria-no-1o-turno-diz-ipec-bolsonaro-23-ciro-7-doria-5-e-mandetta-3","status":"publish","type":"post","link":"http:\/\/blogdalucianaoliveira.com.br\/blog\/2021\/06\/25\/lula-tem-49-e-venceria-no-1o-turno-diz-ipec-bolsonaro-23-ciro-7-doria-5-e-mandetta-3\/","title":{"rendered":"Lula tem 49% e venceria no 1\u00ba turno, diz Ipec; Bolsonaro, 23%, Ciro, 7%, Doria, 5% e Mandetta, 3%"},"content":{"rendered":"\n<figure class=\"wp-block-image size-large\"><img data-recalc-dims=\"1\" loading=\"lazy\" decoding=\"async\" width=\"600\" height=\"400\" data-attachment-id=\"32323\" data-permalink=\"http:\/\/blogdalucianaoliveira.com.br\/blog\/2021\/06\/25\/lula-tem-49-e-venceria-no-1o-turno-diz-ipec-bolsonaro-23-ciro-7-doria-5-e-mandetta-3\/35755fcc-27ba-44ca-9582-e826ca8ec516\/\" data-orig-file=\"https:\/\/i0.wp.com\/blogdalucianaoliveira.com.br\/blog\/wp-content\/uploads\/2021\/06\/35755FCC-27BA-44CA-9582-E826CA8EC516.jpeg?fit=678%2C452\" data-orig-size=\"678,452\" data-comments-opened=\"0\" data-image-meta=\"{&quot;aperture&quot;:&quot;0&quot;,&quot;credit&quot;:&quot;&quot;,&quot;camera&quot;:&quot;&quot;,&quot;caption&quot;:&quot;&quot;,&quot;created_timestamp&quot;:&quot;0&quot;,&quot;copyright&quot;:&quot;&quot;,&quot;focal_length&quot;:&quot;0&quot;,&quot;iso&quot;:&quot;0&quot;,&quot;shutter_speed&quot;:&quot;0&quot;,&quot;title&quot;:&quot;&quot;,&quot;orientation&quot;:&quot;0&quot;}\" data-image-title=\"35755FCC-27BA-44CA-9582-E826CA8EC516\" data-image-description=\"\" data-image-caption=\"\" data-medium-file=\"https:\/\/i0.wp.com\/blogdalucianaoliveira.com.br\/blog\/wp-content\/uploads\/2021\/06\/35755FCC-27BA-44CA-9582-E826CA8EC516.jpeg?fit=300%2C200\" data-large-file=\"https:\/\/i0.wp.com\/blogdalucianaoliveira.com.br\/blog\/wp-content\/uploads\/2021\/06\/35755FCC-27BA-44CA-9582-E826CA8EC516.jpeg?fit=600%2C400\" src=\"https:\/\/i0.wp.com\/blogdalucianaoliveira.com.br\/blog\/wp-content\/uploads\/2021\/06\/35755FCC-27BA-44CA-9582-E826CA8EC516.jpeg?resize=600%2C400\" alt=\"\" class=\"wp-image-32323\" srcset=\"https:\/\/i0.wp.com\/blogdalucianaoliveira.com.br\/blog\/wp-content\/uploads\/2021\/06\/35755FCC-27BA-44CA-9582-E826CA8EC516.jpeg?w=678 678w, https:\/\/i0.wp.com\/blogdalucianaoliveira.com.br\/blog\/wp-content\/uploads\/2021\/06\/35755FCC-27BA-44CA-9582-E826CA8EC516.jpeg?resize=300%2C200 300w, https:\/\/i0.wp.com\/blogdalucianaoliveira.com.br\/blog\/wp-content\/uploads\/2021\/06\/35755FCC-27BA-44CA-9582-E826CA8EC516.jpeg?resize=450%2C300 450w\" sizes=\"auto, (max-width: 600px) 100vw, 600px\" \/><\/figure>\n\n\n\n<p><br>G1 &#8211; Pesquisa Ipec divulgada na madrugada desta sexta-feira (25) mostra que o ex-presidente Lula (PT) venceria a elei\u00e7\u00e3o para a presid\u00eancia da Rep\u00fablica em 1\u00ba turno se a disputa fosse hoje. O petista tem 11 pontos percentuais a mais que a soma de seus poss\u00edveis advers\u00e1rios. Veja os n\u00fameros abaixo:\u00a0<\/p>\n\n\n\n<!--more-->\n\n\n\n<ul class=\"wp-block-list\"><li><a href=\"https:\/\/g1.globo.com\/politica\/politico\/lula\/\"><strong>Luiz In\u00e1cio Lula da Silva<\/strong><\/a><strong>&nbsp;(PT):<\/strong>&nbsp;49%<\/li><li><a href=\"https:\/\/g1.globo.com\/politica\/politico\/jair-bolsonaro\/\"><strong>Jair Bolsonaro<\/strong><\/a><strong>&nbsp;(sem partido):<\/strong>&nbsp;23%<\/li><li><a href=\"https:\/\/g1.globo.com\/politica\/politico\/ciro-gomes\/\"><strong>Ciro Gomes<\/strong><\/a><strong>&nbsp;(PDT):&nbsp;<\/strong>7%<\/li><li><a href=\"https:\/\/g1.globo.com\/politica\/politico\/joao-doria\/\"><strong>Jo\u00e3o Doria<\/strong><\/a><strong>&nbsp;(PSDB):&nbsp;<\/strong>5%<\/li><li><a href=\"https:\/\/g1.globo.com\/politica\/politico\/luiz-henrique-mandetta\/\"><strong>Luiz Henrique Mandetta<\/strong><\/a><strong>&nbsp;(DEM):&nbsp;<\/strong>3%<\/li><li><strong>Brancos \/ Nulos:&nbsp;<\/strong>10%<\/li><li><strong>N\u00e3o sabem \/ N\u00e3o responderam:&nbsp;<\/strong>3%.<\/li><\/ul>\n\n\n\n<p>O levantamento do Ipec foi feito entre 17 e 21 de junho e ouviu 2.002 pessoas em 141 munic\u00edpios. A margem de erro \u00e9 de 2 pontos para mais e para menos. O n\u00edvel de confian\u00e7a \u00e9 de 95%.&nbsp;<\/p>\n\n\n\n<p>O Ipec foi criado por ex-executivos do Ibope Intelig\u00eancia ap\u00f3s o seu encerramento. O novo instituto de pesquisa atua na \u00e1rea de consultoria e intelig\u00eancia em pesquisas de mercado, opini\u00e3o p\u00fablica e pol\u00edtica.<\/p>\n\n\n\n<figure class=\"wp-block-image size-large\"><img data-recalc-dims=\"1\" loading=\"lazy\" decoding=\"async\" width=\"600\" height=\"650\" data-attachment-id=\"32322\" data-permalink=\"http:\/\/blogdalucianaoliveira.com.br\/blog\/2021\/06\/25\/lula-tem-49-e-venceria-no-1o-turno-diz-ipec-bolsonaro-23-ciro-7-doria-5-e-mandetta-3\/ae69ccb4-4725-4e2c-a514-00702552ca2d\/\" data-orig-file=\"https:\/\/i0.wp.com\/blogdalucianaoliveira.com.br\/blog\/wp-content\/uploads\/2021\/06\/AE69CCB4-4725-4E2C-A514-00702552CA2D.jpeg?fit=800%2C866\" data-orig-size=\"800,866\" data-comments-opened=\"0\" data-image-meta=\"{&quot;aperture&quot;:&quot;0&quot;,&quot;credit&quot;:&quot;&quot;,&quot;camera&quot;:&quot;&quot;,&quot;caption&quot;:&quot;&quot;,&quot;created_timestamp&quot;:&quot;0&quot;,&quot;copyright&quot;:&quot;&quot;,&quot;focal_length&quot;:&quot;0&quot;,&quot;iso&quot;:&quot;0&quot;,&quot;shutter_speed&quot;:&quot;0&quot;,&quot;title&quot;:&quot;&quot;,&quot;orientation&quot;:&quot;1&quot;}\" data-image-title=\"AE69CCB4-4725-4E2C-A514-00702552CA2D\" data-image-description=\"\" data-image-caption=\"\" data-medium-file=\"https:\/\/i0.wp.com\/blogdalucianaoliveira.com.br\/blog\/wp-content\/uploads\/2021\/06\/AE69CCB4-4725-4E2C-A514-00702552CA2D.jpeg?fit=277%2C300\" data-large-file=\"https:\/\/i0.wp.com\/blogdalucianaoliveira.com.br\/blog\/wp-content\/uploads\/2021\/06\/AE69CCB4-4725-4E2C-A514-00702552CA2D.jpeg?fit=600%2C650\" src=\"https:\/\/i0.wp.com\/blogdalucianaoliveira.com.br\/blog\/wp-content\/uploads\/2021\/06\/AE69CCB4-4725-4E2C-A514-00702552CA2D.jpeg?resize=600%2C650\" alt=\"\" class=\"wp-image-32322\" srcset=\"https:\/\/i0.wp.com\/blogdalucianaoliveira.com.br\/blog\/wp-content\/uploads\/2021\/06\/AE69CCB4-4725-4E2C-A514-00702552CA2D.jpeg?w=800 800w, https:\/\/i0.wp.com\/blogdalucianaoliveira.com.br\/blog\/wp-content\/uploads\/2021\/06\/AE69CCB4-4725-4E2C-A514-00702552CA2D.jpeg?resize=277%2C300 277w, https:\/\/i0.wp.com\/blogdalucianaoliveira.com.br\/blog\/wp-content\/uploads\/2021\/06\/AE69CCB4-4725-4E2C-A514-00702552CA2D.jpeg?resize=768%2C831 768w\" sizes=\"auto, (max-width: 600px) 100vw, 600px\" \/><\/figure>\n\n\n\n<p>A pesquisa tamb\u00e9m perguntou em quais candidatos os entrevistados votariam com certeza ou poderia votar, n\u00e3o votaria de jeito nenhum e os quais n\u00e3o conhece com certeza ou n\u00e3o sabe. Veja os n\u00fameros&nbsp;<\/p>\n\n\n\n<p><strong>Lula<\/strong><\/p>\n\n\n\n<ul class=\"wp-block-list\"><li>Votaria com certeza ou poderia votar: 61% (era 50% em fevereiro)<\/li><li>N\u00e3o votaria nele de jeito nenhum: 36% (era 44%)<\/li><li>N\u00e3o conhe\u00e7o o o suficiente, n\u00e3o sei: 3% (era 6%)<\/li><\/ul>\n\n\n\n<p><strong>Bolsonaro<\/strong><\/p>\n\n\n\n<ul class=\"wp-block-list\"><li>Votaria com certeza ou poderia votar: 33% (era 38% em fevereiro)<\/li><li>N\u00e3o votaria nele de jeito nenhum: 62% (era 56%)<\/li><li>N\u00e3o conhe\u00e7o o o suficiente, n\u00e3o sei: 4% (era 5%)<\/li><\/ul>\n\n\n\n<p><strong>Ciro<\/strong><\/p>\n\n\n\n<ul class=\"wp-block-list\"><li>Votaria com certeza ou poderia votar: 29% (era 25% em fevereiro)<\/li><li>N\u00e3o votaria nele de jeito nenhum: 49% (era 53%)<\/li><li>N\u00e3o conhe\u00e7o o o suficiente, n\u00e3o sei: 21% (era 22%)<\/li><\/ul>\n\n\n\n<p><strong>Doria<\/strong><\/p>\n\n\n\n<ul class=\"wp-block-list\"><li>Votaria com certeza ou poderia votar: 18% (era 15% em fevereiro)<\/li><li>N\u00e3o votaria nele de jeito nenhum: 56% (era 57%)<\/li><li>N\u00e3o conhe\u00e7o o o suficiente, n\u00e3o sei: 26% (era 28%)<\/li><\/ul>\n\n\n\n<p><strong>Mandetta<\/strong><\/p>\n\n\n\n<ul class=\"wp-block-list\"><li>Votaria com certeza ou poderia votar: 13% (era 14% em fevereiro)<\/li><li>N\u00e3o votaria nele de jeito nenhum: 47% (era 45%)<\/li><li>N\u00e3o conhe\u00e7o o o suficiente, n\u00e3o sei: 39% (era 40%)<\/li><\/ul>\n\n\n\n<h2 class=\"wp-block-heading\"><strong>Avalia\u00e7\u00e3o do governo Bolsonaro<\/strong><\/h2>\n\n\n\n<p>O Ipec divulgou anteriormente, na quinta-feira (24), a\u00a0<a href=\"https:\/\/g1.globo.com\/politica\/noticia\/2021\/06\/24\/aprovacao-do-governo-bolsonaro-cai-para-23percent-e-reprovacao-sobe-para-50percent-aponta-pesquisa-ipec.ghtml\">avalia\u00e7\u00e3o do governo Bolsonaro e apontou os seguintes percentuais:<\/a><\/p>\n\n\n\n<ul class=\"wp-block-list\"><li><strong><br>\u00d3timo\/bom:<\/strong>&nbsp;24% (era 28% em fevereiro)<\/li><li><strong>Regular:&nbsp;<\/strong>26% (era 31%)<\/li><li><strong>Ruim\/p\u00e9ssimo:<\/strong>&nbsp;49% (era 39%)<\/li><li><strong>N\u00e3o sabe\/n\u00e3o respondeu:<\/strong>&nbsp;1% (era 2%)<\/li><\/ul>\n\n\n\n<p>A pergunta feita pelo instituto foi \u201cNa sua avalia\u00e7\u00e3o, o governo do presidente Jair Bolsonaro est\u00e1 sendo\u201d, com as op\u00e7\u00f5es \u201c\u00d3timo\u201d, \u201cbom\u201d, \u201cregular\u201d, \u201cruim\u201d ou \u201cp\u00e9ssimo\u201d.&nbsp;<\/p>\n\n\n\n<p>Somados, os itens \u201c\u00f3timo\u201d e \u201cbom\u201d correspondem ao percentual de aprova\u00e7\u00e3o da administra\u00e7\u00e3o; e os itens \u201cruim\u201d e p\u00e9ssimo\u201d, ao de reprova\u00e7\u00e3o.<\/p>\n\n\n\n<h2 class=\"wp-block-heading\"><strong>Forma de governar<\/strong><\/h2>\n\n\n\n<p>Um dos aspectos pesquisados diz respeito \u00e0 aprova\u00e7\u00e3o da maneira de governar do presidente. Nesse caso, a pergunta feita foi: &#8220;E o(a) senhor(a) aprova ou desaprova a maneira como o presidente Jair Bolsonaro est\u00e1 governando o Brasil?&#8221; Sobre este quesito, os resultados foram:<\/p>\n\n\n\n<ul class=\"wp-block-list\"><li><strong><br>Aprova:&nbsp;<\/strong>30% (era 38% em fevereiro)<\/li><li><strong>Desaprova:<\/strong>&nbsp;66% (era 58% em fevereiro)<\/li><li><strong>N\u00e3o sabe ou n\u00e3o respondeu:<\/strong>&nbsp;4% (era 5% em fevereiro)<\/li><\/ul>\n\n\n\n<figure class=\"wp-block-image\"><img data-recalc-dims=\"1\" decoding=\"async\" src=\"https:\/\/i0.wp.com\/s2.glbimg.com\/Qf27UmGQHeLXhldUwnP55ebB5mg%3D\/0x0%3A1200x1150\/984x0\/smart\/filters%3Astrip_icc%28%29\/i.s3.glbimg.com\/v1\/AUTH_59edd422c0c84a879bd37670ae4f538a\/internal_photos\/bs\/2021\/v\/U\/8ypgwvTRuRxS4M9yS0HA\/2406-formadegovernar.png?w=600&#038;ssl=1\" alt=\" \u2014 Foto: Guilherme Pinheiro\/G1\"\/><\/figure>\n\n\n\n<p>\u2014 Foto: Guilherme Pinheiro\/G1&nbsp;<\/p>\n\n\n\n<h2 class=\"wp-block-heading\"><strong>Confian\u00e7a no presidente<\/strong><\/h2>\n\n\n\n<p>A pesquisa tamb\u00e9m fez a pergunta: &#8220;E o(a) senhor(a) confia ou n\u00e3o confia no presidente Jair Bolsonaro?&#8221; Os percentuais foram:&nbsp;<\/p>\n\n\n\n<ul class=\"wp-block-list\"><li><strong>Confia:<\/strong>&nbsp;30% (era 36% em fevereiro)<\/li><li><strong>N\u00e3o confia:<\/strong>&nbsp;68% (era 61%)<\/li><li><strong>N\u00e3o sabe\/n\u00e3o respondeu:<\/strong>&nbsp;2% (era 3%)<\/li><\/ul>\n\n\n\n<figure class=\"wp-block-image\"><img data-recalc-dims=\"1\" decoding=\"async\" src=\"https:\/\/i0.wp.com\/s2.glbimg.com\/ErEC075M9zRSRUE7znG_CXy04Rk%3D\/0x0%3A1200x1150\/984x0\/smart\/filters%3Astrip_icc%28%29\/i.s3.glbimg.com\/v1\/AUTH_59edd422c0c84a879bd37670ae4f538a\/internal_photos\/bs\/2021\/P\/Z\/JhyfxySLqlhHOjpGuM4Q\/2406-confianca-presidente.png?w=600&#038;ssl=1\" alt=\" \u2014 Foto: Guilherme Pinheiro\/G1\"\/><\/figure>\n","protected":false},"excerpt":{"rendered":"<p>G1 &#8211; Pesquisa Ipec divulgada na madrugada desta sexta-feira (25) mostra que o ex-presidente Lula (PT) venceria a elei\u00e7\u00e3o para a presid\u00eancia da Rep\u00fablica em 1\u00ba turno se a disputa fosse hoje. O petista tem 11 pontos percentuais a mais que a soma de seus poss\u00edveis advers\u00e1rios. Veja os n\u00fameros abaixo:\u00a0<\/p>\n","protected":false},"author":1,"featured_media":0,"comment_status":"closed","ping_status":"open","sticky":false,"template":"","format":"standard","meta":{"_exactmetrics_skip_tracking":false,"_exactmetrics_sitenote_active":false,"_exactmetrics_sitenote_note":"","_exactmetrics_sitenote_category":0,"jetpack_post_was_ever_published":false,"_jetpack_newsletter_access":"","_jetpack_dont_email_post_to_subs":false,"_jetpack_newsletter_tier_id":0,"_jetpack_memberships_contains_paywalled_content":false,"_jetpack_memberships_contains_paid_content":false,"footnotes":"","jetpack_publicize_message":"","jetpack_publicize_feature_enabled":true,"jetpack_social_post_already_shared":true,"jetpack_social_options":{"image_generator_settings":{"template":"highway","enabled":false},"version":2}},"categories":[1],"tags":[],"class_list":["post-32321","post","type-post","status-publish","format-standard","hentry","category-notas"],"jetpack_publicize_connections":[],"jetpack_sharing_enabled":true,"jetpack_featured_media_url":"","jetpack_shortlink":"https:\/\/wp.me\/p7wKYW-8pj","jetpack-related-posts":[],"_links":{"self":[{"href":"http:\/\/blogdalucianaoliveira.com.br\/blog\/wp-json\/wp\/v2\/posts\/32321","targetHints":{"allow":["GET"]}}],"collection":[{"href":"http:\/\/blogdalucianaoliveira.com.br\/blog\/wp-json\/wp\/v2\/posts"}],"about":[{"href":"http:\/\/blogdalucianaoliveira.com.br\/blog\/wp-json\/wp\/v2\/types\/post"}],"author":[{"embeddable":true,"href":"http:\/\/blogdalucianaoliveira.com.br\/blog\/wp-json\/wp\/v2\/users\/1"}],"replies":[{"embeddable":true,"href":"http:\/\/blogdalucianaoliveira.com.br\/blog\/wp-json\/wp\/v2\/comments?post=32321"}],"version-history":[{"count":1,"href":"http:\/\/blogdalucianaoliveira.com.br\/blog\/wp-json\/wp\/v2\/posts\/32321\/revisions"}],"predecessor-version":[{"id":32324,"href":"http:\/\/blogdalucianaoliveira.com.br\/blog\/wp-json\/wp\/v2\/posts\/32321\/revisions\/32324"}],"wp:attachment":[{"href":"http:\/\/blogdalucianaoliveira.com.br\/blog\/wp-json\/wp\/v2\/media?parent=32321"}],"wp:term":[{"taxonomy":"category","embeddable":true,"href":"http:\/\/blogdalucianaoliveira.com.br\/blog\/wp-json\/wp\/v2\/categories?post=32321"},{"taxonomy":"post_tag","embeddable":true,"href":"http:\/\/blogdalucianaoliveira.com.br\/blog\/wp-json\/wp\/v2\/tags?post=32321"}],"curies":[{"name":"wp","href":"https:\/\/api.w.org\/{rel}","templated":true}]}}