{"id":32328,"date":"2021-06-27T08:59:32","date_gmt":"2021-06-27T12:59:32","guid":{"rendered":"http:\/\/blogdalucianaoliveira.com.br\/blog\/?p=32328"},"modified":"2021-06-27T08:59:35","modified_gmt":"2021-06-27T12:59:35","slug":"governo-bolsonaro-ignorou-recomendacoes-juridicas-e-fechou-contrato-da-covaxin-a-toque-de-caixa","status":"publish","type":"post","link":"http:\/\/blogdalucianaoliveira.com.br\/blog\/2021\/06\/27\/governo-bolsonaro-ignorou-recomendacoes-juridicas-e-fechou-contrato-da-covaxin-a-toque-de-caixa\/","title":{"rendered":"Governo Bolsonaro ignorou recomenda\u00e7\u00f5es jur\u00eddicas e fechou contrato da Covaxin a toque de caixa"},"content":{"rendered":"\n<figure class=\"wp-block-image size-large\"><img data-recalc-dims=\"1\" loading=\"lazy\" decoding=\"async\" width=\"600\" height=\"400\" data-attachment-id=\"32329\" data-permalink=\"http:\/\/blogdalucianaoliveira.com.br\/blog\/2021\/06\/27\/governo-bolsonaro-ignorou-recomendacoes-juridicas-e-fechou-contrato-da-covaxin-a-toque-de-caixa\/ec3ae1a1-6c9e-485c-a370-23d16ff34d61\/\" data-orig-file=\"https:\/\/i0.wp.com\/blogdalucianaoliveira.com.br\/blog\/wp-content\/uploads\/2021\/06\/EC3AE1A1-6C9E-485C-A370-23D16FF34D61.jpeg?fit=1024%2C682\" data-orig-size=\"1024,682\" data-comments-opened=\"0\" data-image-meta=\"{&quot;aperture&quot;:&quot;0&quot;,&quot;credit&quot;:&quot;&quot;,&quot;camera&quot;:&quot;&quot;,&quot;caption&quot;:&quot;&quot;,&quot;created_timestamp&quot;:&quot;0&quot;,&quot;copyright&quot;:&quot;&quot;,&quot;focal_length&quot;:&quot;0&quot;,&quot;iso&quot;:&quot;0&quot;,&quot;shutter_speed&quot;:&quot;0&quot;,&quot;title&quot;:&quot;&quot;,&quot;orientation&quot;:&quot;0&quot;}\" data-image-title=\"EC3AE1A1-6C9E-485C-A370-23D16FF34D61\" data-image-description=\"\" data-image-caption=\"\" data-medium-file=\"https:\/\/i0.wp.com\/blogdalucianaoliveira.com.br\/blog\/wp-content\/uploads\/2021\/06\/EC3AE1A1-6C9E-485C-A370-23D16FF34D61.jpeg?fit=300%2C200\" data-large-file=\"https:\/\/i0.wp.com\/blogdalucianaoliveira.com.br\/blog\/wp-content\/uploads\/2021\/06\/EC3AE1A1-6C9E-485C-A370-23D16FF34D61.jpeg?fit=600%2C400\" src=\"https:\/\/i0.wp.com\/blogdalucianaoliveira.com.br\/blog\/wp-content\/uploads\/2021\/06\/EC3AE1A1-6C9E-485C-A370-23D16FF34D61.jpeg?resize=600%2C400\" alt=\"\" class=\"wp-image-32329\" srcset=\"https:\/\/i0.wp.com\/blogdalucianaoliveira.com.br\/blog\/wp-content\/uploads\/2021\/06\/EC3AE1A1-6C9E-485C-A370-23D16FF34D61.jpeg?w=1024 1024w, https:\/\/i0.wp.com\/blogdalucianaoliveira.com.br\/blog\/wp-content\/uploads\/2021\/06\/EC3AE1A1-6C9E-485C-A370-23D16FF34D61.jpeg?resize=300%2C200 300w, https:\/\/i0.wp.com\/blogdalucianaoliveira.com.br\/blog\/wp-content\/uploads\/2021\/06\/EC3AE1A1-6C9E-485C-A370-23D16FF34D61.jpeg?resize=768%2C512 768w, https:\/\/i0.wp.com\/blogdalucianaoliveira.com.br\/blog\/wp-content\/uploads\/2021\/06\/EC3AE1A1-6C9E-485C-A370-23D16FF34D61.jpeg?resize=450%2C300 450w\" sizes=\"auto, (max-width: 600px) 100vw, 600px\" \/><\/figure>\n\n\n\n<p>Na FSP &#8211; O governo Jair Bolsonaro assinou a toque de caixa o\u00a0<a href=\"https:\/\/www1.folha.uol.com.br\/poder\/2021\/06\/gestao-bolsonaro-manteve-contrato-para-covaxin-apos-alerta-sobre-inadimplencia-e-validade-exigua-de-vacina.shtml\">contrato de R$ 1,61 bilh\u00e3o<\/a>\u00a0para a compra da vacina indiana Covaxin, sem atender a tempo a um conjunto de dez recomenda\u00e7\u00f5es feitas pela consultoria jur\u00eddica do Minist\u00e9rio da Sa\u00fade, formada por integrantes da AGU (Advocacia-Geral da Uni\u00e3o).<\/p>\n\n\n\n<!--more-->\n\n\n\n<p>A consultoria concluiu um parecer pela viabilidade jur\u00eddica do processo de compra, \u201ccondicionada ao atendimento das recomenda\u00e7\u00f5es\u201d descritas no documento.<\/p>\n\n\n\n<p>O minist\u00e9rio deveria, por exemplo, cercar-se de cuidado sobre a qualidade da vacina, justificar por que dispensou uma pesquisa de pre\u00e7os, apresentar uma raz\u00e3o para a contrata\u00e7\u00e3o de 20 milh\u00f5es de doses e definir qual seria a posi\u00e7\u00e3o da Precisa Medicamentos, a intermediadora do neg\u00f3cio, se representante ou distribuidora dos imunizantes fabricados pelo laborat\u00f3rio indiano Bharat Biotech.<\/p>\n\n\n\n<p>A&nbsp;<strong>Folha<\/strong>&nbsp;teve acesso \u00e0 \u00edntegra do&nbsp;<a href=\"https:\/\/www1.folha.uol.com.br\/poder\/2021\/06\/para-vender-covaxin-ao-governo-bolsonaro-empresa-citou-pressao-de-paises-e-apresentou-oferta-valida-por-1-dia.shtml\">processo administrativo<\/a>&nbsp;relacionado \u00e0 contrata\u00e7\u00e3o da Precisa e da Bharat Biotech, onde constam os pareceres jur\u00eddicos da AGU.<\/p>\n\n\n\n<p>O parecer elaborado ap\u00f3s an\u00e1lise da minuta do contrato, que fez as dez recomenda\u00e7\u00f5es, foi conclu\u00eddo \u00e0s 14h09 de 24 de fevereiro deste ano. \u00c0s 19h38 do mesmo dia, pouco mais de cinco horas depois, o Minist\u00e9rio da Sa\u00fade enviou um of\u00edcio \u00e0 representante da Precisa, Emanuela Medrades, convocando-a para a assinatura do contrato.<\/p>\n\n\n\n<p>A convoca\u00e7\u00e3o estabelecia que o prazo para essa assinatura era de tr\u00eas dias. O contrato entre Minist\u00e9rio da Sa\u00fade e Bharat Biotech, representada pela Precisa Medicamentos, foi assinado \u00e0s 14h28 do dia 25, pouco mais de 24 horas ap\u00f3s a conclus\u00e3o do parecer jur\u00eddico.<\/p>\n\n\n\n<p>Pelo contrato, o minist\u00e9rio deveria receber 20 milh\u00f5es de doses at\u00e9 6 de maio, o que n\u00e3o ocorreu. Cada dose contratada custa US$ 15 (R$ 80,70), o maior valor dentre os imunizantes contratados pela pasta.<\/p>\n\n\n\n<p>O R$ 1,61 bilh\u00e3o acertado j\u00e1 est\u00e1 empenhado desde 22 de fevereiro. O empenho significa que o dinheiro est\u00e1 autorizado, reservado.<\/p>\n\n\n\n<p>A contrata\u00e7\u00e3o da Covaxin e as suspeitas de crime relacionadas a esse contrato passaram a ocupar o foco central da CPI da Covid no Senado. Nesta sexta-feira (25), a comiss\u00e3o ouviu o servidor Luis Ricardo Fernandes Miranda, chefe do setor de importa\u00e7\u00e3o do Minist\u00e9rio da Sa\u00fade.<\/p>\n\n\n\n<figure class=\"wp-block-image\"><a href=\"https:\/\/fotografia.folha.uol.com.br\/galerias\/1689990695317484-distribuicao-da-vacina-contra-a-covid-19-no-brasil\"><img data-recalc-dims=\"1\" decoding=\"async\" src=\"https:\/\/i0.wp.com\/f.i.uol.com.br\/fotografia\/2021\/01\/26\/161170075460109a123a704_1611700754_3x2_md.jpg?w=600&#038;ssl=1\" alt=\"Distribui\u00e7\u00e3o das vacinas contra a Covid-19 no Brasil\"\/><\/a><figcaption><a href=\"https:\/\/fotografia.folha.uol.com.br\/galerias\/1689990695317484-distribuicao-da-vacina-contra-a-covid-19-no-brasil\">Distribui\u00e7\u00e3o das vacinas contra a Covid-19 no Brasil<\/a><\/figcaption><\/figure>\n\n\n\n<p>A&nbsp;<strong>Folha<\/strong>&nbsp;revelou no \u00faltimo dia 18 a exist\u00eancia e o teor de um&nbsp;<a href=\"https:\/\/www1.folha.uol.com.br\/poder\/2021\/06\/servidor-aponta-pressao-atipica-por-contrato-de-vacina-na-gestao-pazuello-e-cpi-investiga-favorecimento.shtml\">depoimento do servidor<\/a>&nbsp;ao MPF (Minist\u00e9rio P\u00fablico Federal) em Bras\u00edlia, no qual relatou ter sofrido press\u00e3o at\u00edpica para tentar liberar a importa\u00e7\u00e3o da Covaxin. O MPF identificou ind\u00edcios de crime na contrata\u00e7\u00e3o. \u00c0 CPI o servidor confirmou o mesmo teor do depoimento dado \u00e0 Procuradoria.<\/p>\n\n\n\n<p>O processo administrativo que embasou o contrato traz detalhes sobre como a parceria entre Minist\u00e9rio da Sa\u00fade e Precisa foi sacramentada de forma \u00e1gil, a toque de caixa.<\/p>\n\n\n\n<p>Das dez recomenda\u00e7\u00f5es feitas pela AGU, apenas tr\u00eas foram cumpridas antes da assinatura do contrato, como mostram os documentos analisados pela reportagem.<\/p>\n\n\n\n<p>Outras tr\u00eas foram ignoradas. E, no caso de quatro delas, o minist\u00e9rio indica em documentos que buscou atender \u00e0s sugest\u00f5es, mesmo que apresentando apenas explica\u00e7\u00f5es gen\u00e9ricas.<\/p>\n\n\n\n<p>Uma corre\u00e7\u00e3o dizia respeito \u00e0 inexist\u00eancia de declara\u00e7\u00e3o de que as empresas n\u00e3o empregam adolescentes. Outra, sobre a falta de clareza quanto \u00e0 atribui\u00e7\u00e3o da Precisa no processo.<\/p>\n\n\n\n<figure class=\"wp-block-image\"><a href=\"https:\/\/fotografia.folha.uol.com.br\/galerias\/1702919011865541-investigados-pela-cpi-da-covid\"><img data-recalc-dims=\"1\" decoding=\"async\" src=\"https:\/\/i0.wp.com\/f.i.uol.com.br\/fotografia\/2021\/06\/18\/162402716460ccb01c1359d_1624027164_3x2_md.jpg?w=600&#038;ssl=1\" alt=\"Investigados pela CPI da Covid\"\/><\/a><figcaption><a href=\"https:\/\/fotografia.folha.uol.com.br\/galerias\/1702919011865541-investigados-pela-cpi-da-covid\">Investigados pela CPI da Covid<\/a><\/figcaption><\/figure>\n\n\n\n<p>Documentos apresentados colocaram a empresa como representante da Bharat, com capacidade de assinar contratos. Foi assim que a Precisa apareceu no contrato, e n\u00e3o como distribuidora. Tamb\u00e9m houve altera\u00e7\u00f5es contratuais a partir de sugest\u00f5es da \u00e1rea jur\u00eddica.<\/p>\n\n\n\n<p>N\u00e3o aparecem no processo, por\u00e9m, as medidas adotadas para garantir a qualidade das vacinas. Tamb\u00e9m n\u00e3o fica clara uma justificativa para a dispensa de pesquisa de pre\u00e7os e de atestado de \u201crazoabilidade\u201d dos valores praticados.<\/p>\n\n\n\n<p>Fechado o contrato, \u00e1reas t\u00e9cnicas demonstraram preocupa\u00e7\u00e3o com o que sugeriu a consultoria jur\u00eddica. Em 2 de mar\u00e7o, uma \u00e1rea escreveu num of\u00edcio que havia necessidade de \u201csaneamento da instru\u00e7\u00e3o processual\u201d.<\/p>\n\n\n\n<p>Um estudo t\u00e9cnico preliminar s\u00f3 foi inserido no sistema em 4 de mar\u00e7o. \u00c9 ele que indica os motivos do valor da compra, por exemplo.<\/p>\n\n\n\n<p>J\u00e1 os ajustes do termo de refer\u00eancia, documento que deveria balizar o contrato, s\u00f3 foram conclu\u00eddos no dia 11 de mar\u00e7o, duas semanas ap\u00f3s a assinatura do termo entre o minist\u00e9rio e a empresa respons\u00e1vel pela Covaxin.<\/p>\n\n\n\n<p>A respeito dos crit\u00e9rios usados para definir a quantidade de 20 milh\u00f5es de doses, uma cobran\u00e7a feita pela AGU, a pasta afirmou, no curso do processo: \u201cFrente ao contexto de emerg\u00eancia de sa\u00fade p\u00fablica de import\u00e2ncia internacional por surto do novo coronav\u00edrus e considerando a escassez da vacina no mercado mundial, realizamos a aquisi\u00e7\u00e3o do quantitativo total ofertado pela empresa&#8221;.<\/p>\n\n\n\n<p>No parecer jur\u00eddico elaborado na v\u00e9spera da assinatura do contrato, os advogados da Uni\u00e3o afirmaram que \u201cn\u00e3o h\u00e1 determina\u00e7\u00e3o legal a impor a fiscaliza\u00e7\u00e3o posterior de cumprimento de recomenda\u00e7\u00f5es feitas\u201d.<\/p>\n\n\n\n<p>Um parecer jur\u00eddico n\u00e3o vincula a decis\u00e3o a ser tomada pelo gestor p\u00fablico, segundo uma explica\u00e7\u00e3o t\u00e9cnica solicitada pela&nbsp;<strong>Folha<\/strong>\u00e0 Anauni (Associa\u00e7\u00e3o Nacional dos Advogados da Uni\u00e3o), que respondeu de forma gen\u00e9rica, sem refer\u00eancia a um caso espec\u00edfico.<\/p>\n\n\n\n<p>\u201cApesar de n\u00e3o vincular os gestores p\u00fablicos, as recomenda\u00e7\u00f5es expedidas pelas consultorias jur\u00eddicas visam a conferir seguran\u00e7a jur\u00eddica para as decis\u00f5es a serem adotadas, minimizando os riscos de futuros questionamentos judiciais ou perante \u00f3rg\u00e3os de controle\u201d, disse a associa\u00e7\u00e3o, numa nota enviada \u00e0 reportagem.<\/p>\n\n\n\n<p>Em casos de urg\u00eancia, o advogado da Uni\u00e3o pode concluir pela legalidade do procedimento desde que o minist\u00e9rio cumpra as ressalvas feitas no parecer, conforme a nota. \u201c\u00c9 prefer\u00edvel que essas recomenda\u00e7\u00f5es sejam atendidas antes da assinatura do contrato ou da pr\u00e1tica do ato\u201d, afirmou.<\/p>\n\n\n\n<p>A&nbsp;<strong>Folha<\/strong>&nbsp;questionou o Minist\u00e9rio da Sa\u00fade sobre o parecer jur\u00eddico e a assinatura do contrato sem atendimento \u00e0s recomenda\u00e7\u00f5es. A pasta disse que os questionamentos deveriam ser enviados \u00e0 Secom (Secretaria Especial de Comunica\u00e7\u00e3o Social) do governo federal, e assim foi feito. N\u00e3o houve resposta.<\/p>\n\n\n\n<p>Com a escalada da crise, o minist\u00e9rio afirmou em nota que a compra da Covaxin est\u00e1 sob an\u00e1lise da consultoria jur\u00eddica e que nenhum pagamento foi feito \u00e0 empresa. O&nbsp;<a href=\"https:\/\/www1.folha.uol.com.br\/poder\/2021\/06\/apos-denuncias-governo-bolsonaro-discute-cancelar-contrato-da-covaxin-alvo-de-cpi-e-procuradoria.shtml\">governo avalia anular o contrato<\/a>, no momento em que avan\u00e7am as investiga\u00e7\u00f5es sobre poss\u00edveis irregularidades.<\/p>\n\n\n\n<p>A Precisa Medicamentos disse, em nota, que foi transparente e seguiu a legisla\u00e7\u00e3o ao negociar a Covaxin. Ela nega ter existido qualquer vantagem ou favorecimento.<\/p>\n\n\n\n<p>\u201cA Precisa informa que as tratativas entre a empresa e o Minist\u00e9rio da Sa\u00fade seguiram todos os caminhos formais e foram realizadas de forma transparente junto aos departamentos respons\u00e1veis do \u00f3rg\u00e3o federal.\u201d<\/p>\n\n\n\n<p><strong>Cronologia<\/strong><\/p>\n\n\n\n<p><strong>1\u00aa reuni\u00e3o (20.11)<\/strong><br>\u00c9 feita a primeira reuni\u00e3o t\u00e9cnica no Minist\u00e9rio da Sa\u00fade sobre a aquisi\u00e7\u00e3o da vacina indiana Covaxin, produzida pela Bharat Biotech.<\/p>\n\n\n\n<p><strong>Comitiva (06.01)<\/strong><br>Embaixador brasileiro em Nova D\u00e9li, na \u00cdndia, recebe uma comitiva da Associa\u00e7\u00e3o Brasileira das Cl\u00ednicas de Vacinas. Um dos representantes \u00e9 Francisco Maximiano, presidente da Precisa Medicamentos. A miss\u00e3o visita a Bharat Biotech.<\/p>\n\n\n\n<p><strong>Carta ao 1\u00ba ministro (08.01)<\/strong><br>O presidente Jair Bolsonaro envia carta ao primeiro-ministro da \u00cdndia, Narendra Modi, e afirma que, no programa brasileiro de imuniza\u00e7\u00e3o, est\u00e3o as vacinas da Bharat Biotech.<\/p>\n\n\n\n<p><strong>Of\u00edcio (18.01)<\/strong><br>Minist\u00e9rio envia of\u00edcio a presidente da Precisa informando querer dar in\u00edcio a tratativas comerciais para aquisi\u00e7\u00e3o de lotes.<\/p>\n\n\n\n<p><strong>Contrato assinado (25.02)<\/strong><br>Contrato \u00e9 assinado entre Minist\u00e9rio da Sa\u00fade e Precisa Medicamentos para a aquisi\u00e7\u00e3o de 20 milh\u00f5es de doses.<\/p>\n\n\n\n<p><strong>Nova viagem (05.03)<\/strong><br>Maximiano faz nova viagem \u00e0 \u00cdndia. \u00c9 recebido outra vez na Embaixada do Brasil em Nova D\u00e9li. O empres\u00e1rio fala em 32 milh\u00f5es de doses contratadas pelo Minist\u00e9rio da Sa\u00fade.<\/p>\n\n\n\n<p><strong>Pedido rejeitado (31.03)<\/strong><br>Anvisa rejeita pedido de importa\u00e7\u00e3o de doses formulado pelo minist\u00e9rio, por falta de documentos b\u00e1sicos por parte da empresa respons\u00e1vel.<\/p>\n\n\n\n<p>No mesmo dia, um servidor de \u00e1rea estrat\u00e9gica do Minist\u00e9rio da Sa\u00fade presta depoimento ao MPF em que relata press\u00e3o at\u00edpica para importa\u00e7\u00e3o das doses, inclusive com inger\u00eancia de superiores junto \u00e0 Anvisa.<\/p>\n\n\n\n<p><strong>Fim do prazo (06.05)<\/strong><br>Acaba o prazo estipulado em contrato para a entrega dos 20 milh\u00f5es de doses. Nenhuma dose chegou ao Brasil.<\/p>\n\n\n\n<p><strong>Pedido aprovado (04.06)<\/strong><br>Anvisa aprova pedido de importa\u00e7\u00e3o de doses, mas com restri\u00e7\u00f5es, diante da necessidade de estudos extras de efetividade. Nenhuma dose chegou ao Brasil.<\/p>\n\n\n\n<p><strong>Ind\u00edcios de crime (16.06)<\/strong><br>MPF aponta ind\u00edcios de crime no contrato e envia investiga\u00e7\u00e3o para of\u00edcio que cuida de combate \u00e0 corrup\u00e7\u00e3o.<\/p>\n\n\n\n<p><strong>Raio-x:<\/strong><\/p>\n\n\n\n<ul class=\"wp-block-list\"><li>Valor do contrato: R$ 1,61 bilh\u00e3o<\/li><li>Doses a serem entregues: 20 milh\u00f5es<\/li><li>Valor individual da dose: US$ 15 (R$ 80,70)<\/li><\/ul>\n\n\n\n<p><strong>Pre\u00e7o das doses de outras vacinas contratadas<\/strong>:<\/p>\n\n\n\n<ul class=\"wp-block-list\"><li>Sputnik V: R$ 69,36<\/li><li>Coronavac: R$ 58,20<\/li><li>Pfizer: US$ 10 (R$ 56,30)<\/li><li>Janssen: US$ 10 (R$ 56,30)<\/li><li>AstraZeneca\/Oxford: US$ 3,16 (R$ 19,87)<\/li><\/ul>\n\n\n\n<p><strong>Quem \u00e9 quem:<\/strong><\/p>\n\n\n\n<p>\u2013&nbsp;<strong>Precisa Medicamentos<\/strong>: \u00e9 a empresa que assina o contrato com o Minist\u00e9rio da Sa\u00fade. Representa no Brasil a farmac\u00eautica indiana Bharat Biotech.<\/p>\n\n\n\n<p>\u2013&nbsp;<strong>Francisco Emerson Maximiano<\/strong>: s\u00f3cio-administrador da Precisa Medicamentos. \u00c9 o empres\u00e1rio que foi \u00e0 \u00cdndia para viabilizar a representa\u00e7\u00e3o da vacina Covaxin no Brasil. Tamb\u00e9m se apresentou como representante de cl\u00ednicas privadas de vacina\u00e7\u00e3o. Maximiano \u00e9 presidente da Global Gest\u00e3o em Sa\u00fade.<\/p>\n\n\n\n<p>\u2013&nbsp;<strong>Global Gest\u00e3o em Sa\u00fade<\/strong>: a empresa foi acionada na Justi\u00e7a pelo MPF por pagamentos antecipados e indevidos feitos pelo Minist\u00e9rio da Sa\u00fade. O valor soma R$ 20 milh\u00f5es. Segundo a a\u00e7\u00e3o de improbidade, a Global n\u00e3o forneceu medicamentos para doen\u00e7as raras e, mesmo assim, recebeu pagamentos antecipados. Catorze pacientes morreram, segundo o MPF.<\/p>\n\n\n\n<p>\u2013&nbsp;<strong>Tenente-coronel do Ex\u00e9rcito Alex Lial Marinho<\/strong>: do grupo pr\u00f3ximo do general Eduardo Pazuello, e indicado por ele ao cargo, Marinho foi coordenador-geral de Log\u00edstica de Insumos Estrat\u00e9gicos para Sa\u00fade. Parte da press\u00e3o para tentar a importa\u00e7\u00e3o da Covaxin, apesar da falta de documentos junto \u00e0 Anvisa, partiu do tenente-coronel, segundo depoimento de servidor ao MPF.<\/p>\n","protected":false},"excerpt":{"rendered":"<p>Na FSP &#8211; O governo Jair Bolsonaro assinou a toque de caixa o\u00a0contrato de R$ 1,61 bilh\u00e3o\u00a0para a compra da vacina indiana Covaxin, sem atender a tempo a um conjunto de dez recomenda\u00e7\u00f5es feitas pela consultoria jur\u00eddica do Minist\u00e9rio da Sa\u00fade, formada por integrantes da AGU (Advocacia-Geral da Uni\u00e3o).<\/p>\n","protected":false},"author":1,"featured_media":0,"comment_status":"closed","ping_status":"open","sticky":false,"template":"","format":"standard","meta":{"_exactmetrics_skip_tracking":false,"_exactmetrics_sitenote_active":false,"_exactmetrics_sitenote_note":"","_exactmetrics_sitenote_category":0,"jetpack_post_was_ever_published":false,"_jetpack_newsletter_access":"","_jetpack_dont_email_post_to_subs":false,"_jetpack_newsletter_tier_id":0,"_jetpack_memberships_contains_paywalled_content":false,"_jetpack_memberships_contains_paid_content":false,"footnotes":"","jetpack_publicize_message":"","jetpack_publicize_feature_enabled":true,"jetpack_social_post_already_shared":true,"jetpack_social_options":{"image_generator_settings":{"template":"highway","enabled":false},"version":2}},"categories":[1],"tags":[],"class_list":["post-32328","post","type-post","status-publish","format-standard","hentry","category-notas"],"jetpack_publicize_connections":[],"jetpack_sharing_enabled":true,"jetpack_featured_media_url":"","jetpack_shortlink":"https:\/\/wp.me\/p7wKYW-8pq","jetpack-related-posts":[],"_links":{"self":[{"href":"http:\/\/blogdalucianaoliveira.com.br\/blog\/wp-json\/wp\/v2\/posts\/32328","targetHints":{"allow":["GET"]}}],"collection":[{"href":"http:\/\/blogdalucianaoliveira.com.br\/blog\/wp-json\/wp\/v2\/posts"}],"about":[{"href":"http:\/\/blogdalucianaoliveira.com.br\/blog\/wp-json\/wp\/v2\/types\/post"}],"author":[{"embeddable":true,"href":"http:\/\/blogdalucianaoliveira.com.br\/blog\/wp-json\/wp\/v2\/users\/1"}],"replies":[{"embeddable":true,"href":"http:\/\/blogdalucianaoliveira.com.br\/blog\/wp-json\/wp\/v2\/comments?post=32328"}],"version-history":[{"count":1,"href":"http:\/\/blogdalucianaoliveira.com.br\/blog\/wp-json\/wp\/v2\/posts\/32328\/revisions"}],"predecessor-version":[{"id":32330,"href":"http:\/\/blogdalucianaoliveira.com.br\/blog\/wp-json\/wp\/v2\/posts\/32328\/revisions\/32330"}],"wp:attachment":[{"href":"http:\/\/blogdalucianaoliveira.com.br\/blog\/wp-json\/wp\/v2\/media?parent=32328"}],"wp:term":[{"taxonomy":"category","embeddable":true,"href":"http:\/\/blogdalucianaoliveira.com.br\/blog\/wp-json\/wp\/v2\/categories?post=32328"},{"taxonomy":"post_tag","embeddable":true,"href":"http:\/\/blogdalucianaoliveira.com.br\/blog\/wp-json\/wp\/v2\/tags?post=32328"}],"curies":[{"name":"wp","href":"https:\/\/api.w.org\/{rel}","templated":true}]}}