{"id":32333,"date":"2021-06-28T08:51:42","date_gmt":"2021-06-28T12:51:42","guid":{"rendered":"http:\/\/blogdalucianaoliveira.com.br\/blog\/?p=32333"},"modified":"2021-06-28T08:51:47","modified_gmt":"2021-06-28T12:51:47","slug":"em-cinco-meses-2021-teve-mais-apreensoes-de-madeira-ilegal-do-que-todos-os-anos-anteriores","status":"publish","type":"post","link":"http:\/\/blogdalucianaoliveira.com.br\/blog\/2021\/06\/28\/em-cinco-meses-2021-teve-mais-apreensoes-de-madeira-ilegal-do-que-todos-os-anos-anteriores\/","title":{"rendered":"EM CINCO MESES, 2021 TEVE MAIS APREENS\u00d5ES DE MADEIRA ILEGAL DO QUE TODOS OS ANOS ANTERIORES"},"content":{"rendered":"\n<figure class=\"wp-block-image size-large\"><img loading=\"lazy\" decoding=\"async\" width=\"1200\" height=\"1954\" data-attachment-id=\"32334\" data-permalink=\"http:\/\/blogdalucianaoliveira.com.br\/blog\/2021\/06\/28\/em-cinco-meses-2021-teve-mais-apreensoes-de-madeira-ilegal-do-que-todos-os-anos-anteriores\/desmatamento\/\" data-orig-file=\"https:\/\/i0.wp.com\/blogdalucianaoliveira.com.br\/blog\/wp-content\/uploads\/2021\/06\/01.-Desmatamento.jpg?fit=1200%2C1954\" data-orig-size=\"1200,1954\" data-comments-opened=\"0\" data-image-meta=\"{&quot;aperture&quot;:&quot;0&quot;,&quot;credit&quot;:&quot;&quot;,&quot;camera&quot;:&quot;&quot;,&quot;caption&quot;:&quot;&quot;,&quot;created_timestamp&quot;:&quot;0&quot;,&quot;copyright&quot;:&quot;&quot;,&quot;focal_length&quot;:&quot;0&quot;,&quot;iso&quot;:&quot;0&quot;,&quot;shutter_speed&quot;:&quot;0&quot;,&quot;title&quot;:&quot;DESMATAMENTO&quot;,&quot;orientation&quot;:&quot;1&quot;}\" data-image-title=\"DESMATAMENTO\" data-image-description=\"\" data-image-caption=\"\" data-medium-file=\"https:\/\/i0.wp.com\/blogdalucianaoliveira.com.br\/blog\/wp-content\/uploads\/2021\/06\/01.-Desmatamento.jpg?fit=184%2C300\" data-large-file=\"https:\/\/i0.wp.com\/blogdalucianaoliveira.com.br\/blog\/wp-content\/uploads\/2021\/06\/01.-Desmatamento.jpg?fit=600%2C977\" src=\"https:\/\/i0.wp.com\/blogdalucianaoliveira.com.br\/blog\/wp-content\/uploads\/2021\/06\/01.-Desmatamento.jpg?fit=600%2C977&amp;ssl=1\" alt=\"\" class=\"wp-image-32334\" srcset=\"https:\/\/i0.wp.com\/blogdalucianaoliveira.com.br\/blog\/wp-content\/uploads\/2021\/06\/01.-Desmatamento.jpg?w=1200 1200w, https:\/\/i0.wp.com\/blogdalucianaoliveira.com.br\/blog\/wp-content\/uploads\/2021\/06\/01.-Desmatamento.jpg?resize=184%2C300 184w, https:\/\/i0.wp.com\/blogdalucianaoliveira.com.br\/blog\/wp-content\/uploads\/2021\/06\/01.-Desmatamento.jpg?resize=629%2C1024 629w, https:\/\/i0.wp.com\/blogdalucianaoliveira.com.br\/blog\/wp-content\/uploads\/2021\/06\/01.-Desmatamento.jpg?resize=768%2C1251 768w, https:\/\/i0.wp.com\/blogdalucianaoliveira.com.br\/blog\/wp-content\/uploads\/2021\/06\/01.-Desmatamento.jpg?resize=943%2C1536 943w\" sizes=\"auto, (max-width: 600px) 100vw, 600px\" \/><\/figure>\n\n\n\n<p><strong>Revista Piau\u00ed,<\/strong>  <strong>AMANDA GORZIZA, LUIGI MAZZA E RENATA BUONO<\/strong> &#8211; <strong>A<\/strong> gest\u00e3o de Ricardo Salles, exonerado na \u00faltima quarta-feira (23) do Minist\u00e9rio do Meio Ambiente, foi marcada por recordes. Entre janeiro e maio de 2021, a Pol\u00edcia Federal confiscou o maior volume de madeira ilegal desde 2018, quando os dados passaram a ser compilados pelo Sistema Palas. Em cinco meses, 275 mil m\u00b3 de madeira foram apreendidos. Desde 2018, as apreens\u00f5es anuais n\u00e3o se aproximaram do recorde de 2021. Os dados da PF foram obtidos pela ag\u00eancia\u00a0<a href=\"https:\/\/fiquemsabendo.com.br\/\">Fiquem Sabendo<\/a>\u00a0atrav\u00e9s da Lei de Acesso \u00e0 Informa\u00e7\u00e3o.\u00a0<\/p>\n\n\n\n<p>Ao mesmo tempo, as taxas de desmatamento da Amaz\u00f4nia s\u00e3o as maiores j\u00e1 registradas. Em maio de 2021, a regi\u00e3o apresentou o pior \u00edndice de desmatamento do m\u00eas desde o in\u00edcio da s\u00e9rie hist\u00f3rica, em 2015. Alertas de desmatamento foram notificados em uma \u00e1rea total de 1.391 km\u00b2 \u2013 maior que a cidade do Rio de Janeiro.<\/p>\n\n\n\n<p><strong>Fonte:<\/strong>&nbsp;Pol\u00edcia Federal<\/p>\n\n\n\n<p><br><\/p>\n","protected":false},"excerpt":{"rendered":"<p>Revista Piau\u00ed, AMANDA GORZIZA, LUIGI MAZZA E RENATA BUONO &#8211; A gest\u00e3o de Ricardo Salles, exonerado na \u00faltima quarta-feira (23) do Minist\u00e9rio do Meio Ambiente, foi marcada por recordes. Entre janeiro e maio de 2021, a Pol\u00edcia Federal confiscou o maior volume de madeira ilegal desde 2018, quando os dados passaram a ser compilados pelo&#8230;<a class=\"more-link\" href=\"http:\/\/blogdalucianaoliveira.com.br\/blog\/2021\/06\/28\/em-cinco-meses-2021-teve-mais-apreensoes-de-madeira-ilegal-do-que-todos-os-anos-anteriores\/\">Continue a leitura <span class=\"meta-nav\">&raquo;<\/span><\/a><\/p>\n","protected":false},"author":1,"featured_media":0,"comment_status":"closed","ping_status":"open","sticky":false,"template":"","format":"standard","meta":{"_exactmetrics_skip_tracking":false,"_exactmetrics_sitenote_active":false,"_exactmetrics_sitenote_note":"","_exactmetrics_sitenote_category":0,"jetpack_post_was_ever_published":false,"_jetpack_newsletter_access":"","_jetpack_dont_email_post_to_subs":false,"_jetpack_newsletter_tier_id":0,"_jetpack_memberships_contains_paywalled_content":false,"_jetpack_memberships_contains_paid_content":false,"footnotes":"","jetpack_publicize_message":"","jetpack_publicize_feature_enabled":true,"jetpack_social_post_already_shared":true,"jetpack_social_options":{"image_generator_settings":{"template":"highway","enabled":false},"version":2}},"categories":[1],"tags":[],"class_list":["post-32333","post","type-post","status-publish","format-standard","hentry","category-notas"],"jetpack_publicize_connections":[],"jetpack_sharing_enabled":true,"jetpack_featured_media_url":"","jetpack_shortlink":"https:\/\/wp.me\/p7wKYW-8pv","jetpack-related-posts":[],"_links":{"self":[{"href":"http:\/\/blogdalucianaoliveira.com.br\/blog\/wp-json\/wp\/v2\/posts\/32333","targetHints":{"allow":["GET"]}}],"collection":[{"href":"http:\/\/blogdalucianaoliveira.com.br\/blog\/wp-json\/wp\/v2\/posts"}],"about":[{"href":"http:\/\/blogdalucianaoliveira.com.br\/blog\/wp-json\/wp\/v2\/types\/post"}],"author":[{"embeddable":true,"href":"http:\/\/blogdalucianaoliveira.com.br\/blog\/wp-json\/wp\/v2\/users\/1"}],"replies":[{"embeddable":true,"href":"http:\/\/blogdalucianaoliveira.com.br\/blog\/wp-json\/wp\/v2\/comments?post=32333"}],"version-history":[{"count":1,"href":"http:\/\/blogdalucianaoliveira.com.br\/blog\/wp-json\/wp\/v2\/posts\/32333\/revisions"}],"predecessor-version":[{"id":32335,"href":"http:\/\/blogdalucianaoliveira.com.br\/blog\/wp-json\/wp\/v2\/posts\/32333\/revisions\/32335"}],"wp:attachment":[{"href":"http:\/\/blogdalucianaoliveira.com.br\/blog\/wp-json\/wp\/v2\/media?parent=32333"}],"wp:term":[{"taxonomy":"category","embeddable":true,"href":"http:\/\/blogdalucianaoliveira.com.br\/blog\/wp-json\/wp\/v2\/categories?post=32333"},{"taxonomy":"post_tag","embeddable":true,"href":"http:\/\/blogdalucianaoliveira.com.br\/blog\/wp-json\/wp\/v2\/tags?post=32333"}],"curies":[{"name":"wp","href":"https:\/\/api.w.org\/{rel}","templated":true}]}}