{"id":3234,"date":"2016-08-18T11:34:32","date_gmt":"2016-08-18T15:34:32","guid":{"rendered":"http:\/\/blogdalucianaoliveira.com.br\/blog\/?p=3234"},"modified":"2016-08-18T11:34:32","modified_gmt":"2016-08-18T15:34:32","slug":"oea-ja-notificou-temer-sobre-impeachment","status":"publish","type":"post","link":"http:\/\/blogdalucianaoliveira.com.br\/blog\/2016\/08\/18\/oea-ja-notificou-temer-sobre-impeachment\/","title":{"rendered":"OEA j\u00e1 notificou Temer sobre impeachment"},"content":{"rendered":"<p><img data-recalc-dims=\"1\" loading=\"lazy\" decoding=\"async\" data-attachment-id=\"3068\" data-permalink=\"http:\/\/blogdalucianaoliveira.com.br\/blog\/2016\/08\/12\/pmdb-come-bola-e-tse-admite-gambiarra-para-salvar-candidaturas-do-partido\/image-707\/\" data-orig-file=\"https:\/\/i0.wp.com\/blogdalucianaoliveira.com.br\/blog\/wp-content\/uploads\/2016\/08\/image-72.jpeg?fit=635%2C400\" data-orig-size=\"635,400\" data-comments-opened=\"0\" data-image-meta=\"{&quot;aperture&quot;:&quot;0&quot;,&quot;credit&quot;:&quot;Ed Ferreira&quot;,&quot;camera&quot;:&quot;&quot;,&quot;caption&quot;:&quot;&quot;,&quot;created_timestamp&quot;:&quot;0&quot;,&quot;copyright&quot;:&quot;\\u00c2\\u00a9 Folhapress 2010 - Todos os direitos reservados \\u00c3\\u00a0 Folhapress&quot;,&quot;focal_length&quot;:&quot;0&quot;,&quot;iso&quot;:&quot;0&quot;,&quot;shutter_speed&quot;:&quot;0&quot;,&quot;title&quot;:&quot;&quot;,&quot;orientation&quot;:&quot;0&quot;}\" data-image-title=\"image\" data-image-description=\"\" data-image-caption=\"\" data-medium-file=\"https:\/\/i0.wp.com\/blogdalucianaoliveira.com.br\/blog\/wp-content\/uploads\/2016\/08\/image-72.jpeg?fit=300%2C189\" data-large-file=\"https:\/\/i0.wp.com\/blogdalucianaoliveira.com.br\/blog\/wp-content\/uploads\/2016\/08\/image-72.jpeg?fit=600%2C378\" src=\"https:\/\/i0.wp.com\/blogdalucianaoliveira.com.br\/blog\/wp-content\/uploads\/2016\/08\/image-72.jpeg?resize=600%2C378\" alt=\"image\" width=\"600\" height=\"378\" class=\"alignnone size-full wp-image-3068\" \/><\/p>\n<p>No Brasil 247<\/p>\n<p>A Comiss\u00e3o Interamericana de Direitos Humanos enviou na data de ontem notifica\u00e7\u00e3o ao Estado brasileiro, atrav\u00e9s da Presid\u00eancia da Rep\u00fablica,  sobre a den\u00fancia feita pelos deputados do PT contra a natureza golpista do impeachment, que violaria os direitos pol\u00edticos da presidente afastada Dilma Rousseff e dos eleitores brasileiros que lhe conferiram o mandato.<!--more--><\/p>\n<p>A rea\u00e7\u00e3o do organismo internacional acontece a poucos dias do julgamento final pelo Senado, aumentando o constrangimento dos condutores do processo, que ir\u00e3o se defrontar com a presen\u00e7a da pr\u00f3pria Dilma em plen\u00e1rio. Neste momento, a \u00eanfase do PT \u00e9 na den\u00fancia internacional da escalada de criminaliza\u00e7\u00e3o contra Lula e Dilma, a exemplo da cartilha multil\u00edngue que est\u00e1 sendo divulgada junto a embaixadas e organismos multilaterais, denunciando a persegui\u00e7\u00e3o judicial ao ex-presidente.<\/p>\n<p>Na correspond\u00eancia, assinada por Mario L\u00f3pez Garelli, em nome da Secretaria Executivo da comiss\u00e3o, s\u00e3o pedidas algumas explica\u00e7\u00f5es ao explica\u00e7\u00f5es ao governo brasileiro sobre aspectos do processo, como a observ\u00e2ncia do devido processo legal e do direito de defesa, a exist\u00eancia de recursos judiciais pendentes e os fundamentos da acusa\u00e7\u00e3o.<\/p>\n<p>C\u00f3pias da notifica\u00e7\u00e3o foram enviadas aos deputados Wadi Damous, Paulo Pimenta e Paulo Teixeira, signat\u00e1rios da den\u00fancia.<\/p>\n","protected":false},"excerpt":{"rendered":"<p>No Brasil 247 A Comiss\u00e3o Interamericana de Direitos Humanos enviou na data de ontem notifica\u00e7\u00e3o ao Estado brasileiro, atrav\u00e9s da Presid\u00eancia da Rep\u00fablica, sobre a den\u00fancia feita pelos deputados do PT contra a natureza golpista do impeachment, que violaria os direitos pol\u00edticos da presidente afastada Dilma Rousseff e dos eleitores brasileiros que lhe conferiram o&#8230;<a class=\"more-link\" href=\"http:\/\/blogdalucianaoliveira.com.br\/blog\/2016\/08\/18\/oea-ja-notificou-temer-sobre-impeachment\/\">Continue a leitura <span class=\"meta-nav\">&raquo;<\/span><\/a><\/p>\n","protected":false},"author":1,"featured_media":0,"comment_status":"closed","ping_status":"open","sticky":false,"template":"","format":"standard","meta":{"_exactmetrics_skip_tracking":false,"_exactmetrics_sitenote_active":false,"_exactmetrics_sitenote_note":"","_exactmetrics_sitenote_category":0,"jetpack_post_was_ever_published":false,"_jetpack_newsletter_access":"","_jetpack_dont_email_post_to_subs":false,"_jetpack_newsletter_tier_id":0,"_jetpack_memberships_contains_paywalled_content":false,"_jetpack_memberships_contains_paid_content":false,"footnotes":"","jetpack_publicize_message":"","jetpack_publicize_feature_enabled":true,"jetpack_social_post_already_shared":true,"jetpack_social_options":{"image_generator_settings":{"template":"highway","enabled":false},"version":2}},"categories":[1],"tags":[],"class_list":["post-3234","post","type-post","status-publish","format-standard","hentry","category-notas"],"jetpack_publicize_connections":[],"jetpack_sharing_enabled":true,"jetpack_featured_media_url":"","jetpack_shortlink":"https:\/\/wp.me\/p7wKYW-Qa","jetpack-related-posts":[],"_links":{"self":[{"href":"http:\/\/blogdalucianaoliveira.com.br\/blog\/wp-json\/wp\/v2\/posts\/3234","targetHints":{"allow":["GET"]}}],"collection":[{"href":"http:\/\/blogdalucianaoliveira.com.br\/blog\/wp-json\/wp\/v2\/posts"}],"about":[{"href":"http:\/\/blogdalucianaoliveira.com.br\/blog\/wp-json\/wp\/v2\/types\/post"}],"author":[{"embeddable":true,"href":"http:\/\/blogdalucianaoliveira.com.br\/blog\/wp-json\/wp\/v2\/users\/1"}],"replies":[{"embeddable":true,"href":"http:\/\/blogdalucianaoliveira.com.br\/blog\/wp-json\/wp\/v2\/comments?post=3234"}],"version-history":[{"count":2,"href":"http:\/\/blogdalucianaoliveira.com.br\/blog\/wp-json\/wp\/v2\/posts\/3234\/revisions"}],"predecessor-version":[{"id":3237,"href":"http:\/\/blogdalucianaoliveira.com.br\/blog\/wp-json\/wp\/v2\/posts\/3234\/revisions\/3237"}],"wp:attachment":[{"href":"http:\/\/blogdalucianaoliveira.com.br\/blog\/wp-json\/wp\/v2\/media?parent=3234"}],"wp:term":[{"taxonomy":"category","embeddable":true,"href":"http:\/\/blogdalucianaoliveira.com.br\/blog\/wp-json\/wp\/v2\/categories?post=3234"},{"taxonomy":"post_tag","embeddable":true,"href":"http:\/\/blogdalucianaoliveira.com.br\/blog\/wp-json\/wp\/v2\/tags?post=3234"}],"curies":[{"name":"wp","href":"https:\/\/api.w.org\/{rel}","templated":true}]}}