{"id":32343,"date":"2021-06-28T18:46:27","date_gmt":"2021-06-28T22:46:27","guid":{"rendered":"http:\/\/blogdalucianaoliveira.com.br\/blog\/?p=32343"},"modified":"2021-06-28T18:46:32","modified_gmt":"2021-06-28T22:46:32","slug":"suprema-corte-do-mexico-descriminaliza-uso-recreativo-da-maconha","status":"publish","type":"post","link":"http:\/\/blogdalucianaoliveira.com.br\/blog\/2021\/06\/28\/suprema-corte-do-mexico-descriminaliza-uso-recreativo-da-maconha\/","title":{"rendered":"Suprema Corte do M\u00e9xico descriminaliza uso recreativo da maconha"},"content":{"rendered":"\n<figure class=\"wp-block-image size-large\"><img data-recalc-dims=\"1\" loading=\"lazy\" decoding=\"async\" width=\"600\" height=\"421\" data-attachment-id=\"32344\" data-permalink=\"http:\/\/blogdalucianaoliveira.com.br\/blog\/2021\/06\/28\/suprema-corte-do-mexico-descriminaliza-uso-recreativo-da-maconha\/6a4d36e6-2d90-4ab2-8850-b65b6425cc11\/\" data-orig-file=\"https:\/\/i0.wp.com\/blogdalucianaoliveira.com.br\/blog\/wp-content\/uploads\/2021\/06\/6A4D36E6-2D90-4AB2-8850-B65B6425CC11.jpeg?fit=720%2C505\" data-orig-size=\"720,505\" data-comments-opened=\"0\" data-image-meta=\"{&quot;aperture&quot;:&quot;0&quot;,&quot;credit&quot;:&quot;&quot;,&quot;camera&quot;:&quot;&quot;,&quot;caption&quot;:&quot;&quot;,&quot;created_timestamp&quot;:&quot;0&quot;,&quot;copyright&quot;:&quot;&quot;,&quot;focal_length&quot;:&quot;0&quot;,&quot;iso&quot;:&quot;0&quot;,&quot;shutter_speed&quot;:&quot;0&quot;,&quot;title&quot;:&quot;&quot;,&quot;orientation&quot;:&quot;0&quot;}\" data-image-title=\"6A4D36E6-2D90-4AB2-8850-B65B6425CC11\" data-image-description=\"\" data-image-caption=\"\" data-medium-file=\"https:\/\/i0.wp.com\/blogdalucianaoliveira.com.br\/blog\/wp-content\/uploads\/2021\/06\/6A4D36E6-2D90-4AB2-8850-B65B6425CC11.jpeg?fit=300%2C210\" data-large-file=\"https:\/\/i0.wp.com\/blogdalucianaoliveira.com.br\/blog\/wp-content\/uploads\/2021\/06\/6A4D36E6-2D90-4AB2-8850-B65B6425CC11.jpeg?fit=600%2C421\" src=\"https:\/\/i0.wp.com\/blogdalucianaoliveira.com.br\/blog\/wp-content\/uploads\/2021\/06\/6A4D36E6-2D90-4AB2-8850-B65B6425CC11.jpeg?resize=600%2C421\" alt=\"\" class=\"wp-image-32344\" srcset=\"https:\/\/i0.wp.com\/blogdalucianaoliveira.com.br\/blog\/wp-content\/uploads\/2021\/06\/6A4D36E6-2D90-4AB2-8850-B65B6425CC11.jpeg?w=720 720w, https:\/\/i0.wp.com\/blogdalucianaoliveira.com.br\/blog\/wp-content\/uploads\/2021\/06\/6A4D36E6-2D90-4AB2-8850-B65B6425CC11.jpeg?resize=300%2C210 300w, https:\/\/i0.wp.com\/blogdalucianaoliveira.com.br\/blog\/wp-content\/uploads\/2021\/06\/6A4D36E6-2D90-4AB2-8850-B65B6425CC11.jpeg?resize=428%2C300 428w\" sizes=\"auto, (max-width: 600px) 100vw, 600px\" \/><\/figure>\n\n\n\n<p>Na FSP &#8211; Lei para regulamentar consumo estava parada no Senado desde mar\u00e7o; pa\u00eds deve se tornar maior mercado da subst\u00e2ncia.<\/p>\n\n\n\n<!--more-->\n\n\n\n<p>A Suprema Corte do M\u00e9xico&nbsp;<a href=\"https:\/\/www1.folha.uol.com.br\/equilibrioesaude\/2020\/10\/brasil-deveria-discutir-legalizacao-da-maconha-baseada-em-evidencias-diz-epidemiologista.shtml\">descriminalizou nesta segunda-feira (28) o uso recreativo de maconha<\/a>&nbsp;para adultos. O tribunal determinou, por 8 votos a favor e 3 contra, que s\u00e3o inconstitucionais os artigos da Lei Geral de Sa\u00fade que proibiam o consumo da subst\u00e2ncia.<\/p>\n\n\n\n<p>\u201cHoje \u00e9 um dia hist\u00f3rico para as liberdades\u201d, afirmou o presidente da corte, Arturo Zald\u00edvar. &#8220;Depois de um longo caminho, esta Suprema Corte consolida o direito [&#8230;] para o uso recreativo de maconha.\u201d<\/p>\n\n\n\n<p>Terceiro pa\u00eds a autorizar o consumo de maconha em n\u00edvel nacional, depois de\u00a0<a href=\"https:\/\/www1.folha.uol.com.br\/mundo\/2017\/07\/1902594-uruguai-comeca-venda-legal-de-maconha-nas-farmacias.shtml\">Uruguai<\/a>\u00a0e\u00a0<a href=\"https:\/\/www1.folha.uol.com.br\/mundo\/2018\/10\/canada-e-segundo-pais-do-mundo-a-legalizar-maconha.shtml\">Canad\u00e1<\/a>, o M\u00e9xico, com 126 milh\u00f5es de habitantes, deve se tornar o maior mercado mundial de maconha.<\/p>\n\n\n\n<p>\u201cTeoricamente, sim, criar\u00e1 o maior mercado legal do mundo, pela capacidade de produ\u00e7\u00e3o que o M\u00e9xico tem, porque [no pa\u00eds] a maconha cresce em condi\u00e7\u00f5es naturais sem os investimentos energ\u00e9ticos que fazem, por exemplo, no Canad\u00e1\u201d, disse Lisa S\u00e1nchez, diretora da ONG M\u00e9xico Unido Contra a Delinqu\u00eancia.<\/p>\n\n\n\n<p>O processo de descriminaliza\u00e7\u00e3o da c\u00e2nabis se arrastava desde 2018, quando a&nbsp;<a href=\"https:\/\/www1.folha.uol.com.br\/equilibrioesaude\/2020\/12\/a-regulacao-da-maconha-no-mexico.shtml\">Suprema Corte declarou inconstitucional<\/a>&nbsp;a proibi\u00e7\u00e3o total do consumo recreativo da droga. Depois, o Congresso recebeu um prazo, adiado por tr\u00eas vezes, para regulamentar o uso da subst\u00e2ncia.<\/p>\n\n\n\n<p>Em novembro, o Senado aprovou uma vers\u00e3o da lei, que sofreu diversas altera\u00e7\u00f5es ao ser\u00a0<a href=\"https:\/\/www1.folha.uol.com.br\/mundo\/2021\/03\/mexico-fica-a-um-passo-de-legalizar-consumo-de-maconha-apos-camara-aprovar-lei.shtml\">chancelada pela C\u00e2mara, em mar\u00e7o deste ano<\/a>. Assim, o texto retornou ao Senado, que deveria realizar uma vota\u00e7\u00e3o final at\u00e9 30 de abril \u2014\u00faltimo limite estabelecido pela Suprema Corte.<\/p>\n\n\n\n<p>No dia 8 de abril, no entanto, o presidente da Junta de Coordena\u00e7\u00e3o Pol\u00edtica do Senado, Ricardo Monreal \u00c1vila, anunciou que pediria um novo adiamento, pois o texto enviado pela C\u00e2mara possu\u00eda inconsist\u00eancisas e at\u00e9 atos de inconstitucionalidade, de acordo com o&nbsp;<a href=\"https:\/\/www.eluniversal.com.mx\/nacion\/monreal-pide-aplazar-discusion-sobre-regulacion-de-marihuana-hasta-septiembre\" target=\"_blank\" rel=\"noreferrer noopener\">jornal mexicano El Universal<\/a>.<\/p>\n\n\n\n<p>\u201cO melhor para todos \u00e9 que seja uma boa lei\u201d, afirmou ele, \u00e0 \u00e9poca, segundo o ve\u00edculo. \u201cPrefiro uma pausa, um tempo, e que possamos legislar sobre a mat\u00e9ria no pr\u00f3ximo per\u00edodo de sess\u00f5es, que se inicia em 1\u00ba de setembro. H\u00e1 muitos interesses, e o Senado n\u00e3o pode legislar sob press\u00e3o de ningu\u00e9m.\u201d<\/p>\n\n\n\n<p>Segundo o\u00a0<a href=\"https:\/\/la-lista.com\/mexico\/2021\/06\/03\/legalizar-la-mariguana-en-mexico-requiere-de-un-paso-que-el-congreso-no-quiere-dar\">jornal mexicano La Lista<\/a>, por\u00e9m, at\u00e9 o in\u00edcio de junho nenhum pedido de prorroga\u00e7\u00e3o havia sido apresentado.\u00a0<a rel=\"noreferrer noopener\" href=\"https:\/\/www.senado.gob.mx\/64\/gaceta_del_senado\/documento\/116096\" target=\"_blank\">No site do Senado<\/a>, a lei enviada pela C\u00e2mara ainda consta como pendente. Nesta segunda, a Suprema Corte endossou a proposta da ministra Norma Luc\u00eda Pi\u00f1a Hern\u00e1ndez, que indicou que o Congresso n\u00e3o cumpriu a determina\u00e7\u00e3o do tribunal para regulamentar o uso recreativo de c\u00e2nabis.<\/p>\n\n\n\n<p>Na decis\u00e3o, fica determinado que aqueles que queiram consumir maconha com fim recreativo podem solicitar uma permiss\u00e3o \u00e0 Comiss\u00e3o Federal para a Prote\u00e7\u00e3o contra Riscos Sanit\u00e1rios (Cofepris), que n\u00e3o poder\u00e1 negar o pedido. \u201cO que havia acontecido em situa\u00e7\u00f5es anteriores era que a Cofepris negava essas autoriza\u00e7\u00f5es e era necess\u00e1rio um tr\u00e2mite processual\u201d, explica Adriana Muro, diretora da ONG Elementa.<\/p>\n\n\n\n<p>A descriminaliza\u00e7\u00e3o vem num contexto de&nbsp;<a href=\"https:\/\/www1.folha.uol.com.br\/mundo\/2021\/01\/policia-encontra-19-corpos-carbonizados-em-estrada-na-fronteira-entre-mexico-e-eua.shtml\">viol\u00eancia ligada ao narcotr\u00e1fico<\/a>, que deixa milhares de mortos a cada ano. Assim, a libera\u00e7\u00e3o abre um espa\u00e7o perigoso: a rea\u00e7\u00e3o dos cart\u00e9is, atuais donos do neg\u00f3cio.<\/p>\n\n\n\n<p>Em 2020, autoridades mexicanas apreenderam 244 toneladas de maconha. Desde dezembro de 2006, quando o governo lan\u00e7ou uma ofensiva militar antidrogas, o M\u00e9xico acumula mais de 300 mil homic\u00eddios.<\/p>\n","protected":false},"excerpt":{"rendered":"<p>Na FSP &#8211; Lei para regulamentar consumo estava parada no Senado desde mar\u00e7o; pa\u00eds deve se tornar maior mercado da subst\u00e2ncia.<\/p>\n","protected":false},"author":1,"featured_media":0,"comment_status":"closed","ping_status":"open","sticky":false,"template":"","format":"standard","meta":{"_exactmetrics_skip_tracking":false,"_exactmetrics_sitenote_active":false,"_exactmetrics_sitenote_note":"","_exactmetrics_sitenote_category":0,"jetpack_post_was_ever_published":false,"_jetpack_newsletter_access":"","_jetpack_dont_email_post_to_subs":false,"_jetpack_newsletter_tier_id":0,"_jetpack_memberships_contains_paywalled_content":false,"_jetpack_memberships_contains_paid_content":false,"footnotes":"","jetpack_publicize_message":"","jetpack_publicize_feature_enabled":true,"jetpack_social_post_already_shared":true,"jetpack_social_options":{"image_generator_settings":{"template":"highway","enabled":false},"version":2}},"categories":[1],"tags":[],"class_list":["post-32343","post","type-post","status-publish","format-standard","hentry","category-notas"],"jetpack_publicize_connections":[],"jetpack_sharing_enabled":true,"jetpack_featured_media_url":"","jetpack_shortlink":"https:\/\/wp.me\/p7wKYW-8pF","jetpack-related-posts":[],"_links":{"self":[{"href":"http:\/\/blogdalucianaoliveira.com.br\/blog\/wp-json\/wp\/v2\/posts\/32343","targetHints":{"allow":["GET"]}}],"collection":[{"href":"http:\/\/blogdalucianaoliveira.com.br\/blog\/wp-json\/wp\/v2\/posts"}],"about":[{"href":"http:\/\/blogdalucianaoliveira.com.br\/blog\/wp-json\/wp\/v2\/types\/post"}],"author":[{"embeddable":true,"href":"http:\/\/blogdalucianaoliveira.com.br\/blog\/wp-json\/wp\/v2\/users\/1"}],"replies":[{"embeddable":true,"href":"http:\/\/blogdalucianaoliveira.com.br\/blog\/wp-json\/wp\/v2\/comments?post=32343"}],"version-history":[{"count":1,"href":"http:\/\/blogdalucianaoliveira.com.br\/blog\/wp-json\/wp\/v2\/posts\/32343\/revisions"}],"predecessor-version":[{"id":32345,"href":"http:\/\/blogdalucianaoliveira.com.br\/blog\/wp-json\/wp\/v2\/posts\/32343\/revisions\/32345"}],"wp:attachment":[{"href":"http:\/\/blogdalucianaoliveira.com.br\/blog\/wp-json\/wp\/v2\/media?parent=32343"}],"wp:term":[{"taxonomy":"category","embeddable":true,"href":"http:\/\/blogdalucianaoliveira.com.br\/blog\/wp-json\/wp\/v2\/categories?post=32343"},{"taxonomy":"post_tag","embeddable":true,"href":"http:\/\/blogdalucianaoliveira.com.br\/blog\/wp-json\/wp\/v2\/tags?post=32343"}],"curies":[{"name":"wp","href":"https:\/\/api.w.org\/{rel}","templated":true}]}}