{"id":32346,"date":"2021-06-29T08:58:02","date_gmt":"2021-06-29T12:58:02","guid":{"rendered":"http:\/\/blogdalucianaoliveira.com.br\/blog\/?p=32346"},"modified":"2021-06-29T08:58:08","modified_gmt":"2021-06-29T12:58:08","slug":"com-o-pais-a-beira-do-racionamento-taxa-extra-na-conta-de-luz-pode-ate-dobrar","status":"publish","type":"post","link":"http:\/\/blogdalucianaoliveira.com.br\/blog\/2021\/06\/29\/com-o-pais-a-beira-do-racionamento-taxa-extra-na-conta-de-luz-pode-ate-dobrar\/","title":{"rendered":"Com o pa\u00eds \u00e0 beira do racionamento, taxa extra na conta de luz pode at\u00e9 dobrar"},"content":{"rendered":"\n<figure class=\"wp-block-image size-large\"><img loading=\"lazy\" decoding=\"async\" width=\"1250\" height=\"600\" data-attachment-id=\"32347\" data-permalink=\"http:\/\/blogdalucianaoliveira.com.br\/blog\/2021\/06\/29\/com-o-pais-a-beira-do-racionamento-taxa-extra-na-conta-de-luz-pode-ate-dobrar\/00d5d59d-72f3-4ebf-95e0-dc1386f9e56c\/\" data-orig-file=\"https:\/\/i0.wp.com\/blogdalucianaoliveira.com.br\/blog\/wp-content\/uploads\/2021\/06\/00D5D59D-72F3-4EBF-95E0-DC1386F9E56C.jpeg?fit=1250%2C600\" data-orig-size=\"1250,600\" data-comments-opened=\"0\" data-image-meta=\"{&quot;aperture&quot;:&quot;0&quot;,&quot;credit&quot;:&quot;&quot;,&quot;camera&quot;:&quot;&quot;,&quot;caption&quot;:&quot;&quot;,&quot;created_timestamp&quot;:&quot;0&quot;,&quot;copyright&quot;:&quot;&quot;,&quot;focal_length&quot;:&quot;0&quot;,&quot;iso&quot;:&quot;0&quot;,&quot;shutter_speed&quot;:&quot;0&quot;,&quot;title&quot;:&quot;&quot;,&quot;orientation&quot;:&quot;0&quot;}\" data-image-title=\"00D5D59D-72F3-4EBF-95E0-DC1386F9E56C\" data-image-description=\"\" data-image-caption=\"\" data-medium-file=\"https:\/\/i0.wp.com\/blogdalucianaoliveira.com.br\/blog\/wp-content\/uploads\/2021\/06\/00D5D59D-72F3-4EBF-95E0-DC1386F9E56C.jpeg?fit=300%2C144\" data-large-file=\"https:\/\/i0.wp.com\/blogdalucianaoliveira.com.br\/blog\/wp-content\/uploads\/2021\/06\/00D5D59D-72F3-4EBF-95E0-DC1386F9E56C.jpeg?fit=600%2C288\" src=\"https:\/\/i1.wp.com\/blogdalucianaoliveira.com.br\/blog\/wp-content\/uploads\/2021\/06\/00D5D59D-72F3-4EBF-95E0-DC1386F9E56C.jpeg?fit=600%2C288\" alt=\"\" class=\"wp-image-32347\" srcset=\"https:\/\/i0.wp.com\/blogdalucianaoliveira.com.br\/blog\/wp-content\/uploads\/2021\/06\/00D5D59D-72F3-4EBF-95E0-DC1386F9E56C.jpeg?w=1250 1250w, https:\/\/i0.wp.com\/blogdalucianaoliveira.com.br\/blog\/wp-content\/uploads\/2021\/06\/00D5D59D-72F3-4EBF-95E0-DC1386F9E56C.jpeg?resize=300%2C144 300w, https:\/\/i0.wp.com\/blogdalucianaoliveira.com.br\/blog\/wp-content\/uploads\/2021\/06\/00D5D59D-72F3-4EBF-95E0-DC1386F9E56C.jpeg?resize=1024%2C492 1024w, https:\/\/i0.wp.com\/blogdalucianaoliveira.com.br\/blog\/wp-content\/uploads\/2021\/06\/00D5D59D-72F3-4EBF-95E0-DC1386F9E56C.jpeg?resize=768%2C369 768w, https:\/\/i0.wp.com\/blogdalucianaoliveira.com.br\/blog\/wp-content\/uploads\/2021\/06\/00D5D59D-72F3-4EBF-95E0-DC1386F9E56C.jpeg?resize=625%2C300 625w, https:\/\/i0.wp.com\/blogdalucianaoliveira.com.br\/blog\/wp-content\/uploads\/2021\/06\/00D5D59D-72F3-4EBF-95E0-DC1386F9E56C.jpeg?w=1200 1200w\" sizes=\"auto, (max-width: 600px) 100vw, 600px\" \/><\/figure>\n\n\n\n<p><strong>247 &#8211;<\/strong>&nbsp;A \u00e1rea t\u00e9cnica da Ag\u00eancia Nacional de Energia El\u00e9trica (Aneel) calcula que o novo patamar da bandeira vermelha n\u00edvel dois deve subir para algo entre R$ 11,50 e R$ 12,00 a cada 100 quilowatt-hora consumidos.&nbsp;<\/p>\n\n\n\n<!--more-->\n\n\n\n<p>Esse seria supostamente o valor necess\u00e1rio para cobrir todo o custo adicional do acionamento de termel\u00e9tricas ao longo do segundo semestre deste ano. A decis\u00e3o final ser\u00e1 tomada nesta ter\u00e7a-feira (29) em reuni\u00e3o p\u00fablica da Aneel, informa o\u00a0<a href=\"https:\/\/economia.estadao.com.br\/noticias\/geral,area-tecnica-da-aneel-propoe-quase-dobrar-taxa-extra-na-conta-de-luz-para-evitar-racionamento,70003762513\"><strong>Estado de S.Paulo<\/strong><\/a>.<\/p>\n\n\n\n<p>A bandeira vermelha n\u00edvel 2 est\u00e1 hoje em R$ 6,24 a cada 100 quilowatts-hora (kWh). Inicialmente, a proposta da Aneel era um reajuste para R$ 7,57 por 100 kWh, de at\u00e9 21%. Mas no \u00faltimo dia 15, em audi\u00eancia p\u00fablica na Comiss\u00e3o de Minas e Energia da C\u00e2mara, o diretor-geral da Aneel, Andr\u00e9 Pepitone, j\u00e1 havia afirmado que o reajuste iria ultrapassar os 20%.&nbsp;<\/p>\n\n\n\n<p>O setor el\u00e9trico passa por um momento cr\u00edtico in\u00e9dito. O governo publicou nesta segunda-feira (28), uma medida provis\u00f3ria (MP) que d\u00e1 poderes excepcionais para o enfrentamento da crise h\u00eddrica ao ministro de Minas e Energia, Bento Albuquerque.&nbsp;<\/p>\n","protected":false},"excerpt":{"rendered":"<p>247 &#8211;&nbsp;A \u00e1rea t\u00e9cnica da Ag\u00eancia Nacional de Energia El\u00e9trica (Aneel) calcula que o novo patamar da bandeira vermelha n\u00edvel dois deve subir para algo entre R$ 11,50 e R$ 12,00 a cada 100 quilowatt-hora consumidos.&nbsp;<\/p>\n","protected":false},"author":1,"featured_media":0,"comment_status":"closed","ping_status":"open","sticky":false,"template":"","format":"standard","meta":{"_exactmetrics_skip_tracking":false,"_exactmetrics_sitenote_active":false,"_exactmetrics_sitenote_note":"","_exactmetrics_sitenote_category":0,"jetpack_post_was_ever_published":false,"_jetpack_newsletter_access":"","_jetpack_dont_email_post_to_subs":false,"_jetpack_newsletter_tier_id":0,"_jetpack_memberships_contains_paywalled_content":false,"_jetpack_memberships_contains_paid_content":false,"footnotes":"","jetpack_publicize_message":"","jetpack_publicize_feature_enabled":true,"jetpack_social_post_already_shared":true,"jetpack_social_options":{"image_generator_settings":{"template":"highway","enabled":false},"version":2}},"categories":[1],"tags":[],"class_list":["post-32346","post","type-post","status-publish","format-standard","hentry","category-notas"],"jetpack_publicize_connections":[],"jetpack_sharing_enabled":true,"jetpack_featured_media_url":"","jetpack_shortlink":"https:\/\/wp.me\/p7wKYW-8pI","jetpack-related-posts":[],"_links":{"self":[{"href":"http:\/\/blogdalucianaoliveira.com.br\/blog\/wp-json\/wp\/v2\/posts\/32346","targetHints":{"allow":["GET"]}}],"collection":[{"href":"http:\/\/blogdalucianaoliveira.com.br\/blog\/wp-json\/wp\/v2\/posts"}],"about":[{"href":"http:\/\/blogdalucianaoliveira.com.br\/blog\/wp-json\/wp\/v2\/types\/post"}],"author":[{"embeddable":true,"href":"http:\/\/blogdalucianaoliveira.com.br\/blog\/wp-json\/wp\/v2\/users\/1"}],"replies":[{"embeddable":true,"href":"http:\/\/blogdalucianaoliveira.com.br\/blog\/wp-json\/wp\/v2\/comments?post=32346"}],"version-history":[{"count":1,"href":"http:\/\/blogdalucianaoliveira.com.br\/blog\/wp-json\/wp\/v2\/posts\/32346\/revisions"}],"predecessor-version":[{"id":32348,"href":"http:\/\/blogdalucianaoliveira.com.br\/blog\/wp-json\/wp\/v2\/posts\/32346\/revisions\/32348"}],"wp:attachment":[{"href":"http:\/\/blogdalucianaoliveira.com.br\/blog\/wp-json\/wp\/v2\/media?parent=32346"}],"wp:term":[{"taxonomy":"category","embeddable":true,"href":"http:\/\/blogdalucianaoliveira.com.br\/blog\/wp-json\/wp\/v2\/categories?post=32346"},{"taxonomy":"post_tag","embeddable":true,"href":"http:\/\/blogdalucianaoliveira.com.br\/blog\/wp-json\/wp\/v2\/tags?post=32346"}],"curies":[{"name":"wp","href":"https:\/\/api.w.org\/{rel}","templated":true}]}}