{"id":32349,"date":"2021-06-29T17:20:08","date_gmt":"2021-06-29T21:20:08","guid":{"rendered":"http:\/\/blogdalucianaoliveira.com.br\/blog\/?p=32349"},"modified":"2021-06-29T17:20:13","modified_gmt":"2021-06-29T21:20:13","slug":"cpi-da-covid-quem-e-quem-no-escandalo-covaxin","status":"publish","type":"post","link":"http:\/\/blogdalucianaoliveira.com.br\/blog\/2021\/06\/29\/cpi-da-covid-quem-e-quem-no-escandalo-covaxin\/","title":{"rendered":"CPI da Covid: Quem \u00e9 quem no esc\u00e2ndalo Covaxin"},"content":{"rendered":"\n<figure class=\"wp-block-image\"><img data-recalc-dims=\"1\" decoding=\"async\" src=\"https:\/\/i0.wp.com\/s2.glbimg.com\/LNhnk_VaMsk77tLUdYzDnXirotc%3D\/0x0%3A800x450\/984x0\/smart\/filters%3Astrip_icc%28%29\/i.s3.glbimg.com\/v1\/AUTH_59edd422c0c84a879bd37670ae4f538a\/internal_photos\/bs\/2021\/R\/n\/Dkx7erRyANRIrBaZD2zQ\/montagem.jpg?w=600&#038;ssl=1\" alt=\"Montagem de fotos, da esquerda para a direita, de Luis Miranda, Ricardo Barros, Jair Bolsonaro e Luis Ricardo Miranda \u2014 Foto: Ag\u00eancia Senado \/ Reuters \/ C\u00e2mara dos Deputados\"\/><\/figure>\n\n\n\n<h4 class=\"wp-block-heading\">No G1 &#8211; Senadores e MPF investigam se houve irregularidades na compra da vacina indiana. Den\u00fancias envolvem o presidente da Rep\u00fablica, seu l\u00edder de governo na C\u00e2mara, outro deputado, um servidor, um empres\u00e1rio e dois militares.<\/h4>\n\n\n\n<!--more-->\n\n\n\n<p>Dois meses depois de ser instalada, a CPI da Covid entra em uma nova fase, como dizem os pr\u00f3prios senadores, e deve voltar-se mais para a investiga\u00e7\u00e3o de um suposto esquema de corrup\u00e7\u00e3o na compra da vacina indiana Covaxin pelo governo de Jair Bolsonaro (sem partido).<\/p>\n\n\n\n<p>O Planalto nega as acusa\u00e7\u00f5es de que a aquisi\u00e7\u00e3o de 20 milh\u00f5es de doses desse imunizante, no valor total de R$ 1,6 bilh\u00e3o, teria sido superfaturada em 1000%.<\/p>\n\n\n\n<p>Documentos obtidos pela CPI mostram que o valor contratado pelo governo brasileiro, de US$ 15 por vacina (R$ 80,70), ficou bem acima do pre\u00e7o inicialmente previsto pela empresa Bharat Biotech, de US$ 1,34 por dose.<\/p>\n\n\n\n<p>A compra n\u00e3o foi finalizada porque o esc\u00e2ndalo estourou antes.<\/p>\n\n\n\n<p>A aquisi\u00e7\u00e3o da Covaxin chama aten\u00e7\u00e3o porque a recusa do imunizante da Pfizer pelo governo federal se deu porque o pre\u00e7o seria alto demais, mas a dose da Covaxin saiu por US$ 5 a mais.<\/p>\n\n\n\n<p>J\u00e1 a recusa da CoronaVac teria se dado porque essa vacina n\u00e3o teria sido ainda na \u00e9poca aprovada pela Ag\u00eancia de Vigil\u00e2ncia Sanit\u00e1ria (Anvisa), mas o contrato da Covaxin foi fechado sem a aprova\u00e7\u00e3o.<\/p>\n\n\n\n<p>A CPI e o Minist\u00e9rio P\u00fablico Federal (MPF) agora investigam se houve irregularidades nessa negocia\u00e7\u00e3o, como apontam as den\u00fancias, que envolvem o presidente da Rep\u00fablica, o l\u00edder do seu governo na C\u00e2mara, outro deputado federal, um servidor, um empres\u00e1rio e dois militares.<br><\/p>\n\n\n\n<h2 class=\"wp-block-heading\">Entenda a seguir quem s\u00e3o eles \u2014 at\u00e9 agora<\/h2>\n\n\n\n<ul class=\"wp-block-list\"><li><strong>Luis Ricardo Miranda, servidor do Minist\u00e9rio da Sa\u00fade<\/strong><\/li><\/ul>\n\n\n\n<p>Foi quem identificou e denunciou as supostas irregularidades na compra da Covaxin pelo governo federal.<\/p>\n\n\n\n<p>\u00c9 servidor de carreira do Minist\u00e9rio da Sa\u00fade e trabalha atualmente como coordenador de importa\u00e7\u00e3o no Departamento de Log\u00edstica em Sa\u00fade.<\/p>\n\n\n\n<p>Luis Ricardo Miranda disse em depoimento ao Minist\u00e9rio P\u00fablico Federal em 31 de mar\u00e7o que sofreu press\u00e3o para assinar o contrato.<\/p>\n\n\n\n<p>Tamb\u00e9m teria apresentado provas ao presidente Jair Bolsonaro em uma reuni\u00e3o no Pal\u00e1cio do Planalto \u2014 o encontro, em 20 de mar\u00e7o, foi registrado com fotos.<\/p>\n\n\n\n<p>O servidor foi chamado para depor na CPI em 25 de junho, onde reafirmou suas suspeitas de que a compra da Covaxin \u00e9 parte de um esquema de corrup\u00e7\u00e3o.<\/p>\n\n\n\n<p>&#8220;Meu cargo n\u00e3o \u00e9 de indica\u00e7\u00e3o pol\u00edtica, n\u00e3o sou filiado a nenhum partido. Meu partido \u00e9 o SUS. Eu trabalho em defesa do interesse p\u00fablico&#8221;, afirmou na ocasi\u00e3o.<\/p>\n\n\n\n<p>Dois dias depois, segundo ele, seu acesso aos sistemas internos do Minist\u00e9rio da Sa\u00fade teria sido bloqueado.<\/p>\n\n\n\n<ul class=\"wp-block-list\"><li><strong>Luis Carlos Miranda, deputado federal<\/strong><\/li><\/ul>\n\n\n\n<p>\u00c9 irm\u00e3o de Luis Ricardo e est\u00e1 \u00e0 frente da den\u00fancia junto com ele.<\/p>\n\n\n\n<p>Miranda era youtuber e vivia em Miami. Ficou conhecido ao dar dicas de como empreender e fixar resid\u00eancia nos Estados Unidos.<\/p>\n\n\n\n<p>O empres\u00e1rio foi eleito deputado federal em 2018 pelo Democratas (DEM) no Distrito Federal.<\/p>\n\n\n\n<p>Ele diz que foi alertado pelo irm\u00e3o de que havia problemas na negocia\u00e7\u00e3o da Covaxin.<\/p>\n\n\n\n<p>Os dois afirmam que procuraram Bolsonaro e fizeram a den\u00fancia. Segundo eles, o presidente teria dito que pediria \u00e0 Pol\u00edcia Federal para investigar o caso.<\/p>\n\n\n\n<p>At\u00e9 aqui, Luis Carlos Miranda era alinhado ao governo federal, mas agora diz que est\u00e1 sendo amea\u00e7ado pelo Planalto \u2014 por causa da den\u00fancia, o ministro Onyx Lorenzoni (DEM-RS) disse que ele e seu irm\u00e3o teriam de se entender &#8220;n\u00e3o s\u00f3 com Deus, mas com a gente tamb\u00e9m&#8221;.<br><\/p>\n\n\n\n<p>O deputado \u00e9 ele pr\u00f3prio alvo de den\u00fancias de compra de votos em 2018 (a den\u00fancia foi rejeitada pela Justi\u00e7a), de estelionato (a a\u00e7\u00e3o foi extinta por iniciativa da v\u00edtima) e de fraude (por meio de seus neg\u00f3cios no Brasil e nos Estados Unidos; ele nega as acusa\u00e7\u00f5es).<\/p>\n\n\n\n<ul class=\"wp-block-list\"><li><strong>Ricardo Barros, deputado federal<\/strong><\/li><\/ul>\n\n\n\n<p>\u00c9 acusado de ser o chefe do esquema de corrup\u00e7\u00e3o por tr\u00e1s da compra da Covaxin.<\/p>\n\n\n\n<p>Ap\u00f3s bastante press\u00e3o dos senadores na CPI, Luis Miranda disse que seu nome foi citado por Bolsonaro como o respons\u00e1vel, ap\u00f3s o presidente ouvir a den\u00fancia das irregularidades.<\/p>\n\n\n\n<p>O deputado federal do Paran\u00e1 pelo Progressistas (PP) \u00e9 um dos principais nomes do Centr\u00e3o, bloco informal da C\u00e2mara que garante a sustenta\u00e7\u00e3o pol\u00edtica do presidente hoje.<\/p>\n\n\n\n<p>\u00c9 figura antiga dos altos escal\u00f5es de Bras\u00edlia. Est\u00e1 h\u00e1 mais de 20 anos no Congresso e chegou a ter seu mandato cassado em 2018 por compra de votos. A senten\u00e7a foi anulada tr\u00eas meses depois.<\/p>\n\n\n\n<p>Barros fez parte da base de quatro presidentes \u2014 FHC, Lula, Dilma e Temer \u2014 antes de ser o l\u00edder do governo Bolsonaro no Congresso.<\/p>\n\n\n\n<p>Mais recentemente, foi ministro da Sa\u00fade de Temer, e hoje \u00e9 investigado pelo MPF por causa da compra supostamente fraudulenta de R$ 20 milh\u00f5es em medicamentos para doen\u00e7as raras da empresa Global Gest\u00e3o de Sa\u00fade.<\/p>\n\n\n\n<p>O deputado nega essa e outras acusa\u00e7\u00f5es, como a de que teria recebido propina pela contrata\u00e7\u00e3o de uma empresa de energia e\u00f3lica no Paran\u00e1 ou tentado interferir numa licita\u00e7\u00e3o de servi\u00e7os de publicidade da Prefeitura de Maring\u00e1.<\/p>\n\n\n\n<p>Agora, segundo os irm\u00e3os Miranda, Barros estaria se beneficiando ilegalmente da compra da Covaxin.<\/p>\n\n\n\n<ul class=\"wp-block-list\"><li><strong>Francisco Maximiano, dono da Precisa<\/strong><\/li><\/ul>\n\n\n\n<p>\u00c9 uma figura central do esc\u00e2ndalo.<\/p>\n\n\n\n<p>Maximiano \u00e9 s\u00f3cio-administrador da Precisa Medicamentos, empresa que representa a Bharat Biotech, fabricante da Covaxin, no Brasil, e que intermediou a compra da vacina pelo governo federal.<br><\/p>\n\n\n\n<p>Documentos da CPI mostram que a Precisa cobrou urg\u00eancia do Minist\u00e9rio da Sa\u00fade para acelerar a celebra\u00e7\u00e3o do contrato. H\u00e1 suspeitas de que a companhia tenha sido favorecida.<\/p>\n\n\n\n<p>A Precisa diz que a compra foi legal e seguiu os padr\u00f5es da Bharat Biotech em negocia\u00e7\u00f5es com outros pa\u00edses. A Bharat Biotech diz que as doses do imunizante s\u00e3o vendidas ao exterior a valores compat\u00edveis com o que foi aceito pelo governo brasileiro.<\/p>\n\n\n\n<p>Maximiano tamb\u00e9m \u00e9 presidente da Global Gest\u00e3o de Sa\u00fade, empresa investigada por fraude na compra de medicamentos pela Sa\u00fade durante a gest\u00e3o de Ricardo Barros.<\/p>\n\n\n\n<p>Ele teve seu sigilo banc\u00e1rio e telef\u00f4nico quebrado pela CPI, decis\u00e3o que foi mantida pelo STF, e tamb\u00e9m foi convocado para depor.<\/p>\n\n\n\n<p>Isso estava previsto para ocorrer em 23 de junho, mas o empres\u00e1rio alegou ter chegado de uma viagem \u00e0 \u00cdndia no dia 15 e que teria de fazer quarentena por duas semanas. Seu depoimento foi remarcado para 1\u00ba de julho.<\/p>\n\n\n\n<p>O empres\u00e1rio pediu um habeas corpus ao Supremo Tribunal Federal (STF) para poder ficar em sil\u00eancio e se retirar da sess\u00e3o &#8220;caso seja alvo de condutas vexat\u00f3rias no decorrer de sua inquiri\u00e7\u00e3o&#8221;. A Corte ainda n\u00e3o se manifestou.<\/p>\n\n\n\n<ul class=\"wp-block-list\"><li><strong>Jair Bolsonaro, presidente da Rep\u00fablica<\/strong><\/li><\/ul>\n\n\n\n<p>\u00c9 acusado pela oposi\u00e7\u00e3o de ter cometido o crime de prevarica\u00e7\u00e3o (quando um funcion\u00e1rio p\u00fablico &#8220;retarda ou deixa de praticar, indevidamente, ato de of\u00edcio, ou pratic\u00e1-lo contra disposi\u00e7\u00e3o expressa de lei, para satisfazer interesse ou sentimento pessoal&#8221;) porque ele n\u00e3o teria mandado investigar a den\u00fancia dos irm\u00e3os Miranda.<\/p>\n\n\n\n<p>S\u00f3 ap\u00f3s tudo vir \u00e0 tona que o presidente teria pedido \u00e0 PF para abrir um inqu\u00e9rito.<\/p>\n\n\n\n<p>A PF tamb\u00e9m vai investigar Luis Carlos e Luis Ricardo Miranda a pedido de Bolsonaro, segundo Onyx Lorenzoni.<\/p>\n\n\n\n<p>Bolsonaro diz que seu governo n\u00e3o fez nada de errado porque n\u00e3o teria havido superfaturamento das doses negociadas nem teria sido &#8220;gasto um real&#8221; de fato com elas. At\u00e9 o momento, as vacinas n\u00e3o foram entregues, nem os valores foram pagos.<br><\/p>\n\n\n\n<p>Ele disse ainda que n\u00e3o tem como saber em detalhes de tudo que acontece nos minist\u00e9rios e que confia nos seus ministros para que eles fa\u00e7am um bom trabalho.<\/p>\n\n\n\n<p>Mas os senadores Randolfe Rodrigues (Rede-AP), Fabiano Contarato (Rede-ES) e Jorge Kajuru (Podemos-GO) discordam e apresentaram ao Supremo Tribunal Federal (STF) uma not\u00edcia-crime solicitando que o procurador-geral da Rep\u00fablica, Augusto Aras, apresente uma den\u00fancia contra Bolsonaro.<\/p>\n\n\n\n<p>O presidente afirma que tudo n\u00e3o passa de desespero da oposi\u00e7\u00e3o para imputar a seu governo a pecha de corrupto \u2014 o combate \u00e0 corrup\u00e7\u00e3o foi uma das bandeiras que o levou ao Planalto.<\/p>\n\n\n\n<p>&#8220;Eu sou incorrupt\u00edvel&#8221;, Bolsonaro tem repetido nos \u00faltimos tempos.<\/p>\n\n\n\n<ul class=\"wp-block-list\"><li><strong>Eduardo Pazuello, ex-ministro da Sa\u00fade<\/strong><\/li><\/ul>\n\n\n\n<p>O general era o respons\u00e1vel pelo Minist\u00e9rio da Sa\u00fade quando a compra da Covaxin foi negociada e fechada.<\/p>\n\n\n\n<p>Os senadores governistas Marcos Rog\u00e9rio (DEM-RO) e Jorginho Mello (PL-SC) disseram que Bolsonaro teria pedido a Pazuello que ele investigasse a den\u00fancia de corrup\u00e7\u00e3o.<\/p>\n\n\n\n<p>&#8220;Como n\u00e3o tinha nada de errado, a coisa continuou&#8221;, disse Mello.<\/p>\n\n\n\n<p>Mas, no dia da reuni\u00e3o entre os irm\u00e3os Miranda e o presidente, Pazuello j\u00e1 havia sido demitido e aguardava apenas a nomea\u00e7\u00e3o de seu substituto, Marcelo Queiroga, o que ocorreu tr\u00eas dias depois.<\/p>\n\n\n\n<p>Luis Carlos Miranda disse que chegou a conversar com Pazuello sobre o caso e que o ministro teria reconhecido que havia corrup\u00e7\u00e3o na pasta.<\/p>\n\n\n\n<p>Mas, segundo o deputado, o ex-ministro disse que n\u00e3o poderia agir porque estava prestes a deixar o cargo.<\/p>\n\n\n\n<p>Pazuello n\u00e3o ficou muito tempo fora do governo: foi nomeado secret\u00e1rio da Presid\u00eancia em 1\u00ba de junho.<\/p>\n\n\n\n<p>O general j\u00e1 dep\u00f4s \u00e0 CPI, mas h\u00e1 senadores que querem reconvoc\u00e1-lo ap\u00f3s essa den\u00fancia vir \u00e0 tona. Ele ainda n\u00e3o se manifestou publicamente sobre o assunto.<\/p>\n\n\n\n<ul class=\"wp-block-list\"><li><strong>Alex Lial Marinho, ex-coordenador do Minist\u00e9rio da Sa\u00fade<\/strong><\/li><\/ul>\n\n\n\n<p>O tenente-coronel era auxiliar de Pazuello e teria sido ele, segundo os irm\u00e3os Miranda, que teria pressionado pela compra da Covaxin.<\/p>\n\n\n\n<p>Marinho era coordenador-geral de Log\u00edstica de Insumos Estrat\u00e9gicos. Foi nomeado em maio de 2019, quando Pazuello era ainda ministro interino, e foi exonerado por Marcelo Queiroga em 8 de junho.<\/p>\n\n\n\n<p>A CPI da Covid convocou o militar para prestar esclarecimentos e quebrou seu sigilo fiscal, telef\u00f4nico, telem\u00e1tico e banc\u00e1rio.<\/p>\n\n\n\n<p>Seu depoimento ainda n\u00e3o tem data para ocorrer.<\/p>\n\n\n\n<ul class=\"wp-block-list\"><li><strong>\u00c9lcio Franco, ex-secret\u00e1rio-executivo do Minist\u00e9rio da Sa\u00fade<\/strong><\/li><\/ul>\n\n\n\n<p>O coronel era o chefe de Alex Marinho e o n\u00famero 2 da Sa\u00fade sob Pazuello.<\/p>\n\n\n\n<p>Foi o respons\u00e1vel por diversas decis\u00f5es estrat\u00e9gicas, entre elas a compra de vacinas \u2014 o que lhe rendeu uma convoca\u00e7\u00e3o para depor na CPI, ocorrida em 9 de junho.<\/p>\n\n\n\n<p>Franco foi exonerado em mar\u00e7o junto com o general, mas depois nomeado assessor especial da Casa Civil.<\/p>\n\n\n\n<p>Foi ele quem saiu em defesa do governo Bolsonaro, ao lado de Onyx Lorenzoni, em uma coletiva de impresa.<\/p>\n\n\n\n<p>Na ocasi\u00e3o, afirmou que os documentos apresentados pelos irm\u00e3os Miranda n\u00e3o batem com aqueles em posse do Minist\u00e9rio da Sa\u00fade.<br><\/p>\n\n\n\n<p><a rel=\"noreferrer noopener\" href=\"http:\/\/www.bbc.com\/portuguese\" target=\"_blank\"><br> <\/a><\/p>\n","protected":false},"excerpt":{"rendered":"<p>No G1 &#8211; Senadores e MPF investigam se houve irregularidades na compra da vacina indiana. Den\u00fancias envolvem o presidente da Rep\u00fablica, seu l\u00edder de governo na C\u00e2mara, outro deputado, um servidor, um empres\u00e1rio e dois militares.<\/p>\n","protected":false},"author":1,"featured_media":0,"comment_status":"closed","ping_status":"open","sticky":false,"template":"","format":"standard","meta":{"_exactmetrics_skip_tracking":false,"_exactmetrics_sitenote_active":false,"_exactmetrics_sitenote_note":"","_exactmetrics_sitenote_category":0,"jetpack_post_was_ever_published":false,"_jetpack_newsletter_access":"","_jetpack_dont_email_post_to_subs":false,"_jetpack_newsletter_tier_id":0,"_jetpack_memberships_contains_paywalled_content":false,"_jetpack_memberships_contains_paid_content":false,"footnotes":"","jetpack_publicize_message":"","jetpack_publicize_feature_enabled":true,"jetpack_social_post_already_shared":true,"jetpack_social_options":{"image_generator_settings":{"template":"highway","enabled":false},"version":2}},"categories":[1],"tags":[],"class_list":["post-32349","post","type-post","status-publish","format-standard","hentry","category-notas"],"jetpack_publicize_connections":[],"jetpack_sharing_enabled":true,"jetpack_featured_media_url":"","jetpack_shortlink":"https:\/\/wp.me\/p7wKYW-8pL","jetpack-related-posts":[],"_links":{"self":[{"href":"http:\/\/blogdalucianaoliveira.com.br\/blog\/wp-json\/wp\/v2\/posts\/32349","targetHints":{"allow":["GET"]}}],"collection":[{"href":"http:\/\/blogdalucianaoliveira.com.br\/blog\/wp-json\/wp\/v2\/posts"}],"about":[{"href":"http:\/\/blogdalucianaoliveira.com.br\/blog\/wp-json\/wp\/v2\/types\/post"}],"author":[{"embeddable":true,"href":"http:\/\/blogdalucianaoliveira.com.br\/blog\/wp-json\/wp\/v2\/users\/1"}],"replies":[{"embeddable":true,"href":"http:\/\/blogdalucianaoliveira.com.br\/blog\/wp-json\/wp\/v2\/comments?post=32349"}],"version-history":[{"count":1,"href":"http:\/\/blogdalucianaoliveira.com.br\/blog\/wp-json\/wp\/v2\/posts\/32349\/revisions"}],"predecessor-version":[{"id":32350,"href":"http:\/\/blogdalucianaoliveira.com.br\/blog\/wp-json\/wp\/v2\/posts\/32349\/revisions\/32350"}],"wp:attachment":[{"href":"http:\/\/blogdalucianaoliveira.com.br\/blog\/wp-json\/wp\/v2\/media?parent=32349"}],"wp:term":[{"taxonomy":"category","embeddable":true,"href":"http:\/\/blogdalucianaoliveira.com.br\/blog\/wp-json\/wp\/v2\/categories?post=32349"},{"taxonomy":"post_tag","embeddable":true,"href":"http:\/\/blogdalucianaoliveira.com.br\/blog\/wp-json\/wp\/v2\/tags?post=32349"}],"curies":[{"name":"wp","href":"https:\/\/api.w.org\/{rel}","templated":true}]}}