{"id":32351,"date":"2021-06-29T20:17:47","date_gmt":"2021-06-30T00:17:47","guid":{"rendered":"http:\/\/blogdalucianaoliveira.com.br\/blog\/?p=32351"},"modified":"2021-06-29T20:17:49","modified_gmt":"2021-06-30T00:17:49","slug":"carta-pede-que-stf-rejeite-tese-de-marco-temporal-que-inviabiliza-demarcacao-de-terras-indigenas","status":"publish","type":"post","link":"http:\/\/blogdalucianaoliveira.com.br\/blog\/2021\/06\/29\/carta-pede-que-stf-rejeite-tese-de-marco-temporal-que-inviabiliza-demarcacao-de-terras-indigenas\/","title":{"rendered":"Carta pede que STF rejeite tese de \u2018marco temporal\u2019 que inviabiliza demarca\u00e7\u00e3o de Terras Ind\u00edgenas"},"content":{"rendered":"\n<figure class=\"wp-block-image size-large\"><img loading=\"lazy\" decoding=\"async\" width=\"1200\" height=\"754\" data-attachment-id=\"32352\" data-permalink=\"http:\/\/blogdalucianaoliveira.com.br\/blog\/2021\/06\/29\/carta-pede-que-stf-rejeite-tese-de-marco-temporal-que-inviabiliza-demarcacao-de-terras-indigenas\/7974184d-d980-406b-96ff-0b3704187c9a\/\" data-orig-file=\"https:\/\/i0.wp.com\/blogdalucianaoliveira.com.br\/blog\/wp-content\/uploads\/2021\/06\/7974184D-D980-406B-96FF-0B3704187C9A.jpeg?fit=1200%2C754\" data-orig-size=\"1200,754\" data-comments-opened=\"0\" data-image-meta=\"{&quot;aperture&quot;:&quot;0&quot;,&quot;credit&quot;:&quot;&quot;,&quot;camera&quot;:&quot;&quot;,&quot;caption&quot;:&quot;&quot;,&quot;created_timestamp&quot;:&quot;0&quot;,&quot;copyright&quot;:&quot;&quot;,&quot;focal_length&quot;:&quot;0&quot;,&quot;iso&quot;:&quot;0&quot;,&quot;shutter_speed&quot;:&quot;0&quot;,&quot;title&quot;:&quot;&quot;,&quot;orientation&quot;:&quot;0&quot;}\" data-image-title=\"7974184D-D980-406B-96FF-0B3704187C9A\" data-image-description=\"\" data-image-caption=\"\" data-medium-file=\"https:\/\/i0.wp.com\/blogdalucianaoliveira.com.br\/blog\/wp-content\/uploads\/2021\/06\/7974184D-D980-406B-96FF-0B3704187C9A.jpeg?fit=300%2C189\" data-large-file=\"https:\/\/i0.wp.com\/blogdalucianaoliveira.com.br\/blog\/wp-content\/uploads\/2021\/06\/7974184D-D980-406B-96FF-0B3704187C9A.jpeg?fit=600%2C377\" src=\"https:\/\/i0.wp.com\/blogdalucianaoliveira.com.br\/blog\/wp-content\/uploads\/2021\/06\/7974184D-D980-406B-96FF-0B3704187C9A.jpeg?fit=600%2C377\" alt=\"\" class=\"wp-image-32352\" srcset=\"https:\/\/i0.wp.com\/blogdalucianaoliveira.com.br\/blog\/wp-content\/uploads\/2021\/06\/7974184D-D980-406B-96FF-0B3704187C9A.jpeg?w=1200 1200w, https:\/\/i0.wp.com\/blogdalucianaoliveira.com.br\/blog\/wp-content\/uploads\/2021\/06\/7974184D-D980-406B-96FF-0B3704187C9A.jpeg?resize=300%2C189 300w, https:\/\/i0.wp.com\/blogdalucianaoliveira.com.br\/blog\/wp-content\/uploads\/2021\/06\/7974184D-D980-406B-96FF-0B3704187C9A.jpeg?resize=1024%2C643 1024w, https:\/\/i0.wp.com\/blogdalucianaoliveira.com.br\/blog\/wp-content\/uploads\/2021\/06\/7974184D-D980-406B-96FF-0B3704187C9A.jpeg?resize=768%2C483 768w, https:\/\/i0.wp.com\/blogdalucianaoliveira.com.br\/blog\/wp-content\/uploads\/2021\/06\/7974184D-D980-406B-96FF-0B3704187C9A.jpeg?resize=477%2C300 477w\" sizes=\"auto, (max-width: 600px) 100vw, 600px\" \/><\/figure>\n\n\n\n<p><strong>Rede Brasil Atual <\/strong> \u2013 Abaixo-assinado pela causa ind\u00edgena busca assinaturas para pressionar ministros do Supremo Tribunal Federal a rejeitar nesta quarta (30) a tese do \u201cmarco temporal\u201d. Artistas como Daniela Mercury, Dira Paes, Criolo, Ant\u00f4nio Pitanga, Bruno Gagliasso e Arnaldo Antunes j\u00e1 assinaram (<a rel=\"noreferrer noopener\" href=\"https:\/\/docs.google.com\/forms\/d\/e\/1FAIpQLSfgcRNcPlAoJY4W41DbUv1YMRX0jOCHtbFUOoWEp9j5JiWcvA\/viewform\" target=\"_blank\">saiba como<\/a>). A tese restringe direitos constitucionais dos povos ind\u00edgenas e por isso atende interesse de ruralistas e mineradoras que d\u00e3o suporte ao governo de Jair Bolsonaro. Nessa interpreta\u00e7\u00e3o, s\u00f3 teriam direito a demarca\u00e7\u00e3o aqueles que estivessem com a posse da terra \u2013 ou disputando na Justi\u00e7a \u2013 em 5 de outubro de 1988. Isso, claro, se puderem comprovar.\u00a0<\/p>\n\n\n\n<!--more-->\n\n\n\n<p>A tese do \u201cmarco temporal\u201d embasa a defesa do Instituto do Meio Ambiente de Santa Catarina (IMA) contra a Funda\u00e7\u00e3o Nacional do \u00cdndio (Funai) e ind\u00edgenas do povo Xokleng, em processo de reintegra\u00e7\u00e3o de posse.&nbsp;<\/p>\n\n\n\n<h2 class=\"wp-block-heading\">Direito origin\u00e1rio \u00e0 terra<\/h2>\n\n\n\n<p>Na dire\u00e7\u00e3o oposta h\u00e1 a \u201cteoria do indigenato\u201d, aceita desde o per\u00edodo colonial, que reconhece o direito dos povos sobre suas terras como origin\u00e1rio, ou seja, anterior ao pr\u00f3prio Estado. A Constitui\u00e7\u00e3o Federal de 1988 segue essa tradi\u00e7\u00e3o e garante aos ind\u00edgenas \u201cos direitos origin\u00e1rios sobre as terras que tradicionalmente ocupam\u201d.&nbsp;<\/p>\n\n\n\n<p>O STF j\u00e1 reconheceu o pleito do \u00f3rg\u00e3o catarinense como uma Recurso Extraordin\u00e1rio de Repercuss\u00e3o Geral \u2013 RE-RG 1.017.365. Assim, a decis\u00e3o dos ministros valer\u00e1 para casos semelhantes em disputa no pa\u00eds.\u00a0<\/p>\n\n\n\n<p>A expectativa do Conselho Indigenista Mission\u00e1rio (Cimi) \u00e9 que o STF reafirme o car\u00e1ter origin\u00e1rio dos direitos ind\u00edgenas. Desse modo, recha\u00e7ar\u00e1 definitivamente a tese do marco temporal, evcentenas de conflitos em todo o pa\u00eds ter\u00e3o o caminho aberto para sua solu\u00e7\u00e3o. Do mesmo modo, dezenas de processos judiciais poder\u00e3o ser rapidamente resolvidos. Isso porque as 310 terras ind\u00edgenas que est\u00e3o estagnadas em alguma etapa do processo de demarca\u00e7\u00e3o j\u00e1 n\u00e3o teriam, em tese, nenhum impedimento para que seus processos administrativos fossem conclu\u00eddos.<\/p>\n\n\n\n<h2 class=\"wp-block-heading\">Solu\u00e7\u00e3o na demarca\u00e7\u00e3o<\/h2>\n\n\n\n<p>Segundo a Articula\u00e7\u00e3o dos Povos Ind\u00edgenas do Brasil (Apib), h\u00e1 atualmente no Brasil 305 povos ind\u00edgenas, falando mais de 274 l\u00ednguas. E outros 114 povos ind\u00edgenas isolados e de recente contato, habitando 1.298 terras ind\u00edgenas, sendo 408 homologadas e 829 em processo de regulariza\u00e7\u00e3o e\/ou reivindicadas.&nbsp;<\/p>\n\n\n\n<p>\u201cNeste contexto atual, os povos ind\u00edgenas sofrem com v\u00e1rias demandas sociais. Entre elas, falta de demarca\u00e7\u00e3o de suas terras, alto \u00edndice de invas\u00f5es por parte de madeireiros e garimpeiros ilegais, as queimadas criminosas, alto \u00edndice de suic\u00eddio, desassist\u00eancia \u00e0 sa\u00fade e \u00e0 educa\u00e7\u00e3o espec\u00edfica, processo de criminaliza\u00e7\u00e3o e encarceramento de ind\u00edgenas, mortalidade infantil, e assassinato sist\u00eamico de lideran\u00e7as ind\u00edgenas\u201d, diz trecho de carta entregue h\u00e1 uma semana ao presidente do STF, ministro Luiz Fux. Segundo o documento, esse contexto decorre do processo de perda de terra que se deu de maneira diferente em rela\u00e7\u00e3o a cada povo.<\/p>\n\n\n\n<p>\u201cViolar os direitos origin\u00e1rios territoriais ind\u00edgenas \u00e9 afrontar a vontade Constituinte, a Carta Magna e o Supremo Tribunal Federal, a quem foi confiada a Guarda Constitucional\u201d, diz a Apib, em outro trecho. \u201cDesde o in\u00edcio de 2019, o governo federal paralisou integralmente todos os processos de demarca\u00e7\u00e3o de terras em curso no Brasil.\u201d<\/p>\n\n\n\n<p>Para o Cimi, se o STF optar pela tese anti-ind\u00edgena, legalizar\u00e1 viola\u00e7\u00f5es ocorridas no passado contra os povos origin\u00e1rios e haver\u00e1 uma enxurrada de decis\u00f5es anulando demarca\u00e7\u00f5es. E, como consequ\u00eancia, a ocorr\u00eancia de conflitos em regi\u00f5es pacificadas e o acirramento dos conflitos em \u00e1reas j\u00e1 deflagradas.<\/p>\n\n\n\n<p><em>Reda\u00e7\u00e3o: Cida de Oliveira<\/em><\/p>\n","protected":false},"excerpt":{"rendered":"<p>Rede Brasil Atual \u2013 Abaixo-assinado pela causa ind\u00edgena busca assinaturas para pressionar ministros do Supremo Tribunal Federal a rejeitar nesta quarta (30) a tese do \u201cmarco temporal\u201d. Artistas como Daniela Mercury, Dira Paes, Criolo, Ant\u00f4nio Pitanga, Bruno Gagliasso e Arnaldo Antunes j\u00e1 assinaram (saiba como). A tese restringe direitos constitucionais dos povos ind\u00edgenas e por&#8230;<a class=\"more-link\" href=\"http:\/\/blogdalucianaoliveira.com.br\/blog\/2021\/06\/29\/carta-pede-que-stf-rejeite-tese-de-marco-temporal-que-inviabiliza-demarcacao-de-terras-indigenas\/\">Continue a leitura <span class=\"meta-nav\">&raquo;<\/span><\/a><\/p>\n","protected":false},"author":1,"featured_media":0,"comment_status":"closed","ping_status":"open","sticky":false,"template":"","format":"standard","meta":{"_exactmetrics_skip_tracking":false,"_exactmetrics_sitenote_active":false,"_exactmetrics_sitenote_note":"","_exactmetrics_sitenote_category":0,"jetpack_post_was_ever_published":false,"_jetpack_newsletter_access":"","_jetpack_dont_email_post_to_subs":false,"_jetpack_newsletter_tier_id":0,"_jetpack_memberships_contains_paywalled_content":false,"_jetpack_memberships_contains_paid_content":false,"footnotes":"","jetpack_publicize_message":"","jetpack_publicize_feature_enabled":true,"jetpack_social_post_already_shared":true,"jetpack_social_options":{"image_generator_settings":{"template":"highway","enabled":false},"version":2}},"categories":[1],"tags":[],"class_list":["post-32351","post","type-post","status-publish","format-standard","hentry","category-notas"],"jetpack_publicize_connections":[],"jetpack_sharing_enabled":true,"jetpack_featured_media_url":"","jetpack_shortlink":"https:\/\/wp.me\/p7wKYW-8pN","jetpack-related-posts":[],"_links":{"self":[{"href":"http:\/\/blogdalucianaoliveira.com.br\/blog\/wp-json\/wp\/v2\/posts\/32351","targetHints":{"allow":["GET"]}}],"collection":[{"href":"http:\/\/blogdalucianaoliveira.com.br\/blog\/wp-json\/wp\/v2\/posts"}],"about":[{"href":"http:\/\/blogdalucianaoliveira.com.br\/blog\/wp-json\/wp\/v2\/types\/post"}],"author":[{"embeddable":true,"href":"http:\/\/blogdalucianaoliveira.com.br\/blog\/wp-json\/wp\/v2\/users\/1"}],"replies":[{"embeddable":true,"href":"http:\/\/blogdalucianaoliveira.com.br\/blog\/wp-json\/wp\/v2\/comments?post=32351"}],"version-history":[{"count":1,"href":"http:\/\/blogdalucianaoliveira.com.br\/blog\/wp-json\/wp\/v2\/posts\/32351\/revisions"}],"predecessor-version":[{"id":32353,"href":"http:\/\/blogdalucianaoliveira.com.br\/blog\/wp-json\/wp\/v2\/posts\/32351\/revisions\/32353"}],"wp:attachment":[{"href":"http:\/\/blogdalucianaoliveira.com.br\/blog\/wp-json\/wp\/v2\/media?parent=32351"}],"wp:term":[{"taxonomy":"category","embeddable":true,"href":"http:\/\/blogdalucianaoliveira.com.br\/blog\/wp-json\/wp\/v2\/categories?post=32351"},{"taxonomy":"post_tag","embeddable":true,"href":"http:\/\/blogdalucianaoliveira.com.br\/blog\/wp-json\/wp\/v2\/tags?post=32351"}],"curies":[{"name":"wp","href":"https:\/\/api.w.org\/{rel}","templated":true}]}}