{"id":32357,"date":"2021-07-01T07:08:52","date_gmt":"2021-07-01T11:08:52","guid":{"rendered":"http:\/\/blogdalucianaoliveira.com.br\/blog\/?p=32357"},"modified":"2021-07-01T07:08:56","modified_gmt":"2021-07-01T11:08:56","slug":"fora-bolsonaro-177-manifestacoes-ja-estao-marcadas-para-3-de-julho","status":"publish","type":"post","link":"http:\/\/blogdalucianaoliveira.com.br\/blog\/2021\/07\/01\/fora-bolsonaro-177-manifestacoes-ja-estao-marcadas-para-3-de-julho\/","title":{"rendered":"Fora Bolsonaro: 177 manifesta\u00e7\u00f5es j\u00e1 est\u00e3o marcadas para 3 de julho"},"content":{"rendered":"\n<figure class=\"wp-block-image size-large\"><img loading=\"lazy\" decoding=\"async\" width=\"1169\" height=\"559\" data-attachment-id=\"32359\" data-permalink=\"http:\/\/blogdalucianaoliveira.com.br\/blog\/2021\/07\/01\/fora-bolsonaro-177-manifestacoes-ja-estao-marcadas-para-3-de-julho\/0a95f742-ada5-4991-bf3f-729e354b3c71\/\" data-orig-file=\"https:\/\/i0.wp.com\/blogdalucianaoliveira.com.br\/blog\/wp-content\/uploads\/2021\/07\/0A95F742-ADA5-4991-BF3F-729E354B3C71.jpeg?fit=1169%2C559\" data-orig-size=\"1169,559\" data-comments-opened=\"0\" data-image-meta=\"{&quot;aperture&quot;:&quot;0&quot;,&quot;credit&quot;:&quot;&quot;,&quot;camera&quot;:&quot;&quot;,&quot;caption&quot;:&quot;&quot;,&quot;created_timestamp&quot;:&quot;0&quot;,&quot;copyright&quot;:&quot;&quot;,&quot;focal_length&quot;:&quot;0&quot;,&quot;iso&quot;:&quot;0&quot;,&quot;shutter_speed&quot;:&quot;0&quot;,&quot;title&quot;:&quot;&quot;,&quot;orientation&quot;:&quot;0&quot;}\" data-image-title=\"0A95F742-ADA5-4991-BF3F-729E354B3C71\" data-image-description=\"\" data-image-caption=\"\" data-medium-file=\"https:\/\/i0.wp.com\/blogdalucianaoliveira.com.br\/blog\/wp-content\/uploads\/2021\/07\/0A95F742-ADA5-4991-BF3F-729E354B3C71.jpeg?fit=300%2C143\" data-large-file=\"https:\/\/i0.wp.com\/blogdalucianaoliveira.com.br\/blog\/wp-content\/uploads\/2021\/07\/0A95F742-ADA5-4991-BF3F-729E354B3C71.jpeg?fit=600%2C287\" src=\"https:\/\/i0.wp.com\/blogdalucianaoliveira.com.br\/blog\/wp-content\/uploads\/2021\/07\/0A95F742-ADA5-4991-BF3F-729E354B3C71.jpeg?fit=600%2C287\" alt=\"\" class=\"wp-image-32359\" srcset=\"https:\/\/i0.wp.com\/blogdalucianaoliveira.com.br\/blog\/wp-content\/uploads\/2021\/07\/0A95F742-ADA5-4991-BF3F-729E354B3C71.jpeg?w=1169 1169w, https:\/\/i0.wp.com\/blogdalucianaoliveira.com.br\/blog\/wp-content\/uploads\/2021\/07\/0A95F742-ADA5-4991-BF3F-729E354B3C71.jpeg?resize=300%2C143 300w, https:\/\/i0.wp.com\/blogdalucianaoliveira.com.br\/blog\/wp-content\/uploads\/2021\/07\/0A95F742-ADA5-4991-BF3F-729E354B3C71.jpeg?resize=1024%2C490 1024w, https:\/\/i0.wp.com\/blogdalucianaoliveira.com.br\/blog\/wp-content\/uploads\/2021\/07\/0A95F742-ADA5-4991-BF3F-729E354B3C71.jpeg?resize=768%2C367 768w, https:\/\/i0.wp.com\/blogdalucianaoliveira.com.br\/blog\/wp-content\/uploads\/2021\/07\/0A95F742-ADA5-4991-BF3F-729E354B3C71.jpeg?resize=627%2C300 627w\" sizes=\"auto, (max-width: 600px) 100vw, 600px\" \/><\/figure>\n\n\n\n<p><strong>247 &#8211;&nbsp;<\/strong>A Central de Movimentos Populares (CMP), que integra a Campanha Nacional Fora Bolsonaro, divulgou a lista de atos confirmados para este s\u00e1bado, 3 de julho, quando ir\u00e1 ocorrer nova jornada de manifesta\u00e7\u00f5es contra o governo Jair Bolsonaro, por vacinas e aux\u00edlio emergencial.<\/p>\n\n\n\n<!--more-->\n\n\n\n<p>J\u00e1 s\u00e3o 177 manifesta\u00e7\u00f5es confirmadas em todo o pa\u00eds e no exterior, informa a CMP.<\/p>\n\n\n\n<h2 class=\"wp-block-heading\"><strong>Veja os locais dos atos Fora Bolsonaro<\/strong><\/h2>\n\n\n\n<h3 class=\"wp-block-heading\"><strong>Norte<\/strong><\/h3>\n\n\n\n<p>AC \u2013 Rio Branco \u2013 Pal\u00e1cio Rio Branco | 16h<\/p>\n\n\n\n<p>AM \u2013 Manaus \u2013 Pra\u00e7a da Saudade | 15<\/p>\n\n\n\n<p>PA \u2013 Altamira \u2013 Em frente a Equatorial (Celpa) | 8h30<\/p>\n\n\n\n<p>PA \u2013 Soure \u2013 Pra\u00e7a do Cruzeiro (Bolsonaro estar\u00e1 na cidade neste dia) | das 8h \u00e0s 17h<\/p>\n\n\n\n<p>RO \u2013 Porto Velho \u2013 Passeata Pra\u00e7a das 3 caixas d\u2019\u00e1gua | 8h30<\/p>\n\n\n\n<p>RO \u2013 Porto Velho \u2013 Carreata 7 de setembro com a Farquar | 8h30<\/p>\n\n\n\n<p>RR \u2013 Boa Vista \u2013 Pra\u00e7a Germano Augusto Sampaio | 9h<\/p>\n\n\n\n<p>TO \u2013 Palmas \u2013 Parque dos Povos Ind\u00edgenas | 16h<\/p>\n\n\n\n<h3 class=\"wp-block-heading\"><strong>Nordeste<\/strong><\/h3>\n\n\n\n<p>AL \u2013 Macei\u00f3 \u2013 Pra\u00e7a Centen\u00e1rio | 9h<\/p>\n\n\n\n<p>BA \u2013 Ilh\u00e9us \u2013 Pra\u00e7a da Irene, Av. Soares Lopes | 12h30<\/p>\n\n\n\n<p>BA \u2013 Itabuna \u2013 Jardim do \u00d3 | 9h<\/p>\n\n\n\n<p>BA \u2013 Jequi\u00e9 \u2013 Pra\u00e7a Luiz Viana | 9h<\/p>\n\n\n\n<p>BA \u2013 Salvador \u2013 Largo do Campo Grande | 14h<\/p>\n\n\n\n<p>BA \u2013 Seabra \u2013 Pra\u00e7a do Mercad\u00e3o | 9h<\/p>\n\n\n\n<p>CE \u2013 Fortaleza \u2013 Pra\u00e7a Portugal | 15h<\/p>\n\n\n\n<p>CE \u2013 CAUCAIA \u2013 Pra\u00e7a da Igreja Matriz \u2013 8h<\/p>\n\n\n\n<p>CE \u2013 QUIXAD\u00c1 \u2013 Pra\u00e7a Jose de Barros \u2013 8h<\/p>\n\n\n\n<p>CE \u2013 Tiangu\u00e1 \u2013 Rodovi\u00e1ria de Tiangu\u00e1 | 8h<\/p>\n\n\n\n<p>MA \u2013 Imperatriz \u2013 Pra\u00e7a de F\u00e1tima | 8h<\/p>\n\n\n\n<p>MA \u2013 S\u00e3o Lu\u00eds \u2013 Pra\u00e7a Deodoro seguindo at\u00e9 a Ponte do S\u00e3o Francisco | 8h<\/p>\n\n\n\n<p>MA \u2013 Santa In\u00eas \u2013 Pra\u00e7a das Laranjeiras | 8h<\/p>\n\n\n\n<p>PB \u2013 Cajazeiras \u2013 Pra\u00e7a da Prefeitura | 9h<\/p>\n\n\n\n<p>PB \u2013 Campina Grande \u2013 Caminhada Pra\u00e7a da Bandeira e Carreata Parque do Povo | 8h30<\/p>\n\n\n\n<p>PB \u2013 Jo\u00e3o Pessoa \u2013 Caminhada Lyceu Paraibano | 9h<\/p>\n\n\n\n<p>PB \u2013 Patos \u2013 (*Aguardando infos)<\/p>\n\n\n\n<p>PE \u2013 Caruaru \u2013 INSS | 9h<\/p>\n\n\n\n<p>PE \u2013 Recife \u2013 Pra\u00e7a do Derby | 9h<\/p>\n\n\n\n<p>PE \u2013 S\u00e3o Jos\u00e9 do Egito \u2013 Rua da Baixa \u2013 Em frente a est\u00e1tua do Poeta | 9h<\/p>\n\n\n\n<p>PI \u2013 Parna\u00edba \u2013 Av. Pinheiro Machado com Samuel Santos | 16h<\/p>\n\n\n\n<p>PI \u2013 Teresina \u2013 Pra\u00e7a Rio Branco | 9h<\/p>\n\n\n\n<p>SE \u2013 Aracaju \u2013 Pra\u00e7a da Bandeira | 14h<\/p>\n\n\n\n<p>RN \u2013 Natal \u2013 Midway | 15h<\/p>\n\n\n\n<h3 class=\"wp-block-heading\"><strong>Centro Oeste<\/strong><\/h3>\n\n\n\n<p>DF \u2013 Bras\u00edlia \u2013 Pra\u00e7a dos Tr\u00eas Poderes | 16h<\/p>\n\n\n\n<p>GO \u2013 Catal\u00e3o \u2013 Pra\u00e7a Get\u00falio Vargas | 9h<\/p>\n\n\n\n<p>GO \u2013 Goi\u00e1s \u2013 Pra\u00e7a C\u00edvica | 9h<\/p>\n\n\n\n<p>MT \u2013 Cuiab\u00e1 \u2013 Ato Simb\u00f3lico Prainha | 6h<\/p>\n\n\n\n<p>MT \u2013 Cuiab\u00e1 \u2013 Carreata Sesc Arsenal | 8h<\/p>\n\n\n\n<p>MT \u2013 Cuiab\u00e1 \u2013 Ato de rua pra\u00e7a Alencastro | 10h<\/p>\n\n\n\n<p>MS \u2013 Campo Grande \u2013 Pra\u00e7a do R\u00e1dio | 9h<\/p>\n\n\n\n<p>MS \u2013 Terenos \u2013 (*Aguardando infos)<\/p>\n\n\n\n<h3 class=\"wp-block-heading\"><strong>Sudeste<\/strong><\/h3>\n\n\n\n<p>ES \u2013 Vit\u00f3ria \u2013 UFES | 14h<\/p>\n\n\n\n<p>MG \u2013 Barbacena \u2013 Pra\u00e7a S\u00e3o Sebasti\u00e3o | 9h30<\/p>\n\n\n\n<p>MG \u2013 Belo Horizonte \u2013 Pra\u00e7a da Liberdade | 14 h<\/p>\n\n\n\n<p>MG \u2013 Brumadinho \u2013 Na Avenida esquina com a Quintino Bocai\u00fava | 9h<\/p>\n\n\n\n<p>MG \u2013 Campo Belo \u2013 Pra\u00e7a dos Expedicion\u00e1rios | 10h<\/p>\n\n\n\n<p>MG \u2013 Caxambu \u2013 Carreata Gin\u00e1sio Poliesportivo Jorge Cury | 9h30<\/p>\n\n\n\n<p>MG \u2013 Congonhas \u2013 Feira do Produtor Rural | 7h30<\/p>\n\n\n\n<p>MG \u2013 Conselheiro Lafaiete \u2013 Pra\u00e7a Tiradentes | 13h<\/p>\n\n\n\n<p>MG \u2013 Divin\u00f3polis \u2013 Rua S\u00e3o Paulo com Primeiro de Junho | 9h<\/p>\n\n\n\n<p>MG \u2013 Formiga \u2013 Pra\u00e7a da Matriz | 19h<\/p>\n\n\n\n<p>MG \u2013 Governador Valadares \u2013 Mercado Municipal | 10h<\/p>\n\n\n\n<p>MG \u2013 Ipatinga \u2013 Pra\u00e7a 1 de Maio | 9h<\/p>\n\n\n\n<p>MG \u2013 Itabira \u2013 Rodovi\u00e1ria | 10h<\/p>\n\n\n\n<p>MG \u2013 Itajub\u00e1 \u2013 Pra\u00e7a Wenceslau Braz | 11h<\/p>\n\n\n\n<p>MG \u2013 Ita\u00fana \u2013 Pra\u00e7a da Matriz | 09h<\/p>\n\n\n\n<p>MG \u2013 Jo\u00e3o Monlevade \u2013 Pra\u00e7a do EPA (Cruzeiro Celeste) | 9h30<\/p>\n\n\n\n<p>MG \u2013 Juiz de Fora \u2013 Parque Halfeld | 10h<\/p>\n\n\n\n<p>MG \u2013 Mariana \u2013 Central | 10h<\/p>\n\n\n\n<p>MG \u2013 Montes Claros \u2013 Pra\u00e7a Dr. Carlos | 09h<\/p>\n\n\n\n<p>MG \u2013 Oliveira \u2013 Pra\u00e7a S\u00e3o Sebasti\u00e3o | 10h<\/p>\n\n\n\n<p>MG \u2013 Ouro Branco \u2013 Canteiro Central da Av. Mariza | 10h<\/p>\n\n\n\n<p>MG \u2013 Ouro Preto \u2013 Caminhada Terminal Tur\u00edstico do Veloso | 9h30<\/p>\n\n\n\n<p>MG \u2013 Passos \u2013 Esta\u00e7\u00e3o Cultura | 15h<\/p>\n\n\n\n<p>MG \u2013 Patos de Minas \u2013 Pra\u00e7a do Coreto | 10h<\/p>\n\n\n\n<p>MG \u2013 Po\u00e7os de Caldas \u2013 Passeata Coreto (Pra\u00e7a Pedro Sanches) | 15h<\/p>\n\n\n\n<p>MG \u2013 Pouso Alegre \u2013 Pra\u00e7a da Catedral | 10h<\/p>\n\n\n\n<p>MG \u2013 Ribeir\u00e3o das Neves \u2013 Banco do Brasil Lagoinha | 9h<\/p>\n\n\n\n<p>MG \u2013 Sacramento \u2013 Pra\u00e7a do Perp\u00e9tuo Socorro | 9h<\/p>\n\n\n\n<p>MG \u2013 S\u00e3o Jo\u00e3o del Rei \u2013 Teatro Municipal | 10h<\/p>\n\n\n\n<p>MG \u2013 S\u00e3o Louren\u00e7o \u2013 Cal\u00e7ad\u00e3o II | 15h<\/p>\n\n\n\n<p>MG \u2013 Sete Lagoas \u2013 Pra\u00e7a Tiradentes | 9h<\/p>\n\n\n\n<p>MG \u2013 Tiradentes \u2013 Em frente a Matriz | 10h<\/p>\n\n\n\n<p>MG \u2013 Ub\u00e1 \u2013 Pra\u00e7a Guido | 09h<\/p>\n\n\n\n<p>MG \u2013 Uberaba \u2013 Pra\u00e7a Rui Barbosa | 10h<\/p>\n\n\n\n<p>MG \u2013 Uberl\u00e2ndia \u2013 Pra\u00e7a Ismene Mendes | 9h30<\/p>\n\n\n\n<p>MG \u2013 Varginha \u2013 Pra\u00e7a do ET | 10h<\/p>\n\n\n\n<p>MG \u2013 Vi\u00e7osa \u2013 Saindo da UFV | 9h30<\/p>\n\n\n\n<p>RJ \u2013 Barra Mansa \u2013 Pra\u00e7a da Matriz | 11h<\/p>\n\n\n\n<p>RJ \u2013 Campos \u2013 Pra\u00e7a S\u00e3o Salvador | 9h<\/p>\n\n\n\n<p>RJ \u2013 Maca\u00e9 \u2013 Pra\u00e7a Ver\u00edssimo de Mello | 9h30<\/p>\n\n\n\n<p>RJ \u2013 Miguel Pereira \u2013 Em frente \u00e0 Fornemat | 11h<\/p>\n\n\n\n<p>RJ \u2013 Nova Igua\u00e7u \u2013 Pra\u00e7a dos Direitos Humanos via Light esquina com Dom Walmor | 9h<\/p>\n\n\n\n<p>RJ \u2013 Paty dos Alferes \u2013 Pra\u00e7a George Jacob Abdue | 9h<\/p>\n\n\n\n<p>RJ \u2013 Petr\u00f3polis \u2013 Pra\u00e7a da Inconfid\u00eancia | 11h<\/p>\n\n\n\n<p>RJ \u2013 Rio de Janeiro \u2013 Monumento Zumbi | 10h<\/p>\n\n\n\n<p>RJ \u2013 Saquarema \u2013 Pra\u00e7a do Cora\u00e7\u00e3o | 15h<\/p>\n\n\n\n<p>RJ \u2013 S\u00e3o Fid\u00e9lis \u2013 Pra\u00e7a Guilherme Tito de Azevedo | 9h30<\/p>\n\n\n\n<p>RJ \u2013 Teres\u00f3polis \u2013 Pra\u00e7a do Sakura at\u00e9 Fonte Judith | 9h<\/p>\n\n\n\n<p>RJ \u2013 Tr\u00eas Rios \u2013 Pra\u00e7a S\u00e3o Sebasti\u00e3o | 16h<\/p>\n\n\n\n<p>RJ \u2013 Valen\u00e7a \u2013 Jardim de Cima | 9h30<\/p>\n\n\n\n<p>SP \u2013 Amparo \u2013 Em frente \u00e0 Prefeitura | 10h<\/p>\n\n\n\n<p>SP \u2013 Ara\u00e7atuba \u2013 Pra\u00e7a Rui Barbosa | 10h e Carreata na Pra\u00e7a Ol\u00edmpica | 10h<\/p>\n\n\n\n<p>SP \u2013 Bauru \u2013 Pra\u00e7a Rui Barbosa | 9h<\/p>\n\n\n\n<p>SP \u2013 Botucatu \u2013 Largo S\u00e3o Jos\u00e9 | 14h<\/p>\n\n\n\n<p>SP \u2013 Campinas \u2013 Largo do Ros\u00e1rio | 10h<\/p>\n\n\n\n<p>SP \u2013 Carapicu\u00edba \u2013 Bairro Cidade Ariston (In\u00edcio da Av. Dante Carraro) | 10h<\/p>\n\n\n\n<p>SP \u2013 Cotia \u2013 Pra\u00e7a da Matriz | 13h<\/p>\n\n\n\n<p>SP \u2013 Guaratinguet\u00e1 \u2013 Pra\u00e7a da Esta\u00e7\u00e3o | 10h<\/p>\n\n\n\n<p>SP \u2013 Jacare\u00ed \u2013 P\u00e1tio dos Trilhos | 9h30<\/p>\n\n\n\n<p>SP \u2013 Jaguari\u00fana \u2013 Pra\u00e7a Umbelina Bueno | 10h<\/p>\n\n\n\n<p>SP \u2013 Jundia\u00ed \u2013 carreata no Pa\u00e7o Municipal | 9h30 e ato na Ponte Torta | 11h<\/p>\n\n\n\n<p>SP \u2013 Limeira \u2013 Av Maestro Xixirri (pr\u00f3x. ao Campo do Galo) | 9h30<\/p>\n\n\n\n<p>SP \u2013 Osasco \u2013 Em frente \u00e0 Esta\u00e7\u00e3o de Osasco (ato segue rumo a Av. Paulista) | 12h30<\/p>\n\n\n\n<p>SP \u2013 Piracicaba \u2013 Mercad\u00e3o Municipal | 9h<\/p>\n\n\n\n<p>SP \u2013 Praia Grande \u2013 Pra\u00e7a 19 de janeiro | 10h<\/p>\n\n\n\n<p>SP \u2013 Ribeir\u00e3o Preto \u2013 Esplanada Teatro Pedro II | 9h<\/p>\n\n\n\n<p>SP \u2013 Salto \u2013 Pra\u00e7a XV de Novembro | 15h<\/p>\n\n\n\n<p>SP \u2013 S\u00e3o Carlos \u2013 Arredores do Mercad\u00e3o | 10h<\/p>\n\n\n\n<p>SP \u2013 S\u00e3o Jo\u00e3o da Boa Vista \u2013 Pra\u00e7a Coronel Jos\u00e9 Pires | 15h<\/p>\n\n\n\n<p>SP \u2013 S\u00e3o Jos\u00e9 do Rio Preto \u2013 Em frente \u00e0 Prefeitura | 14h30<\/p>\n\n\n\n<p>SP \u2013 S\u00e3o Paulo \u2013 MASP | 15h<\/p>\n\n\n\n<p>SP \u2013 Sorocaba \u2013 Carreata em frente a Prefeitura | 9h<\/p>\n\n\n\n<p>SP \u2013 Suzano \u2013 Pra\u00e7a dos Expedicion\u00e1rios | 10h<\/p>\n\n\n\n<p>SP \u2013 Vinhedo \u2013 Pra\u00e7a Sant\u2019Anna | 11h<\/p>\n\n\n\n<h3 class=\"wp-block-heading\"><strong>Sul<\/strong><\/h3>\n\n\n\n<p>PR \u2013 Antonina \u2013 Carreata e Bicicletada Pra\u00e7a Coronel Macedo | 9h<\/p>\n\n\n\n<p>PR \u2013 Apucarana- Carreata Rodovi\u00e1ria de Apucarana | 9h<\/p>\n\n\n\n<p>PR \u2013 Campo Mour\u00e3o \u2013 Carreata Escola CAIC | 9h30<\/p>\n\n\n\n<p>PR \u2013 Cascavel \u2013 Carreata em frente ao Tuiut\u00ed sentido \u00e0 Prefeitura | 9h<\/p>\n\n\n\n<p>PR \u2013 Cianorte \u2013 Carreata Pra\u00e7a Duque de Caxias (Av. Arthur Thomas) | 9h30<\/p>\n\n\n\n<p>PR \u2013 Curitiba \u2013 Pra\u00e7a Santos Andrade | 15h<\/p>\n\n\n\n<p>PR \u2013 Foz Igua\u00e7u \u2013 Pra\u00e7a da Paz | 9h<\/p>\n\n\n\n<p>PR \u2013 Francisco Beltr\u00e3o \u2013 Pra\u00e7a da Matriz | 10h<\/p>\n\n\n\n<p>PR \u2013 Guarapuava \u2013 Pra\u00e7a Cleve | 10h<\/p>\n\n\n\n<p>PR \u2013 Irati \u2013 Rua da Cidadania | 10h<\/p>\n\n\n\n<p>PR \u2013 Irati \u2013 Av. Paran\u00e1 | 14h<\/p>\n\n\n\n<p>PR \u2013 Laranjeiras do Sul \u2013 Av. Santos Dumont (Super creche 2) | 9h<\/p>\n\n\n\n<p>PR \u2013 Londrina \u2013 Teatro Ouro Verde | 16h<\/p>\n\n\n\n<p>PR \u2013 Maring\u00e1 \u2013 Pra\u00e7a Raposo Tavares | 14h<\/p>\n\n\n\n<p>PR \u2013 Maring\u00e1 \u2013 Estacionamento do est\u00e1dio Willie Davis | 15h<\/p>\n\n\n\n<p>PR \u2013 Matinhos- Rotat\u00f3ria | 9h<\/p>\n\n\n\n<p>PR \u2013 Morretes \u2013 Carreata concentra\u00e7\u00e3o na Copel | 15h<\/p>\n\n\n\n<p>PR \u2013 Paranagu\u00e1 \u2013 Pra\u00e7a dos Le\u00f5es | 9h<\/p>\n\n\n\n<p>PR \u2013 Pato Branco- Em frente a Igreja Matriz | 16h<\/p>\n\n\n\n<p>PR \u2013 Ponta Grossa \u2013 Pra\u00e7a Bar\u00e3o de Guara\u00fana | 15h<\/p>\n\n\n\n<p>PR \u2013 Umuarama \u2013 Pra\u00e7a Arthur Thomas | 11h<\/p>\n\n\n\n<p>PR \u2013 Umuarama \u2013 Pra\u00e7a Arthur Thomas | 15h<\/p>\n\n\n\n<p>PR \u2013 Uni\u00e3o da Vit\u00f3ria \u2013 Pra\u00e7a Coronel Amazonas | 15h<\/p>\n\n\n\n<p>RS \u2013 Cachoeira do Sul \u2013 Pra\u00e7a da Caixa D\u2019\u00c1gua | 14h<\/p>\n\n\n\n<p>RS \u2013 Canoas \u2013 Pra\u00e7a do Avi\u00e3o e Cal\u00e7ad\u00e3o Canoas | (Aguardando infos) RS \u2013 Caxias do Sul \u2013 Pra\u00e7a Dante ALighieri | 15h<\/p>\n\n\n\n<p>RS \u2013 Erechim \u2013 Esquina Democr\u00e1tica | 13h30<\/p>\n\n\n\n<p>RS \u2013 Gravata\u00ed \u2013 Parada 66, em frente ao Veterano | 10h<\/p>\n\n\n\n<p>RS \u2013 Lagoa Vermelha \u2013 Igreja S\u00e3o Paulo | 14h RS \u2013 Novo Hamburgo \u2013 (Aguardando infos)<\/p>\n\n\n\n<p>RS \u2013 Pelotas \u2013 Caminhada Mercado P\u00fablico | 10h<\/p>\n\n\n\n<p>RS \u2013 Porto Alegre \u2013 Largo Gl\u00eanio Peres | 15h<\/p>\n\n\n\n<p>RS \u2013 Rio Grande \u2013 Largo Dr. Pio | 11h<\/p>\n\n\n\n<p>RS \u2013 Santa Maria \u2013 Pra\u00e7a Saldanha Marinho | 13h<\/p>\n\n\n\n<p>SC \u2013 Brusque \u2013 Esquina da Av. Get\u00falio Vargas c\/ 1\u00ba de maio | 10h<\/p>\n\n\n\n<p>SC \u2013 Chapec\u00f3 \u2013 Catedral | 09h30<\/p>\n\n\n\n<p>SC \u2013 Florian\u00f3polis \u2013 Pra\u00e7a Tancredo Neves | 09h30<\/p>\n\n\n\n<p>SC \u2013 Garopaba \u2013 Rua do Na Lata | 15h<\/p>\n\n\n\n<p>SC \u2013 Joinville \u2013 Pra\u00e7a da Bandeira | 10h<\/p>\n\n\n\n<p>SC \u2013 Blumenau \u2013 Pra\u00e7a Teatro Carlos Gomes | 10h<\/p>\n\n\n\n<p>SC \u2013 Lages \u2013 Cal\u00e7ad\u00e3o | 10h<\/p>\n\n\n\n<p>SC \u2013 Crici\u00fama \u2013 Pra\u00e7a da Santa Luzia | 9h<\/p>\n\n\n\n<p>SC \u2013 S\u00e3o Francisco do Sul- Igreja Matriz | 14h<\/p>\n\n\n\n<p>SC \u2013 Herval D\u2019oeste \u2013 CARREATA \u2013 saindo da Pra\u00e7a I 14h30<\/p>\n\n\n\n<p>SC \u2013 S\u00e3o Miguel do Oeste \u2013 Trevo de SMO\/sa\u00edda para MaravilhaI 10h<\/p>\n\n\n\n<p>SC \u2013 Conc\u00f3rdia \u2013 Cal\u00e7ad\u00e3o (Esquina com a Dr Maruri) | 15h<\/p>\n\n\n\n<p>SC \u2013 Ararangu\u00e1 \u2013 Rel\u00f3gio do Sol | 10h<\/p>\n\n\n\n<p>SC \u2013 Tubar\u00e3o \u2013 Antiga Rodovi\u00e1ria | 9h<\/p>\n\n\n\n<p>SC \u2013 Laguna \u2013 Cais do Centro \u2013 | 9h30<\/p>\n\n\n\n<p>SC \u2013 Canoinhas \u2013 Pra\u00e7a Oswaldo de Oliveira ( Coreto) | 14h30<\/p>\n\n\n\n<p>SC \u2013 Timb\u00f3 \u2013 Live\/ATO ONLINE \u2013 (Domingo \u2013 04\/07) | 15<\/p>\n\n\n\n<h3 class=\"wp-block-heading\"><strong>Atos no Exterior<\/strong><\/h3>\n\n\n\n<p>Canad\u00e1 \u2013 Montreal \u2013 | 15h (*Aguardando infos)<\/p>\n\n\n\n<p>Canad\u00e1 \u2013 Quebec \u2013 Parlamento de Quebec \u2013 10h (hor\u00e1rio local)<\/p>\n\n\n\n<p>Canad\u00e1 \u2013 Toronto \u2013 City Hall | 15h (hor\u00e1rio local)<\/p>\n\n\n\n<p>Canad\u00e1 \u2013 Vancouver \u2013 Consulado Geral do Brasil em Vancouver | 12h (hor\u00e1rio local)<\/p>\n\n\n\n<p>EUA \u2013 Los Angeles \u2013 Wilshire Federal Building (11000 Wilshire BLVD, 90024) | 10h (hor\u00e1rio local)<\/p>\n\n\n\n<p>It\u00e1lia \u2013 Madrid \u2013 Picnic Pal\u00e1cio de Cristal no Parque Del Retiro | 18h (hor\u00e1rio local)<\/p>\n\n\n\n<p>Portugal \u2013 Braga \u2013 Pra\u00e7a da Rep\u00fablica, em frente ao chafariz | 18h (hor\u00e1rio local)<\/p>\n\n\n\n<p>Portugal \u2013 Coimbra \u2013 Pra\u00e7a 8 de Maio | 12h30 (hor\u00e1rio local)<\/p>\n\n\n\n<p>Portugal \u2013 Lisboa \u2013 Rossio (Pra\u00e7a D. Pedro IV) | 18h (hor\u00e1rio local)<\/p>\n\n\n\n<p>Portugal \u2013 Porto \u2013 Centro Portugu\u00eas de Fotografia, Largo Amor de Perdi\u00e7\u00e3o | 13h30 (hor\u00e1rio local)<\/p>\n\n\n\n<p>Reino Unido \u2013 Londres \u2013 Parliament Square Est\u00e1tua do Gandhi | 15h (hor\u00e1rio local)<\/p>\n","protected":false},"excerpt":{"rendered":"<p>247 &#8211;&nbsp;A Central de Movimentos Populares (CMP), que integra a Campanha Nacional Fora Bolsonaro, divulgou a lista de atos confirmados para este s\u00e1bado, 3 de julho, quando ir\u00e1 ocorrer nova jornada de manifesta\u00e7\u00f5es contra o governo Jair Bolsonaro, por vacinas e aux\u00edlio emergencial.<\/p>\n","protected":false},"author":1,"featured_media":0,"comment_status":"closed","ping_status":"open","sticky":false,"template":"","format":"standard","meta":{"_exactmetrics_skip_tracking":false,"_exactmetrics_sitenote_active":false,"_exactmetrics_sitenote_note":"","_exactmetrics_sitenote_category":0,"jetpack_post_was_ever_published":false,"_jetpack_newsletter_access":"","_jetpack_dont_email_post_to_subs":false,"_jetpack_newsletter_tier_id":0,"_jetpack_memberships_contains_paywalled_content":false,"_jetpack_memberships_contains_paid_content":false,"footnotes":"","jetpack_publicize_message":"","jetpack_publicize_feature_enabled":true,"jetpack_social_post_already_shared":true,"jetpack_social_options":{"image_generator_settings":{"template":"highway","enabled":false},"version":2}},"categories":[1],"tags":[],"class_list":["post-32357","post","type-post","status-publish","format-standard","hentry","category-notas"],"jetpack_publicize_connections":[],"jetpack_sharing_enabled":true,"jetpack_featured_media_url":"","jetpack_shortlink":"https:\/\/wp.me\/p7wKYW-8pT","jetpack-related-posts":[],"_links":{"self":[{"href":"http:\/\/blogdalucianaoliveira.com.br\/blog\/wp-json\/wp\/v2\/posts\/32357","targetHints":{"allow":["GET"]}}],"collection":[{"href":"http:\/\/blogdalucianaoliveira.com.br\/blog\/wp-json\/wp\/v2\/posts"}],"about":[{"href":"http:\/\/blogdalucianaoliveira.com.br\/blog\/wp-json\/wp\/v2\/types\/post"}],"author":[{"embeddable":true,"href":"http:\/\/blogdalucianaoliveira.com.br\/blog\/wp-json\/wp\/v2\/users\/1"}],"replies":[{"embeddable":true,"href":"http:\/\/blogdalucianaoliveira.com.br\/blog\/wp-json\/wp\/v2\/comments?post=32357"}],"version-history":[{"count":1,"href":"http:\/\/blogdalucianaoliveira.com.br\/blog\/wp-json\/wp\/v2\/posts\/32357\/revisions"}],"predecessor-version":[{"id":32360,"href":"http:\/\/blogdalucianaoliveira.com.br\/blog\/wp-json\/wp\/v2\/posts\/32357\/revisions\/32360"}],"wp:attachment":[{"href":"http:\/\/blogdalucianaoliveira.com.br\/blog\/wp-json\/wp\/v2\/media?parent=32357"}],"wp:term":[{"taxonomy":"category","embeddable":true,"href":"http:\/\/blogdalucianaoliveira.com.br\/blog\/wp-json\/wp\/v2\/categories?post=32357"},{"taxonomy":"post_tag","embeddable":true,"href":"http:\/\/blogdalucianaoliveira.com.br\/blog\/wp-json\/wp\/v2\/tags?post=32357"}],"curies":[{"name":"wp","href":"https:\/\/api.w.org\/{rel}","templated":true}]}}