{"id":32361,"date":"2021-07-01T07:13:43","date_gmt":"2021-07-01T11:13:43","guid":{"rendered":"http:\/\/blogdalucianaoliveira.com.br\/blog\/?p=32361"},"modified":"2021-07-01T07:13:46","modified_gmt":"2021-07-01T11:13:46","slug":"ricardo-barros-do-feudo-no-parana-as-rotas-da-corrupcao","status":"publish","type":"post","link":"http:\/\/blogdalucianaoliveira.com.br\/blog\/2021\/07\/01\/ricardo-barros-do-feudo-no-parana-as-rotas-da-corrupcao\/","title":{"rendered":"Ricardo Barros: do feudo no Paran\u00e1 \u00e0s rotas da corrup\u00e7\u00e3o"},"content":{"rendered":"\n<figure class=\"wp-block-image size-large\"><img data-recalc-dims=\"1\" loading=\"lazy\" decoding=\"async\" width=\"600\" height=\"360\" data-attachment-id=\"32362\" data-permalink=\"http:\/\/blogdalucianaoliveira.com.br\/blog\/2021\/07\/01\/ricardo-barros-do-feudo-no-parana-as-rotas-da-corrupcao\/42d155cd-9d0f-4b95-adc2-d9cb51ae8ec9\/\" data-orig-file=\"https:\/\/i0.wp.com\/blogdalucianaoliveira.com.br\/blog\/wp-content\/uploads\/2021\/07\/42D155CD-9D0F-4B95-ADC2-D9CB51AE8EC9.jpeg?fit=917%2C550\" data-orig-size=\"917,550\" data-comments-opened=\"0\" data-image-meta=\"{&quot;aperture&quot;:&quot;0&quot;,&quot;credit&quot;:&quot;&quot;,&quot;camera&quot;:&quot;&quot;,&quot;caption&quot;:&quot;&quot;,&quot;created_timestamp&quot;:&quot;0&quot;,&quot;copyright&quot;:&quot;&quot;,&quot;focal_length&quot;:&quot;0&quot;,&quot;iso&quot;:&quot;0&quot;,&quot;shutter_speed&quot;:&quot;0&quot;,&quot;title&quot;:&quot;&quot;,&quot;orientation&quot;:&quot;0&quot;}\" data-image-title=\"42D155CD-9D0F-4B95-ADC2-D9CB51AE8EC9\" data-image-description=\"\" data-image-caption=\"\" data-medium-file=\"https:\/\/i0.wp.com\/blogdalucianaoliveira.com.br\/blog\/wp-content\/uploads\/2021\/07\/42D155CD-9D0F-4B95-ADC2-D9CB51AE8EC9.jpeg?fit=300%2C180\" data-large-file=\"https:\/\/i0.wp.com\/blogdalucianaoliveira.com.br\/blog\/wp-content\/uploads\/2021\/07\/42D155CD-9D0F-4B95-ADC2-D9CB51AE8EC9.jpeg?fit=600%2C360\" src=\"https:\/\/i0.wp.com\/blogdalucianaoliveira.com.br\/blog\/wp-content\/uploads\/2021\/07\/42D155CD-9D0F-4B95-ADC2-D9CB51AE8EC9.jpeg?resize=600%2C360\" alt=\"\" class=\"wp-image-32362\" srcset=\"https:\/\/i0.wp.com\/blogdalucianaoliveira.com.br\/blog\/wp-content\/uploads\/2021\/07\/42D155CD-9D0F-4B95-ADC2-D9CB51AE8EC9.jpeg?w=917 917w, https:\/\/i0.wp.com\/blogdalucianaoliveira.com.br\/blog\/wp-content\/uploads\/2021\/07\/42D155CD-9D0F-4B95-ADC2-D9CB51AE8EC9.jpeg?resize=300%2C180 300w, https:\/\/i0.wp.com\/blogdalucianaoliveira.com.br\/blog\/wp-content\/uploads\/2021\/07\/42D155CD-9D0F-4B95-ADC2-D9CB51AE8EC9.jpeg?resize=768%2C461 768w, https:\/\/i0.wp.com\/blogdalucianaoliveira.com.br\/blog\/wp-content\/uploads\/2021\/07\/42D155CD-9D0F-4B95-ADC2-D9CB51AE8EC9.jpeg?resize=500%2C300 500w\" sizes=\"auto, (max-width: 600px) 100vw, 600px\" \/><\/figure>\n\n\n\n<p><em><strong>V\u00eddeo mostra a trajet\u00f3ria do l\u00edder do governo Bolsonaro e piv\u00f4 do esc\u00e2ndalo da Covaxin; financiado por empres\u00e1rios da sa\u00fade, ministro da Sa\u00fade do governo Temer tentou sucatear o SUS; ele tem latif\u00fandios no Piau\u00ed e quadruplicou sua fortuna em doze anos&nbsp;<\/strong><\/em><\/p>\n\n\n\n<!--more-->\n\n\n\n<p>Por<strong>&nbsp;Lu\u00eds Indriunas<\/strong>&nbsp;e&nbsp;<strong>Alceu Lu\u00eds Castilho<\/strong><\/p>\n\n\n\n<figure class=\"wp-block-image\"><a href=\"https:\/\/deolhonosruralistas.com.br\/de-olho-nos-mil-parceiros\/\"><img data-recalc-dims=\"1\" decoding=\"async\" src=\"https:\/\/i0.wp.com\/deolhonosruralistas.com.br\/wp-content\/uploads\/2017\/03\/DEOLHO2017-chamada-meio-texto.png?w=600&#038;ssl=1\" alt=\"\" class=\"wp-image-3364\"\/><\/a><\/figure>\n\n\n\n<p>Depois de muito relutar, o deputado federal&nbsp;<a href=\"https:\/\/noticias.uol.com.br\/politica\/ultimas-noticias\/2021\/06\/25\/deputado-disse-nao-se-lembrar-de-nome-citado-por-bolsonaro-12-vezes.htm\">Luis Miranda<\/a>&nbsp;(DEM-DF) abriu o jogo durante seu depoimento \u00e0 Comiss\u00e3o Parlamentar de Inqu\u00e9rito (CPI) da Covid e revelou o nome do chefe do esquema de venda superfaturada da vacina indiana Covaxin: o l\u00edder do governo Bolsonaro na C\u00e2mara, Ricardo Barros (PP-PR). O pol\u00edtico, empres\u00e1rio e fazendeiro paranaense foi citado pelo pr\u00f3prio presidente Jair Bolsonaro, quando Miranda denunciou o esquema para o capit\u00e3o.<\/p>\n\n\n\n<p>Menos de uma semana depois, outra den\u00fancia envolvendo Ricardo Barros aparece. Seu indicado para a diretoria de Log\u00edstica do Minist\u00e9rio da Sa\u00fade, Roberto Ferreira Dias, foi acusado de negociar uma propina de&nbsp;<a href=\"https:\/\/www1.folha.uol.com.br\/poder\/2021\/06\/exclusivo-governo-bolsonaro-pediu-propina-de-us-1-por-dose-diz-vendedor-de-vacina.shtml?utm_source=twitter&amp;utm_medium=social&amp;utm_campaign=twfolha\" target=\"_blank\" rel=\"noreferrer noopener\">um d\u00f3lar a mais<\/a>&nbsp;para cada vacina AstraZeneca comprada. Menos de 24 horas depois, Dias foi exonerado e a CPI&nbsp;<a href=\"https:\/\/noticias.uol.com.br\/politica\/ultimas-noticias\/2021\/06\/30\/requerimentos-cpi-da-covid.htm?fbclid=IwAR2H92WrKAWrIrjEwr5ZQHKkEHvLGcOVeAidoi6R8b_pK8m8f6N802bT3jk\" target=\"_blank\" rel=\"noreferrer noopener\">convocou-o<\/a>, juntamente com Barros. Os senadores querem detalhes das negocia\u00e7\u00f5es escusas e a rela\u00e7\u00e3o dessas den\u00fancias com o presidente da Rep\u00fablica.<\/p>\n\n\n\n<p>Bolsonaro e Barros s\u00e3o aliados de longa data. Foram companheiros de partido por dez anos, como mostra o 13\u00ba v\u00eddeo da s\u00e9rie&nbsp;<a href=\"https:\/\/www.youtube.com\/playlist?list=PLCn--cSXQHJIPaGhYWf4xpnmY0dhoUrBC\" target=\"_blank\" rel=\"noreferrer noopener\">De Olho no Genoc\u00eddio<\/a>:<\/p>\n\n\n\n<figure><iframe loading=\"lazy\" width=\"1010\" height=\"568\" src=\"https:\/\/www.youtube.com\/embed\/b9hpEOKpkKU?list=PLCn--cSXQHJIPaGhYWf4xpnmY0dhoUrBC\" allowfullscreen=\"\"><\/iframe><\/figure>\n\n\n\n<h3 class=\"wp-block-heading\">DE ORIGEM RURALISTA, DEPUTADO QUADRUPLICOU SUA FORTUNA EM 12 ANOS<\/h3>\n\n\n\n<p>Ricardo Barros vem de uma fam\u00edlia tradicional do Paran\u00e1. Seu av\u00f4 Odwaldo Bueno Neto enriqueceu comprando terras de pequenos produtores na regi\u00e3o de Maring\u00e1, reduto eleitoral do pol\u00edtico. O pr\u00f3prio Barros aumentou sua fortuna durante sua carreira pol\u00edtica. Em 2006, quando foi candidato, ele declarou R$ 1.255.746,74 ao Tribunal Superior Eleitoral. Em 2018, esse valor tinha quadruplicado: R$ 5.529.650,21. De Olho nos Ruralistas j\u00e1 falou sobre sua face agr\u00e1ria: \u201c<a href=\"https:\/\/deolhonosruralistas.com.br\/2020\/08\/13\/novo-lider-do-governo-na-camara-tem-latifundio-em-regiao-de-conflitos-no-piaui\/\" target=\"_blank\" rel=\"noreferrer noopener\">Novo l\u00edder do governo na C\u00e2mara tem latif\u00fandio em regi\u00e3o de conflitos no Piau\u00ed<\/a>\u201d.<\/p>\n\n\n\n<figure class=\"wp-block-image\"><img data-recalc-dims=\"1\" height=\"139\" width=\"300\" decoding=\"async\" src=\"https:\/\/i0.wp.com\/deolhonosruralistas.com.br\/wp-content\/uploads\/2021\/06\/odwaldo-300x139.jpg?resize=300%2C139&#038;ssl=1\" alt=\"\" class=\"wp-image-22205\"\/><figcaption>An\u00fancio do av\u00f4 de Ricardo Barros publicado em jornal de Maring\u00e1. (Imagem: Reprodu\u00e7\u00e3o)<\/figcaption><\/figure>\n\n\n\n<p>Os 5.204 hectares declarados ao TSE por Barros est\u00e3o no munic\u00edpio Baixa Grande do Ribeiro, uma regi\u00e3o de transi\u00e7\u00e3o entre a Caatinga, o Cerrado e a Floresta Amaz\u00f4nica. Al\u00e9m desses im\u00f3veis, o deputado tem declaradas outra fazenda no Paran\u00e1 e participa\u00e7\u00f5es em incorporadoras de im\u00f3veis, loteadora de terrenos, locadora de ve\u00edculos, escola de ensino t\u00e9cnico, emissora de r\u00e1dio e loja de roupas. Entre os&nbsp;<a href=\"https:\/\/jc.ne10.uol.com.br\/blogs\/jamildo\/2017\/02\/10\/com-bens-declarados-de-r-18-mi-barros-virou-socio-de-area-de-r-56-mi\/\" target=\"_blank\" rel=\"noreferrer noopener\">bens n\u00e3o declarados<\/a>, h\u00e1 uma sociedade em terreno em Marinalva (PR) cotado em R$ 56 milh\u00f5es.<\/p>\n\n\n\n<p>Enquanto acumula bens, Ricardo Barros ganha dinheiro de empres\u00e1rios do setor de sa\u00fade. Em 2014, recebeu para sua campanha R$ 100 mil de Elon Gomes de Almeida, s\u00f3cio dos grupos Alian\u00e7a Sa\u00fade e Qualicorp. Quando tornou-se ministro da Sa\u00fade do governo Michel Temer, em 2016, Barros defendeu a&nbsp;<a href=\"https:\/\/www1.folha.uol.com.br\/cotidiano\/2016\/05\/1771901-tamanho-do-sus-precisa-ser-revisto-diz-novo-ministro-da-saude.shtml\" target=\"_blank\" rel=\"noreferrer noopener\">diminui\u00e7\u00e3o<\/a>&nbsp;do tamanho do Sistema \u00danico de Sa\u00fade e cortou cerca de&nbsp;<a href=\"https:\/\/noticias.uol.com.br\/saude\/ultimas-noticias\/redacao\/2016\/06\/03\/limite-de-gastos-e-declaracoes-de-ministro-preocupam-especialistas-em-saude.htm\">R$ 50 bilh\u00f5es<\/a>&nbsp;do seu or\u00e7amento, al\u00e9m de dizer que \u201cquanto mais gente tiver plano de sa\u00fade, melhor\u201d.<\/p>\n\n\n\n<p>O empres\u00e1rio ficou famoso por suas&nbsp;<a href=\"https:\/\/brasil.elpais.com\/brasil\/2016\/07\/28\/politica\/1469742650_528144.html\" target=\"_blank\" rel=\"noreferrer noopener\">declara\u00e7\u00f5es<\/a>que menosprezavam quem precisa de atendimento m\u00e9dico e n\u00e3o pode pagar. \u201cHomens trabalham mais, por isso n\u00e3o acham tempo para cuidar da sa\u00fade\u201d, afirmou o ent\u00e3o ministro em uma ocasi\u00e3o. Em outra entrevista, ele falou que \u201ca maioria das pessoas chega ao posto de sa\u00fade com efeitos psicossom\u00e1ticos\u201d.<\/p>\n\n\n\n<figure class=\"wp-block-image\"><img data-recalc-dims=\"1\" height=\"164\" width=\"300\" decoding=\"async\" src=\"https:\/\/i0.wp.com\/deolhonosruralistas.com.br\/wp-content\/uploads\/2021\/06\/barros-e-temer-300x164.jpg?resize=300%2C164&#038;ssl=1\" alt=\"\" class=\"wp-image-22206\"\/><figcaption>Como ministro da Sa\u00fade de Temer, Barros queria diminuir o tamanho do SUS. (Foto: Marcelo Camargo\/Ag\u00eancia Brasil)<\/figcaption><\/figure>\n\n\n\n<p>Engenheiro civil de forma\u00e7\u00e3o, Barros conseguiu ampliar apoio de Bolsonaro com discurso negacionista sobre a pandemia, apoiando o uso da cloroquina para tratamento da Covid. Numa troca de favores, Bolsonaro nomeou a mulher de Barros, a ex-vice-governadora do Paran\u00e1,&nbsp;<a href=\"https:\/\/www.jornalopcao.com.br\/bastidores\/bolsonaro-nomeia-mulher-do-deputado-ricardo-barros-com-salario-de-27-mil-reais-337382\/\" target=\"_blank\" rel=\"noreferrer noopener\">Cida Borghetti<\/a>,&nbsp; como conselheira da Usina de Itaipu. Com rendimentos mensais de R$ 27 mil. Dois dias antes, o deputado Luis Miranda tinha procurado o presidente para denunciar o esquema da Covaxin.<\/p>\n\n\n\n<p>Al\u00e9m das declara\u00e7\u00f5es p\u00fablicas a favor da cloroquina, a CPI da Covid mostrou que Ricardo Barros trabalhava nos bastidores. Entre os doze processos aos quais responde, h\u00e1 um de&nbsp;<a href=\"https:\/\/oglobo.globo.com\/brasil\/processo-contra-ricardo-barros-socia-da-precisa-medicamentos-se-arrasta-na-justica-25074635\" target=\"_blank\" rel=\"noreferrer noopener\">improbidade administrativa<\/a>&nbsp;por fechar um contrato de R$ 19,9 milh\u00f5es para compra de rem\u00e9dios para doen\u00e7as raras com a Global Gest\u00e3o Sa\u00fade, que n\u00e3o tinha como entregar o produto.<\/p>\n\n\n\n<p>A Global \u00e9 s\u00f3cia da Precisa Medicamentos, intermedi\u00e1ria da vacina indiana Covaxin, a mais cara entre as vacinas. Al\u00e9m de pressionar para que o contrato fosse fechado a toque de caixa, Barros \u00e9 autor de uma&nbsp;<a href=\"https:\/\/exame.com\/brasil\/emenda-de-lider-do-governo-possibilitou-importacao-da-covaxin\/\" target=\"_blank\" rel=\"noreferrer noopener\">emenda<\/a>&nbsp;que facilitaria a importa\u00e7\u00e3o da Covaxin, garantindo a entrada de vacinas importadas mesmo sem o aval da Ag\u00eancia Nacional de Vigil\u00e2ncia Sanit\u00e1ria (Anvisa). Na defesa de sua emenda, Barros citou a necessidade de compra da Covaxin.<\/p>\n\n\n\n<p>\u00c0 m\u00eddia em geral, Ricardo Barros&nbsp;<a href=\"https:\/\/www.metropoles.com\/brasil\/politica-brasil\/covaxin-ricardo-barros-nega-envolvimento-e-se-dispoe-a-depor-na-cpi\" target=\"_blank\" rel=\"noreferrer noopener\">nega<\/a>envolvimento com o caso da vacina chinesa. Bolsonaro tamb\u00e9m nega: \u201c<a href=\"https:\/\/www.infomoney.com.br\/economia\/bolsonaro-nao-tinha-como-saber-sobre-caso-covaxin\/\" target=\"_blank\" rel=\"noreferrer noopener\">N\u00e3o tinha como saber sobre caso Covaxin<\/a>\u201c. O presidente tem evitado se pronunciar tanto sobre Barros quanto sobre Miranda.<\/p>\n\n\n\n<p>|&nbsp;Lu\u00eds Indriunas&nbsp;\u00e9 editor do De Olho nos Ruralistas. |<\/p>\n\n\n\n<p>||&nbsp;<a href=\"https:\/\/twitter.com\/alceucastilho\">Alceu Lu\u00eds Castilho<\/a>&nbsp;\u00e9 diretor de reda\u00e7\u00e3o do observat\u00f3rio. ||<\/p>\n","protected":false},"excerpt":{"rendered":"<p>V\u00eddeo mostra a trajet\u00f3ria do l\u00edder do governo Bolsonaro e piv\u00f4 do esc\u00e2ndalo da Covaxin; financiado por empres\u00e1rios da sa\u00fade, ministro da Sa\u00fade do governo Temer tentou sucatear o SUS; ele tem latif\u00fandios no Piau\u00ed e quadruplicou sua fortuna em doze anos&nbsp;<\/p>\n","protected":false},"author":1,"featured_media":0,"comment_status":"closed","ping_status":"open","sticky":false,"template":"","format":"standard","meta":{"_exactmetrics_skip_tracking":false,"_exactmetrics_sitenote_active":false,"_exactmetrics_sitenote_note":"","_exactmetrics_sitenote_category":0,"jetpack_post_was_ever_published":false,"_jetpack_newsletter_access":"","_jetpack_dont_email_post_to_subs":false,"_jetpack_newsletter_tier_id":0,"_jetpack_memberships_contains_paywalled_content":false,"_jetpack_memberships_contains_paid_content":false,"footnotes":"","jetpack_publicize_message":"","jetpack_publicize_feature_enabled":true,"jetpack_social_post_already_shared":true,"jetpack_social_options":{"image_generator_settings":{"template":"highway","enabled":false},"version":2}},"categories":[1],"tags":[],"class_list":["post-32361","post","type-post","status-publish","format-standard","hentry","category-notas"],"jetpack_publicize_connections":[],"jetpack_sharing_enabled":true,"jetpack_featured_media_url":"","jetpack_shortlink":"https:\/\/wp.me\/p7wKYW-8pX","jetpack-related-posts":[],"_links":{"self":[{"href":"http:\/\/blogdalucianaoliveira.com.br\/blog\/wp-json\/wp\/v2\/posts\/32361","targetHints":{"allow":["GET"]}}],"collection":[{"href":"http:\/\/blogdalucianaoliveira.com.br\/blog\/wp-json\/wp\/v2\/posts"}],"about":[{"href":"http:\/\/blogdalucianaoliveira.com.br\/blog\/wp-json\/wp\/v2\/types\/post"}],"author":[{"embeddable":true,"href":"http:\/\/blogdalucianaoliveira.com.br\/blog\/wp-json\/wp\/v2\/users\/1"}],"replies":[{"embeddable":true,"href":"http:\/\/blogdalucianaoliveira.com.br\/blog\/wp-json\/wp\/v2\/comments?post=32361"}],"version-history":[{"count":1,"href":"http:\/\/blogdalucianaoliveira.com.br\/blog\/wp-json\/wp\/v2\/posts\/32361\/revisions"}],"predecessor-version":[{"id":32363,"href":"http:\/\/blogdalucianaoliveira.com.br\/blog\/wp-json\/wp\/v2\/posts\/32361\/revisions\/32363"}],"wp:attachment":[{"href":"http:\/\/blogdalucianaoliveira.com.br\/blog\/wp-json\/wp\/v2\/media?parent=32361"}],"wp:term":[{"taxonomy":"category","embeddable":true,"href":"http:\/\/blogdalucianaoliveira.com.br\/blog\/wp-json\/wp\/v2\/categories?post=32361"},{"taxonomy":"post_tag","embeddable":true,"href":"http:\/\/blogdalucianaoliveira.com.br\/blog\/wp-json\/wp\/v2\/tags?post=32361"}],"curies":[{"name":"wp","href":"https:\/\/api.w.org\/{rel}","templated":true}]}}