{"id":32364,"date":"2021-07-01T09:25:41","date_gmt":"2021-07-01T13:25:41","guid":{"rendered":"http:\/\/blogdalucianaoliveira.com.br\/blog\/?p=32364"},"modified":"2021-07-01T09:25:46","modified_gmt":"2021-07-01T13:25:46","slug":"sabado-tem-dois-atos-contra-bolsonaro-em-porto-velho","status":"publish","type":"post","link":"http:\/\/blogdalucianaoliveira.com.br\/blog\/2021\/07\/01\/sabado-tem-dois-atos-contra-bolsonaro-em-porto-velho\/","title":{"rendered":"S\u00e1bado tem dois atos contra Bolsonaro em Porto Velho"},"content":{"rendered":"\n<figure class=\"wp-block-image size-large\"><img loading=\"lazy\" decoding=\"async\" width=\"1080\" height=\"1080\" data-attachment-id=\"32365\" data-permalink=\"http:\/\/blogdalucianaoliveira.com.br\/blog\/2021\/07\/01\/sabado-tem-dois-atos-contra-bolsonaro-em-porto-velho\/b7ff1758-d940-46a2-9fe9-3cc73ad53423\/\" data-orig-file=\"https:\/\/i0.wp.com\/blogdalucianaoliveira.com.br\/blog\/wp-content\/uploads\/2021\/07\/B7FF1758-D940-46A2-9FE9-3CC73AD53423.jpeg?fit=1080%2C1080\" data-orig-size=\"1080,1080\" data-comments-opened=\"0\" data-image-meta=\"{&quot;aperture&quot;:&quot;0&quot;,&quot;credit&quot;:&quot;&quot;,&quot;camera&quot;:&quot;&quot;,&quot;caption&quot;:&quot;&quot;,&quot;created_timestamp&quot;:&quot;0&quot;,&quot;copyright&quot;:&quot;&quot;,&quot;focal_length&quot;:&quot;0&quot;,&quot;iso&quot;:&quot;0&quot;,&quot;shutter_speed&quot;:&quot;0&quot;,&quot;title&quot;:&quot;&quot;,&quot;orientation&quot;:&quot;0&quot;}\" data-image-title=\"B7FF1758-D940-46A2-9FE9-3CC73AD53423\" data-image-description=\"\" data-image-caption=\"\" data-medium-file=\"https:\/\/i0.wp.com\/blogdalucianaoliveira.com.br\/blog\/wp-content\/uploads\/2021\/07\/B7FF1758-D940-46A2-9FE9-3CC73AD53423.jpeg?fit=300%2C300\" data-large-file=\"https:\/\/i0.wp.com\/blogdalucianaoliveira.com.br\/blog\/wp-content\/uploads\/2021\/07\/B7FF1758-D940-46A2-9FE9-3CC73AD53423.jpeg?fit=600%2C600\" src=\"https:\/\/i0.wp.com\/blogdalucianaoliveira.com.br\/blog\/wp-content\/uploads\/2021\/07\/B7FF1758-D940-46A2-9FE9-3CC73AD53423.jpeg?fit=600%2C600\" alt=\"\" class=\"wp-image-32365\" srcset=\"https:\/\/i0.wp.com\/blogdalucianaoliveira.com.br\/blog\/wp-content\/uploads\/2021\/07\/B7FF1758-D940-46A2-9FE9-3CC73AD53423.jpeg?w=1080 1080w, https:\/\/i0.wp.com\/blogdalucianaoliveira.com.br\/blog\/wp-content\/uploads\/2021\/07\/B7FF1758-D940-46A2-9FE9-3CC73AD53423.jpeg?resize=300%2C300 300w, https:\/\/i0.wp.com\/blogdalucianaoliveira.com.br\/blog\/wp-content\/uploads\/2021\/07\/B7FF1758-D940-46A2-9FE9-3CC73AD53423.jpeg?resize=1024%2C1024 1024w, https:\/\/i0.wp.com\/blogdalucianaoliveira.com.br\/blog\/wp-content\/uploads\/2021\/07\/B7FF1758-D940-46A2-9FE9-3CC73AD53423.jpeg?resize=150%2C150 150w, https:\/\/i0.wp.com\/blogdalucianaoliveira.com.br\/blog\/wp-content\/uploads\/2021\/07\/B7FF1758-D940-46A2-9FE9-3CC73AD53423.jpeg?resize=768%2C768 768w\" sizes=\"auto, (max-width: 600px) 100vw, 600px\" \/><\/figure>\n\n\n\n<p>Bolsonaro n\u00e3o s\u00f3 agiu para espalhar o v\u00edrus, colaborando com as mais de 516 mil mortes na pandemia.<\/p>\n\n\n\n<p>Seu governo ainda tentou lucrar cobrando propina na compra de vacinas.<\/p>\n\n\n\n<p>\u00c9 dever de todos que lamentam as mortes do pa\u00eds ir ao ato nacional neste s\u00e1bado.<\/p>\n\n\n\n<p>S\u00e3o duas op\u00e7\u00f5es: carreata e passeata, com obedi\u00eancia ao uso de m\u00e1scaras e \u00e1lcool em gel.<\/p>\n\n\n\n<p>Quem n\u00e3o foi aos dois primeiros atos, v\u00e1 neste!<\/p>\n\n\n\n<p>A hora de tirar esse presidente incompetente, pat\u00e9tico, s\u00e1dico e corrupto chegou! <\/p>\n\n\n\n<h1 class=\"wp-block-heading\">ForaBolsonaroGenocidaCorrupto<\/h1>\n\n\n\n<h1 class=\"wp-block-heading\">ImpeachmentJ\u00e1<\/h1>\n","protected":false},"excerpt":{"rendered":"<p>Bolsonaro n\u00e3o s\u00f3 agiu para espalhar o v\u00edrus, colaborando com as mais de 516 mil mortes na pandemia. Seu governo ainda tentou lucrar cobrando propina na compra de vacinas. \u00c9 dever de todos que lamentam as mortes do pa\u00eds ir ao ato nacional neste s\u00e1bado. S\u00e3o duas op\u00e7\u00f5es: carreata e passeata, com obedi\u00eancia ao uso&#8230;<a class=\"more-link\" href=\"http:\/\/blogdalucianaoliveira.com.br\/blog\/2021\/07\/01\/sabado-tem-dois-atos-contra-bolsonaro-em-porto-velho\/\">Continue a leitura <span class=\"meta-nav\">&raquo;<\/span><\/a><\/p>\n","protected":false},"author":1,"featured_media":0,"comment_status":"closed","ping_status":"open","sticky":false,"template":"","format":"standard","meta":{"_exactmetrics_skip_tracking":false,"_exactmetrics_sitenote_active":false,"_exactmetrics_sitenote_note":"","_exactmetrics_sitenote_category":0,"jetpack_post_was_ever_published":false,"_jetpack_newsletter_access":"","_jetpack_dont_email_post_to_subs":false,"_jetpack_newsletter_tier_id":0,"_jetpack_memberships_contains_paywalled_content":false,"_jetpack_memberships_contains_paid_content":false,"footnotes":"","jetpack_publicize_message":"","jetpack_publicize_feature_enabled":true,"jetpack_social_post_already_shared":true,"jetpack_social_options":{"image_generator_settings":{"template":"highway","enabled":false},"version":2}},"categories":[1],"tags":[],"class_list":["post-32364","post","type-post","status-publish","format-standard","hentry","category-notas"],"jetpack_publicize_connections":[],"jetpack_sharing_enabled":true,"jetpack_featured_media_url":"","jetpack_shortlink":"https:\/\/wp.me\/p7wKYW-8q0","jetpack-related-posts":[],"_links":{"self":[{"href":"http:\/\/blogdalucianaoliveira.com.br\/blog\/wp-json\/wp\/v2\/posts\/32364","targetHints":{"allow":["GET"]}}],"collection":[{"href":"http:\/\/blogdalucianaoliveira.com.br\/blog\/wp-json\/wp\/v2\/posts"}],"about":[{"href":"http:\/\/blogdalucianaoliveira.com.br\/blog\/wp-json\/wp\/v2\/types\/post"}],"author":[{"embeddable":true,"href":"http:\/\/blogdalucianaoliveira.com.br\/blog\/wp-json\/wp\/v2\/users\/1"}],"replies":[{"embeddable":true,"href":"http:\/\/blogdalucianaoliveira.com.br\/blog\/wp-json\/wp\/v2\/comments?post=32364"}],"version-history":[{"count":1,"href":"http:\/\/blogdalucianaoliveira.com.br\/blog\/wp-json\/wp\/v2\/posts\/32364\/revisions"}],"predecessor-version":[{"id":32366,"href":"http:\/\/blogdalucianaoliveira.com.br\/blog\/wp-json\/wp\/v2\/posts\/32364\/revisions\/32366"}],"wp:attachment":[{"href":"http:\/\/blogdalucianaoliveira.com.br\/blog\/wp-json\/wp\/v2\/media?parent=32364"}],"wp:term":[{"taxonomy":"category","embeddable":true,"href":"http:\/\/blogdalucianaoliveira.com.br\/blog\/wp-json\/wp\/v2\/categories?post=32364"},{"taxonomy":"post_tag","embeddable":true,"href":"http:\/\/blogdalucianaoliveira.com.br\/blog\/wp-json\/wp\/v2\/tags?post=32364"}],"curies":[{"name":"wp","href":"https:\/\/api.w.org\/{rel}","templated":true}]}}