{"id":32368,"date":"2021-07-01T11:57:17","date_gmt":"2021-07-01T15:57:17","guid":{"rendered":"http:\/\/blogdalucianaoliveira.com.br\/blog\/?p=32368"},"modified":"2021-07-01T11:58:43","modified_gmt":"2021-07-01T15:58:43","slug":"em-rondonia-soam-com-forca-as-trombetas-do-apocalipse","status":"publish","type":"post","link":"http:\/\/blogdalucianaoliveira.com.br\/blog\/2021\/07\/01\/em-rondonia-soam-com-forca-as-trombetas-do-apocalipse\/","title":{"rendered":"Em Rond\u00f4nia, soam com for\u00e7a as trombetas do Apocalipse"},"content":{"rendered":"\n<figure class=\"wp-block-image size-large\"><img data-recalc-dims=\"1\" loading=\"lazy\" decoding=\"async\" width=\"589\" height=\"414\" data-attachment-id=\"32369\" data-permalink=\"http:\/\/blogdalucianaoliveira.com.br\/blog\/2021\/07\/01\/em-rondonia-soam-com-forca-as-trombetas-do-apocalipse\/df33aea1-1c86-468c-ae12-b5d4f5779b9a\/\" data-orig-file=\"https:\/\/i0.wp.com\/blogdalucianaoliveira.com.br\/blog\/wp-content\/uploads\/2021\/07\/DF33AEA1-1C86-468C-AE12-B5D4F5779B9A.jpeg?fit=589%2C414\" data-orig-size=\"589,414\" data-comments-opened=\"0\" data-image-meta=\"{&quot;aperture&quot;:&quot;0&quot;,&quot;credit&quot;:&quot;&quot;,&quot;camera&quot;:&quot;&quot;,&quot;caption&quot;:&quot;&quot;,&quot;created_timestamp&quot;:&quot;0&quot;,&quot;copyright&quot;:&quot;&quot;,&quot;focal_length&quot;:&quot;0&quot;,&quot;iso&quot;:&quot;0&quot;,&quot;shutter_speed&quot;:&quot;0&quot;,&quot;title&quot;:&quot;&quot;,&quot;orientation&quot;:&quot;1&quot;}\" data-image-title=\"DF33AEA1-1C86-468C-AE12-B5D4F5779B9A\" data-image-description=\"\" data-image-caption=\"\" data-medium-file=\"https:\/\/i0.wp.com\/blogdalucianaoliveira.com.br\/blog\/wp-content\/uploads\/2021\/07\/DF33AEA1-1C86-468C-AE12-B5D4F5779B9A.jpeg?fit=300%2C211\" data-large-file=\"https:\/\/i0.wp.com\/blogdalucianaoliveira.com.br\/blog\/wp-content\/uploads\/2021\/07\/DF33AEA1-1C86-468C-AE12-B5D4F5779B9A.jpeg?fit=589%2C414\" src=\"https:\/\/i0.wp.com\/blogdalucianaoliveira.com.br\/blog\/wp-content\/uploads\/2021\/07\/DF33AEA1-1C86-468C-AE12-B5D4F5779B9A.jpeg?resize=589%2C414\" alt=\"\" class=\"wp-image-32369\" srcset=\"https:\/\/i0.wp.com\/blogdalucianaoliveira.com.br\/blog\/wp-content\/uploads\/2021\/07\/DF33AEA1-1C86-468C-AE12-B5D4F5779B9A.jpeg?w=589 589w, https:\/\/i0.wp.com\/blogdalucianaoliveira.com.br\/blog\/wp-content\/uploads\/2021\/07\/DF33AEA1-1C86-468C-AE12-B5D4F5779B9A.jpeg?resize=300%2C211 300w, https:\/\/i0.wp.com\/blogdalucianaoliveira.com.br\/blog\/wp-content\/uploads\/2021\/07\/DF33AEA1-1C86-468C-AE12-B5D4F5779B9A.jpeg?resize=427%2C300 427w\" sizes=\"auto, (max-width: 589px) 100vw, 589px\" \/><\/figure>\n\n\n\n<p><br> \u201cO primeiro anjo tocou a sua trombeta, e granizo e fogo misturado com sangue foram lan\u00e7ados sobre a terra. Foi queimado um ter\u00e7o da terra, um ter\u00e7o das \u00e1rvores e toda a relva verde\u201d (Apocalipse 8:7).<\/p>\n\n\n\n<!--more-->\n\n\n\n<p><strong><br>Por Marcelo Lucian Ferronato, Bi\u00f3logo; Mestre em Ci\u00eancias Ambientais; Doutor em Desenvolvimento Regional e Meio Ambiente; A\u00e7\u00e3o Ecol\u00f3gica Guapor\u00e9 \u2013 Ecopor\u00e9; Laborat\u00f3rio de Heur\u00edstica de Sistemas Agroalimentares da Amaz\u00f4nia &#8211; LaHorta<\/strong><\/p>\n\n\n\n<p><br> \u201cEnquanto a lei n\u00e3o for inconstitucional, cumpra-se\u201d! \u00c9 o que diz o deputado estadual Jair Montes em v\u00eddeo divulgado no \u00faltimo domingo (27\/06\/21) ao cobrar o secret\u00e1rio do \u00f3rg\u00e3o ambiental estadual, Sedam, Marc\u00edlio Dias, que cancelasse opera\u00e7\u00f5es de fiscaliza\u00e7\u00e3o contra o desmatamento ilegal, queimadas e grilagem, que ocorrem na regi\u00e3o do Parque de Guajar\u00e1- Mirim. <br><\/p>\n\n\n\n<p>No v\u00eddeo, exige que o \u00f3rg\u00e3o ambiental se abstenha de cumprir seu papel de enfrentamento ao crime ambiental. Para falar a verdade, penso que logo vai surgir um sabido pedindo para acabar com a Sedam, afinal a impress\u00e3o \u00e9 de que o \u00f3rg\u00e3o n\u00e3o passa de um estorvo \u00e0s sandices e devaneios \u201canti-floresta\u201d. N\u00e3o h\u00e1 um que reconhe\u00e7a o papel estrat\u00e9gico do \u00f3rg\u00e3o que carrega o desenvolvimento em seu nome.<\/p>\n\n\n\n<p> O discurso que vemos no v\u00eddeo \u00e9 a consequ\u00eancia desastrosa da lei aprovada, pela Assembleia Legislativa de Rond\u00f4nia e sancionada pelo governador em maio de 2021, que extirpou a Resex Jaci-Paran\u00e1 e estuprou o Parque Estadual de Guajar\u00e1-Mirim. Foi o maior pr\u00eamio j\u00e1 oferecido a grilagem de terras associado ao crime ambiental organizado. Nunca na hist\u00f3ria do Brasil, tantos hectares de \u00e1reas de conserva\u00e7\u00e3o foram riscados do mapa de uma s\u00f3 vez em benef\u00edcio de usurpadores de terras p\u00fablicas.<br> Essa lei repercutiu imediatamente, de maneira t\u00e3o negativa, que j\u00e1 causa outros conflitos e invas\u00f5es que pipocam em outras reservas ambientais, estado afora. Logo isso tomar\u00e1 uma dimens\u00e3o que ser\u00e1 incapaz de ser contida, ainda mais com a massiva mobiliza\u00e7\u00e3o \u201canti-natureza\u201d dos parlamentares. \u00c9 um convite a grileiros, cada vez mais empoderados, para realizar novas invas\u00f5es e abrir novas frentes de desmatamento. Na pr\u00e1tica, o efeito pedag\u00f3gico \u00e9 de que crime ambiental compensa. \u00c9 como dizer: vai l\u00e1, cria uma associa\u00e7\u00e3o, inventa o sonho da terra prometida, faz tudo errado que depois damos um &#8220;jeitinho&#8221; de regularizar. N\u00e3o faremos resist\u00eancia, apenas apoiaremos.<\/p>\n\n\n\n<p><br> \u00c9 importante lembrar que em maio de 2021, o desmatamento em Rond\u00f4nia foi (300%) maior do que em maio de 2020. Esses n\u00fameros subiram sistematicamente nos \u00faltimos 5 anos. Claramente os discursos pol\u00edticos pr\u00f3-destrui\u00e7\u00e3o e \u201ccontra-conserva\u00e7\u00e3o\u201d das riquezas naturais vem dando certo. \u00c9 como se 1,5 milh\u00f5es de habitantes de Rond\u00f4nia, jogassem toda riqueza natural do estado no colo de meia d\u00fazia de invasores de terras p\u00fablicas.<\/p>\n\n\n\n<p><br> Os deputados rondonienses fazem e acontecem sem nenhuma oposi\u00e7\u00e3o ou resist\u00eancia. Est\u00e3o provocando o primeiro Anjo do Apocalipse a soar sua trombeta e lan\u00e7ar fogo misturado com sangue sobre \u00e0 terra, queimando um ter\u00e7o da terra, um ter\u00e7o das \u00e1rvores e toda a relva verde (Apocalipse 8:7). Sim queridos leitores, est\u00e1 em curso \u00e9 a maior destrui\u00e7\u00e3o de florestas pelo fogo, e do sangue dos conflitos agr\u00e1rios deste s\u00e9culo.<br> E isso ocorre com o apoio p\u00fablico de quem deveria zelar pelo bem-estar coletivo e equil\u00edbrio ambiental e acatar o artigo 225 da constitui\u00e7\u00e3o. Afinal, \u201cTodos t\u00eam direito ao meio ambiente ecologicamente equilibrado, bem de uso comum do povo e essencial \u00e0 sadia qualidade de vida, impondo-se ao poder p\u00fablico e \u00e0 coletividade o dever de defend\u00ea-lo e preserv\u00e1-lo para as presentes e futuras gera\u00e7\u00f5es\u201d.<br> Sinceramente, n\u00e3o sei qual a dificuldade de entender que equil\u00edbrio ecol\u00f3gico \u00e9 essencial para vida saud\u00e1vel e pr\u00f3spera. Esse artigo n\u00e3o \u00e9 mero enfeite, foi escrito porque existe um prop\u00f3sito em existir. Por\u00e9m, nas entrelinhas do discurso de Montes, nota-se que \u00e9 preciso consolidar rapidamente as invas\u00f5es, antes de qualquer revers\u00e3o judicial, pois, ele mesmo afirma que a lei aprovada poder\u00e1 ser revista pelo tribunal de justi\u00e7a no caso de A\u00e7\u00e3o Direta de Inconstitucionalidade (ADI), e pode sim ser declarada inconstitucional. \u201cEnquanto a lei n\u00e3o for inconstitucional\u201d, ou seja, at\u00e9 l\u00e1 corram, a porteira est\u00e1 aberta para tocar a boiada, mas pode fechar.<\/p>\n\n\n\n<p><br> Pode at\u00e9 ser ilus\u00e3o de um rondoniense que ainda cr\u00ea na justi\u00e7a social. Por\u00e9m, eu ainda tenho f\u00e9 e acredito que um dia haver\u00e3o por aqui legisladores que pensem no equil\u00edbrio da rela\u00e7\u00e3o homem-natureza e campo-floresta. Que sejam preocupados em proporcionar investimentos tecnol\u00f3gicos para alcan\u00e7armos melhor produtividade! N\u00e3o parece racional desmatar uma rica floresta para produzir menos de 2 cabe\u00e7as de gado por hectare, \u00e9 vergonhoso. Tampouco parece ser racional, parlamentares que defendem desmatadores de florestas p\u00fablicas, e no dia seguinte se dizem preocupados a conserva\u00e7\u00e3o das \u00e1guas e que \u00e9 necess\u00e1rio recuperar as matas das \u201cbeiras dos rios\u201d. Parece insano sei, mas \u00e9 frequente ouvir isso.<\/p>\n\n\n\n<p><br> Ainda sonho que talvez um dia, possa haver a redistribui\u00e7\u00e3o de terras outrora desmatadas e surrupiadas dos agricultores familiares, que se tornaram latif\u00fandios, a quem de fato precisa delas para produzir comida e viver com suas fam\u00edlias. Tem gente que acha isso coisa de comunista, chamo de justi\u00e7a social e econ\u00f4mica. Os que tem coragem de fazer uma an\u00e1lise razo\u00e1vel e ampla sobre os conflitos agr\u00e1rios, sabe que isso ocorre pela concentra\u00e7\u00e3o de terra. \u00c9 matem\u00e1tica, pouca gente com muita terra e muita gente com pouca terra.<\/p>\n\n\n\n<p><br> O que acho mais estranho \u00e9 que nenhum parlamentar oferece uma migalha de apoio \u00e0 Sedam para o combate ao crime ambiental. Ocorrem aos montes, retalia\u00e7\u00f5es, amea\u00e7as ao corte de or\u00e7amento para opera\u00e7\u00f5es de fiscaliza\u00e7\u00e3o, convoca\u00e7\u00f5es constantes de secret\u00e1rios para esclarecimentos, press\u00e3o por altera\u00e7\u00f5es nos regimentos para que se passe a boiada, etc. Isso ocorre na mesma frequ\u00eancia para os demais secret\u00e1rios do governo?<br> Quem sabe um dia, nossa sociedade entender\u00e1 que as pol\u00edticas estimuladoras da destrui\u00e7\u00e3o da natureza s\u00e3o contr\u00e1rias ao bem-estar coletivo e a similaridade social (prefiro o termo similaridade a igualdade, afinal somos diferentes, mas temos as mesmas necessidades para viver minimamente bem).<\/p>\n\n\n\n<p><br> A pol\u00edtica \u201canti-ambiental\u201d rondoniense \u00e9 vers\u00e3o moderna dos quatro cavaleiros do apocalipse. Ali\u00e1s, esse livro b\u00edblico \u00e9 uma sugest\u00e3o excelente de prega\u00e7\u00e3o a \u201cpseudo-pastores\u201d associados as invas\u00f5es das unidades de conserva\u00e7\u00e3o por essas bandas. Fica a dica!<\/p>\n\n\n\n<p><br> Para ouvir:<br> <a href=\"https:\/\/open.spotify.com\/episode\/6GSlqN731qs4Ub5sf9JXvE?si=iTppcwbhQmyFa3vmQ- jqQg&amp;dl_branch=1\">https:\/\/open.spotify.com\/episode\/6GSlqN731qs4Ub5sf9JXvE?si=iTppcwbhQmyFa3vmQ- jqQg&amp;dl_branch=1<\/a><br> <\/p>\n","protected":false},"excerpt":{"rendered":"<p>\u201cO primeiro anjo tocou a sua trombeta, e granizo e fogo misturado com sangue foram lan\u00e7ados sobre a terra. Foi queimado um ter\u00e7o da terra, um ter\u00e7o das \u00e1rvores e toda a relva verde\u201d (Apocalipse 8:7).<\/p>\n","protected":false},"author":1,"featured_media":0,"comment_status":"closed","ping_status":"open","sticky":false,"template":"","format":"standard","meta":{"_exactmetrics_skip_tracking":false,"_exactmetrics_sitenote_active":false,"_exactmetrics_sitenote_note":"","_exactmetrics_sitenote_category":0,"jetpack_post_was_ever_published":false,"_jetpack_newsletter_access":"","_jetpack_dont_email_post_to_subs":false,"_jetpack_newsletter_tier_id":0,"_jetpack_memberships_contains_paywalled_content":false,"_jetpack_memberships_contains_paid_content":false,"footnotes":"","jetpack_publicize_message":"","jetpack_publicize_feature_enabled":true,"jetpack_social_post_already_shared":true,"jetpack_social_options":{"image_generator_settings":{"template":"highway","enabled":false},"version":2}},"categories":[1],"tags":[],"class_list":["post-32368","post","type-post","status-publish","format-standard","hentry","category-notas"],"jetpack_publicize_connections":[],"jetpack_sharing_enabled":true,"jetpack_featured_media_url":"","jetpack_shortlink":"https:\/\/wp.me\/p7wKYW-8q4","jetpack-related-posts":[],"_links":{"self":[{"href":"http:\/\/blogdalucianaoliveira.com.br\/blog\/wp-json\/wp\/v2\/posts\/32368","targetHints":{"allow":["GET"]}}],"collection":[{"href":"http:\/\/blogdalucianaoliveira.com.br\/blog\/wp-json\/wp\/v2\/posts"}],"about":[{"href":"http:\/\/blogdalucianaoliveira.com.br\/blog\/wp-json\/wp\/v2\/types\/post"}],"author":[{"embeddable":true,"href":"http:\/\/blogdalucianaoliveira.com.br\/blog\/wp-json\/wp\/v2\/users\/1"}],"replies":[{"embeddable":true,"href":"http:\/\/blogdalucianaoliveira.com.br\/blog\/wp-json\/wp\/v2\/comments?post=32368"}],"version-history":[{"count":2,"href":"http:\/\/blogdalucianaoliveira.com.br\/blog\/wp-json\/wp\/v2\/posts\/32368\/revisions"}],"predecessor-version":[{"id":32371,"href":"http:\/\/blogdalucianaoliveira.com.br\/blog\/wp-json\/wp\/v2\/posts\/32368\/revisions\/32371"}],"wp:attachment":[{"href":"http:\/\/blogdalucianaoliveira.com.br\/blog\/wp-json\/wp\/v2\/media?parent=32368"}],"wp:term":[{"taxonomy":"category","embeddable":true,"href":"http:\/\/blogdalucianaoliveira.com.br\/blog\/wp-json\/wp\/v2\/categories?post=32368"},{"taxonomy":"post_tag","embeddable":true,"href":"http:\/\/blogdalucianaoliveira.com.br\/blog\/wp-json\/wp\/v2\/tags?post=32368"}],"curies":[{"name":"wp","href":"https:\/\/api.w.org\/{rel}","templated":true}]}}