{"id":32372,"date":"2021-07-01T12:19:30","date_gmt":"2021-07-01T16:19:30","guid":{"rendered":"http:\/\/blogdalucianaoliveira.com.br\/blog\/?p=32372"},"modified":"2021-07-01T12:19:36","modified_gmt":"2021-07-01T16:19:36","slug":"amazonia-tem-junho-com-maior-no-de-focos-de-incendio-desde-2007","status":"publish","type":"post","link":"http:\/\/blogdalucianaoliveira.com.br\/blog\/2021\/07\/01\/amazonia-tem-junho-com-maior-no-de-focos-de-incendio-desde-2007\/","title":{"rendered":"Amaz\u00f4nia tem junho com maior n\u00ba de focos de inc\u00eandio desde 2007"},"content":{"rendered":"\n<figure class=\"wp-block-image size-large\"><img data-recalc-dims=\"1\" loading=\"lazy\" decoding=\"async\" width=\"300\" height=\"200\" data-attachment-id=\"32373\" data-permalink=\"http:\/\/blogdalucianaoliveira.com.br\/blog\/2021\/07\/01\/amazonia-tem-junho-com-maior-no-de-focos-de-incendio-desde-2007\/8750ce0e-666e-44b1-b80e-ab8a8b3a0e59\/\" data-orig-file=\"https:\/\/i0.wp.com\/blogdalucianaoliveira.com.br\/blog\/wp-content\/uploads\/2021\/07\/8750CE0E-666E-44B1-B80E-AB8A8B3A0E59.jpeg?fit=300%2C200\" data-orig-size=\"300,200\" data-comments-opened=\"0\" data-image-meta=\"{&quot;aperture&quot;:&quot;0&quot;,&quot;credit&quot;:&quot;&quot;,&quot;camera&quot;:&quot;&quot;,&quot;caption&quot;:&quot;&quot;,&quot;created_timestamp&quot;:&quot;0&quot;,&quot;copyright&quot;:&quot;&quot;,&quot;focal_length&quot;:&quot;0&quot;,&quot;iso&quot;:&quot;0&quot;,&quot;shutter_speed&quot;:&quot;0&quot;,&quot;title&quot;:&quot;&quot;,&quot;orientation&quot;:&quot;0&quot;}\" data-image-title=\"8750CE0E-666E-44B1-B80E-AB8A8B3A0E59\" data-image-description=\"\" data-image-caption=\"\" data-medium-file=\"https:\/\/i0.wp.com\/blogdalucianaoliveira.com.br\/blog\/wp-content\/uploads\/2021\/07\/8750CE0E-666E-44B1-B80E-AB8A8B3A0E59.jpeg?fit=300%2C200\" data-large-file=\"https:\/\/i0.wp.com\/blogdalucianaoliveira.com.br\/blog\/wp-content\/uploads\/2021\/07\/8750CE0E-666E-44B1-B80E-AB8A8B3A0E59.jpeg?fit=300%2C200\" src=\"https:\/\/i0.wp.com\/blogdalucianaoliveira.com.br\/blog\/wp-content\/uploads\/2021\/07\/8750CE0E-666E-44B1-B80E-AB8A8B3A0E59.jpeg?resize=300%2C200\" alt=\"\" class=\"wp-image-32373\"\/><\/figure>\n\n\n\n<h4 class=\"wp-block-heading\">Dados s\u00e3o do monitoramento do Instituto Nacional de Pesquisas Espaciais (Inpe), ligado ao Minist\u00e9rio da Ci\u00eancia; gest\u00e3o Bolsonaro tem sido alvo de cr\u00edtica nos \u00faltimos anos por alta de desmate e queimadas<\/h4>\n\n\n\n<!--more-->\n\n\n\n<p>Mariana Hallal, O Estado de S.Paulo&nbsp;<\/p>\n\n\n\n<p>A&nbsp;<a href=\"https:\/\/tudo-sobre.estadao.com.br\/floresta-amazonica\"><strong>Amaz\u00f4nia<\/strong><\/a>&nbsp;registrou&nbsp;<strong>2.308<\/strong>&nbsp;<strong>focos de inc\u00eandio&nbsp;<\/strong>entre 1\u00ba e 30 de junho, o maior n\u00famero para o m\u00eas de junho desde 2007. Os dados s\u00e3o do monitoramento de queimadas do Instituto Nacional de Pesquisas Espaciais (Inpe), \u00f3rg\u00e3o ligado ao Minist\u00e9rio da Ci\u00eancia e Tecnologia.&nbsp;A maior parte dos inc\u00eandios, 66,5%, aconteceu no Mato Grosso, seguido pelo Par\u00e1 (18,4%) e por Rond\u00f4nia (5,7%). Desde 2019, a gest\u00e3o Jair Bolsonaro tem sido alvo de cr\u00edticas no Brasil e no exterior por causa da explos\u00e3o de inc\u00eandios e do desmatamento na floresta.&nbsp;&nbsp;<\/p>\n\n\n\n<p>Houve\u00a029 registros de queimadas em \u00e1reas de conserva\u00e7\u00e3o estaduais, principalmente na \u00c1rea de Preserva\u00e7\u00e3o Ambiental da Chapada Maranhense, que teve 13 focos de inc\u00eandio. Entre as \u00e1reas de conserva\u00e7\u00e3o federais, houve 30 focos de fogo. A regi\u00e3o mais afetada foi a Parna dos Campos Amaz\u00f4nicos, com\u00a013 focos.<\/p>\n\n\n\n<p>As terras ind\u00edgenas registraram ao todo 110 focos de inc\u00eandio. Destes, 36,4% aconteceram no Parque do Xingu, em Mato Grosso.&nbsp;<\/p>\n\n\n\n<p>Na segunda-feira, o presidente Jair Bolsonaro autorizou a atua\u00e7\u00e3o de militares na Amaz\u00f4nia para o combate de crimes ambientais. A medida, no modelo de Garantia da Lei e da Ordem (GLO), vale para terras ind\u00edgenas, unidades federais de conserva\u00e7\u00e3o ambiental, em \u00e1reas de propriedade ou sob posse da Uni\u00e3o, e, se pedido pelos governadores, em outras \u00e1reas dos Estados do Amazonas, Mato Grosso, Par\u00e1 e Rond\u00f4nia.&nbsp;As tropas est\u00e3o liberadas para atuar nessas \u00e1reas pelo per\u00edodo de 28 de junho a 31 de agosto deste ano.&nbsp;<\/p>\n\n\n\n<p>No dia seguinte, o presidente editou um decreto que pro\u00edbe queimadas para pr\u00e1ticas agropastoris em todo o Pa\u00eds por 120 dias.&nbsp;A suspens\u00e3o tempor\u00e1ria n\u00e3o se aplica a alguns casos, como pr\u00e1ticas de preven\u00e7\u00e3o e combate a inc\u00eandios realizadas ou supervisionadas pelas institui\u00e7\u00f5es p\u00fablicas respons\u00e1veis pela preven\u00e7\u00e3o e pelo combate aos inc\u00eandios florestais; pr\u00e1ticas agr\u00edcolas de subsist\u00eancia executadas pelas popula\u00e7\u00f5es tradicionais e ind\u00edgenas; e controle fitossanit\u00e1rio, desde que autorizado pelo \u00f3rg\u00e3o ambiental competente. Tamb\u00e9m ficam liberadas as queimas controladas, em \u00e1reas n\u00e3o localizadas nos biomas Amaz\u00f4nia e Pantanal, desde que sejam imprescind\u00edveis \u00e0 realiza\u00e7\u00e3o de pr\u00e1ticas agr\u00edcolas e previamente autorizadas pelo \u00f3rg\u00e3o ambiental estadual ou distrital.<\/p>\n","protected":false},"excerpt":{"rendered":"<p>Dados s\u00e3o do monitoramento do Instituto Nacional de Pesquisas Espaciais (Inpe), ligado ao Minist\u00e9rio da Ci\u00eancia; gest\u00e3o Bolsonaro tem sido alvo de cr\u00edtica nos \u00faltimos anos por alta de desmate e queimadas<\/p>\n","protected":false},"author":1,"featured_media":0,"comment_status":"closed","ping_status":"open","sticky":false,"template":"","format":"standard","meta":{"_exactmetrics_skip_tracking":false,"_exactmetrics_sitenote_active":false,"_exactmetrics_sitenote_note":"","_exactmetrics_sitenote_category":0,"jetpack_post_was_ever_published":false,"_jetpack_newsletter_access":"","_jetpack_dont_email_post_to_subs":false,"_jetpack_newsletter_tier_id":0,"_jetpack_memberships_contains_paywalled_content":false,"_jetpack_memberships_contains_paid_content":false,"footnotes":"","jetpack_publicize_message":"","jetpack_publicize_feature_enabled":true,"jetpack_social_post_already_shared":true,"jetpack_social_options":{"image_generator_settings":{"template":"highway","enabled":false},"version":2}},"categories":[1],"tags":[],"class_list":["post-32372","post","type-post","status-publish","format-standard","hentry","category-notas"],"jetpack_publicize_connections":[],"jetpack_sharing_enabled":true,"jetpack_featured_media_url":"","jetpack_shortlink":"https:\/\/wp.me\/p7wKYW-8q8","jetpack-related-posts":[],"_links":{"self":[{"href":"http:\/\/blogdalucianaoliveira.com.br\/blog\/wp-json\/wp\/v2\/posts\/32372","targetHints":{"allow":["GET"]}}],"collection":[{"href":"http:\/\/blogdalucianaoliveira.com.br\/blog\/wp-json\/wp\/v2\/posts"}],"about":[{"href":"http:\/\/blogdalucianaoliveira.com.br\/blog\/wp-json\/wp\/v2\/types\/post"}],"author":[{"embeddable":true,"href":"http:\/\/blogdalucianaoliveira.com.br\/blog\/wp-json\/wp\/v2\/users\/1"}],"replies":[{"embeddable":true,"href":"http:\/\/blogdalucianaoliveira.com.br\/blog\/wp-json\/wp\/v2\/comments?post=32372"}],"version-history":[{"count":1,"href":"http:\/\/blogdalucianaoliveira.com.br\/blog\/wp-json\/wp\/v2\/posts\/32372\/revisions"}],"predecessor-version":[{"id":32374,"href":"http:\/\/blogdalucianaoliveira.com.br\/blog\/wp-json\/wp\/v2\/posts\/32372\/revisions\/32374"}],"wp:attachment":[{"href":"http:\/\/blogdalucianaoliveira.com.br\/blog\/wp-json\/wp\/v2\/media?parent=32372"}],"wp:term":[{"taxonomy":"category","embeddable":true,"href":"http:\/\/blogdalucianaoliveira.com.br\/blog\/wp-json\/wp\/v2\/categories?post=32372"},{"taxonomy":"post_tag","embeddable":true,"href":"http:\/\/blogdalucianaoliveira.com.br\/blog\/wp-json\/wp\/v2\/tags?post=32372"}],"curies":[{"name":"wp","href":"https:\/\/api.w.org\/{rel}","templated":true}]}}