{"id":32375,"date":"2021-07-03T05:27:09","date_gmt":"2021-07-03T09:27:09","guid":{"rendered":"http:\/\/blogdalucianaoliveira.com.br\/blog\/?p=32375"},"modified":"2021-07-03T06:04:02","modified_gmt":"2021-07-03T10:04:02","slug":"fora-bolsonaro-veja-lista-com-locais-de-atos-do-proximo-sabado-3","status":"publish","type":"post","link":"http:\/\/blogdalucianaoliveira.com.br\/blog\/2021\/07\/03\/fora-bolsonaro-veja-lista-com-locais-de-atos-do-proximo-sabado-3\/","title":{"rendered":"&#8220;Fora, Bolsonaro&#8221;: veja lista com locais de atos do pr\u00f3ximo s\u00e1bado (3)"},"content":{"rendered":"\n<figure class=\"wp-block-image size-large\"><img data-recalc-dims=\"1\" loading=\"lazy\" decoding=\"async\" width=\"600\" height=\"347\" data-attachment-id=\"32376\" data-permalink=\"http:\/\/blogdalucianaoliveira.com.br\/blog\/2021\/07\/03\/fora-bolsonaro-veja-lista-com-locais-de-atos-do-proximo-sabado-3\/brazil-health-virus-bolsonaro-protest\/\" data-orig-file=\"https:\/\/i0.wp.com\/blogdalucianaoliveira.com.br\/blog\/wp-content\/uploads\/2021\/07\/E84ED802-2272-4BE9-A8C5-ECF942D222B2.jpeg?fit=800%2C462\" data-orig-size=\"800,462\" data-comments-opened=\"0\" data-image-meta=\"{&quot;aperture&quot;:&quot;0&quot;,&quot;credit&quot;:&quot;AFP&quot;,&quot;camera&quot;:&quot;&quot;,&quot;caption&quot;:&quot;Members of opposition parties and social movements participate in a protest against Brazilian President Jair Bolsonaro&#039;s handling of the Covid-19 pandemic in Sao Paulo, Brazil on June 19, 2021. - Far-right President Jair Bolsonaro has been facing criticism for his management of the pandemic, including initially refusing offers of vaccines, as epidemiologists warn Brazil may now be on the brink of a third wave of Covid-19. (Photo by Paulo Pinto \\\/ AFP)&quot;,&quot;created_timestamp&quot;:&quot;1624126279&quot;,&quot;copyright&quot;:&quot;AFP or licensors&quot;,&quot;focal_length&quot;:&quot;0&quot;,&quot;iso&quot;:&quot;0&quot;,&quot;shutter_speed&quot;:&quot;0&quot;,&quot;title&quot;:&quot;BRAZIL-HEALTH-VIRUS-BOLSONARO-PROTEST&quot;,&quot;orientation&quot;:&quot;0&quot;}\" data-image-title=\"BRAZIL-HEALTH-VIRUS-BOLSONARO-PROTEST\" data-image-description=\"\" data-image-caption=\"&lt;p&gt;Members of opposition parties and social movements participate in a protest against Brazilian President Jair Bolsonaro&amp;#8217;s handling of the Covid-19 pandemic in Sao Paulo, Brazil on June 19, 2021. &amp;#8211; Far-right President Jair Bolsonaro has been facing criticism for his management of the pandemic, including initially refusing offers of vaccines, as epidemiologists warn Brazil may now be on the brink of a third wave of Covid-19. (Photo by Paulo Pinto \/ AFP)&lt;\/p&gt;\n\" data-medium-file=\"https:\/\/i0.wp.com\/blogdalucianaoliveira.com.br\/blog\/wp-content\/uploads\/2021\/07\/E84ED802-2272-4BE9-A8C5-ECF942D222B2.jpeg?fit=300%2C173\" data-large-file=\"https:\/\/i0.wp.com\/blogdalucianaoliveira.com.br\/blog\/wp-content\/uploads\/2021\/07\/E84ED802-2272-4BE9-A8C5-ECF942D222B2.jpeg?fit=600%2C347\" src=\"https:\/\/i0.wp.com\/blogdalucianaoliveira.com.br\/blog\/wp-content\/uploads\/2021\/07\/E84ED802-2272-4BE9-A8C5-ECF942D222B2.jpeg?resize=600%2C347\" alt=\"\" class=\"wp-image-32376\" srcset=\"https:\/\/i0.wp.com\/blogdalucianaoliveira.com.br\/blog\/wp-content\/uploads\/2021\/07\/E84ED802-2272-4BE9-A8C5-ECF942D222B2.jpeg?w=800 800w, https:\/\/i0.wp.com\/blogdalucianaoliveira.com.br\/blog\/wp-content\/uploads\/2021\/07\/E84ED802-2272-4BE9-A8C5-ECF942D222B2.jpeg?resize=300%2C173 300w, https:\/\/i0.wp.com\/blogdalucianaoliveira.com.br\/blog\/wp-content\/uploads\/2021\/07\/E84ED802-2272-4BE9-A8C5-ECF942D222B2.jpeg?resize=768%2C444 768w, https:\/\/i0.wp.com\/blogdalucianaoliveira.com.br\/blog\/wp-content\/uploads\/2021\/07\/E84ED802-2272-4BE9-A8C5-ECF942D222B2.jpeg?resize=519%2C300 519w\" sizes=\"auto, (max-width: 600px) 100vw, 600px\" \/><\/figure>\n\n\n\n<h4 class=\"wp-block-heading\">Com popula\u00e7\u00e3o nas ruas, den\u00fancias de propina na vacina e superpedido de impeachment, cerco se fecha contra o presidente<\/h4>\n\n\n\n<!--more-->\n\n\n\n<p>Brasil de Fato | L\u00e1brea (AM) |<\/p>\n\n\n\n<p><a href=\"https:\/\/www.brasildefators.com.br\/2021\/06\/30\/frentes-politicas-e-campanha-nacional-fora-bolsonaro-preparam-manifestacao-no-dia-3\" target=\"_blank\" rel=\"noreferrer noopener\">O terceiro ato nacional pelo &#8220;Fora, Bolsonaro&#8221; marcado para o pr\u00f3ximo s\u00e1bado (3)<\/a>&nbsp;j\u00e1 foi confirmado em 314&nbsp;cidades do Brasil e do exterior, segundo levantamento da Central de M\u00eddia das frentes Brasil Popular e Povo Sem Medo, que est\u00e3o convocando&nbsp;a mobiliza\u00e7\u00e3o. Al\u00e9m de pedir a sa\u00edda do presidente Jair Bolsonaro (sem partido), a&nbsp;popula\u00e7\u00e3o vai voltar \u00e0s ruas com as palavras de ordem &#8220;vacina no bra\u00e7o&#8221; e &#8220;comida no prato&#8221;.&nbsp;<\/p>\n\n\n\n<p>Os protestos ser\u00e3o uma sequ\u00eancia aos atos de 29 de maio e 19 de junho, que demonstraram a enorme insatisfa\u00e7\u00e3o popular com&nbsp;o governo federal. As manifesta\u00e7\u00f5es haviam sido convocadas para o dia 23 de julho, mas&nbsp;<a href=\"https:\/\/www.brasildefato.com.br\/2021\/06\/26\/com-desgaste-de-bolsonaro-na-cpi-frentes-antecipam-manifestacoes-para-3-de-julho\" target=\"_blank\" rel=\"noreferrer noopener\">o desgaste de Bolsonaro provocado por den\u00fancias de corrup\u00e7\u00e3o e propina na compra de vacinas antecipou a mobiliza\u00e7\u00e3o<\/a>.&nbsp;<\/p>\n\n\n\n<p>\u00c9 fundamental comparecer&nbsp;apenas a manifesta\u00e7\u00f5es em locais abertos e bem ventilados, sem aglomera\u00e7\u00e3o. Mesmo ao ar livre, deve ser mantido o distanciamento de dois metros e o uso de m\u00e1scaras.&nbsp;<\/p>\n\n\n\n<p><a href=\"https:\/\/www.brasildefato.com.br\/2021\/06\/16\/vai-protestar-contra-bolsonaro-saiba-como-ir-as-ruas-seguindo-protocolos-sanitarios\" target=\"_blank\" rel=\"noreferrer noopener\"><strong>Leia aqui:&nbsp;Vai protestar contra Bolsonaro? Saiba como ir \u00e0s ruas seguindo protocolos sanit\u00e1rios<\/strong><\/a><\/p>\n\n\n\n<p><a href=\"https:\/\/www.brasildefato.com.br\/2021\/06\/30\/brasil-registra-2-081-mortos-por-covid-19-nas-ultimas-24-horas\" target=\"_blank\" rel=\"noreferrer noopener\">Com quase 520 mil mortes por covid-19 em territ\u00f3rio nacional<\/a>, os protestos mant\u00eam as reivindica\u00e7\u00f5es de maior investimento no SUS, garantia de leitos e insumos, acelera\u00e7\u00e3o da vacina\u00e7\u00e3o, aux\u00edlio emergencial de R$600, pol\u00edticas para manuten\u00e7\u00e3o de sal\u00e1rios e apoio a pequenas e m\u00e9dias empresas.&nbsp;Todas bandeiras est\u00e3o sintetizadas na palavra de ordem &#8220;Fora, Bolsonaro&#8221;.<\/p>\n\n\n\n<p>O mandat\u00e1rio viu o cerco se fechar ainda mais na quarta-feira (30), quando&nbsp;<a href=\"https:\/\/www.brasildefato.com.br\/2021\/06\/30\/oposicao-e-ex-aliados-de-bolsonaro-protocolam-superpedido-de-impeachment-em-brasilia\" target=\"_blank\" rel=\"noreferrer noopener\">deputados, l\u00edderes de partidos pol\u00edticos e integrantes de movimentos e organiza\u00e7\u00f5es sociais protocolaram&nbsp;um &#8220;superpedido&#8221; de impeachment na C\u00e2mara dos Deputados.<\/a>&nbsp;Diversas correntes e partidos se uniram no documento que agrega 23 tipos penais que teriam sido cometidos pelo presidente.<\/p>\n\n\n\n<p>Veja a lista de atos confirmados no 3J:<\/p>\n\n\n\n<p>Norte<\/p>\n\n\n\n<p>AC &#8211; Epitaciol\u00e2ndia &#8211; Pra\u00e7a do Skate | 16h30<\/p>\n\n\n\n<p>AC &#8211; Rio Branco &#8211; Pal\u00e1cio Rio Branco | 16h<\/p>\n\n\n\n<p>AM &#8211; Manaus &#8211; Pra\u00e7a da Saudade | 15<\/p>\n\n\n\n<p>PA &#8211; Altamira &#8211; Em frente a Equatorial (Celpa) | 8h30<\/p>\n\n\n\n<p>PA &#8211; Ananindeua &#8211; Pra\u00e7a da B\u00edblia (ato 02\/07) |17h<\/p>\n\n\n\n<p>PA &#8211; Bel\u00e9m &#8211; Pra\u00e7a da Rep\u00fablica | 8h<\/p>\n\n\n\n<p>PA &#8211; Camet\u00e1 &#8211; Pra\u00e7a das Merc\u00eas | 17h<\/p>\n\n\n\n<p>PA &#8211; Santar\u00e9m &#8211; Pra\u00e7a de Eventos da An\u00edsio Chaves | 17h<\/p>\n\n\n\n<p>PA &#8211; Soure &#8211; Pra\u00e7a do Cruzeiro (Bolsonaro estar\u00e1 na cidade neste dia) | das 8h \u00e0s 17h<\/p>\n\n\n\n<p>RO \u2013 Guajar\u00e1-Mirim \u2013 Parque Circuito | 9h<\/p>\n\n\n\n<p>RO \u2013 Porto Velho \u2013 Passeata Pra\u00e7a das 3 Caixas d\u2019\u00e1gua | 8h30<\/p>\n\n\n\n<p>RO \u2013 Porto Velho \u2013 Carreata 7 de setembro com a Farquar | 8h30<\/p>\n\n\n\n<p>RR &#8211; Boa Vista &#8211; Pra\u00e7a Germano Augusto Sampaio | 9h<\/p>\n\n\n\n<p>TO &#8211; Palmas &#8211; Parque dos Povos Ind\u00edgenas | 16h<\/p>\n\n\n\n<p>Nordeste<\/p>\n\n\n\n<p>AL &#8211; Delmiro Gouveia &#8211; Pra\u00e7a do Coreto | 9h<\/p>\n\n\n\n<p>AL &#8211; Macei\u00f3 &#8211; Pra\u00e7a Centen\u00e1rio | 9h<\/p>\n\n\n\n<p>AL &#8211; Palmeira dos \u00cdndios &#8211; Em frente a Catedral Diocesana | 9h<\/p>\n\n\n\n<p>BA &#8211; Alagoinha &#8211; Pra\u00e7a Ruy Barbosa | 9h<\/p>\n\n\n\n<p>BA &#8211; Feira de Santana &#8211; Em frente \u00e0 Prefeitura | 9h<\/p>\n\n\n\n<p>BA &#8211; Ilh\u00e9us &#8211; Pra\u00e7a da Irene, Av. Soares Lopes | 12h30<\/p>\n\n\n\n<p>BA &#8211; Itabuna &#8211; Jardim do \u00d3 | 9h<\/p>\n\n\n\n<p>BA &#8211; Jequi\u00e9 &#8211; Pra\u00e7a Luiz Viana | 9h<\/p>\n\n\n\n<p>BA &#8211; Juazeiro &#8211; Pra\u00e7a Ded\u00e9 Caxias | 9h<\/p>\n\n\n\n<p>BA &#8211; Porto Seguro &#8211; Pra\u00e7a S\u00e3o Sebasti\u00e3o | 8h<\/p>\n\n\n\n<p>BA &#8211; Salvador &#8211; Largo do Campo Grande | 14h<\/p>\n\n\n\n<p>BA &#8211; Santa Cruz Cabr\u00e1lia &#8211; Monumento Ind\u00edgena de Coroa Vermelha | 9h<\/p>\n\n\n\n<p>BA &#8211; Seabra &#8211; Pra\u00e7a do Mercad\u00e3o | 9h<\/p>\n\n\n\n<p>BA &#8211; Serrinha &#8211; Pra\u00e7a do Mercad\u00e3o | 9h<\/p>\n\n\n\n<p>CE &#8211; Acara\u00fa &#8211; Pra\u00e7a do Centen\u00e1rio | 8h<\/p>\n\n\n\n<p>CE -Barreira &#8211; Tribuna Livre na Feira | 9h<\/p>\n\n\n\n<p>CE -Canind\u00e9 &#8211; Pra\u00e7a Tomaz Barbosa | 8h<\/p>\n\n\n\n<p>CE -Caucaia &#8211; Pra\u00e7a da Igreja Matriz | 8h<\/p>\n\n\n\n<p>CE -Fortaleza &#8211; Pra\u00e7a Portugal | 15h<\/p>\n\n\n\n<p>CE &#8211; Ic\u00f3 &#8211; Teatro da Ribeira de Ic\u00f3s | 16h<\/p>\n\n\n\n<p>CE &#8211; Iguatu &#8211; Av. Francisquinha Dantas | 17h<\/p>\n\n\n\n<p>CE &#8211; Itapipoca &#8211; Ponte da Av. Esa\u00fa Alves de Aguiar | 7h30<\/p>\n\n\n\n<p>CE &#8211; Juazeiro do Norte &#8211; Pra\u00e7a da Prefeitura | 9h<\/p>\n\n\n\n<p>CE &#8211; Limoeiro do Norte &#8211; Pra\u00e7a da Rodovi\u00e1ria | 7h30<\/p>\n\n\n\n<p>CE &#8211; Maracana\u00fa &#8211; Pra\u00e7a das Esta\u00e7\u00f5es | 8h<\/p>\n\n\n\n<p>CE &#8211; Pentecoste &#8211; Pra\u00e7a do CSU | 15h30<\/p>\n\n\n\n<p>CE &#8211; Quixad\u00e1 &#8211; Pra\u00e7a Jos\u00e9 de Barros, Le\u00e3o | 8h<\/p>\n\n\n\n<p>CE &#8211; Reden\u00e7\u00e3o &#8211; Campus da liberdade da UNILAB | 15h<\/p>\n\n\n\n<p>CE &#8211; Sobral &#8211; Pra\u00e7a de Cuba | 8h<\/p>\n\n\n\n<p>CE &#8211; Tiangu\u00e1 &#8211; Rodovi\u00e1ria de Tiangu\u00e1 | 8h<\/p>\n\n\n\n<p>MA &#8211; Imperatriz &#8211; Pra\u00e7a de F\u00e1tima | 8h<\/p>\n\n\n\n<p>MA &#8211; S\u00e3o Lu\u00eds &#8211; Pra\u00e7a Deodoro | 8h<\/p>\n\n\n\n<p>MA &#8211; Santa In\u00eas &#8211; Pra\u00e7a das Laranjeiras | 8h<\/p>\n\n\n\n<p>PB &#8211; Cajazeiras &#8211; Pra\u00e7a da Prefeitura | 9h<\/p>\n\n\n\n<p>PB &#8211; Campina Grande &#8211; Caminhada Pra\u00e7a da Bandeira e Carreata Parque do Povo&nbsp; | 8h30&nbsp;<\/p>\n\n\n\n<p>PB &#8211; Jo\u00e3o Pessoa &#8211; Caminhada Lyceu Paraibano | 9h<\/p>\n\n\n\n<p>PB &#8211; Cajazeiras &#8211; Pra\u00e7a da Prefeitura | 9h<\/p>\n\n\n\n<p>PB &#8211; Campina Grande &#8211; Caminhada Pra\u00e7a da Bandeira e Carreata Parque do Povo&nbsp; | 8h30<\/p>\n\n\n\n<p>PB &#8211; Juarez T\u00e1vora &#8211; Ato simb\u00f3lico | 15h<\/p>\n\n\n\n<p>PB &#8211; Monteiro &#8211; Carreata Alto S\u00e3o Vicente pr\u00f3ximo ao Trevo | 9h<\/p>\n\n\n\n<p>PB &#8211; Patos &#8211; Ato na Pra\u00e7a C\u00edcero Sulpino | 7h30<\/p>\n\n\n\n<p>PB &#8211; Rem\u00edgio &#8211; Parque Lagoa | 9h<\/p>\n\n\n\n<p>PB &#8211; Salgado de S\u00e3o F\u00e9lix &#8211; Acau\u00e3 Mirim | 16h30<\/p>\n\n\n\n<p>PB &#8211; S\u00e3o Jos\u00e9 do Ramos &#8211; Na comunidade Pau a Pique| Das 07h \u00e0s 11h<\/p>\n\n\n\n<p>PE &#8211; Caruaru &#8211; INSS | 9h<\/p>\n\n\n\n<p>PE &#8211; Pesqueira &#8211; Carreata SAMU Pedra Redonda | 9h<\/p>\n\n\n\n<p>PE &#8211; Petrolina &#8211; Pra\u00e7a da Catedral | 9h<\/p>\n\n\n\n<p>PE &#8211; Recife &#8211; Pra\u00e7a do Derby | 9h<\/p>\n\n\n\n<p>PE &#8211; S\u00e3o Jos\u00e9 do Egito &#8211; Rua da Baixa &#8211; Em frente a est\u00e1tua do Poeta | 9h<\/p>\n\n\n\n<p>PE &#8211; Serra Talhada &#8211; Escola Solid\u00f4nio Leite | 9h<\/p>\n\n\n\n<p>PE &#8211; Vit\u00f3ria de Santo Ant\u00e3o &#8211; Banco do Brasil | 9h30<\/p>\n\n\n\n<p>PE &#8211; Igarassu &#8211; Gramado do S\u00edtio Hist\u00f3rico | 9h<\/p>\n\n\n\n<p>PI &#8211; Parna\u00edba &#8211; Av. Pinheiro Machado com Samuel Santos | 16h<\/p>\n\n\n\n<p>PI &#8211; Teresina &#8211; Pra\u00e7a Rio Branco | 9h<\/p>\n\n\n\n<p>SE &#8211; Aracaju &#8211; Pra\u00e7a da Bandeira | 14h<\/p>\n\n\n\n<p>RN &#8211; Cara\u00fabas &#8211; Ato Simb\u00f3lico (*Aguardando infos)<\/p>\n\n\n\n<p>RN &#8211; Mossor\u00f3 &#8211; Arte da Terra | 8h<\/p>\n\n\n\n<p>RN &#8211; Natal &#8211; Midway (Av. Senador Salgado Filho) | 15h<\/p>\n\n\n\n<p>RN &#8211; Parnamirim &#8211; Ato Simb\u00f3lico&nbsp; no Centro da Cidade Pra\u00e7a da Paz | 9h<\/p>\n\n\n\n<p>RN &#8211; Pureza &#8211; Nova Descoberta (Ato em 02\/07) | 19h<\/p>\n\n\n\n<p>Centro Oeste<\/p>\n\n\n\n<p>DF &#8211; Bras\u00edlia &#8211; Museu Nacional | 16h<\/p>\n\n\n\n<p>GO &#8211; \u00c1guas Lindas &#8211; Pra\u00e7a da B\u00edblia | 7h30<\/p>\n\n\n\n<p>GO &#8211; An\u00e1polis &#8211; Pra\u00e7a do Anci\u00e3o | 9h<\/p>\n\n\n\n<p>GO &#8211; Auril\u00e2ndia &#8211; Gin\u00e1sio de Esportes | 17h<\/p>\n\n\n\n<p>GO &#8211; Caldas Novas &#8211; Pra\u00e7a da Matriz | 16h<\/p>\n\n\n\n<p>GO &#8211; Catal\u00e3o &#8211; Pra\u00e7a Get\u00falio Vargas | 9h&nbsp;<\/p>\n\n\n\n<p>GO &#8211; Ceres &#8211; Parque Curumim | 8h<\/p>\n\n\n\n<p>GO &#8211; Cidade de Goi\u00e1s &#8211; Pra\u00e7a do Chafariz | 9h30<\/p>\n\n\n\n<p>GO &#8211; Formosa &#8211; Jardim Planalto | 10h<\/p>\n\n\n\n<p>GO &#8211; Goian\u00e9sia &#8211; Av. Brasil, sa\u00edda para Ceres | 8h30<\/p>\n\n\n\n<p>GO &#8211; Goi\u00e2nia &#8211; Caminhada e Carreata Pra\u00e7a C\u00edvica | 9h<\/p>\n\n\n\n<p>GO &#8211; Ipameri &#8211; Pra\u00e7a do Conjunto Romeu Carvalho | 15h30<\/p>\n\n\n\n<p>GO &#8211; Itapirapu\u00e3 &#8211; Passeata Pra\u00e7a da Matriz | 17h&nbsp;<\/p>\n\n\n\n<p>GO &#8211; Itumbiara &#8211; Capim de Ouro | 8h30<\/p>\n\n\n\n<p>GO &#8211; Jata\u00ed &#8211; Carreata e Bicicletada Lago Diacuy | 9h<\/p>\n\n\n\n<p>GO &#8211; Piren\u00f3polis &#8211; Carreata Residencial Luciano Peixoto | 9h30<\/p>\n\n\n\n<p>GO &#8211; Porangatu &#8211; Carreata, motocada e bicicletada Av. Federal com Rua 2, em frente \u00e0 Curinga dos Pneus no Centro | 17h<\/p>\n\n\n\n<p>GO &#8211; Rio Verde &#8211; Av. Presidente Vargas em frente ao Cristo |(*Aguardando infos)<\/p>\n\n\n\n<p>GO &#8211; S\u00e3o Lu\u00eds de Montes Belos &#8211; Pra\u00e7a da Rep\u00fablica | 14h30<\/p>\n\n\n\n<p>MT &#8211; C\u00e1ceres &#8211; Caminhada e Carreata Pra\u00e7a da Cavalhada | 8h<\/p>\n\n\n\n<p>MT &#8211; Cuiab\u00e1 &#8211; Ato Simb\u00f3lico Prainha | 6h<\/p>\n\n\n\n<p>MT &#8211; Cuiab\u00e1 &#8211; Carreata Sesc Arsenal | 8h<\/p>\n\n\n\n<p>MT &#8211; Cuiab\u00e1 &#8211; Ato de rua Pra\u00e7a Alencastro | 10h<\/p>\n\n\n\n<p>MS &#8211; Aquidauana &#8211; Carreata Pra\u00e7a dos Estudantes | 15h&nbsp;<\/p>\n\n\n\n<p>MS &#8211; Bonito &#8211; Ato Simb\u00f3lico Pra\u00e7a da Liberdade | 10h&nbsp;<\/p>\n\n\n\n<p>MS &#8211; Campo Grande &#8211; Pra\u00e7a do R\u00e1dio | 9h<\/p>\n\n\n\n<p>MS &#8211; Corumb\u00e1 &#8211; Ato Simb\u00f3lico &#8211; Carros de&nbsp; Som o dia todo<\/p>\n\n\n\n<p>MS &#8211; Coxim &#8211; Ato Simb\u00f3lico&nbsp; (*Aguardando infos)<\/p>\n\n\n\n<p>MS &#8211; Dourados &#8211; Passeata 9h&nbsp; (*Aguardando infos)<\/p>\n\n\n\n<p>MS &#8211; Itaquirai &#8211;&nbsp; (*Aguardando infos)<\/p>\n\n\n\n<p>MS &#8211; Jardim &#8211;&nbsp; (*Aguardando infos)<\/p>\n\n\n\n<p>MS &#8211; Nioaque &#8211; Ato Simb\u00f3lico&nbsp; (*Aguardando infos)<\/p>\n\n\n\n<p>MS &#8211; Nova Andradina &#8211; Manifesta\u00e7\u00e3o&nbsp; (*Aguardando infos)<\/p>\n\n\n\n<p>MS &#8211; Terenos &#8211; Carreata Loteamento Jd. do Cerrado | 9h<\/p>\n\n\n\n<p>MS &#8211; Tr\u00eas Lagoas &#8211; Feira da Rua Ros\u00e1rio Congro | 9h30<\/p>\n\n\n\n<p>Sudeste<\/p>\n\n\n\n<p>ES &#8211; Vit\u00f3ria &#8211; UFES | 14h<\/p>\n\n\n\n<p>MG &#8211; Barbacena &#8211; Pra\u00e7a S\u00e3o Sebasti\u00e3o | 9h30<\/p>\n\n\n\n<p>MG &#8211; Belo Horizonte &#8211; Pra\u00e7a da Liberdade | 14 h<\/p>\n\n\n\n<p>MG &#8211; Brumadinho &#8211; Na Avenida esquina com a Quintino Bocai\u00fava | 9h<\/p>\n\n\n\n<p>MG &#8211; Campo Belo &#8211; Pra\u00e7a dos Expedicion\u00e1rios | 10h<\/p>\n\n\n\n<p>MG &#8211; Caxambu &#8211; Carreata Gin\u00e1sio Poliesportivo Jorge Cury | 9h30<\/p>\n\n\n\n<p>MG &#8211; Congonhas &#8211; Feira do Produtor Rural | 7h30<\/p>\n\n\n\n<p>MG &#8211; Conselheiro Lafaiete &#8211; Pra\u00e7a Tiradentes | 13h<\/p>\n\n\n\n<p>MG &#8211; Divin\u00f3polis &#8211; Rua S\u00e3o Paulo com Primeiro de Junho | 9h<\/p>\n\n\n\n<p>MG &#8211; Formiga &#8211; Pra\u00e7a da Matriz | 19h<\/p>\n\n\n\n<p>MG &#8211; Governador Valadares &#8211; Mercado Municipal | 10h<\/p>\n\n\n\n<p>MG &#8211; Ipatinga &#8211; Pra\u00e7a 1 de Maio | 9h<\/p>\n\n\n\n<p>MG &#8211; Itabira &#8211; Rodovi\u00e1ria | 10h<\/p>\n\n\n\n<p>MG &#8211; Itajub\u00e1 &#8211; Pra\u00e7a Wenceslau Braz | 11h&nbsp;<\/p>\n\n\n\n<p>MG &#8211; Ita\u00fana &#8211; Pra\u00e7a da Matriz | 09h<\/p>\n\n\n\n<p>MG &#8211; Jo\u00e3o Monlevade &#8211; Pra\u00e7a do EPA (Cruzeiro Celeste) | 9h30&nbsp;<\/p>\n\n\n\n<p>MG &#8211; Juiz de Fora &#8211; Parque Halfeld | 10h<\/p>\n\n\n\n<p>MG &#8211; Mariana &#8211; Central | 10h<\/p>\n\n\n\n<p>MG &#8211; Montes Claros &#8211; Pra\u00e7a Dr. Carlos | 09h<\/p>\n\n\n\n<p>MG &#8211; Oliveira &#8211; Pra\u00e7a S\u00e3o Sebasti\u00e3o | 10h<\/p>\n\n\n\n<p>MG &#8211; Ouro Branco &#8211; Canteiro Central da Av. Mariza | 10h<\/p>\n\n\n\n<p>MG &#8211; Ouro Preto &#8211; Caminhada Terminal Tur\u00edstico do Veloso | 9h30<\/p>\n\n\n\n<p>MG &#8211; Passos &#8211; Esta\u00e7\u00e3o Cultura | 15h<\/p>\n\n\n\n<p>MG &#8211; Patos de Minas &#8211; Pra\u00e7a do Coreto | 10h<\/p>\n\n\n\n<p>MG &#8211; Po\u00e7os de Caldas &#8211; Passeata Coreto (Pra\u00e7a Pedro Sanches) | 15h<\/p>\n\n\n\n<p>MG &#8211; Pouso Alegre &#8211; Pra\u00e7a da Catedral | 10h<\/p>\n\n\n\n<p>MG &#8211; Ribeir\u00e3o das Neves &#8211; Banco do Brasil Lagoinha | 9h<\/p>\n\n\n\n<p>MG &#8211; Sacramento &#8211; Pra\u00e7a do Perp\u00e9tuo Socorro | 9h<\/p>\n\n\n\n<p>MG &#8211; S\u00e3o Jo\u00e3o del Rei &#8211; Teatro Municipal | 10h<\/p>\n\n\n\n<p>MG &#8211; Sete Lagoas &#8211; Pra\u00e7a Tiradentes | 9h<\/p>\n\n\n\n<p>MG &#8211; Tiradentes &#8211; Em frente a Matriz | 10h<\/p>\n\n\n\n<p>MG &#8211; Ub\u00e1 &#8211; Pra\u00e7a Guido | 09h<\/p>\n\n\n\n<p>MG &#8211; Uberaba &#8211; Pra\u00e7a Rui Barbosa | 10h<\/p>\n\n\n\n<p>MG &#8211; Uberl\u00e2ndia &#8211; Pra\u00e7a Ismene Mendes | 9h30<\/p>\n\n\n\n<p>MG &#8211; Varginha &#8211; Pra\u00e7a do ET | 10h<\/p>\n\n\n\n<p>MG &#8211; Vi\u00e7osa &#8211; Saindo da UFV | 9h30<\/p>\n\n\n\n<p>RJ &#8211; Barra Mansa &#8211; Pra\u00e7a da Matriz | 11h<\/p>\n\n\n\n<p>RJ &#8211; Campos &#8211;&nbsp; Pra\u00e7a S\u00e3o Salvador | 9h<\/p>\n\n\n\n<p>RJ &#8211; Maca\u00e9 &#8211; Pra\u00e7a Ver\u00edssimo de Mello | 9h30&nbsp;<\/p>\n\n\n\n<p>RJ &#8211; Miguel Pereira &#8211; Em frente \u00e0 Fornemat | 11h<\/p>\n\n\n\n<p>RJ &#8211; Nova Igua\u00e7u &#8211; Pra\u00e7a dos Direitos Humanos via Light esquina com Dom Walmor | 9h<\/p>\n\n\n\n<p>RJ &#8211; Paty dos Alferes &#8211; Pra\u00e7a George Jacob Abdue | 9h<\/p>\n\n\n\n<p>RJ &#8211; Petr\u00f3polis &#8211; Pra\u00e7a da Inconfid\u00eancia | 11h<\/p>\n\n\n\n<p>RJ &#8211; Rio de Janeiro &#8211; Monumento Zumbi | 10h<\/p>\n\n\n\n<p>RJ &#8211; Saquarema &#8211; Pra\u00e7a do Cora\u00e7\u00e3o | 15h<\/p>\n\n\n\n<p>RJ &#8211; S\u00e3o Fid\u00e9lis &#8211; Pra\u00e7a Guilherme Tito de Azevedo | 9h30<\/p>\n\n\n\n<p>RJ &#8211; Teres\u00f3polis &#8211; Pra\u00e7a do Sakura at\u00e9 Fonte Judith | 9h&nbsp;<\/p>\n\n\n\n<p>RJ &#8211; Tr\u00eas Rios &#8211; Pra\u00e7a S\u00e3o Sebasti\u00e3o | 16h<\/p>\n\n\n\n<p>RJ &#8211; Valen\u00e7a &#8211; Jardim de Cima | 9h30<\/p>\n\n\n\n<p>SP &#8211; Amparo &#8211; Em frente \u00e0 Prefeitura | 10h<\/p>\n\n\n\n<p>SP &#8211; Ara\u00e7atuba &#8211; Pra\u00e7a Rui Barbosa | 10h e Carreata na Pra\u00e7a Ol\u00edmpica | 10h<\/p>\n\n\n\n<p>SP &#8211; Bauru &#8211; Pra\u00e7a Rui Barbosa | 9h<\/p>\n\n\n\n<p>SP &#8211; Botucatu &#8211; Largo S\u00e3o Jos\u00e9 | 14h<\/p>\n\n\n\n<p>SP &#8211; Campinas &#8211; Largo do Ros\u00e1rio | 10h<\/p>\n\n\n\n<p>SP &#8211; Carapicu\u00edba &#8211; Bairro Cidade Ariston (In\u00edcio da Av. Dante Carraro) | 10h<\/p>\n\n\n\n<p>SP &#8211; Cotia &#8211; Pra\u00e7a da Matriz | 13h<\/p>\n\n\n\n<p>SP &#8211; Guaratinguet\u00e1 &#8211; Pra\u00e7a da Esta\u00e7\u00e3o | 10h<\/p>\n\n\n\n<p>SP &#8211; Jacare\u00ed &#8211; P\u00e1tio dos Trilhos | 9h30<\/p>\n\n\n\n<p>SP &#8211; Jaguari\u00fana &#8211; Pra\u00e7a Umbelina Bueno | 10h<\/p>\n\n\n\n<p>SP &#8211; Jundia\u00ed &#8211; carreata no Pa\u00e7o Municipal | 9h30 e&nbsp; ato na Ponte Torta | 11h<\/p>\n\n\n\n<p>SP &#8211; Limeira &#8211; Av. Maestro Xixirri (pr\u00f3x. ao Campo do Galo) | 9h30<\/p>\n\n\n\n<p>SP &#8211; Osasco &#8211; Em frente \u00e0 Esta\u00e7\u00e3o de Osasco (ato segue rumo a Av. Paulista) | 12h30&nbsp;<\/p>\n\n\n\n<p>SP &#8211; Piracicaba &#8211; Mercad\u00e3o Municipal | 9h<\/p>\n\n\n\n<p>SP &#8211; Praia Grande &#8211; Pra\u00e7a 19 de janeiro | 10h<\/p>\n\n\n\n<p>SP &#8211; Ribeir\u00e3o Preto &#8211; Esplanada Teatro Pedro II | 9h<\/p>\n\n\n\n<p>SP &#8211; Salto &#8211; Pra\u00e7a XV de Novembro | 15h<\/p>\n\n\n\n<p>SP &#8211; S\u00e3o Carlos &#8211; Arredores do Mercad\u00e3o | 10h<\/p>\n\n\n\n<p>SP &#8211; S\u00e3o Jo\u00e3o da Boa Vista &#8211; Pra\u00e7a Coronel Jos\u00e9 Pires | 15h<\/p>\n\n\n\n<p>SP &#8211; S\u00e3o Jos\u00e9 do Rio Preto &#8211; Em frente \u00e0 Prefeitura | 14h30<\/p>\n\n\n\n<p>SP &#8211; S\u00e3o Paulo &#8211; MASP | 15h<\/p>\n\n\n\n<p>SP &#8211; S\u00e3o Roque &#8211; Passeata Largo dos Mendes | 10h&nbsp;&nbsp;<\/p>\n\n\n\n<p>SP &#8211; Sorocaba &#8211; Carreata em frente a Prefeitura | 9h<\/p>\n\n\n\n<p>SP &#8211; Suzano &#8211; Pra\u00e7a dos Expedicion\u00e1rios | 10h<\/p>\n\n\n\n<p>SP &#8211; Vinhedo &#8211; Pra\u00e7a Sant&#8217;Anna | 11h<\/p>\n\n\n\n<p>Sul<\/p>\n\n\n\n<p>RS &#8211; Cachoeira do Sul &#8211; Pra\u00e7a da Caixa D&#8217;\u00c1gua | 14h<\/p>\n\n\n\n<p>RS &#8211; Candiota &#8211; Canteiro Central da 24 de Mar\u00e7o | 10h<\/p>\n\n\n\n<p>RS &#8211; Canoas &#8211; Pra\u00e7a do Avi\u00e3o e Cal\u00e7ad\u00e3o Canoas | (*Aguardando infos)&nbsp;&nbsp;<\/p>\n\n\n\n<p>RS &#8211; Caxias do Sul &#8211; Pra\u00e7a Dante Alighieri | 15h<\/p>\n\n\n\n<p>RS &#8211; Erechim &#8211; Esquina Democr\u00e1tica | 13h30<\/p>\n\n\n\n<p>RS &#8211; Frederico Westphalen &#8211; Pra\u00e7a da Matriz | 10H<\/p>\n\n\n\n<p>RS &#8211; Gravata\u00ed &#8211; Parada 66, em frente ao Veterano | 10h<\/p>\n\n\n\n<p>RS &#8211; Lagoa Vermelha &#8211; Igreja S\u00e3o Paulo | 14h<\/p>\n\n\n\n<p>RS &#8211; Nonoai &#8211; Trevo RS 406 &#8211; 324 na Comunidade S\u00e3o Jos\u00e9 | 9h<\/p>\n\n\n\n<p>RS &#8211; Novo Hamburgo &#8211; (*Aguardando infos)<\/p>\n\n\n\n<p>RS &#8211; Palmeira das Miss\u00f5es &#8211; Carreata P\u00f3rtico Norte | 14h<\/p>\n\n\n\n<p>RS &#8211; Pelotas &#8211; Caminhada Mercado P\u00fablico | 10h<\/p>\n\n\n\n<p>RS &#8211; Porto Alegre &#8211; Largo Gl\u00eanio Peres | 15h&nbsp;<\/p>\n\n\n\n<p>RS &#8211; Rio Grande &#8211; Largo Dr. Pio | 11h<\/p>\n\n\n\n<p>RS &#8211; Santa Maria &#8211; Pra\u00e7a Saldanha Marinho | 13h<\/p>\n\n\n\n<p>PR &#8211; Antonina &#8211; Jequiti com arrecada\u00e7\u00e3o de agasalhos e produtos de limpeza para comunidade&nbsp;<\/p>\n\n\n\n<p>Guarani Kuaray-haxa | 10h<\/p>\n\n\n\n<p>PR &#8211; Apucarana &#8211; Carreata Rodovi\u00e1ria de&nbsp; Apucarana | 9h<\/p>\n\n\n\n<p>PR &#8211; Assis Chateaubriand &#8211;&nbsp; Gin\u00e1sio de Esportes | 9h<\/p>\n\n\n\n<p>PR &#8211; Cachoeira do Sul &#8211; Pra\u00e7a da Caixa D\u2019\u00c1gua | 14hCampo Mour\u00e3o \u2013 Carreata Escola CAIC | 9h30<\/p>\n\n\n\n<p>PR &#8211; Campo Mour\u00e3o &#8211; Av. JK, pr\u00f3ximo associa\u00e7\u00e3o dos agr\u00f4nomos | 9h30<\/p>\n\n\n\n<p>PR &#8211; Cascavel \u2013 Carreata em frente a Catedral | 10h<\/p>\n\n\n\n<p>PR &#8211; Cianorte &#8211; Carreata Pra\u00e7a Duque de Caxias (Av. Arthur Thomas) | 9h30<\/p>\n\n\n\n<p>PR &#8211; Cruz Alta &#8211;&nbsp; Pra\u00e7a Central em frente a C\u00e2mara de Vereadores | 10h<\/p>\n\n\n\n<p>PR &#8211; Curitiba &#8211;&nbsp; Santos Andrade | 15h<\/p>\n\n\n\n<p>PR &#8211; Foz do Igua\u00e7u \u2013 Terminal Transporte Urbano I 11h<\/p>\n\n\n\n<p>PR &#8211; Francisco Beltr\u00e3o \u2013 Pra\u00e7a da Matriz I 14h<\/p>\n\n\n\n<p>PR &#8211; Guarapuava &#8211; Pra\u00e7a Cleve I 10h30<\/p>\n\n\n\n<p>PR &#8211; Irati \u2013 Rua da liberdade (em frente ao Batalh\u00e3o) | 10h<\/p>\n\n\n\n<p>PR &#8211; Laranjeiras do Sul &#8211; Av. Santos Dumont (Super creche 2) | 9h<\/p>\n\n\n\n<p>PR &#8211; Londrina &#8211; Pra\u00e7a Ouro Verde 16h<\/p>\n\n\n\n<p>PR &#8211; Maring\u00e1 &#8211; Pra\u00e7a Raposo Tavares | 14h<\/p>\n\n\n\n<p>PR &#8211; Maring\u00e1 &#8211; Estacionamento do Willie Davids \u2013 15h<\/p>\n\n\n\n<p>PR &#8211; Matinhos- Rotat\u00f3ria | 9h<\/p>\n\n\n\n<p>PR &#8211; Morretes &#8211; Carreata concentra\u00e7\u00e3o na Copel | 15h<\/p>\n\n\n\n<p>PR &#8211; Paranagu\u00e1 &#8211; Pra\u00e7a dos Le\u00f5es | 14h<\/p>\n\n\n\n<p>PR &#8211; Pato Branco &#8211; Em frente a Igreja Matriz | 16h<\/p>\n\n\n\n<p>PR &#8211; Pinhais &#8211; Em frente a prefeitura | 15h<\/p>\n\n\n\n<p>PR &#8211; Ponta Grossa \u2013 Pra\u00e7a Bar\u00e3o de Guara\u00fana \u2013 15h<\/p>\n\n\n\n<p>PR &#8211; Umuarama \u2013 Pra\u00e7a Arthur Thomas | 11h<\/p>\n\n\n\n<p>PR &#8211; Umuarama \u2013 Pra\u00e7a Arthur Thomas | 15h<\/p>\n\n\n\n<p>PR &#8211; Uni\u00e3o da Vit\u00f3ria &#8211; Pra\u00e7a Coronel Amazonas | 15h<\/p>\n\n\n\n<p>SC &#8211; Ararangu\u00e1 &#8211; Rel\u00f3gio do Sol&nbsp; |&nbsp; 10h<\/p>\n\n\n\n<p>SC &#8211; Blumenau &#8211; Pra\u00e7a Teatro Carlos Gomes | 10h<\/p>\n\n\n\n<p>SC &#8211; Brusque &#8211; Esquina da Av. Get\u00falio Vargas com 1\u00ba de maio | 10h<\/p>\n\n\n\n<p>SC &#8211; Canoinhas &#8211; Pra\u00e7a Oswaldo de Oliveira| 14h30<\/p>\n\n\n\n<p>SC &#8211; Chapec\u00f3 &#8211; Catedral | 9h30<\/p>\n\n\n\n<p>SC &#8211; Conc\u00f3rdia &#8211; Cal\u00e7ad\u00e3o (Esquina com a Dr. Maruri) | 15h<\/p>\n\n\n\n<p>SC &#8211; Crici\u00fama &#8211; Pra\u00e7a da Santa Luzia | 9h<\/p>\n\n\n\n<p>SC &#8211; Florian\u00f3polis &#8211; Pra\u00e7a Tancredo Neves | 9h30<\/p>\n\n\n\n<p>SC &#8211; Garopaba &#8211; Rua do Na Lata |&nbsp; 15h<\/p>\n\n\n\n<p>SC &#8211; Herval D&#8217;Oeste &#8211; Carreata na Pra\u00e7a | 14h30<\/p>\n\n\n\n<p>SC &#8211; Itaja\u00ed &#8211; Ato Simb\u00f3lico Mem\u00f3ria as vitimas Covid &#8211; Ao lado Casa Cultura &#8211; (Sexta Feira&nbsp; 02\/07) | 17h&nbsp;<\/p>\n\n\n\n<p>SC &#8211; Joinville &#8211; Pra\u00e7a da Bandeira | 10h<\/p>\n\n\n\n<p>SC &#8211; Lages &#8211; Cal\u00e7ad\u00e3o | 10h<\/p>\n\n\n\n<p>SC &#8211; Laguna &#8211; Cais do Centro | 9h30<\/p>\n\n\n\n<p>SC &#8211; S\u00e3o Francisco do Sul &#8211; Igreja Matriz | 14h<\/p>\n\n\n\n<p>SC &#8211; S\u00e3o Miguel do Oeste &#8211; Trevo de sa\u00edda para Maravilha | 10h<\/p>\n\n\n\n<p>SC &#8211; Timb\u00f3 &#8211; Live\/ATO ONLINE &#8211; (Domingo &#8211; 04\/07) | 15h<\/p>\n\n\n\n<p>SC &#8211; Tubar\u00e3o&nbsp; &#8211; Antiga Rodovi\u00e1ria | 9h<\/p>\n\n\n\n<p>Atos no Exterior<\/p>\n\n\n\n<p>Alemanha &#8211; Berlim \u2013 Parizer Platz | 12h (hor\u00e1rio local)<\/p>\n\n\n\n<p>Alemanha &#8211; Berlim &#8211; Humboldt Forum (concentra\u00e7\u00e3o)| 17h (hor\u00e1rio local)<\/p>\n\n\n\n<p>Alemanha &#8211; Geschwister &#8211; Scholl- Platz| 11h (hor\u00e1rio local)<\/p>\n\n\n\n<p>Alemanha &#8211; Hamburgo &#8211; Gerhart-Houptmann-Platz | 12h (hor\u00e1rio local)<\/p>\n\n\n\n<p>Alemanha &#8211; Frankfurt &#8211; R\u00f6merberg (Sexta \u2013 02\/07) | 17h (hor\u00e1rio local)<\/p>\n\n\n\n<p>Alemanha &#8211; Freiburg im Breisgau | 13h (Concentra\u00e7\u00e3o-Konzerthaus) \u00e0s 14h (T\u00e9rmino-Europaplatz)<\/p>\n\n\n\n<p>Canada &#8211; Montr\u00e9al &#8211; Monument \u00e0 sir George-\u00c9tienne Cartier | 15h&nbsp;<\/p>\n\n\n\n<p>Canad\u00e1 &#8211; Quebec &#8211; Parlamento de Quebec &#8211; 10h&nbsp; (hor\u00e1rio local)<\/p>\n\n\n\n<p>Canad\u00e1 &#8211; Toronto &#8211; City Hall | 15h&nbsp; (hor\u00e1rio local)&nbsp;<\/p>\n\n\n\n<p>Canad\u00e1 &#8211; Vancouver &#8211; Consulado Geral do Brasil em Vancouver | 12h&nbsp; (hor\u00e1rio local)<\/p>\n\n\n\n<p>Espanha &#8211; Barcelona &#8211; Font de Canaletes (Inicio Rambla) | 19h (hor\u00e1rio local)<\/p>\n\n\n\n<p>Espanha &#8211; Madrid &#8211; Picnic Pal\u00e1cio de Cristal no Parque Del Retiro | 18h&nbsp; (hor\u00e1rio local)<\/p>\n\n\n\n<p>Espanha &#8211; Madrid &#8211; Rio (toboganes Parque de Arganzuela)| 21h ( hor\u00e1rio local)<\/p>\n\n\n\n<p>EUA &#8211; Austin &#8211; (*Aguardando infos)<\/p>\n\n\n\n<p>EUA &#8211; Boston &#8211; Massachusetts \u2013 Consulado do Brasil| 15h (hor\u00e1rio local)<\/p>\n\n\n\n<p>EUA &#8211; Los Angeles &#8211; Wilshire Federal Building (11000 Wilshire BLVD, 90024) | 10h&nbsp; (hor\u00e1rio local)<\/p>\n\n\n\n<p>EUA &#8211; Newark &#8211; Nova Jersey \u2013 Ferry St&amp;Adam St | 10h \u00e0s 12h (hor\u00e1rio local)<\/p>\n\n\n\n<p>EUA &#8211; Orlando &#8211; Persimmon Hollow Brewery, 227 N Eola Dr., FL32801 | 17h (hor\u00e1rio local)<\/p>\n\n\n\n<p>Fran\u00e7a &#8211; Paris &#8211; (Aguardando infos)<\/p>\n\n\n\n<p>Finl\u00e2ndia &#8211; Helsinki &#8211; Performance e Exposi\u00e7\u00e3o de fotos na Embaixada do Brasil em Helsinki durante todo o dia | 10h (hor\u00e1rio local)<\/p>\n\n\n\n<p>It\u00e1lia &#8211; Madrid &#8211; Picnic Pal\u00e1cio de Cristal no Parque Del Retiro | 18h&nbsp; (hor\u00e1rio local)&nbsp;<\/p>\n\n\n\n<p>It\u00e1lia &#8211; Bologna &#8211; Piazza di Porta Ravagnane (Duas Torres) | 19h30 (hor\u00e1rio local)<\/p>\n\n\n\n<p>It\u00e1lia &#8211; Roma &#8211;&nbsp; Pomponio Leto, 02 \u00e0s 21h (hor\u00e1rio local)<\/p>\n\n\n\n<p>It\u00e1lia &#8211; Roma &#8211; (Domingo &#8211; 04\/07) &#8211; Piazza San Giovanni ore | 18h (hor\u00e1rio local)&nbsp;<\/p>\n\n\n\n<p>Irlanda &#8211; Cork &#8211; Daunt Square | 10am (hor\u00e1rio local)<\/p>\n\n\n\n<p>Irlanda &#8211; Dublin &#8211; O\u2019connell Street| 11h (hor\u00e1rio local)<\/p>\n\n\n\n<p>Portugal &#8211; Braga &#8211; Pra\u00e7a da Rep\u00fablica, em frente ao chafariz | 18h&nbsp; (hor\u00e1rio local)&nbsp;<\/p>\n\n\n\n<p>Portugal &#8211; Coimbra &#8211; Pra\u00e7a 8 de Maio | 12h30&nbsp; (hor\u00e1rio local)<\/p>\n\n\n\n<p>Portugal &#8211; Lisboa &#8211; Rossio (Pra\u00e7a D. Pedro IV) | 18h&nbsp; (hor\u00e1rio local)<\/p>\n\n\n\n<p>Portugal &#8211; Porto &#8211; Centro Portugu\u00eas de Fotografia, Largo Amor de Perdi\u00e7\u00e3o | 13h30 (hor\u00e1rio local)<\/p>\n\n\n\n<p>Reino Unido &#8211; Londres \u2013 Embaixada do Brasil em Londres | 12h (hor\u00e1rio local)<\/p>\n\n\n\n<p>Reino Unido &#8211; Londres &#8211; Parliament Square Est\u00e1tua do Gandhi | 15h&nbsp; (hor\u00e1rio local)<\/p>\n\n\n\n<p>Su\u00ed\u00e7a &#8211; Genebra &#8211; Place des Nations | 11h ( hor\u00e1rio local)<\/p>\n\n\n\n<p>Su\u00ed\u00e7a &#8211; Z\u00fcrich &#8211; Helvetiaplatz | 13h30 (hor\u00e1rio local)<\/p>\n\n\n\n<p>Edi\u00e7\u00e3o: Rebeca Cavalcante e Vivian Virissimo<\/p>\n","protected":false},"excerpt":{"rendered":"<p>Com popula\u00e7\u00e3o nas ruas, den\u00fancias de propina na vacina e superpedido de impeachment, cerco se fecha contra o presidente<\/p>\n","protected":false},"author":1,"featured_media":0,"comment_status":"closed","ping_status":"open","sticky":false,"template":"","format":"standard","meta":{"_exactmetrics_skip_tracking":false,"_exactmetrics_sitenote_active":false,"_exactmetrics_sitenote_note":"","_exactmetrics_sitenote_category":0,"jetpack_post_was_ever_published":false,"_jetpack_newsletter_access":"","_jetpack_dont_email_post_to_subs":false,"_jetpack_newsletter_tier_id":0,"_jetpack_memberships_contains_paywalled_content":false,"_jetpack_memberships_contains_paid_content":false,"footnotes":"","jetpack_publicize_message":"","jetpack_publicize_feature_enabled":true,"jetpack_social_post_already_shared":true,"jetpack_social_options":{"image_generator_settings":{"template":"highway","enabled":false},"version":2}},"categories":[1],"tags":[],"class_list":["post-32375","post","type-post","status-publish","format-standard","hentry","category-notas"],"jetpack_publicize_connections":[],"jetpack_sharing_enabled":true,"jetpack_featured_media_url":"","jetpack_shortlink":"https:\/\/wp.me\/p7wKYW-8qb","jetpack-related-posts":[],"_links":{"self":[{"href":"http:\/\/blogdalucianaoliveira.com.br\/blog\/wp-json\/wp\/v2\/posts\/32375","targetHints":{"allow":["GET"]}}],"collection":[{"href":"http:\/\/blogdalucianaoliveira.com.br\/blog\/wp-json\/wp\/v2\/posts"}],"about":[{"href":"http:\/\/blogdalucianaoliveira.com.br\/blog\/wp-json\/wp\/v2\/types\/post"}],"author":[{"embeddable":true,"href":"http:\/\/blogdalucianaoliveira.com.br\/blog\/wp-json\/wp\/v2\/users\/1"}],"replies":[{"embeddable":true,"href":"http:\/\/blogdalucianaoliveira.com.br\/blog\/wp-json\/wp\/v2\/comments?post=32375"}],"version-history":[{"count":2,"href":"http:\/\/blogdalucianaoliveira.com.br\/blog\/wp-json\/wp\/v2\/posts\/32375\/revisions"}],"predecessor-version":[{"id":32378,"href":"http:\/\/blogdalucianaoliveira.com.br\/blog\/wp-json\/wp\/v2\/posts\/32375\/revisions\/32378"}],"wp:attachment":[{"href":"http:\/\/blogdalucianaoliveira.com.br\/blog\/wp-json\/wp\/v2\/media?parent=32375"}],"wp:term":[{"taxonomy":"category","embeddable":true,"href":"http:\/\/blogdalucianaoliveira.com.br\/blog\/wp-json\/wp\/v2\/categories?post=32375"},{"taxonomy":"post_tag","embeddable":true,"href":"http:\/\/blogdalucianaoliveira.com.br\/blog\/wp-json\/wp\/v2\/tags?post=32375"}],"curies":[{"name":"wp","href":"https:\/\/api.w.org\/{rel}","templated":true}]}}