{"id":32391,"date":"2021-07-03T18:58:25","date_gmt":"2021-07-03T22:58:25","guid":{"rendered":"http:\/\/blogdalucianaoliveira.com.br\/blog\/?p=32391"},"modified":"2021-07-03T18:58:28","modified_gmt":"2021-07-03T22:58:28","slug":"atos-fora-bolsonaro-interrompem-transito-em-porto-velho","status":"publish","type":"post","link":"http:\/\/blogdalucianaoliveira.com.br\/blog\/2021\/07\/03\/atos-fora-bolsonaro-interrompem-transito-em-porto-velho\/","title":{"rendered":"Atos Fora Bolsonaro interrompem tr\u00e2nsito em Porto Velho"},"content":{"rendered":"\n<figure class=\"wp-block-image size-large\"><img data-recalc-dims=\"1\" loading=\"lazy\" decoding=\"async\" width=\"320\" height=\"240\" data-attachment-id=\"32394\" data-permalink=\"http:\/\/blogdalucianaoliveira.com.br\/blog\/2021\/07\/03\/atos-fora-bolsonaro-interrompem-transito-em-porto-velho\/52006d68-d47d-414e-949c-4efe95d242f2\/\" data-orig-file=\"https:\/\/i0.wp.com\/blogdalucianaoliveira.com.br\/blog\/wp-content\/uploads\/2021\/07\/52006D68-D47D-414E-949C-4EFE95D242F2.jpeg?fit=320%2C240\" data-orig-size=\"320,240\" data-comments-opened=\"0\" data-image-meta=\"{&quot;aperture&quot;:&quot;0&quot;,&quot;credit&quot;:&quot;&quot;,&quot;camera&quot;:&quot;&quot;,&quot;caption&quot;:&quot;&quot;,&quot;created_timestamp&quot;:&quot;0&quot;,&quot;copyright&quot;:&quot;&quot;,&quot;focal_length&quot;:&quot;0&quot;,&quot;iso&quot;:&quot;0&quot;,&quot;shutter_speed&quot;:&quot;0&quot;,&quot;title&quot;:&quot;&quot;,&quot;orientation&quot;:&quot;1&quot;}\" data-image-title=\"52006D68-D47D-414E-949C-4EFE95D242F2\" data-image-description=\"\" data-image-caption=\"\" data-medium-file=\"https:\/\/i0.wp.com\/blogdalucianaoliveira.com.br\/blog\/wp-content\/uploads\/2021\/07\/52006D68-D47D-414E-949C-4EFE95D242F2.jpeg?fit=300%2C225\" data-large-file=\"https:\/\/i0.wp.com\/blogdalucianaoliveira.com.br\/blog\/wp-content\/uploads\/2021\/07\/52006D68-D47D-414E-949C-4EFE95D242F2.jpeg?fit=320%2C240\" src=\"https:\/\/i0.wp.com\/blogdalucianaoliveira.com.br\/blog\/wp-content\/uploads\/2021\/07\/52006D68-D47D-414E-949C-4EFE95D242F2.jpeg?resize=320%2C240\" alt=\"\" class=\"wp-image-32394\" srcset=\"https:\/\/i0.wp.com\/blogdalucianaoliveira.com.br\/blog\/wp-content\/uploads\/2021\/07\/52006D68-D47D-414E-949C-4EFE95D242F2.jpeg?w=320 320w, https:\/\/i0.wp.com\/blogdalucianaoliveira.com.br\/blog\/wp-content\/uploads\/2021\/07\/52006D68-D47D-414E-949C-4EFE95D242F2.jpeg?resize=300%2C225 300w\" sizes=\"auto, (max-width: 320px) 100vw, 320px\" \/><\/figure>\n\n\n\n<p>Em Porto Velho, Capital de Rond\u00f4nia, teve pela terceira vez este ano, carreata e passeata na regi\u00e3o central.<br> Os atos come\u00e7aram na pra\u00e7a das Tr\u00eas Caixas d\u2019\u00c1gua e encerraram em frente a Universidade Federal de Rond\u00f4nia, UNIIR.<\/p>\n\n\n\n<!--more Leia MAIS-->\n\n\n\n<p>Movimentos sindicais, estudantis e populares foram \u00e0s ruas para pedir comida no prato, vacina no bra\u00e7o e o impeachment do presidente Jair Bolsonaro.<\/p>\n\n\n\n<p>\u201cA abertura de um inqu\u00e9rito para investigar o presidente por suposto crime de prevarica\u00e7\u00e3o no caso da compra da vacina Covaxin, est\u00e1 fortalecendo os atos. Nenhum outro presidente \u00e9 acusado de tentar lucrar com s morte da popula\u00e7\u00e3o com esquema de corrup\u00e7\u00e3o na compra de imunizastes, s\u00f3 Bolsonaro, disse Ramon Cujui, presidente do Partido dos Trabalhadores na capital. <br><\/p>\n\n\n\n<figure class=\"wp-block-image size-large\"><img data-recalc-dims=\"1\" loading=\"lazy\" decoding=\"async\" width=\"320\" height=\"240\" data-attachment-id=\"32401\" data-permalink=\"http:\/\/blogdalucianaoliveira.com.br\/blog\/2021\/07\/03\/atos-fora-bolsonaro-interrompem-transito-em-porto-velho\/354d04f3-3063-423d-8dbe-2fafef42e2c5\/\" data-orig-file=\"https:\/\/i0.wp.com\/blogdalucianaoliveira.com.br\/blog\/wp-content\/uploads\/2021\/07\/354D04F3-3063-423D-8DBE-2FAFEF42E2C5.jpeg?fit=320%2C240\" data-orig-size=\"320,240\" data-comments-opened=\"0\" data-image-meta=\"{&quot;aperture&quot;:&quot;0&quot;,&quot;credit&quot;:&quot;&quot;,&quot;camera&quot;:&quot;&quot;,&quot;caption&quot;:&quot;&quot;,&quot;created_timestamp&quot;:&quot;0&quot;,&quot;copyright&quot;:&quot;&quot;,&quot;focal_length&quot;:&quot;0&quot;,&quot;iso&quot;:&quot;0&quot;,&quot;shutter_speed&quot;:&quot;0&quot;,&quot;title&quot;:&quot;&quot;,&quot;orientation&quot;:&quot;1&quot;}\" data-image-title=\"354D04F3-3063-423D-8DBE-2FAFEF42E2C5\" data-image-description=\"\" data-image-caption=\"\" data-medium-file=\"https:\/\/i0.wp.com\/blogdalucianaoliveira.com.br\/blog\/wp-content\/uploads\/2021\/07\/354D04F3-3063-423D-8DBE-2FAFEF42E2C5.jpeg?fit=300%2C225\" data-large-file=\"https:\/\/i0.wp.com\/blogdalucianaoliveira.com.br\/blog\/wp-content\/uploads\/2021\/07\/354D04F3-3063-423D-8DBE-2FAFEF42E2C5.jpeg?fit=320%2C240\" src=\"https:\/\/i0.wp.com\/blogdalucianaoliveira.com.br\/blog\/wp-content\/uploads\/2021\/07\/354D04F3-3063-423D-8DBE-2FAFEF42E2C5.jpeg?resize=320%2C240\" alt=\"\" class=\"wp-image-32401\" srcset=\"https:\/\/i0.wp.com\/blogdalucianaoliveira.com.br\/blog\/wp-content\/uploads\/2021\/07\/354D04F3-3063-423D-8DBE-2FAFEF42E2C5.jpeg?w=320 320w, https:\/\/i0.wp.com\/blogdalucianaoliveira.com.br\/blog\/wp-content\/uploads\/2021\/07\/354D04F3-3063-423D-8DBE-2FAFEF42E2C5.jpeg?resize=300%2C225 300w\" sizes=\"auto, (max-width: 320px) 100vw, 320px\" \/><\/figure>\n\n\n\n<p>As palavras de ordem eram de indigna\u00e7\u00e3o com o governo pela demora na imuniza\u00e7\u00e3o contra a Covid-19.<\/p>\n\n\n\n<p>No ranking dos estados que menos vacinaram na primeira e segunda doses, Rond\u00f4nia que tem um governador Bolsonarista, \u00e9 o segundo entre os cinco com piores resultados.<\/p>\n\n\n\n<p>Com 9,12% de imuniza\u00e7\u00e3o completa da popula\u00e7\u00e3o, o estado s\u00f3 n\u00e3o est\u00e1 pior que o Amap\u00e1, que vacinou 8,18% da popula\u00e7\u00e3o. <br>\nS\u00e3o 6.170 \u00f3bitos e mais de 248 mil casos de Covid-19. <\/p>\n\n\n\n<p>\u201cAo inv\u00e9s de comprar vacina, o governo quis cobrar propina\u201d, gritou o manifestante no carro de som.<\/p>\n\n\n\n<figure class=\"wp-block-image size-large\"><img data-recalc-dims=\"1\" loading=\"lazy\" decoding=\"async\" width=\"320\" height=\"240\" data-attachment-id=\"32395\" data-permalink=\"http:\/\/blogdalucianaoliveira.com.br\/blog\/2021\/07\/03\/atos-fora-bolsonaro-interrompem-transito-em-porto-velho\/ba1dde58-0b85-4c6b-a68b-3110c9807bbf\/\" data-orig-file=\"https:\/\/i0.wp.com\/blogdalucianaoliveira.com.br\/blog\/wp-content\/uploads\/2021\/07\/BA1DDE58-0B85-4C6B-A68B-3110C9807BBF.jpeg?fit=320%2C240\" data-orig-size=\"320,240\" data-comments-opened=\"0\" data-image-meta=\"{&quot;aperture&quot;:&quot;0&quot;,&quot;credit&quot;:&quot;&quot;,&quot;camera&quot;:&quot;&quot;,&quot;caption&quot;:&quot;&quot;,&quot;created_timestamp&quot;:&quot;0&quot;,&quot;copyright&quot;:&quot;&quot;,&quot;focal_length&quot;:&quot;0&quot;,&quot;iso&quot;:&quot;0&quot;,&quot;shutter_speed&quot;:&quot;0&quot;,&quot;title&quot;:&quot;&quot;,&quot;orientation&quot;:&quot;1&quot;}\" data-image-title=\"BA1DDE58-0B85-4C6B-A68B-3110C9807BBF\" data-image-description=\"\" data-image-caption=\"\" data-medium-file=\"https:\/\/i0.wp.com\/blogdalucianaoliveira.com.br\/blog\/wp-content\/uploads\/2021\/07\/BA1DDE58-0B85-4C6B-A68B-3110C9807BBF.jpeg?fit=300%2C225\" data-large-file=\"https:\/\/i0.wp.com\/blogdalucianaoliveira.com.br\/blog\/wp-content\/uploads\/2021\/07\/BA1DDE58-0B85-4C6B-A68B-3110C9807BBF.jpeg?fit=320%2C240\" src=\"https:\/\/i0.wp.com\/blogdalucianaoliveira.com.br\/blog\/wp-content\/uploads\/2021\/07\/BA1DDE58-0B85-4C6B-A68B-3110C9807BBF.jpeg?resize=320%2C240\" alt=\"\" class=\"wp-image-32395\" srcset=\"https:\/\/i0.wp.com\/blogdalucianaoliveira.com.br\/blog\/wp-content\/uploads\/2021\/07\/BA1DDE58-0B85-4C6B-A68B-3110C9807BBF.jpeg?w=320 320w, https:\/\/i0.wp.com\/blogdalucianaoliveira.com.br\/blog\/wp-content\/uploads\/2021\/07\/BA1DDE58-0B85-4C6B-A68B-3110C9807BBF.jpeg?resize=300%2C225 300w\" sizes=\"auto, (max-width: 320px) 100vw, 320px\" \/><\/figure>\n\n\n\n<figure class=\"wp-block-image size-large\"><img data-recalc-dims=\"1\" loading=\"lazy\" decoding=\"async\" width=\"320\" height=\"240\" data-attachment-id=\"32396\" data-permalink=\"http:\/\/blogdalucianaoliveira.com.br\/blog\/2021\/07\/03\/atos-fora-bolsonaro-interrompem-transito-em-porto-velho\/050e6d69-1bc2-4c75-bc70-cb2a9fdb629d\/\" data-orig-file=\"https:\/\/i0.wp.com\/blogdalucianaoliveira.com.br\/blog\/wp-content\/uploads\/2021\/07\/050E6D69-1BC2-4C75-BC70-CB2A9FDB629D.jpeg?fit=320%2C240\" data-orig-size=\"320,240\" data-comments-opened=\"0\" data-image-meta=\"{&quot;aperture&quot;:&quot;0&quot;,&quot;credit&quot;:&quot;&quot;,&quot;camera&quot;:&quot;&quot;,&quot;caption&quot;:&quot;&quot;,&quot;created_timestamp&quot;:&quot;0&quot;,&quot;copyright&quot;:&quot;&quot;,&quot;focal_length&quot;:&quot;0&quot;,&quot;iso&quot;:&quot;0&quot;,&quot;shutter_speed&quot;:&quot;0&quot;,&quot;title&quot;:&quot;&quot;,&quot;orientation&quot;:&quot;1&quot;}\" data-image-title=\"050E6D69-1BC2-4C75-BC70-CB2A9FDB629D\" data-image-description=\"\" data-image-caption=\"\" data-medium-file=\"https:\/\/i0.wp.com\/blogdalucianaoliveira.com.br\/blog\/wp-content\/uploads\/2021\/07\/050E6D69-1BC2-4C75-BC70-CB2A9FDB629D.jpeg?fit=300%2C225\" data-large-file=\"https:\/\/i0.wp.com\/blogdalucianaoliveira.com.br\/blog\/wp-content\/uploads\/2021\/07\/050E6D69-1BC2-4C75-BC70-CB2A9FDB629D.jpeg?fit=320%2C240\" src=\"https:\/\/i0.wp.com\/blogdalucianaoliveira.com.br\/blog\/wp-content\/uploads\/2021\/07\/050E6D69-1BC2-4C75-BC70-CB2A9FDB629D.jpeg?resize=320%2C240\" alt=\"\" class=\"wp-image-32396\" srcset=\"https:\/\/i0.wp.com\/blogdalucianaoliveira.com.br\/blog\/wp-content\/uploads\/2021\/07\/050E6D69-1BC2-4C75-BC70-CB2A9FDB629D.jpeg?w=320 320w, https:\/\/i0.wp.com\/blogdalucianaoliveira.com.br\/blog\/wp-content\/uploads\/2021\/07\/050E6D69-1BC2-4C75-BC70-CB2A9FDB629D.jpeg?resize=300%2C225 300w\" sizes=\"auto, (max-width: 320px) 100vw, 320px\" \/><\/figure>\n\n\n\n<figure class=\"wp-block-image size-large\"><img data-recalc-dims=\"1\" loading=\"lazy\" decoding=\"async\" width=\"320\" height=\"240\" data-attachment-id=\"32399\" data-permalink=\"http:\/\/blogdalucianaoliveira.com.br\/blog\/2021\/07\/03\/atos-fora-bolsonaro-interrompem-transito-em-porto-velho\/1e26fe14-2e62-4c9b-8bda-f9dd2b6f6076\/\" data-orig-file=\"https:\/\/i0.wp.com\/blogdalucianaoliveira.com.br\/blog\/wp-content\/uploads\/2021\/07\/1E26FE14-2E62-4C9B-8BDA-F9DD2B6F6076.jpeg?fit=320%2C240\" data-orig-size=\"320,240\" data-comments-opened=\"0\" data-image-meta=\"{&quot;aperture&quot;:&quot;0&quot;,&quot;credit&quot;:&quot;&quot;,&quot;camera&quot;:&quot;&quot;,&quot;caption&quot;:&quot;&quot;,&quot;created_timestamp&quot;:&quot;0&quot;,&quot;copyright&quot;:&quot;&quot;,&quot;focal_length&quot;:&quot;0&quot;,&quot;iso&quot;:&quot;0&quot;,&quot;shutter_speed&quot;:&quot;0&quot;,&quot;title&quot;:&quot;&quot;,&quot;orientation&quot;:&quot;1&quot;}\" data-image-title=\"1E26FE14-2E62-4C9B-8BDA-F9DD2B6F6076\" data-image-description=\"\" data-image-caption=\"\" data-medium-file=\"https:\/\/i0.wp.com\/blogdalucianaoliveira.com.br\/blog\/wp-content\/uploads\/2021\/07\/1E26FE14-2E62-4C9B-8BDA-F9DD2B6F6076.jpeg?fit=300%2C225\" data-large-file=\"https:\/\/i0.wp.com\/blogdalucianaoliveira.com.br\/blog\/wp-content\/uploads\/2021\/07\/1E26FE14-2E62-4C9B-8BDA-F9DD2B6F6076.jpeg?fit=320%2C240\" src=\"https:\/\/i0.wp.com\/blogdalucianaoliveira.com.br\/blog\/wp-content\/uploads\/2021\/07\/1E26FE14-2E62-4C9B-8BDA-F9DD2B6F6076.jpeg?resize=320%2C240\" alt=\"\" class=\"wp-image-32399\" srcset=\"https:\/\/i0.wp.com\/blogdalucianaoliveira.com.br\/blog\/wp-content\/uploads\/2021\/07\/1E26FE14-2E62-4C9B-8BDA-F9DD2B6F6076.jpeg?w=320 320w, https:\/\/i0.wp.com\/blogdalucianaoliveira.com.br\/blog\/wp-content\/uploads\/2021\/07\/1E26FE14-2E62-4C9B-8BDA-F9DD2B6F6076.jpeg?resize=300%2C225 300w\" sizes=\"auto, (max-width: 320px) 100vw, 320px\" \/><\/figure>\n\n\n\n<figure class=\"wp-block-image size-large\"><img data-recalc-dims=\"1\" loading=\"lazy\" decoding=\"async\" width=\"320\" height=\"240\" data-attachment-id=\"32398\" data-permalink=\"http:\/\/blogdalucianaoliveira.com.br\/blog\/2021\/07\/03\/atos-fora-bolsonaro-interrompem-transito-em-porto-velho\/488efb7d-7aa1-4b28-b8b3-f0e62d5afdc2\/\" data-orig-file=\"https:\/\/i0.wp.com\/blogdalucianaoliveira.com.br\/blog\/wp-content\/uploads\/2021\/07\/488EFB7D-7AA1-4B28-B8B3-F0E62D5AFDC2.jpeg?fit=320%2C240\" data-orig-size=\"320,240\" data-comments-opened=\"0\" data-image-meta=\"{&quot;aperture&quot;:&quot;0&quot;,&quot;credit&quot;:&quot;&quot;,&quot;camera&quot;:&quot;&quot;,&quot;caption&quot;:&quot;&quot;,&quot;created_timestamp&quot;:&quot;0&quot;,&quot;copyright&quot;:&quot;&quot;,&quot;focal_length&quot;:&quot;0&quot;,&quot;iso&quot;:&quot;0&quot;,&quot;shutter_speed&quot;:&quot;0&quot;,&quot;title&quot;:&quot;&quot;,&quot;orientation&quot;:&quot;1&quot;}\" data-image-title=\"488EFB7D-7AA1-4B28-B8B3-F0E62D5AFDC2\" data-image-description=\"\" data-image-caption=\"\" data-medium-file=\"https:\/\/i0.wp.com\/blogdalucianaoliveira.com.br\/blog\/wp-content\/uploads\/2021\/07\/488EFB7D-7AA1-4B28-B8B3-F0E62D5AFDC2.jpeg?fit=300%2C225\" data-large-file=\"https:\/\/i0.wp.com\/blogdalucianaoliveira.com.br\/blog\/wp-content\/uploads\/2021\/07\/488EFB7D-7AA1-4B28-B8B3-F0E62D5AFDC2.jpeg?fit=320%2C240\" src=\"https:\/\/i0.wp.com\/blogdalucianaoliveira.com.br\/blog\/wp-content\/uploads\/2021\/07\/488EFB7D-7AA1-4B28-B8B3-F0E62D5AFDC2.jpeg?resize=320%2C240\" alt=\"\" class=\"wp-image-32398\" srcset=\"https:\/\/i0.wp.com\/blogdalucianaoliveira.com.br\/blog\/wp-content\/uploads\/2021\/07\/488EFB7D-7AA1-4B28-B8B3-F0E62D5AFDC2.jpeg?w=320 320w, https:\/\/i0.wp.com\/blogdalucianaoliveira.com.br\/blog\/wp-content\/uploads\/2021\/07\/488EFB7D-7AA1-4B28-B8B3-F0E62D5AFDC2.jpeg?resize=300%2C225 300w\" sizes=\"auto, (max-width: 320px) 100vw, 320px\" \/><\/figure>\n\n\n\n<figure class=\"wp-block-image size-large\"><img data-recalc-dims=\"1\" loading=\"lazy\" decoding=\"async\" width=\"240\" height=\"320\" data-attachment-id=\"32400\" data-permalink=\"http:\/\/blogdalucianaoliveira.com.br\/blog\/2021\/07\/03\/atos-fora-bolsonaro-interrompem-transito-em-porto-velho\/b0772ac9-e3af-440f-af07-1a68f896b985\/\" data-orig-file=\"https:\/\/i0.wp.com\/blogdalucianaoliveira.com.br\/blog\/wp-content\/uploads\/2021\/07\/B0772AC9-E3AF-440F-AF07-1A68F896B985.jpeg?fit=240%2C320\" data-orig-size=\"240,320\" data-comments-opened=\"0\" data-image-meta=\"{&quot;aperture&quot;:&quot;0&quot;,&quot;credit&quot;:&quot;&quot;,&quot;camera&quot;:&quot;&quot;,&quot;caption&quot;:&quot;&quot;,&quot;created_timestamp&quot;:&quot;0&quot;,&quot;copyright&quot;:&quot;&quot;,&quot;focal_length&quot;:&quot;0&quot;,&quot;iso&quot;:&quot;0&quot;,&quot;shutter_speed&quot;:&quot;0&quot;,&quot;title&quot;:&quot;&quot;,&quot;orientation&quot;:&quot;1&quot;}\" data-image-title=\"B0772AC9-E3AF-440F-AF07-1A68F896B985\" data-image-description=\"\" data-image-caption=\"\" data-medium-file=\"https:\/\/i0.wp.com\/blogdalucianaoliveira.com.br\/blog\/wp-content\/uploads\/2021\/07\/B0772AC9-E3AF-440F-AF07-1A68F896B985.jpeg?fit=225%2C300\" data-large-file=\"https:\/\/i0.wp.com\/blogdalucianaoliveira.com.br\/blog\/wp-content\/uploads\/2021\/07\/B0772AC9-E3AF-440F-AF07-1A68F896B985.jpeg?fit=240%2C320\" src=\"https:\/\/i0.wp.com\/blogdalucianaoliveira.com.br\/blog\/wp-content\/uploads\/2021\/07\/B0772AC9-E3AF-440F-AF07-1A68F896B985.jpeg?resize=240%2C320\" alt=\"\" class=\"wp-image-32400\" srcset=\"https:\/\/i0.wp.com\/blogdalucianaoliveira.com.br\/blog\/wp-content\/uploads\/2021\/07\/B0772AC9-E3AF-440F-AF07-1A68F896B985.jpeg?w=240 240w, https:\/\/i0.wp.com\/blogdalucianaoliveira.com.br\/blog\/wp-content\/uploads\/2021\/07\/B0772AC9-E3AF-440F-AF07-1A68F896B985.jpeg?resize=225%2C300 225w\" sizes=\"auto, (max-width: 240px) 100vw, 240px\" \/><\/figure>\n","protected":false},"excerpt":{"rendered":"<p>Em Porto Velho, Capital de Rond\u00f4nia, teve pela terceira vez este ano, carreata e passeata na regi\u00e3o central. Os atos come\u00e7aram na pra\u00e7a das Tr\u00eas Caixas d\u2019\u00c1gua e encerraram em frente a Universidade Federal de Rond\u00f4nia, UNIIR.<\/p>\n","protected":false},"author":1,"featured_media":0,"comment_status":"closed","ping_status":"open","sticky":false,"template":"","format":"standard","meta":{"_exactmetrics_skip_tracking":false,"_exactmetrics_sitenote_active":false,"_exactmetrics_sitenote_note":"","_exactmetrics_sitenote_category":0,"jetpack_post_was_ever_published":false,"_jetpack_newsletter_access":"","_jetpack_dont_email_post_to_subs":false,"_jetpack_newsletter_tier_id":0,"_jetpack_memberships_contains_paywalled_content":false,"_jetpack_memberships_contains_paid_content":false,"footnotes":"","jetpack_publicize_message":"","jetpack_publicize_feature_enabled":true,"jetpack_social_post_already_shared":true,"jetpack_social_options":{"image_generator_settings":{"template":"highway","enabled":false},"version":2}},"categories":[1],"tags":[],"class_list":["post-32391","post","type-post","status-publish","format-standard","hentry","category-notas"],"jetpack_publicize_connections":[],"jetpack_sharing_enabled":true,"jetpack_featured_media_url":"","jetpack_shortlink":"https:\/\/wp.me\/p7wKYW-8qr","jetpack-related-posts":[],"_links":{"self":[{"href":"http:\/\/blogdalucianaoliveira.com.br\/blog\/wp-json\/wp\/v2\/posts\/32391","targetHints":{"allow":["GET"]}}],"collection":[{"href":"http:\/\/blogdalucianaoliveira.com.br\/blog\/wp-json\/wp\/v2\/posts"}],"about":[{"href":"http:\/\/blogdalucianaoliveira.com.br\/blog\/wp-json\/wp\/v2\/types\/post"}],"author":[{"embeddable":true,"href":"http:\/\/blogdalucianaoliveira.com.br\/blog\/wp-json\/wp\/v2\/users\/1"}],"replies":[{"embeddable":true,"href":"http:\/\/blogdalucianaoliveira.com.br\/blog\/wp-json\/wp\/v2\/comments?post=32391"}],"version-history":[{"count":1,"href":"http:\/\/blogdalucianaoliveira.com.br\/blog\/wp-json\/wp\/v2\/posts\/32391\/revisions"}],"predecessor-version":[{"id":32402,"href":"http:\/\/blogdalucianaoliveira.com.br\/blog\/wp-json\/wp\/v2\/posts\/32391\/revisions\/32402"}],"wp:attachment":[{"href":"http:\/\/blogdalucianaoliveira.com.br\/blog\/wp-json\/wp\/v2\/media?parent=32391"}],"wp:term":[{"taxonomy":"category","embeddable":true,"href":"http:\/\/blogdalucianaoliveira.com.br\/blog\/wp-json\/wp\/v2\/categories?post=32391"},{"taxonomy":"post_tag","embeddable":true,"href":"http:\/\/blogdalucianaoliveira.com.br\/blog\/wp-json\/wp\/v2\/tags?post=32391"}],"curies":[{"name":"wp","href":"https:\/\/api.w.org\/{rel}","templated":true}]}}