{"id":32403,"date":"2021-07-03T19:34:33","date_gmt":"2021-07-03T23:34:33","guid":{"rendered":"http:\/\/blogdalucianaoliveira.com.br\/blog\/?p=32403"},"modified":"2021-07-03T19:34:36","modified_gmt":"2021-07-03T23:34:36","slug":"ro-atos-cobram-senador-marcos-rogerio-por-apoio-a-bolsonaro","status":"publish","type":"post","link":"http:\/\/blogdalucianaoliveira.com.br\/blog\/2021\/07\/03\/ro-atos-cobram-senador-marcos-rogerio-por-apoio-a-bolsonaro\/","title":{"rendered":"RO: Atos cobram senador Marcos Rog\u00e9rio por apoio a Bolsonaro"},"content":{"rendered":"\n<figure class=\"wp-block-image size-large\"><img data-recalc-dims=\"1\" loading=\"lazy\" decoding=\"async\" width=\"320\" height=\"240\" data-attachment-id=\"32404\" data-permalink=\"http:\/\/blogdalucianaoliveira.com.br\/blog\/2021\/07\/03\/ro-atos-cobram-senador-marcos-rogerio-por-apoio-a-bolsonaro\/c75f9450-1941-4f84-8b56-a6aa4a2fbf6d\/\" data-orig-file=\"https:\/\/i0.wp.com\/blogdalucianaoliveira.com.br\/blog\/wp-content\/uploads\/2021\/07\/C75F9450-1941-4F84-8B56-A6AA4A2FBF6D.jpeg?fit=320%2C240\" data-orig-size=\"320,240\" data-comments-opened=\"0\" data-image-meta=\"{&quot;aperture&quot;:&quot;0&quot;,&quot;credit&quot;:&quot;&quot;,&quot;camera&quot;:&quot;&quot;,&quot;caption&quot;:&quot;&quot;,&quot;created_timestamp&quot;:&quot;0&quot;,&quot;copyright&quot;:&quot;&quot;,&quot;focal_length&quot;:&quot;0&quot;,&quot;iso&quot;:&quot;0&quot;,&quot;shutter_speed&quot;:&quot;0&quot;,&quot;title&quot;:&quot;&quot;,&quot;orientation&quot;:&quot;1&quot;}\" data-image-title=\"C75F9450-1941-4F84-8B56-A6AA4A2FBF6D\" data-image-description=\"\" data-image-caption=\"\" data-medium-file=\"https:\/\/i0.wp.com\/blogdalucianaoliveira.com.br\/blog\/wp-content\/uploads\/2021\/07\/C75F9450-1941-4F84-8B56-A6AA4A2FBF6D.jpeg?fit=300%2C225\" data-large-file=\"https:\/\/i0.wp.com\/blogdalucianaoliveira.com.br\/blog\/wp-content\/uploads\/2021\/07\/C75F9450-1941-4F84-8B56-A6AA4A2FBF6D.jpeg?fit=320%2C240\" src=\"https:\/\/i0.wp.com\/blogdalucianaoliveira.com.br\/blog\/wp-content\/uploads\/2021\/07\/C75F9450-1941-4F84-8B56-A6AA4A2FBF6D.jpeg?resize=320%2C240\" alt=\"\" class=\"wp-image-32404\" srcset=\"https:\/\/i0.wp.com\/blogdalucianaoliveira.com.br\/blog\/wp-content\/uploads\/2021\/07\/C75F9450-1941-4F84-8B56-A6AA4A2FBF6D.jpeg?w=320 320w, https:\/\/i0.wp.com\/blogdalucianaoliveira.com.br\/blog\/wp-content\/uploads\/2021\/07\/C75F9450-1941-4F84-8B56-A6AA4A2FBF6D.jpeg?resize=300%2C225 300w\" sizes=\"auto, (max-width: 320px) 100vw, 320px\" \/><\/figure>\n\n\n\n<p>Na passeata e carreata que aconteceram em Porto Velho, o senador Marcos Rog\u00e9rio foi duramente criticado por defender o governo acusado de tentar lucrar com propina na pandemia. <\/p>\n\n\n\n<!--more-->\n\n\n\n<p>Na CPI da Covid-19, o senador rondoniense tem protagonizado cenas vexat\u00f3rias na tentativa tresloucada de defender as a\u00e7\u00f5es e omiss\u00f5es do presidente na gest\u00e3o da pandemia. <\/p>\n\n\n\n<p>Marcos Rog\u00e9rio tamb\u00e9m \u00e9 ferrenho apoiador do governo na privatiza\u00e7\u00e3o da Eletrobr\u00e1s que vai aumentar ainda mais a conta de energia. <br><\/p>\n\n\n\n<div class=\"fb-post\" data-href=\"https:\/\/www.facebook.com\/100001977379087\/posts\/4255031471239390\/?d=n\" data-width=\"552\"><\/div>\n","protected":false},"excerpt":{"rendered":"<p>Na passeata e carreata que aconteceram em Porto Velho, o senador Marcos Rog\u00e9rio foi duramente criticado por defender o governo acusado de tentar lucrar com propina na pandemia.<\/p>\n","protected":false},"author":1,"featured_media":0,"comment_status":"closed","ping_status":"open","sticky":false,"template":"","format":"standard","meta":{"_exactmetrics_skip_tracking":false,"_exactmetrics_sitenote_active":false,"_exactmetrics_sitenote_note":"","_exactmetrics_sitenote_category":0,"jetpack_post_was_ever_published":false,"_jetpack_newsletter_access":"","_jetpack_dont_email_post_to_subs":false,"_jetpack_newsletter_tier_id":0,"_jetpack_memberships_contains_paywalled_content":false,"_jetpack_memberships_contains_paid_content":false,"footnotes":"","jetpack_publicize_message":"","jetpack_publicize_feature_enabled":true,"jetpack_social_post_already_shared":true,"jetpack_social_options":{"image_generator_settings":{"template":"highway","enabled":false},"version":2}},"categories":[1],"tags":[],"class_list":["post-32403","post","type-post","status-publish","format-standard","hentry","category-notas"],"jetpack_publicize_connections":[],"jetpack_sharing_enabled":true,"jetpack_featured_media_url":"","jetpack_shortlink":"https:\/\/wp.me\/p7wKYW-8qD","jetpack-related-posts":[],"_links":{"self":[{"href":"http:\/\/blogdalucianaoliveira.com.br\/blog\/wp-json\/wp\/v2\/posts\/32403","targetHints":{"allow":["GET"]}}],"collection":[{"href":"http:\/\/blogdalucianaoliveira.com.br\/blog\/wp-json\/wp\/v2\/posts"}],"about":[{"href":"http:\/\/blogdalucianaoliveira.com.br\/blog\/wp-json\/wp\/v2\/types\/post"}],"author":[{"embeddable":true,"href":"http:\/\/blogdalucianaoliveira.com.br\/blog\/wp-json\/wp\/v2\/users\/1"}],"replies":[{"embeddable":true,"href":"http:\/\/blogdalucianaoliveira.com.br\/blog\/wp-json\/wp\/v2\/comments?post=32403"}],"version-history":[{"count":2,"href":"http:\/\/blogdalucianaoliveira.com.br\/blog\/wp-json\/wp\/v2\/posts\/32403\/revisions"}],"predecessor-version":[{"id":32406,"href":"http:\/\/blogdalucianaoliveira.com.br\/blog\/wp-json\/wp\/v2\/posts\/32403\/revisions\/32406"}],"wp:attachment":[{"href":"http:\/\/blogdalucianaoliveira.com.br\/blog\/wp-json\/wp\/v2\/media?parent=32403"}],"wp:term":[{"taxonomy":"category","embeddable":true,"href":"http:\/\/blogdalucianaoliveira.com.br\/blog\/wp-json\/wp\/v2\/categories?post=32403"},{"taxonomy":"post_tag","embeddable":true,"href":"http:\/\/blogdalucianaoliveira.com.br\/blog\/wp-json\/wp\/v2\/tags?post=32403"}],"curies":[{"name":"wp","href":"https:\/\/api.w.org\/{rel}","templated":true}]}}