{"id":32407,"date":"2021-07-05T07:20:53","date_gmt":"2021-07-05T11:20:53","guid":{"rendered":"http:\/\/blogdalucianaoliveira.com.br\/blog\/?p=32407"},"modified":"2021-07-05T07:20:58","modified_gmt":"2021-07-05T11:20:58","slug":"gravacoes-apontam-envolvimento-direto-de-jair-bolsonaro-em-esquema-de-entrega-de-salarios-de-assessores","status":"publish","type":"post","link":"http:\/\/blogdalucianaoliveira.com.br\/blog\/2021\/07\/05\/gravacoes-apontam-envolvimento-direto-de-jair-bolsonaro-em-esquema-de-entrega-de-salarios-de-assessores\/","title":{"rendered":"Grava\u00e7\u00f5es apontam envolvimento direto de Jair Bolsonaro em esquema de entrega de sal\u00e1rios de assessores"},"content":{"rendered":"\n<figure class=\"wp-block-image size-large\"><img data-recalc-dims=\"1\" loading=\"lazy\" decoding=\"async\" width=\"600\" height=\"400\" data-attachment-id=\"32408\" data-permalink=\"http:\/\/blogdalucianaoliveira.com.br\/blog\/2021\/07\/05\/gravacoes-apontam-envolvimento-direto-de-jair-bolsonaro-em-esquema-de-entrega-de-salarios-de-assessores\/73fc67f5-dfeb-4deb-94c6-6078f098b8e3\/\" data-orig-file=\"https:\/\/i0.wp.com\/blogdalucianaoliveira.com.br\/blog\/wp-content\/uploads\/2021\/07\/73FC67F5-DFEB-4DEB-94C6-6078F098B8E3.jpeg?fit=768%2C512\" data-orig-size=\"768,512\" data-comments-opened=\"0\" data-image-meta=\"{&quot;aperture&quot;:&quot;0&quot;,&quot;credit&quot;:&quot;&quot;,&quot;camera&quot;:&quot;&quot;,&quot;caption&quot;:&quot;&quot;,&quot;created_timestamp&quot;:&quot;0&quot;,&quot;copyright&quot;:&quot;&quot;,&quot;focal_length&quot;:&quot;0&quot;,&quot;iso&quot;:&quot;0&quot;,&quot;shutter_speed&quot;:&quot;0&quot;,&quot;title&quot;:&quot;&quot;,&quot;orientation&quot;:&quot;0&quot;}\" data-image-title=\"73FC67F5-DFEB-4DEB-94C6-6078F098B8E3\" data-image-description=\"\" data-image-caption=\"\" data-medium-file=\"https:\/\/i0.wp.com\/blogdalucianaoliveira.com.br\/blog\/wp-content\/uploads\/2021\/07\/73FC67F5-DFEB-4DEB-94C6-6078F098B8E3.jpeg?fit=300%2C200\" data-large-file=\"https:\/\/i0.wp.com\/blogdalucianaoliveira.com.br\/blog\/wp-content\/uploads\/2021\/07\/73FC67F5-DFEB-4DEB-94C6-6078F098B8E3.jpeg?fit=600%2C400\" src=\"https:\/\/i0.wp.com\/blogdalucianaoliveira.com.br\/blog\/wp-content\/uploads\/2021\/07\/73FC67F5-DFEB-4DEB-94C6-6078F098B8E3.jpeg?resize=600%2C400\" alt=\"\" class=\"wp-image-32408\" srcset=\"https:\/\/i0.wp.com\/blogdalucianaoliveira.com.br\/blog\/wp-content\/uploads\/2021\/07\/73FC67F5-DFEB-4DEB-94C6-6078F098B8E3.jpeg?w=768 768w, https:\/\/i0.wp.com\/blogdalucianaoliveira.com.br\/blog\/wp-content\/uploads\/2021\/07\/73FC67F5-DFEB-4DEB-94C6-6078F098B8E3.jpeg?resize=300%2C200 300w, https:\/\/i0.wp.com\/blogdalucianaoliveira.com.br\/blog\/wp-content\/uploads\/2021\/07\/73FC67F5-DFEB-4DEB-94C6-6078F098B8E3.jpeg?resize=450%2C300 450w\" sizes=\"auto, (max-width: 600px) 100vw, 600px\" \/><\/figure>\n\n\n\n<p>Grava\u00e7\u00f5es in\u00e9ditas apontam o envolvimento direto do presidente da Rep\u00fablica, Jair Bolsonaro, no esquema ilegal de entrega de sal\u00e1rios de assessores na \u00e9poca em que ele exerceu seguidos mandatos de deputado federal (entre os anos de 1991 e 2018).<\/p>\n\n\n\n<!--more-->\n\n\n\n<p><strong>Na FSP <\/strong><\/p>\n\n\n\n<p>As declara\u00e7\u00f5es indicam que Bolsonaro participava diretamente da &#8220;rachadinha&#8221;: nome popular para uma pr\u00e1tica que configura o crime de peculato (mau uso de dinheiro p\u00fablico).<\/p>\n\n\n\n<p>O&nbsp;<a href=\"https:\/\/noticias.uol.com.br\/colunas\/juliana-dal-piva\/2021\/07\/05\/jair-bolsonaro-rachadinha-ex-cunhado.htm\">familiar que n\u00e3o quis devolver valor combinado do sal\u00e1rio<\/a>&nbsp;foi retirado do esquema. A fisiculturista Andrea Siqueira Valle, ex-cunhada do presidente, afirma que Bolsonaro demitiu irm\u00e3o dela porque ele se recusou a devolver a maior parte do sal\u00e1rio de como assessor.<\/p>\n\n\n\n<p>&#8220;O Andr\u00e9 deu muito problema porque ele nunca devolveu o dinheiro certo que tinha que ser devolvido, entendeu? Tinha que devolver R$ 6.000, ele devolvia R$ 2.000, R$ 3.000. Foi um temp\u00e3o assim at\u00e9 que o Jair pegou e falou: &#8216;Chega. Pode tirar ele porque ele nunca me devolve o dinheiro certo&#8217;.<\/p>\n\n\n\n<p>Dentro da fam\u00edlia Queiroz,&nbsp;<a href=\"https:\/\/noticias.uol.com.br\/colunas\/juliana-dal-piva\/2021\/07\/05\/mulher-de-queiroz-mensagem-bolsonaro-01-rachadinha.htm\">Jair Bolsonaro \u00e9 o verdadeiro &#8220;01.&#8221;<\/a>&nbsp;Em troca de mensagens de \u00e1udio, a mulher e a filha de Fabr\u00edcio Queiroz, M\u00e1rcia Aguiar e Nath\u00e1lia Queiroz, chamam Jair Bolsonaro de &#8220;01&#8221;. M\u00e1rcia afirma que o presidente &#8220;n\u00e3o vai deixar&#8221; Queiroz voltar a atuar como antes.<\/p>\n\n\n\n<p><a href=\"https:\/\/noticias.uol.com.br\/colunas\/juliana-dal-piva\/2021\/07\/05\/coronel-do-exercito-hudson-andrea-valle-gravacoes-rachadinha-bolsonaro.htm\">Recolher sal\u00e1rios n\u00e3o era uma tarefa exclusiva de Fabr\u00edcio Queiroz<\/a>. Ex-cunhada do presidente diz que um coronel da reserva do Ex\u00e9rcito, ex-colega do presidente na Aman (Academia Militar das Agulhas Negras), atuou no recolhimento de sal\u00e1rios da ex-cunhada de Jair Bolsonaro, no per\u00edodo em que ela constava como assessora do antigo gabinete de Fl\u00e1vio na Alerj (Assembleia Legislativa do Rio).<\/p>\n\n\n\n<p>Ao ser informado sobre as grava\u00e7\u00f5es de Andrea Siqueira Valle, o advogado Frederick Wassef, que representa o presidente, negou ilegalidades e disse que existe uma antecipa\u00e7\u00e3o da campanha de 2022.<\/p>\n\n\n\n<p>Wassef afirmou que os fatos narrados por Andrea &#8220;s\u00e3o narrativas de fatos inver\u00eddicos, inexistentes, jamais existiu qualquer esquema de rachadinha no gabinete do deputado Jair Bolsonaro ou de qualquer de seus filhos&#8221;.<\/p>\n\n\n\n<p>Desde que foi revelado o esquema conhecido como rachadinha, no fim de 2018, Jair Bolsonaro sempre se esquivou do tema ou reagiu com rispidez quando foi questionado.<\/p>\n\n\n\n<p>Certa vez, o presidente chegou a dizer que &#8220;se Fl\u00e1vio errou, vai ter de ser punido&#8221;. Em outra oportunidade, amea\u00e7ou agredir um jornalista que perguntou por que Fabr\u00edcio Queiroz depositou cheques na conta da primeira-dama Michelle Bolsonaro.<\/p>\n\n\n\n<p>A partir da investiga\u00e7\u00e3o sobre Fl\u00e1vio Bolsonaro, surgiu o envolvimento de Queiroz e um grupo de pessoas ligadas a ele.<\/p>\n\n\n\n<p>Com o avan\u00e7o do procedimento no MP-RJ (Minist\u00e9rio P\u00fablico do Rio de Janeiro), que quebrou o sigilo banc\u00e1rio dos investigados, descobriu-se ainda que o esquema envolvia dez familiares de Ana Cristina Valle, segunda mulher de Bolsonaro.<\/p>\n\n\n\n<p>Ainda em 2019, por\u00e9m, outro procedimento do MP fluminense passou a investigar suspeitas semelhantes no gabinete de Carlos Bolsonaro. Ao todo, a fam\u00edlia Bolsonaro empregou 18 parentes de Ana Cristina.<\/p>\n\n\n\n<p>Em mar\u00e7o passado, o&nbsp;<strong>UOL<\/strong><a href=\"https:\/\/noticias.uol.com.br\/politica\/ultimas-noticias\/2021\/03\/15\/rachadinha-jair-bolsonaro-assessores.htm\">&nbsp;revelou que quatro funcion\u00e1rios do gabinete de Jair Bolsonaro fizeram saques at\u00edpicos<\/a>&nbsp;e que sua&nbsp;<a href=\"https:\/\/noticias.uol.com.br\/politica\/ultimas-noticias\/2021\/03\/15\/anatomia-rachadinha-ana-cristina-valle-jair-bolsonaro.htm\">ex-mulher ficou com todo o dinheiro existente na conta da irm\u00e3&nbsp;<\/a>que estava nomeada para o gabinete do ent\u00e3o deputado federal.<\/p>\n\n\n\n<p>Mas nenhum assessor tinha dito at\u00e9 ent\u00e3o que era obrigado a devolver parte do sal\u00e1rio quando estava nomeado no gabinete de Jair Bolsonaro na C\u00e2mara dos Deputados.<\/p>\n\n\n\n<p>O peculato \u00e9 um crime contra a administra\u00e7\u00e3o p\u00fablica e se caracteriza pela subtra\u00e7\u00e3o ou apropria\u00e7\u00e3o indevida de valores ou bens cometida por um servidor p\u00fablico, a exemplo de parlamentares e membros do governo.<\/p>\n\n\n\n<p>&#8220;\u00c9 um crime extremamente grave. Quando um deputado se apodera de recursos dos sal\u00e1rios do funcion\u00e1rio de seu gabinete, ele est\u00e1 furtando ou se apropriando indevidamente de dinheiro p\u00fablico. Pois quem paga este sal\u00e1rio \u00e9 o or\u00e7amento p\u00fablico, a sociedade&#8221;, afirma Roberto Livianu, procurador de Justi\u00e7a de S\u00e3o Paulo e presidente do Instituto N\u00e3o Aceito Corrup\u00e7\u00e3o.<\/p>\n\n\n\n<p>&#8220;Este dinheiro pertence \u00e0 sociedade e poderia ser investido em sa\u00fade, educa\u00e7\u00e3o. Mas est\u00e1 sendo gasto com a contrata\u00e7\u00e3o desnecess\u00e1ria de assessores que ter\u00e3o parte dos sal\u00e1rios embolsados por um pol\u00edtico&#8221;, acrescenta.<\/p>\n","protected":false},"excerpt":{"rendered":"<p>Grava\u00e7\u00f5es in\u00e9ditas apontam o envolvimento direto do presidente da Rep\u00fablica, Jair Bolsonaro, no esquema ilegal de entrega de sal\u00e1rios de assessores na \u00e9poca em que ele exerceu seguidos mandatos de deputado federal (entre os anos de 1991 e 2018).<\/p>\n","protected":false},"author":1,"featured_media":0,"comment_status":"closed","ping_status":"open","sticky":false,"template":"","format":"standard","meta":{"_exactmetrics_skip_tracking":false,"_exactmetrics_sitenote_active":false,"_exactmetrics_sitenote_note":"","_exactmetrics_sitenote_category":0,"jetpack_post_was_ever_published":false,"_jetpack_newsletter_access":"","_jetpack_dont_email_post_to_subs":false,"_jetpack_newsletter_tier_id":0,"_jetpack_memberships_contains_paywalled_content":false,"_jetpack_memberships_contains_paid_content":false,"footnotes":"","jetpack_publicize_message":"","jetpack_publicize_feature_enabled":true,"jetpack_social_post_already_shared":true,"jetpack_social_options":{"image_generator_settings":{"template":"highway","enabled":false},"version":2}},"categories":[1],"tags":[],"class_list":["post-32407","post","type-post","status-publish","format-standard","hentry","category-notas"],"jetpack_publicize_connections":[],"jetpack_sharing_enabled":true,"jetpack_featured_media_url":"","jetpack_shortlink":"https:\/\/wp.me\/p7wKYW-8qH","jetpack-related-posts":[],"_links":{"self":[{"href":"http:\/\/blogdalucianaoliveira.com.br\/blog\/wp-json\/wp\/v2\/posts\/32407","targetHints":{"allow":["GET"]}}],"collection":[{"href":"http:\/\/blogdalucianaoliveira.com.br\/blog\/wp-json\/wp\/v2\/posts"}],"about":[{"href":"http:\/\/blogdalucianaoliveira.com.br\/blog\/wp-json\/wp\/v2\/types\/post"}],"author":[{"embeddable":true,"href":"http:\/\/blogdalucianaoliveira.com.br\/blog\/wp-json\/wp\/v2\/users\/1"}],"replies":[{"embeddable":true,"href":"http:\/\/blogdalucianaoliveira.com.br\/blog\/wp-json\/wp\/v2\/comments?post=32407"}],"version-history":[{"count":1,"href":"http:\/\/blogdalucianaoliveira.com.br\/blog\/wp-json\/wp\/v2\/posts\/32407\/revisions"}],"predecessor-version":[{"id":32409,"href":"http:\/\/blogdalucianaoliveira.com.br\/blog\/wp-json\/wp\/v2\/posts\/32407\/revisions\/32409"}],"wp:attachment":[{"href":"http:\/\/blogdalucianaoliveira.com.br\/blog\/wp-json\/wp\/v2\/media?parent=32407"}],"wp:term":[{"taxonomy":"category","embeddable":true,"href":"http:\/\/blogdalucianaoliveira.com.br\/blog\/wp-json\/wp\/v2\/categories?post=32407"},{"taxonomy":"post_tag","embeddable":true,"href":"http:\/\/blogdalucianaoliveira.com.br\/blog\/wp-json\/wp\/v2\/tags?post=32407"}],"curies":[{"name":"wp","href":"https:\/\/api.w.org\/{rel}","templated":true}]}}