{"id":32410,"date":"2021-07-05T07:41:05","date_gmt":"2021-07-05T11:41:05","guid":{"rendered":"http:\/\/blogdalucianaoliveira.com.br\/blog\/?p=32410"},"modified":"2021-07-05T07:41:09","modified_gmt":"2021-07-05T11:41:09","slug":"em-baixaria-inedita-bolsonaro-associa-stf-a-sexo-mentiras-e-videoteipe","status":"publish","type":"post","link":"http:\/\/blogdalucianaoliveira.com.br\/blog\/2021\/07\/05\/em-baixaria-inedita-bolsonaro-associa-stf-a-sexo-mentiras-e-videoteipe\/","title":{"rendered":"Em baixaria in\u00e9dita, Bolsonaro associa STF a &#8220;sexo, mentiras e videoteipe&#8221;"},"content":{"rendered":"\n<figure class=\"wp-block-image size-large\"><img data-recalc-dims=\"1\" loading=\"lazy\" decoding=\"async\" width=\"390\" height=\"306\" data-attachment-id=\"32411\" data-permalink=\"http:\/\/blogdalucianaoliveira.com.br\/blog\/2021\/07\/05\/em-baixaria-inedita-bolsonaro-associa-stf-a-sexo-mentiras-e-videoteipe\/aa15a441-01c0-40aa-b9f8-a87878e3adf8\/\" data-orig-file=\"https:\/\/i0.wp.com\/blogdalucianaoliveira.com.br\/blog\/wp-content\/uploads\/2021\/07\/AA15A441-01C0-40AA-B9F8-A87878E3ADF8.jpeg?fit=390%2C306\" data-orig-size=\"390,306\" data-comments-opened=\"0\" data-image-meta=\"{&quot;aperture&quot;:&quot;0&quot;,&quot;credit&quot;:&quot;&quot;,&quot;camera&quot;:&quot;&quot;,&quot;caption&quot;:&quot;&quot;,&quot;created_timestamp&quot;:&quot;0&quot;,&quot;copyright&quot;:&quot;&quot;,&quot;focal_length&quot;:&quot;0&quot;,&quot;iso&quot;:&quot;0&quot;,&quot;shutter_speed&quot;:&quot;0&quot;,&quot;title&quot;:&quot;&quot;,&quot;orientation&quot;:&quot;0&quot;}\" data-image-title=\"AA15A441-01C0-40AA-B9F8-A87878E3ADF8\" data-image-description=\"\" data-image-caption=\"\" data-medium-file=\"https:\/\/i0.wp.com\/blogdalucianaoliveira.com.br\/blog\/wp-content\/uploads\/2021\/07\/AA15A441-01C0-40AA-B9F8-A87878E3ADF8.jpeg?fit=300%2C235\" data-large-file=\"https:\/\/i0.wp.com\/blogdalucianaoliveira.com.br\/blog\/wp-content\/uploads\/2021\/07\/AA15A441-01C0-40AA-B9F8-A87878E3ADF8.jpeg?fit=390%2C306\" src=\"https:\/\/i0.wp.com\/blogdalucianaoliveira.com.br\/blog\/wp-content\/uploads\/2021\/07\/AA15A441-01C0-40AA-B9F8-A87878E3ADF8.jpeg?resize=390%2C306\" alt=\"\" class=\"wp-image-32411\" srcset=\"https:\/\/i0.wp.com\/blogdalucianaoliveira.com.br\/blog\/wp-content\/uploads\/2021\/07\/AA15A441-01C0-40AA-B9F8-A87878E3ADF8.jpeg?w=390 390w, https:\/\/i0.wp.com\/blogdalucianaoliveira.com.br\/blog\/wp-content\/uploads\/2021\/07\/AA15A441-01C0-40AA-B9F8-A87878E3ADF8.jpeg?resize=300%2C235 300w, https:\/\/i0.wp.com\/blogdalucianaoliveira.com.br\/blog\/wp-content\/uploads\/2021\/07\/AA15A441-01C0-40AA-B9F8-A87878E3ADF8.jpeg?resize=382%2C300 382w\" sizes=\"auto, (max-width: 390px) 100vw, 390px\" \/><\/figure>\n\n\n\n<p><strong>UOL, por Reinaldo Azevedo<\/strong> &#8211; Tudo indica que\u00a0<a href=\"https:\/\/noticias.uol.com.br\/politica\/governo-bolsonaro\/\">Jair Bolsonaro<\/a>\u00a0e o &#8220;gabinete do \u00f3dio&#8221;, que cuida das suas redes sociais, sa\u00edram mesmo da casinha. Neste domingo, o presidente n\u00e3o se limitou a associar aqueles que se manifestam contra a ele a atos violentos \u2014 o que \u00e9 uma mentira escandalosa. Tamb\u00e9m houve por bem fazer insinua\u00e7\u00f5es contra a vida privada de ministros no Supremo. Isso no m\u00ednimo! Chega a falar em &#8220;traficantes&#8221;. Imaginem o que vem por a\u00ed se disputar a elei\u00e7\u00e3o de 2022.<\/p>\n\n\n\n<!--more-->\n\n\n\n<p>Afirmou:<br><strong><em>&#8211; Vamos supor uma autoridade filmada numa cena com menores (ou com pessoas do mesmo sexo ou com traficantes) e esse algu\u00e9m (&#8220;Daniel&#8221;) passe a fazer chantagem amea\u00e7ando divulgar esse v\u00eddeo.<br>&#8211; Essa pr\u00e1tica de chantagem, muito utilizada em Cuba, se encontra na p\u00e1gina 143 do livro &#8220;A vida secreta de Fidel&#8221; de Juan Reinaldo S\u00e1nchez.<br>&#8211; Parece que isso est\u00e1 sendo utilizado no Brasil (importado de Cuba pela esquerda) onde certas autoridades tomam decis\u00f5es simplesmente absurdas, para atender ao chantageador (&#8220;Daniel&#8221;).<br>&#8211; Quando nada t\u00eam contra seu alvo principal, v\u00e3o para cima de filhos, parentes, e amigos do mesmo.<br>&#8211; Inqu\u00e9ritos e acusa\u00e7\u00f5es absurdas, &#8230; Da\u00ed quebram sigilos, determinam buscas e apreens\u00f5es, decretam pris\u00f5es arbitr\u00e1rias, etc&#8230;<\/em><\/strong><\/p>\n\n\n\n<p>\u00c9 claro que ele faz uma alus\u00e3o coberta \u00e0 decis\u00e3o do ministro Alexandre de Moraes de ter aberto novo inqu\u00e9rito para investigar poss\u00edvel organiza\u00e7\u00e3o criminosa dedicada ao ataque \u00e0s institui\u00e7\u00f5es. Como se sabe, por raz\u00f5es que n\u00e3o encontram amparo nos fatos, a PGR manifestou-se pelo arquivamento de inqu\u00e9rito anterior, sem ver motivos para oferecer den\u00fancia, embora a Pol\u00edcia Federal tenha encontrado coisas assombrosas.<\/p>\n\n\n\n<p>Mas a baixaria tem espectro mais amplo. Bolsonaro tamb\u00e9m tem afirmado a seus fan\u00e1ticos que ministros do&nbsp;<a href=\"https:\/\/noticias.uol.com.br\/politica\/stf-supremo-tribunal-federal\/\">STF<\/a>&nbsp;resolveram se organizar em compl\u00f4 para eleger Lula. As decis\u00f5es recentes sobre a incompet\u00eancia e a suspei\u00e7\u00e3o de Moro seriam parte de uma arquitetura com esse objetivo, que se complementa com o voto eletr\u00f4nico. Entenderam?<\/p>\n\n\n\n<p>Mas isso parecia pouco. Ent\u00e3o vem agora a insinua\u00e7\u00e3o de que algu\u00e9m teria v\u00eddeos comprometedores contra &#8220;autoridades&#8221; \u2014 e s\u00f3 pode estar se referindo a ministros da Corte \u2014 e as estaria chantageando. E, claro, o &#8220;Q Anon&#8221; caipira precisa atribuir isso ao&#8230; comunismo. A pessoa em quest\u00e3o estaria empregando aqui um m\u00e9todo importado de Cuba.<\/p>\n\n\n\n<p>\u00c9 tudo de uma delinqu\u00eancia assombrosa.<\/p>\n\n\n\n<p>E Bolsonaro finge saber de tudo.<\/p>\n\n\n\n<p>Nem preciso notar, porque voc\u00eas j\u00e1 perceberam, que, tivesse alguma carta na manga contra os ministros, seria ele pr\u00f3prio, ent\u00e3o, a empregar o suposto &#8220;m\u00e9todo cubano&#8221;. Porque, por \u00f3bvio, vai uma amea\u00e7a na sublinha: &#8220;Ou voc\u00eas come\u00e7am a fazer o que eu quero, ou vou contar o que eu sei e apresentar as provas&#8221;.<\/p>\n\n\n\n<p>\u00c9 mesmo?<\/p>\n\n\n\n<p>S\u00e3o &#8220;provas&#8221; t\u00e3o boas como as que disp\u00f5e de que houve fraude na elei\u00e7\u00e3o de 2018 e de que ele venceu no primeiro turno. O TSE lhe deu prazo para apresent\u00e1-las. Ele j\u00e1 disse que n\u00e3o vai faz\u00ea-lo. Claro que n\u00e3o vai. N\u00e3o tem nada. Falou para mobilizar seus trouxas.<\/p>\n\n\n\n<p>Seus tu\u00edtes j\u00e1 foram replicados pela Bozol\u00e2ndia e pela robol\u00e2ndia.<\/p>\n\n\n\n<p>Pronto! Para o bolsonarismo, uma parte dos ministros do Supremo est\u00e1, agora, sob o comando de &#8220;Daniel&#8221;, aquele que usa os meios, que ele atribui a Fidel Castro, para controlar o Supremo e o pa\u00eds.<\/p>\n\n\n\n<p>Observem o padr\u00e3o de sordidez a que foi reduzida a Presid\u00eancia da Rep\u00fablica.<\/p>\n\n\n\n<p>Tudo \u00e9 feito com o rigor dos covardes: &#8220;vamos supor que&#8230;&#8221;; &#8220;parece que&#8230;&#8221;. Assim, d\u00e1 a entender que sabe de muita coisa, mas que n\u00e3o pode falar agora.<\/p>\n\n\n\n<p>&#8220;Aqueles a quem os deuses querem destruir, tira-lhes primeiro o ju\u00edzo&#8221;.<\/p>\n\n\n\n<p>Bolsonaro nunca teve ju\u00edzo.<\/p>\n\n\n\n<p>Num momento em que parte consider\u00e1vel das institui\u00e7\u00f5es tamb\u00e9m perdeu o seu, ele chegou ao poder. E espalha, a partir da Presid\u00eancia, seu padr\u00e3o demencial.<\/p>\n\n\n\n<p>Vamos l\u00e1, &#8220;Daniel Bolsonaro&#8221;, divulgue o que tem!<\/p>\n\n\n\n<p>N\u00e3o se comporte como um chantagista covarde!<\/p>\n","protected":false},"excerpt":{"rendered":"<p>UOL, por Reinaldo Azevedo &#8211; Tudo indica que\u00a0Jair Bolsonaro\u00a0e o &#8220;gabinete do \u00f3dio&#8221;, que cuida das suas redes sociais, sa\u00edram mesmo da casinha. Neste domingo, o presidente n\u00e3o se limitou a associar aqueles que se manifestam contra a ele a atos violentos \u2014 o que \u00e9 uma mentira escandalosa. Tamb\u00e9m houve por bem fazer insinua\u00e7\u00f5es&#8230;<a class=\"more-link\" href=\"http:\/\/blogdalucianaoliveira.com.br\/blog\/2021\/07\/05\/em-baixaria-inedita-bolsonaro-associa-stf-a-sexo-mentiras-e-videoteipe\/\">Continue a leitura <span class=\"meta-nav\">&raquo;<\/span><\/a><\/p>\n","protected":false},"author":1,"featured_media":0,"comment_status":"closed","ping_status":"open","sticky":false,"template":"","format":"standard","meta":{"_exactmetrics_skip_tracking":false,"_exactmetrics_sitenote_active":false,"_exactmetrics_sitenote_note":"","_exactmetrics_sitenote_category":0,"jetpack_post_was_ever_published":false,"_jetpack_newsletter_access":"","_jetpack_dont_email_post_to_subs":false,"_jetpack_newsletter_tier_id":0,"_jetpack_memberships_contains_paywalled_content":false,"_jetpack_memberships_contains_paid_content":false,"footnotes":"","jetpack_publicize_message":"","jetpack_publicize_feature_enabled":true,"jetpack_social_post_already_shared":true,"jetpack_social_options":{"image_generator_settings":{"template":"highway","enabled":false},"version":2}},"categories":[1],"tags":[],"class_list":["post-32410","post","type-post","status-publish","format-standard","hentry","category-notas"],"jetpack_publicize_connections":[],"jetpack_sharing_enabled":true,"jetpack_featured_media_url":"","jetpack_shortlink":"https:\/\/wp.me\/p7wKYW-8qK","jetpack-related-posts":[],"_links":{"self":[{"href":"http:\/\/blogdalucianaoliveira.com.br\/blog\/wp-json\/wp\/v2\/posts\/32410","targetHints":{"allow":["GET"]}}],"collection":[{"href":"http:\/\/blogdalucianaoliveira.com.br\/blog\/wp-json\/wp\/v2\/posts"}],"about":[{"href":"http:\/\/blogdalucianaoliveira.com.br\/blog\/wp-json\/wp\/v2\/types\/post"}],"author":[{"embeddable":true,"href":"http:\/\/blogdalucianaoliveira.com.br\/blog\/wp-json\/wp\/v2\/users\/1"}],"replies":[{"embeddable":true,"href":"http:\/\/blogdalucianaoliveira.com.br\/blog\/wp-json\/wp\/v2\/comments?post=32410"}],"version-history":[{"count":1,"href":"http:\/\/blogdalucianaoliveira.com.br\/blog\/wp-json\/wp\/v2\/posts\/32410\/revisions"}],"predecessor-version":[{"id":32412,"href":"http:\/\/blogdalucianaoliveira.com.br\/blog\/wp-json\/wp\/v2\/posts\/32410\/revisions\/32412"}],"wp:attachment":[{"href":"http:\/\/blogdalucianaoliveira.com.br\/blog\/wp-json\/wp\/v2\/media?parent=32410"}],"wp:term":[{"taxonomy":"category","embeddable":true,"href":"http:\/\/blogdalucianaoliveira.com.br\/blog\/wp-json\/wp\/v2\/categories?post=32410"},{"taxonomy":"post_tag","embeddable":true,"href":"http:\/\/blogdalucianaoliveira.com.br\/blog\/wp-json\/wp\/v2\/tags?post=32410"}],"curies":[{"name":"wp","href":"https:\/\/api.w.org\/{rel}","templated":true}]}}