{"id":32413,"date":"2021-07-05T07:50:10","date_gmt":"2021-07-05T11:50:10","guid":{"rendered":"http:\/\/blogdalucianaoliveira.com.br\/blog\/?p=32413"},"modified":"2021-07-05T07:50:15","modified_gmt":"2021-07-05T11:50:15","slug":"denuncia-prova-que-jair-e-o-verdadeiro-01-no-esquema-de-corrupcao-dos-bolsonaro-audio","status":"publish","type":"post","link":"http:\/\/blogdalucianaoliveira.com.br\/blog\/2021\/07\/05\/denuncia-prova-que-jair-e-o-verdadeiro-01-no-esquema-de-corrupcao-dos-bolsonaro-audio\/","title":{"rendered":"Den\u00fancia prova que Jair \u00e9 o verdadeiro &#8220;01&#8221; no esquema de corrup\u00e7\u00e3o dos Bolsonaro (\u00e1udio)"},"content":{"rendered":"\n<figure class=\"wp-block-image size-large\"><img loading=\"lazy\" decoding=\"async\" width=\"1250\" height=\"600\" data-attachment-id=\"32414\" data-permalink=\"http:\/\/blogdalucianaoliveira.com.br\/blog\/2021\/07\/05\/denuncia-prova-que-jair-e-o-verdadeiro-01-no-esquema-de-corrupcao-dos-bolsonaro-audio\/a9d6381c-029b-4d0b-87a2-221273b578a1\/\" data-orig-file=\"https:\/\/i0.wp.com\/blogdalucianaoliveira.com.br\/blog\/wp-content\/uploads\/2021\/07\/A9D6381C-029B-4D0B-87A2-221273B578A1.jpeg?fit=1250%2C600\" data-orig-size=\"1250,600\" data-comments-opened=\"0\" data-image-meta=\"{&quot;aperture&quot;:&quot;0&quot;,&quot;credit&quot;:&quot;&quot;,&quot;camera&quot;:&quot;&quot;,&quot;caption&quot;:&quot;&quot;,&quot;created_timestamp&quot;:&quot;0&quot;,&quot;copyright&quot;:&quot;&quot;,&quot;focal_length&quot;:&quot;0&quot;,&quot;iso&quot;:&quot;0&quot;,&quot;shutter_speed&quot;:&quot;0&quot;,&quot;title&quot;:&quot;&quot;,&quot;orientation&quot;:&quot;0&quot;}\" data-image-title=\"A9D6381C-029B-4D0B-87A2-221273B578A1\" data-image-description=\"\" data-image-caption=\"\" data-medium-file=\"https:\/\/i0.wp.com\/blogdalucianaoliveira.com.br\/blog\/wp-content\/uploads\/2021\/07\/A9D6381C-029B-4D0B-87A2-221273B578A1.jpeg?fit=300%2C144\" data-large-file=\"https:\/\/i0.wp.com\/blogdalucianaoliveira.com.br\/blog\/wp-content\/uploads\/2021\/07\/A9D6381C-029B-4D0B-87A2-221273B578A1.jpeg?fit=600%2C288\" src=\"https:\/\/i0.wp.com\/blogdalucianaoliveira.com.br\/blog\/wp-content\/uploads\/2021\/07\/A9D6381C-029B-4D0B-87A2-221273B578A1.jpeg?fit=600%2C288\" alt=\"\" class=\"wp-image-32414\" srcset=\"https:\/\/i0.wp.com\/blogdalucianaoliveira.com.br\/blog\/wp-content\/uploads\/2021\/07\/A9D6381C-029B-4D0B-87A2-221273B578A1.jpeg?w=1250 1250w, https:\/\/i0.wp.com\/blogdalucianaoliveira.com.br\/blog\/wp-content\/uploads\/2021\/07\/A9D6381C-029B-4D0B-87A2-221273B578A1.jpeg?resize=300%2C144 300w, https:\/\/i0.wp.com\/blogdalucianaoliveira.com.br\/blog\/wp-content\/uploads\/2021\/07\/A9D6381C-029B-4D0B-87A2-221273B578A1.jpeg?resize=1024%2C492 1024w, https:\/\/i0.wp.com\/blogdalucianaoliveira.com.br\/blog\/wp-content\/uploads\/2021\/07\/A9D6381C-029B-4D0B-87A2-221273B578A1.jpeg?resize=768%2C369 768w, https:\/\/i0.wp.com\/blogdalucianaoliveira.com.br\/blog\/wp-content\/uploads\/2021\/07\/A9D6381C-029B-4D0B-87A2-221273B578A1.jpeg?resize=625%2C300 625w, https:\/\/i0.wp.com\/blogdalucianaoliveira.com.br\/blog\/wp-content\/uploads\/2021\/07\/A9D6381C-029B-4D0B-87A2-221273B578A1.jpeg?w=1200 1200w\" sizes=\"auto, (max-width: 600px) 100vw, 600px\" \/><\/figure>\n\n\n\n<p><strong>247<\/strong>&nbsp;&#8211; A mulher e a filha de Fabr\u00edcio Queiroz, M\u00e1rcia Aguiar e Nath\u00e1lia Queiroz, fizeram refer\u00eancia a Jair Bolsonaro como &#8220;01&#8221;, durante uma troca de mensagens. M\u00e1rcia afirmou que &#8220;o 01, o Jair, n\u00e3o vai deixar&#8221;, ao comentar sobre um poss\u00edvel retorno de Queiroz para seu antigo cargo de assessor de Fl\u00e1vio Bolsonaro, conforme apontaram \u00e1udios de outubro de 2019, per\u00edodo em que o policial militar reformado ficou escondido na casa do advogado da fam\u00edlia Bolsonaro, Frederick Wassef, em Atibaia (SP).&nbsp;<\/p>\n\n\n\n<!--more-->\n\n\n\n<p>Essa \u00e9 uma das revela\u00e7\u00f5es de uma sequ\u00eancia de reportagens da jornalista Juliana Dal Piva, do Uol, que obteve v\u00e1rios \u00e1udios: na primeira, aparece<a href=\"https:\/\/noticias.uol.com.br\/colunas\/juliana-dal-piva\/2021\/07\/05\/jair-bolsonaro-rachadinha-ex-cunhado.htm\">&nbsp;a grava\u00e7\u00e3o da ex-cunhada<\/a>; na segunda, mostra-se que um coronel do Ex\u00e9rcito, Guilherme dos Santos Hudson, ao lado do ex-PM Fabr\u00edcio Queiroz,&nbsp;<a href=\"https:\/\/noticias.uol.com.br\/colunas\/juliana-dal-piva\/2021\/07\/05\/coronel-do-exercito-hudson-andrea-valle-gravacoes-rachadinha-bolsonaro.htm\">recolhia os sal\u00e1rios dos servidores<\/a>; na terceira, a mulher de Queiroz, M\u00e1rcia Aguiar,&nbsp;<a href=\"https:\/\/noticias.uol.com.br\/colunas\/juliana-dal-piva\/2021\/07\/05\/mulher-de-queiroz-mensagem-bolsonaro-01-rachadinha.htm\">chama Jair Bolsonaro de &#8220;01&#8221;<\/a>, indicando-o como chefe do esquema de roubo do dinheiros dos funcion\u00e1rios dos gabinetes do cl\u00e3.<\/p>\n\n\n\n<p>A conversa entre M\u00e1rcia Aguiar e Nath\u00e1lia Queiroz aconteceu ap\u00f3s uma reportagem do jornal O Globo apontar que Queiroz seguia fazendo articula\u00e7\u00f5es pol\u00edticas apesar das investiga\u00e7\u00f5es no Minist\u00e9rio P\u00fablico do Rio (MP-RJ), que\u00a0<a href=\"https:\/\/www.brasil247.com\/brasil\/queiroz-e-flavio-bolsonaro-sao-denunciados-no-esquema-de-corrupcao-da-rachadinha\">denunciou tanto ele como Fl\u00e1vio Bolsonaro<\/a>\u00a0no ano passado. Em \u00e1udio para a madrasta, Nath\u00e1lia reclamou de Queiroz e o chamou de &#8220;burro&#8221; por continuar fazendo as articula\u00e7\u00f5es. M\u00e1rcia desabafou sobre a situa\u00e7\u00e3o e citou Jair Bolsonaro.<\/p>\n\n\n\n<p>&#8220;\u00c9 chato tamb\u00e9m, concordo. \u00c9 que ainda n\u00e3o caiu a ficha dele que agora voltar para a pol\u00edtica, voltar para o que ele fazia, esquece. Bota anos para ele voltar. At\u00e9 porque o 01, o Jair, n\u00e3o vai deixar. T\u00e1 entendendo? N\u00e3o pelo Fl\u00e1vio, mas enfim n\u00e3o caiu essa ficha n\u00e3o. Fazer o qu\u00ea? Eu tenho que estar do lado dele&#8221;, afirmou M\u00e1rcia, em trecho exclusivo.<\/p>\n\n\n\n<p>A mulher de Queiroz\u00a0<a href=\"https:\/\/www.brasil247.com\/brasil\/em-mensagens-mulher-de-queiroz-reconhece-que-ela-e-o-marido-intimidavam-testemunhas\">comparou a situa\u00e7\u00e3o do ex-assessor de Fl\u00e1vio, escondido em Atibaia, com a de um preso<\/a>. &#8220;Essa vida, a gente n\u00e3o tem que confiar em ningu\u00e9m. Se bobear, nem na pr\u00f3pria fam\u00edlia. Ainda mais num caso desse da\u00ed. Ele [Queiroz] fala da pol\u00edtica como se tivesse l\u00e1 dentro trabalhando e resolvendo. Um exemplo que eu tenho, que parece. Parece aquele bandido que t\u00e1 preso dando ordens aqui fora. Resolvendo tudo.&#8221;<\/p>\n\n\n\n<p>Ao ouvir a mensagem, Nath\u00e1lia Queiroz disse ainda que o &#8220;01&#8221; iria cobrar Queiroz pela situa\u00e7\u00e3o. &#8220;Ai M\u00e1rcia, \u00e9 foda. \u00e9 foda. Quando t\u00e1 tudo quietinho para piorar as coisas, vem a bomba vindo do meu pai. O advogado, o 01, todo mundo vai comer o cu dele. E ele ainda vai achar normal. Voc\u00ea conhece meu pai. Vai falar: &#8216;n\u00e3o falei nada demais&#8217;. Sempre acha que n\u00e3o \u00e9 nada demais&#8221;.<\/p>\n\n\n\n<p>Ou\u00e7a o \u00e1udio:<\/p>\n\n\n\n<figure class=\"wp-block-embed-twitter wp-block-embed is-type-rich is-provider-twitter\"><div class=\"wp-block-embed__wrapper\">\n<blockquote class=\"twitter-tweet\" data-width=\"550\" data-dnt=\"true\"><p lang=\"pt\" dir=\"ltr\">Grava\u00e7\u00f5es in\u00e9ditas, reveladas pela jornalista Juliana Dal Piva, apontam envolvimento direto de Jair Bolsonaro no esquema de entrega de sal\u00e1rios de assessores. Jair \u00e9 o verdadeiro 01. Ou\u00e7a: <a href=\"https:\/\/t.co\/GWWdGx9ZK8\">pic.twitter.com\/GWWdGx9ZK8<\/a><\/p>&mdash; aquiles (@linsaquiles) <a href=\"https:\/\/twitter.com\/linsaquiles\/status\/1411987193954914305?ref_src=twsrc%5Etfw\">July 5, 2021<\/a><\/blockquote><script async src=\"https:\/\/platform.twitter.com\/widgets.js\" charset=\"utf-8\"><\/script>\n<\/div><\/figure>\n","protected":false},"excerpt":{"rendered":"<p>247&nbsp;&#8211; A mulher e a filha de Fabr\u00edcio Queiroz, M\u00e1rcia Aguiar e Nath\u00e1lia Queiroz, fizeram refer\u00eancia a Jair Bolsonaro como &#8220;01&#8221;, durante uma troca de mensagens. M\u00e1rcia afirmou que &#8220;o 01, o Jair, n\u00e3o vai deixar&#8221;, ao comentar sobre um poss\u00edvel retorno de Queiroz para seu antigo cargo de assessor de Fl\u00e1vio Bolsonaro, conforme apontaram&#8230;<a class=\"more-link\" href=\"http:\/\/blogdalucianaoliveira.com.br\/blog\/2021\/07\/05\/denuncia-prova-que-jair-e-o-verdadeiro-01-no-esquema-de-corrupcao-dos-bolsonaro-audio\/\">Continue a leitura <span class=\"meta-nav\">&raquo;<\/span><\/a><\/p>\n","protected":false},"author":1,"featured_media":0,"comment_status":"closed","ping_status":"open","sticky":false,"template":"","format":"standard","meta":{"_exactmetrics_skip_tracking":false,"_exactmetrics_sitenote_active":false,"_exactmetrics_sitenote_note":"","_exactmetrics_sitenote_category":0,"jetpack_post_was_ever_published":false,"_jetpack_newsletter_access":"","_jetpack_dont_email_post_to_subs":false,"_jetpack_newsletter_tier_id":0,"_jetpack_memberships_contains_paywalled_content":false,"_jetpack_memberships_contains_paid_content":false,"footnotes":"","jetpack_publicize_message":"","jetpack_publicize_feature_enabled":true,"jetpack_social_post_already_shared":true,"jetpack_social_options":{"image_generator_settings":{"template":"highway","enabled":false},"version":2}},"categories":[1],"tags":[],"class_list":["post-32413","post","type-post","status-publish","format-standard","hentry","category-notas"],"jetpack_publicize_connections":[],"jetpack_sharing_enabled":true,"jetpack_featured_media_url":"","jetpack_shortlink":"https:\/\/wp.me\/p7wKYW-8qN","jetpack-related-posts":[],"_links":{"self":[{"href":"http:\/\/blogdalucianaoliveira.com.br\/blog\/wp-json\/wp\/v2\/posts\/32413","targetHints":{"allow":["GET"]}}],"collection":[{"href":"http:\/\/blogdalucianaoliveira.com.br\/blog\/wp-json\/wp\/v2\/posts"}],"about":[{"href":"http:\/\/blogdalucianaoliveira.com.br\/blog\/wp-json\/wp\/v2\/types\/post"}],"author":[{"embeddable":true,"href":"http:\/\/blogdalucianaoliveira.com.br\/blog\/wp-json\/wp\/v2\/users\/1"}],"replies":[{"embeddable":true,"href":"http:\/\/blogdalucianaoliveira.com.br\/blog\/wp-json\/wp\/v2\/comments?post=32413"}],"version-history":[{"count":1,"href":"http:\/\/blogdalucianaoliveira.com.br\/blog\/wp-json\/wp\/v2\/posts\/32413\/revisions"}],"predecessor-version":[{"id":32415,"href":"http:\/\/blogdalucianaoliveira.com.br\/blog\/wp-json\/wp\/v2\/posts\/32413\/revisions\/32415"}],"wp:attachment":[{"href":"http:\/\/blogdalucianaoliveira.com.br\/blog\/wp-json\/wp\/v2\/media?parent=32413"}],"wp:term":[{"taxonomy":"category","embeddable":true,"href":"http:\/\/blogdalucianaoliveira.com.br\/blog\/wp-json\/wp\/v2\/categories?post=32413"},{"taxonomy":"post_tag","embeddable":true,"href":"http:\/\/blogdalucianaoliveira.com.br\/blog\/wp-json\/wp\/v2\/tags?post=32413"}],"curies":[{"name":"wp","href":"https:\/\/api.w.org\/{rel}","templated":true}]}}