{"id":32419,"date":"2021-07-06T10:14:09","date_gmt":"2021-07-06T14:14:09","guid":{"rendered":"http:\/\/blogdalucianaoliveira.com.br\/blog\/?p=32419"},"modified":"2021-07-06T11:15:08","modified_gmt":"2021-07-06T15:15:08","slug":"banda-quilomboclada-lanca-videoclipe-da-musica-boi-core","status":"publish","type":"post","link":"http:\/\/blogdalucianaoliveira.com.br\/blog\/2021\/07\/06\/banda-quilomboclada-lanca-videoclipe-da-musica-boi-core\/","title":{"rendered":"BANDA QUILOMBOCLADA LAN\u00c7A VIDEOCLIPE DA M\u00daSICA BOI CORE"},"content":{"rendered":"\n<figure class=\"wp-block-image size-large\"><img data-recalc-dims=\"1\" loading=\"lazy\" decoding=\"async\" width=\"600\" height=\"357\" data-attachment-id=\"32420\" data-permalink=\"http:\/\/blogdalucianaoliveira.com.br\/blog\/2021\/07\/06\/banda-quilomboclada-lanca-videoclipe-da-musica-boi-core\/whatsapp-image-2021-07-06-at-10-10-42\/\" data-orig-file=\"https:\/\/i0.wp.com\/blogdalucianaoliveira.com.br\/blog\/wp-content\/uploads\/2021\/07\/WhatsApp-Image-2021-07-06-at-10.10.42.jpeg?fit=720%2C428\" data-orig-size=\"720,428\" data-comments-opened=\"0\" data-image-meta=\"{&quot;aperture&quot;:&quot;0&quot;,&quot;credit&quot;:&quot;&quot;,&quot;camera&quot;:&quot;&quot;,&quot;caption&quot;:&quot;&quot;,&quot;created_timestamp&quot;:&quot;0&quot;,&quot;copyright&quot;:&quot;&quot;,&quot;focal_length&quot;:&quot;0&quot;,&quot;iso&quot;:&quot;0&quot;,&quot;shutter_speed&quot;:&quot;0&quot;,&quot;title&quot;:&quot;&quot;,&quot;orientation&quot;:&quot;0&quot;}\" data-image-title=\"WhatsApp-Image-2021-07-06-at-10.10.42\" data-image-description=\"\" data-image-caption=\"\" data-medium-file=\"https:\/\/i0.wp.com\/blogdalucianaoliveira.com.br\/blog\/wp-content\/uploads\/2021\/07\/WhatsApp-Image-2021-07-06-at-10.10.42.jpeg?fit=300%2C178\" data-large-file=\"https:\/\/i0.wp.com\/blogdalucianaoliveira.com.br\/blog\/wp-content\/uploads\/2021\/07\/WhatsApp-Image-2021-07-06-at-10.10.42.jpeg?fit=600%2C357\" src=\"https:\/\/i0.wp.com\/blogdalucianaoliveira.com.br\/blog\/wp-content\/uploads\/2021\/07\/WhatsApp-Image-2021-07-06-at-10.10.42.jpeg?resize=600%2C357&#038;ssl=1\" alt=\"\" class=\"wp-image-32420\" srcset=\"https:\/\/i0.wp.com\/blogdalucianaoliveira.com.br\/blog\/wp-content\/uploads\/2021\/07\/WhatsApp-Image-2021-07-06-at-10.10.42.jpeg?w=720 720w, https:\/\/i0.wp.com\/blogdalucianaoliveira.com.br\/blog\/wp-content\/uploads\/2021\/07\/WhatsApp-Image-2021-07-06-at-10.10.42.jpeg?resize=300%2C178 300w, https:\/\/i0.wp.com\/blogdalucianaoliveira.com.br\/blog\/wp-content\/uploads\/2021\/07\/WhatsApp-Image-2021-07-06-at-10.10.42.jpeg?resize=505%2C300 505w\" sizes=\"auto, (max-width: 600px) 100vw, 600px\" \/><\/figure>\n\n\n\n<p>\u201cO que n\u00e3o falta neles \u00e9\nidentidade pr\u00f3pria e protesto em defesa de negros e ind\u00edgenas\u201d, definiu o Blog\ndo Jama em uma das apresenta\u00e7\u00f5es da banda.<\/p>\n\n\n\n<p>A Quilomboclada tem 20 anos e \u00e9\nformada por oito integrantes que exaltam os povos ind\u00edgenas, ribeirinhos e\nquilombolas.<\/p>\n\n\n\n<!--more-->\n\n\n\n<p>De Porto Velho, peda\u00e7o da Amaz\u00f4nia,\ncantam o ancestral multi\u00e9tnico e multicultural de Rond\u00f4nia. A banda se\nautodefine de \u2018MPB\u00e9ra\u2019, da m\u00fasica popular beradeira. <\/p>\n\n\n\n<p>A m\u00fasica Boi Core que ser\u00e1 apresentada\nem videoclipe no dia 13 de julho mostra claramente a ess\u00eancia da banda: exalta\u00e7\u00e3o,\ndefesa e protesto pelo meio ambiente e os povos origin\u00e1rios.<\/p>\n\n\n\n<p>O videoclipe que ser\u00e1 lan\u00e7ado\nno canal da Quilomblocada no Youtube a partir das 19 hs, foi contemplado pela\nLei Aldir Blanc atrav\u00e9s do Edital 86\/2020 Marechal Rondon.<\/p>\n\n\n\n<p>A m\u00fasica est\u00e1 no \u00e1lbum chamado Manifestejo, o primeiro da banda com dez faixas e que foi lan\u00e7ado durante a pandemia.<\/p>\n\n\n\n<iframe loading=\"lazy\" src=\"https:\/\/www.facebook.com\/plugins\/video.php?height=315&#038;href=https%3A%2F%2Fwww.facebook.com%2Fsoulquilomboclada%2Fvideos%2F955840845148993%2F&#038;show_text=false&#038;width=560&#038;t=0\" width=\"560\" height=\"315\" style=\"border:none;overflow:hidden\" scrolling=\"no\" frameborder=\"0\" allowfullscreen=\"true\" allow=\"autoplay; clipboard-write; encrypted-media; picture-in-picture; web-share\" allowFullScreen=\"true\"><\/iframe>\n\n\n\n\n<p>Na live da pr\u00f3xima ter\u00e7a-feira\nhaver\u00e1 participa\u00e7\u00f5es.<\/p>\n\n\n\n<p>Dire\u00e7\u00e3o: Neto Cavalcanti\nDiretor <\/p>\n\n\n\n<p>Produ\u00e7\u00e3o: Najhara Lopes e Tino\nAlves <\/p>\n\n\n\n<p>Produ\u00e7\u00e3o Executiva : Samuel\nPessoa <\/p>\n\n\n\n<p>Adere\u00e7os Boi: T\u00e1lisson Nunes <\/p>\n\n\n\n<p>Figurino: Tha\u00eds Passos e\nRebeca Carvalho <\/p>\n\n\n\n<p>Cam\u00earas: Diego Queiroz \/ Neto<\/p>\n\n\n\n<p>Drooner: Neto e Marcoppola\nFigtree <\/p>\n\n\n\n<p>Roteiro: \u00c1quilas Bera \/ Tino\nAlves<\/p>\n\n\n\n<p>Participa\u00e7\u00e3o: Giovanni Marini <\/p>\n\n\n\n<p>Boi: Kenny Fenix <\/p>\n\n\n\n<p>Vaqueirinho: Arthur Alves <\/p>\n\n\n\n<p>@alveslopesarthur<\/p>\n\n\n\n<p>A\u00fadio: Est\u00fadio Trilha Marcelo\nPereira <\/p>\n\n\n\n<p>Edi\u00e7\u00e3o: Ricardo Vilela <\/p>\n\n\n\n<p>Ilumina\u00e7\u00e3o Show: Mazinho<\/p>\n\n\n\n<p>Apoio T\u00e9cnico: Melqui Filetti\nMoreira<\/p>\n","protected":false},"excerpt":{"rendered":"<p>\u201cO que n\u00e3o falta neles \u00e9 identidade pr\u00f3pria e protesto em defesa de negros e ind\u00edgenas\u201d, definiu o Blog do Jama em uma das apresenta\u00e7\u00f5es da banda. A Quilomboclada tem 20 anos e \u00e9 formada por oito integrantes que exaltam os povos ind\u00edgenas, ribeirinhos e quilombolas.<\/p>\n","protected":false},"author":1,"featured_media":0,"comment_status":"closed","ping_status":"open","sticky":false,"template":"","format":"standard","meta":{"_exactmetrics_skip_tracking":false,"_exactmetrics_sitenote_active":false,"_exactmetrics_sitenote_note":"","_exactmetrics_sitenote_category":0,"jetpack_post_was_ever_published":false,"_jetpack_newsletter_access":"","_jetpack_dont_email_post_to_subs":false,"_jetpack_newsletter_tier_id":0,"_jetpack_memberships_contains_paywalled_content":false,"_jetpack_memberships_contains_paid_content":false,"footnotes":"","jetpack_publicize_message":"","jetpack_publicize_feature_enabled":true,"jetpack_social_post_already_shared":true,"jetpack_social_options":{"image_generator_settings":{"template":"highway","enabled":false},"version":2}},"categories":[1],"tags":[573,306,572,7,574],"class_list":["post-32419","post","type-post","status-publish","format-standard","hentry","category-notas","tag-banda","tag-indigenas","tag-quilomboclada","tag-rondonia","tag-videoclipe"],"jetpack_publicize_connections":[],"jetpack_sharing_enabled":true,"jetpack_featured_media_url":"","jetpack_shortlink":"https:\/\/wp.me\/p7wKYW-8qT","jetpack-related-posts":[],"_links":{"self":[{"href":"http:\/\/blogdalucianaoliveira.com.br\/blog\/wp-json\/wp\/v2\/posts\/32419","targetHints":{"allow":["GET"]}}],"collection":[{"href":"http:\/\/blogdalucianaoliveira.com.br\/blog\/wp-json\/wp\/v2\/posts"}],"about":[{"href":"http:\/\/blogdalucianaoliveira.com.br\/blog\/wp-json\/wp\/v2\/types\/post"}],"author":[{"embeddable":true,"href":"http:\/\/blogdalucianaoliveira.com.br\/blog\/wp-json\/wp\/v2\/users\/1"}],"replies":[{"embeddable":true,"href":"http:\/\/blogdalucianaoliveira.com.br\/blog\/wp-json\/wp\/v2\/comments?post=32419"}],"version-history":[{"count":2,"href":"http:\/\/blogdalucianaoliveira.com.br\/blog\/wp-json\/wp\/v2\/posts\/32419\/revisions"}],"predecessor-version":[{"id":32422,"href":"http:\/\/blogdalucianaoliveira.com.br\/blog\/wp-json\/wp\/v2\/posts\/32419\/revisions\/32422"}],"wp:attachment":[{"href":"http:\/\/blogdalucianaoliveira.com.br\/blog\/wp-json\/wp\/v2\/media?parent=32419"}],"wp:term":[{"taxonomy":"category","embeddable":true,"href":"http:\/\/blogdalucianaoliveira.com.br\/blog\/wp-json\/wp\/v2\/categories?post=32419"},{"taxonomy":"post_tag","embeddable":true,"href":"http:\/\/blogdalucianaoliveira.com.br\/blog\/wp-json\/wp\/v2\/tags?post=32419"}],"curies":[{"name":"wp","href":"https:\/\/api.w.org\/{rel}","templated":true}]}}