{"id":32423,"date":"2021-07-06T12:00:04","date_gmt":"2021-07-06T16:00:04","guid":{"rendered":"http:\/\/blogdalucianaoliveira.com.br\/blog\/?p=32423"},"modified":"2021-07-06T12:00:10","modified_gmt":"2021-07-06T16:00:10","slug":"militarizacao-da-amazonia-e-cortina-de-fumaca-para-desmatamento-diz-ambientalista","status":"publish","type":"post","link":"http:\/\/blogdalucianaoliveira.com.br\/blog\/2021\/07\/06\/militarizacao-da-amazonia-e-cortina-de-fumaca-para-desmatamento-diz-ambientalista\/","title":{"rendered":"Militariza\u00e7\u00e3o da Amaz\u00f4nia \u00e9 &#8220;cortina de fuma\u00e7a&#8221; para desmatamento, diz ambientalista"},"content":{"rendered":"\n<figure class=\"wp-block-image size-large\"><img data-recalc-dims=\"1\" loading=\"lazy\" decoding=\"async\" width=\"600\" height=\"400\" data-attachment-id=\"32424\" data-permalink=\"http:\/\/blogdalucianaoliveira.com.br\/blog\/2021\/07\/06\/militarizacao-da-amazonia-e-cortina-de-fumaca-para-desmatamento-diz-ambientalista\/0897d19c-5e02-4ff8-aed5-a3bbc2ea1b9c\/\" data-orig-file=\"https:\/\/i0.wp.com\/blogdalucianaoliveira.com.br\/blog\/wp-content\/uploads\/2021\/07\/0897D19C-5E02-4FF8-AED5-A3BBC2EA1B9C.jpeg?fit=800%2C533\" data-orig-size=\"800,533\" data-comments-opened=\"0\" data-image-meta=\"{&quot;aperture&quot;:&quot;0&quot;,&quot;credit&quot;:&quot;&quot;,&quot;camera&quot;:&quot;&quot;,&quot;caption&quot;:&quot;&quot;,&quot;created_timestamp&quot;:&quot;0&quot;,&quot;copyright&quot;:&quot;&quot;,&quot;focal_length&quot;:&quot;0&quot;,&quot;iso&quot;:&quot;0&quot;,&quot;shutter_speed&quot;:&quot;0&quot;,&quot;title&quot;:&quot;&quot;,&quot;orientation&quot;:&quot;0&quot;}\" data-image-title=\"0897D19C-5E02-4FF8-AED5-A3BBC2EA1B9C\" data-image-description=\"\" data-image-caption=\"\" data-medium-file=\"https:\/\/i0.wp.com\/blogdalucianaoliveira.com.br\/blog\/wp-content\/uploads\/2021\/07\/0897D19C-5E02-4FF8-AED5-A3BBC2EA1B9C.jpeg?fit=300%2C200\" data-large-file=\"https:\/\/i0.wp.com\/blogdalucianaoliveira.com.br\/blog\/wp-content\/uploads\/2021\/07\/0897D19C-5E02-4FF8-AED5-A3BBC2EA1B9C.jpeg?fit=600%2C400\" src=\"https:\/\/i0.wp.com\/blogdalucianaoliveira.com.br\/blog\/wp-content\/uploads\/2021\/07\/0897D19C-5E02-4FF8-AED5-A3BBC2EA1B9C.jpeg?resize=600%2C400\" alt=\"\" class=\"wp-image-32424\" srcset=\"https:\/\/i0.wp.com\/blogdalucianaoliveira.com.br\/blog\/wp-content\/uploads\/2021\/07\/0897D19C-5E02-4FF8-AED5-A3BBC2EA1B9C.jpeg?w=800 800w, https:\/\/i0.wp.com\/blogdalucianaoliveira.com.br\/blog\/wp-content\/uploads\/2021\/07\/0897D19C-5E02-4FF8-AED5-A3BBC2EA1B9C.jpeg?resize=300%2C200 300w, https:\/\/i0.wp.com\/blogdalucianaoliveira.com.br\/blog\/wp-content\/uploads\/2021\/07\/0897D19C-5E02-4FF8-AED5-A3BBC2EA1B9C.jpeg?resize=768%2C512 768w, https:\/\/i0.wp.com\/blogdalucianaoliveira.com.br\/blog\/wp-content\/uploads\/2021\/07\/0897D19C-5E02-4FF8-AED5-A3BBC2EA1B9C.jpeg?resize=450%2C300 450w\" sizes=\"auto, (max-width: 600px) 100vw, 600px\" \/><\/figure>\n\n\n\n<h4 class=\"wp-block-heading\">Sob Bolsonaro, modelo de fiscaliza\u00e7\u00e3o que freou devasta\u00e7\u00e3o da floresta foi substitu\u00eddo pela &#8220;for\u00e7a bruta&#8221; dos militares<\/h4>\n\n\n\n<!--more-->\n\n\n\n<p>Murilo Pajolla, Brasil de Fato | L\u00e1brea (AM) |<\/p>\n\n\n\n<p>No governo de Jair Bolsonaro (sem partido),&nbsp;<a href=\"https:\/\/www.brasildefato.com.br\/2021\/06\/17\/bolsonaro-e-testa-de-ferro-de-um-projeto-politico-de-militares-aponta-antropologo\" target=\"_blank\" rel=\"noreferrer noopener\">as For\u00e7as Armadas ganharam protagonismo in\u00e9dito<\/a>na pol\u00edtica de combate ao desmatamento na&nbsp;Floresta Amaz\u00f4nica.<\/p>\n\n\n\n<p>Desde 2019, foram realizadas duas opera\u00e7\u00f5es de Garantia da Lei e da Ordem (GLO) ambientais, chamadas Verde Brasil 1 e 2. A \u00faltima, que durou quase um ano, terminou em abril, mas a presen\u00e7a militar foi prorrogada em localidades mais devastadas at\u00e9, pelo menos, 31 de agosto.<\/p>\n\n\n\n<p><a rel=\"noreferrer noopener\" href=\"https:\/\/www.brasildefato.com.br\/2020\/11\/30\/desmatamento-na-amazonia-e-o-maior-dos-ultimos-12-anos\" target=\"_blank\">Os dados demonstram que a\u00a0estrat\u00e9gia fracassou<\/a>, mas o governo federal tem persistido no erro.\u00a0Nas palavras do ambientalista Marcio Astrini, o esfor\u00e7o militar n\u00e3o passa de uma \u201ccortina de fuma\u00e7a\u201d. \u201cO ex\u00e9rcito est\u00e1 sendo usado em prol do Bolsonaro e n\u00e3o em prol da floresta. Ele usa as For\u00e7as Armadas para dar uma resposta que n\u00e3o tem efetividade, mas serve para compor a narrativa de que ele est\u00e1 agindo contra o desmatamento\u201d.\u00a0\u00a0<br><\/p>\n\n\n\n<p>Em 2019, a devasta\u00e7\u00e3o na Amaz\u00f4nia teve o maior aumento proporcional do s\u00e9culo: 34%. Em 2020, a \u00e1rea desmatada superou os 10 mil km2, maior n\u00famero desde 2008. Em dois anos de governo Bolsonaro, a floresta perdeu 21 mil km2, o equivalente a todo o estado de Sergipe. Os dados s\u00e3o do<a href=\"https:\/\/www.brasildefato.com.br\/2021\/03\/01\/apos-desmontar-inpe-bolsonaro-faz-propaganda-com-satelite-iniciado-no-governo-lula\" target=\"_blank\" rel=\"noreferrer noopener\">&nbsp;Instituto Nacional de Pesquisas Espaciais (INPE)<\/a>.<\/p>\n\n\n\n<p>\u201cN\u00e3o adianta enviar militares para Amaz\u00f4nia, mas enquanto isso conduzir uma pol\u00edtica de favorecimento do crime, congelando multas ambientais, liderando exporta\u00e7\u00e3o ilegal de madeira, auxiliando grileiros de terra e garimpeiros ilegais atuarem em \u00e1reas protegidas\u201d, afirma Astrini, secret\u00e1rio-executivo do Observat\u00f3rio do Clima.<\/p>\n\n\n\n<p>O pre\u00e7o da militariza\u00e7\u00e3o&nbsp;&nbsp;<\/p>\n\n\n\n<p>N\u00e3o que o poder de fogo dos militares n\u00e3o possa ser pe\u00e7a-chave no combate ao desmatamento. Mas, conforme o especialista, \u00e9 preciso que a atua\u00e7\u00e3o deles esteja subordinada a diretrizes de fiscaliza\u00e7\u00e3o baseadas no conhecimento acumulado de \u00f3rg\u00e3os especializados, como o Instituto Brasileiro do Meio Ambiente e dos Recursos Naturais Renov\u00e1veis (Ibama) ou o Instituto Chico Mendes de Conserva\u00e7\u00e3o da Biodiversidade (ICMBio).&nbsp;<\/p>\n\n\n\n<p>\u00c9 justamente o contr\u00e1rio do que vem ocorrendo na administra\u00e7\u00e3o federal. A prerrogativa do combate ao desmatamento vem sendo retirada do Ibama e do ICMBio e centralizada no Conselho Nacional da Amaz\u00f4nia Legal (CNAL), criado e abandonado na d\u00e9cada de 90, mas reativado por Bolsonaro.\u00a0<a rel=\"noreferrer noopener\" href=\"https:\/\/www.brasildefato.com.br\/2020\/11\/17\/entidades-denunciam-tentativa-de-controle-de-ongs-na-amazonia-pelo-governo-bolsonaro\" target=\"_blank\">Dirigido pelo vice-presidente Hamilton Mour\u00e3o (PRTB), o Conselho \u00e9 composto exclusivamente por militares<\/a>, sem representantes de \u00f3rg\u00e3os de monitoramento ou da sociedade civil.<\/p>\n\n\n\n<p><a href=\"https:\/\/www.brasildefato.com.br\/2020\/09\/16\/como-o-desmonte-de-orgaos-ambientais-tem-relacao-direta-com-o-fogo-nas-florestas\" target=\"_blank\" rel=\"noreferrer noopener\">O desmonte do Ibama e do ICMBio&nbsp;<\/a>e a prefer\u00eancia pela militariza\u00e7\u00e3o se traduzem em n\u00fameros. Em fevereiro deste ano, Mour\u00e3o afirmou que a Opera\u00e7\u00e3o Verde Brasil 2 custou R$ 410 milh\u00f5es. \u201cN\u00e3o \u00e9 uma opera\u00e7\u00e3o extremamente cara\u201d, declarou \u00e0 \u00e9poca em entrevista coletiva.&nbsp;<\/p>\n\n\n\n<p>O custo, no entanto, \u00e9 quase o dobro dos or\u00e7amentos somados do Ibama (R$ 135 milh\u00f5es) e do ICMBio (R$ 73 milh\u00f5es) aprovados para 2021. Neste ano, vetos presidenciais reduziram o custeio das autarquias em 130 milh\u00f5es, na compara\u00e7\u00e3o com o ano passado.&nbsp;<\/p>\n\n\n\n<p>\u201cAs GLOs custam car\u00edssimo, enquanto Ibama e o ICMBio est\u00e3o sendo boicotados de todas as maneiras, na quest\u00e3o da estrutura or\u00e7ament\u00e1ria, na quest\u00e3o de log\u00edstica, de planejamento e principalmente na quest\u00e3o de persegui\u00e7\u00e3o aos funcion\u00e1rios p\u00fablicos que trabalham nesses \u00f3rg\u00e3os\u201d, pontua Marcio Astrini.<\/p>\n\n\n\n<figure class=\"wp-block-image\"><img data-recalc-dims=\"1\" decoding=\"async\" src=\"https:\/\/i0.wp.com\/images03.brasildefato.com.br\/9637d812ba3e7886340e90d5b27249c5.jpeg?w=600&#038;ssl=1\" alt=\"\"\/><\/figure>\n\n\n\n<p><br>\u201cN\u00e3o \u00e9 uma opera\u00e7\u00e3o extremamente cara\u201d, afirmou Mour\u00e3o sobre os R$ 410 milh\u00f5es gastos com \u00faltima incurs\u00e3o militar na Amaz\u00f4nia \/ MAURO PIMENTEL \/ AFP\u00a9<\/p>\n\n\n\n<p>\u201cAl\u00e9m disso, tem<a href=\"https:\/\/www.brasildefato.com.br\/2019\/07\/17\/politica-anti-ambiental-de-bolsonaro-ameaca-o-fundo-amazonia-entenda-os-riscos\" target=\"_blank\" rel=\"noreferrer noopener\">&nbsp;quase R$ 3 bilh\u00f5es parados no Fundo Amaz\u00f4nia<\/a>. Essa quantia est\u00e1 parada porque existe uma condi\u00e7\u00e3o para o uso, que \u00e9 combater o desmatamento. Mas o governo n\u00e3o quer fazer isso e n\u00e3o usa o dinheiro\u201d, completa.&nbsp;<\/p>\n\n\n\n<p>Mais efetivo, menos resultados&nbsp;<\/p>\n\n\n\n<p>Para o especialista, o investimento valeria a pena se resultasse na intensifica\u00e7\u00e3o do combate aos crimes ambientais, mas n\u00e3o \u00e9 o que mostram os dados dispon\u00edveis na&nbsp;<a href=\"https:\/\/fakebook.eco.br\/exercito-na-amazonia-fiscaliza-menos-com-efetivo-5-vezes-maior\/\" target=\"_blank\" rel=\"noreferrer noopener\">plataforma Fakebook.eco<\/a>, destinada a combater a desinforma\u00e7\u00e3o ambiental.<\/p>\n\n\n\n<p>Segundo o Minist\u00e9rio da Defesa, a Verde Brasil 2 gerou R$ 1,79 bilh\u00e3o em multas ambientais entre maio e novembro de 2020. O montante \u00e9 menor do que a somat\u00f3ria dos autos de infra\u00e7\u00e3o aplicados apenas pelo Ibama no mesmo per\u00edodo de 2019, que foi de R$ 2,12 bilh\u00f5es. Vale ressaltar que o efetivo do Ibama era de cerca de 750 fiscais, cinco vezes menor do que os 3400 militares empregados na GLO comandada por Mour\u00e3o.&nbsp;<\/p>\n\n\n\n<p><a href=\"https:\/\/www.brasildefato.com.br\/2021\/07\/01\/projeto-de-mineracao-de-bolsonaro-vai-virar-confusao-diz-memoria-viva-do-garimpo\" target=\"_blank\" rel=\"noreferrer noopener\">::&nbsp;&#8220;Projeto de minera\u00e7\u00e3o de Bolsonaro vai virar confus\u00e3o&#8221;, diz mem\u00f3ria-viva do garimpo ::<\/a><\/p>\n\n\n\n<p>\u201cO fiscal do Ibama est\u00e1 sob risco neste governo. Um madeireiro ilegal, um garimpeiro que invade uma terra ind\u00edgena e solta bombas nos ind\u00edgenas, um grileiro de terra; esses&nbsp;n\u00e3o correm nenhum risco no governo Bolsonaro. Muito pelo contr\u00e1rio, eles est\u00e3o recebendo muitos benef\u00edcios e trabalham mais confort\u00e1veis do que nunca\u201d, denuncia.<\/p>\n\n\n\n<p>Desmatamento tem solu\u00e7\u00e3o&nbsp;<\/p>\n\n\n\n<p>Embora o fracasso na fiscaliza\u00e7\u00e3o ambiental j\u00e1 tenha se tornado uma marca registrada do Brasil, a realidade era outra at\u00e9 pouco tempo atr\u00e1s. Entre 2004 e 2012, o pa\u00eds conseguiu diminuir o desmatamento em 83%. A receita do sucesso estava no Plano de Preven\u00e7\u00e3o e Controle do Desmatamento na Amaz\u00f4nia (PPCDam), abandonado por Jair Bolsonaro.&nbsp;<\/p>\n\n\n\n<p>Al\u00e9m do monitoramento ambiental, o Plano previa o reconhecimento e a regulariza\u00e7\u00e3o fundi\u00e1ria dos territ\u00f3rios ocupados por povos tradicionais e o est\u00edmulo a atividades econ\u00f4micas que n\u00e3o dependam da degrada\u00e7\u00e3o da floresta.&nbsp;<\/p>\n\n\n\n<figure class=\"wp-block-image\"><img data-recalc-dims=\"1\" decoding=\"async\" src=\"https:\/\/i0.wp.com\/images02.brasildefato.com.br\/4a4c6e1944a12012d7cbfce6517642d1.jpeg?w=600&#038;ssl=1\" alt=\"\"\/><\/figure>\n\n\n\n<p><br>Em dois anos de governo Bolsonaro, a Floresta Amaz\u00f4nica perdeu 21 mil km2, o equivalente a todo o estado de Sergipe. \/ CARL DE SOUZA \/ AFP\u00a9<\/p>\n\n\n\n<p>\u201c\u00c9 uma receita de bolo que, se seguida \u00e0 risca, d\u00e1 resultado. Ao mesmo tempo em que voc\u00ea faz essa repress\u00e3o ao crime, voc\u00ea precisa colocar no lugar uma economia saud\u00e1vel para a floresta que d\u00ea dinheiro para aquela popula\u00e7\u00e3o, d\u00ea condi\u00e7\u00f5es de vida e retire da equa\u00e7\u00e3o os criminosos e esses mafiosos ambientais\u201d, constata o secret\u00e1rio-executivo do Observat\u00f3rio do Clima.&nbsp;<\/p>\n\n\n\n<p><a href=\"https:\/\/www.brasildefators.com.br\/2021\/04\/02\/manejo-florestal-comunitario-e-familiar-uma-politica-para-conter-o-desmatamento\" target=\"_blank\" rel=\"noreferrer noopener\">::&nbsp;Manejo Florestal Comunit\u00e1rio e Familiar: uma pol\u00edtica para conter o desmatamento ::<\/a><\/p>\n\n\n\n<p>Para o especialista, a presen\u00e7a militar seria at\u00e9 ben\u00e9fica, se fosse articulada com a atua\u00e7\u00e3o dos grupos especiais de fiscaliza\u00e7\u00e3o do Ibama, pol\u00edcias militares, Pol\u00edcia Federal e a Ag\u00eancia Brasileira de Intelig\u00eancia (Abin). Sem isso, as opera\u00e7\u00f5es falham em desarticular os grupos criminosos que coordenam as a\u00e7\u00f5es de desmatamento.<\/p>\n\n\n\n<p>\u201cVoc\u00ea pode fazer a batida rotineira e prender o motorista do caminh\u00e3o, que muitas vezes n\u00e3o sabe nem o que est\u00e1 acontecendo. \u00c9 uma pessoa numa situa\u00e7\u00e3o de sobreviv\u00eancia, ele nem sabe exatamente se est\u00e1 cometendo um crime. A gente precisa pegar os mandantes, os chefes de grilagem de terra que n\u00e3o est\u00e3o nem na Amaz\u00f4nia. Moram em S\u00e3o Paulo, no Rio de Janeiro, Paran\u00e1, Minas Gerais\u201d, afirma Marcio Astrini.&nbsp;<\/p>\n\n\n\n<p>Outro lado&nbsp;<\/p>\n\n\n\n<p>O&nbsp;<strong>Brasil de Fato&nbsp;<\/strong>procurou a Vice-Presid\u00eancia e&nbsp;Minist\u00e9rio da Defesa para rebater os argumentos do Observat\u00f3rio do Clima, mas, at\u00e9 a publica\u00e7\u00e3o desta reportagem, n\u00e3o havia obtido resposta.&nbsp;&nbsp;<\/p>\n\n\n\n<p>Em mat\u00e9rias veiculadas&nbsp;no site do Minist\u00e9rio da Defesa, o governo afirma que&nbsp;os avisos de desmatamento na regi\u00e3o tiveram queda de 19,15% entre agosto e mar\u00e7o do bi\u00eanio 2020\/2021, em compara\u00e7\u00e3o com o mesmo per\u00edodo de 2019\/2020, como resultado da&nbsp;Opera\u00e7\u00e3o Verde Brasil 2.&nbsp;<\/p>\n\n\n\n<p>&#8220;No total, foram mais de 100 mil inspe\u00e7\u00f5es, patrulhas navais, terrestres e a\u00e9reas. Entre os pontos de destaque, est\u00e3o a apreens\u00e3o de 504,6 mil metros c\u00fabicos de madeira, 2.015 embarca\u00e7\u00f5es e 899 ve\u00edculos e tratores&#8221;, escreveu a comunica\u00e7\u00e3o oficial do Minist\u00e9rio.&nbsp;<\/p>\n\n\n\n<p>Edi\u00e7\u00e3o: Rebeca Cavalcante<\/p>\n","protected":false},"excerpt":{"rendered":"<p>Sob Bolsonaro, modelo de fiscaliza\u00e7\u00e3o que freou devasta\u00e7\u00e3o da floresta foi substitu\u00eddo pela &#8220;for\u00e7a bruta&#8221; dos militares<\/p>\n","protected":false},"author":1,"featured_media":0,"comment_status":"closed","ping_status":"open","sticky":false,"template":"","format":"standard","meta":{"_exactmetrics_skip_tracking":false,"_exactmetrics_sitenote_active":false,"_exactmetrics_sitenote_note":"","_exactmetrics_sitenote_category":0,"jetpack_post_was_ever_published":false,"_jetpack_newsletter_access":"","_jetpack_dont_email_post_to_subs":false,"_jetpack_newsletter_tier_id":0,"_jetpack_memberships_contains_paywalled_content":false,"_jetpack_memberships_contains_paid_content":false,"footnotes":"","jetpack_publicize_message":"","jetpack_publicize_feature_enabled":true,"jetpack_social_post_already_shared":true,"jetpack_social_options":{"image_generator_settings":{"template":"highway","enabled":false},"version":2}},"categories":[1],"tags":[],"class_list":["post-32423","post","type-post","status-publish","format-standard","hentry","category-notas"],"jetpack_publicize_connections":[],"jetpack_sharing_enabled":true,"jetpack_featured_media_url":"","jetpack_shortlink":"https:\/\/wp.me\/p7wKYW-8qX","jetpack-related-posts":[],"_links":{"self":[{"href":"http:\/\/blogdalucianaoliveira.com.br\/blog\/wp-json\/wp\/v2\/posts\/32423","targetHints":{"allow":["GET"]}}],"collection":[{"href":"http:\/\/blogdalucianaoliveira.com.br\/blog\/wp-json\/wp\/v2\/posts"}],"about":[{"href":"http:\/\/blogdalucianaoliveira.com.br\/blog\/wp-json\/wp\/v2\/types\/post"}],"author":[{"embeddable":true,"href":"http:\/\/blogdalucianaoliveira.com.br\/blog\/wp-json\/wp\/v2\/users\/1"}],"replies":[{"embeddable":true,"href":"http:\/\/blogdalucianaoliveira.com.br\/blog\/wp-json\/wp\/v2\/comments?post=32423"}],"version-history":[{"count":1,"href":"http:\/\/blogdalucianaoliveira.com.br\/blog\/wp-json\/wp\/v2\/posts\/32423\/revisions"}],"predecessor-version":[{"id":32425,"href":"http:\/\/blogdalucianaoliveira.com.br\/blog\/wp-json\/wp\/v2\/posts\/32423\/revisions\/32425"}],"wp:attachment":[{"href":"http:\/\/blogdalucianaoliveira.com.br\/blog\/wp-json\/wp\/v2\/media?parent=32423"}],"wp:term":[{"taxonomy":"category","embeddable":true,"href":"http:\/\/blogdalucianaoliveira.com.br\/blog\/wp-json\/wp\/v2\/categories?post=32423"},{"taxonomy":"post_tag","embeddable":true,"href":"http:\/\/blogdalucianaoliveira.com.br\/blog\/wp-json\/wp\/v2\/tags?post=32423"}],"curies":[{"name":"wp","href":"https:\/\/api.w.org\/{rel}","templated":true}]}}