{"id":32426,"date":"2021-07-06T21:49:33","date_gmt":"2021-07-07T01:49:33","guid":{"rendered":"http:\/\/blogdalucianaoliveira.com.br\/blog\/?p=32426"},"modified":"2021-07-06T21:49:38","modified_gmt":"2021-07-07T01:49:38","slug":"livro-reserva-extrativista-rio-ouro-preto-uma-historia-de-resistencia-sera-lancado-nesta-quarta","status":"publish","type":"post","link":"http:\/\/blogdalucianaoliveira.com.br\/blog\/2021\/07\/06\/livro-reserva-extrativista-rio-ouro-preto-uma-historia-de-resistencia-sera-lancado-nesta-quarta\/","title":{"rendered":"Livro \u201cReserva Extrativista Rio Ouro Preto: uma hist\u00f3ria de resist\u00eancia\u201d ser\u00e1 lan\u00e7ado nesta quarta"},"content":{"rendered":"\n<figure class=\"wp-block-image size-large\"><img loading=\"lazy\" decoding=\"async\" width=\"1024\" height=\"1024\" data-attachment-id=\"32427\" data-permalink=\"http:\/\/blogdalucianaoliveira.com.br\/blog\/2021\/07\/06\/livro-reserva-extrativista-rio-ouro-preto-uma-historia-de-resistencia-sera-lancado-nesta-quarta\/25ae9fd0-8d9b-474b-ace8-3290cc00ef66\/\" data-orig-file=\"https:\/\/i0.wp.com\/blogdalucianaoliveira.com.br\/blog\/wp-content\/uploads\/2021\/07\/25AE9FD0-8D9B-474B-ACE8-3290CC00EF66.jpeg?fit=1024%2C1024\" data-orig-size=\"1024,1024\" data-comments-opened=\"0\" data-image-meta=\"{&quot;aperture&quot;:&quot;0&quot;,&quot;credit&quot;:&quot;&quot;,&quot;camera&quot;:&quot;&quot;,&quot;caption&quot;:&quot;&quot;,&quot;created_timestamp&quot;:&quot;0&quot;,&quot;copyright&quot;:&quot;&quot;,&quot;focal_length&quot;:&quot;0&quot;,&quot;iso&quot;:&quot;0&quot;,&quot;shutter_speed&quot;:&quot;0&quot;,&quot;title&quot;:&quot;&quot;,&quot;orientation&quot;:&quot;0&quot;}\" data-image-title=\"25AE9FD0-8D9B-474B-ACE8-3290CC00EF66\" data-image-description=\"\" data-image-caption=\"\" data-medium-file=\"https:\/\/i0.wp.com\/blogdalucianaoliveira.com.br\/blog\/wp-content\/uploads\/2021\/07\/25AE9FD0-8D9B-474B-ACE8-3290CC00EF66.jpeg?fit=300%2C300\" data-large-file=\"https:\/\/i0.wp.com\/blogdalucianaoliveira.com.br\/blog\/wp-content\/uploads\/2021\/07\/25AE9FD0-8D9B-474B-ACE8-3290CC00EF66.jpeg?fit=600%2C600\" src=\"https:\/\/i1.wp.com\/blogdalucianaoliveira.com.br\/blog\/wp-content\/uploads\/2021\/07\/25AE9FD0-8D9B-474B-ACE8-3290CC00EF66.jpeg?fit=600%2C600\" alt=\"\" class=\"wp-image-32427\" srcset=\"https:\/\/i0.wp.com\/blogdalucianaoliveira.com.br\/blog\/wp-content\/uploads\/2021\/07\/25AE9FD0-8D9B-474B-ACE8-3290CC00EF66.jpeg?w=1024 1024w, https:\/\/i0.wp.com\/blogdalucianaoliveira.com.br\/blog\/wp-content\/uploads\/2021\/07\/25AE9FD0-8D9B-474B-ACE8-3290CC00EF66.jpeg?resize=300%2C300 300w, https:\/\/i0.wp.com\/blogdalucianaoliveira.com.br\/blog\/wp-content\/uploads\/2021\/07\/25AE9FD0-8D9B-474B-ACE8-3290CC00EF66.jpeg?resize=150%2C150 150w, https:\/\/i0.wp.com\/blogdalucianaoliveira.com.br\/blog\/wp-content\/uploads\/2021\/07\/25AE9FD0-8D9B-474B-ACE8-3290CC00EF66.jpeg?resize=768%2C768 768w\" sizes=\"auto, (max-width: 600px) 100vw, 600px\" \/><\/figure>\n\n\n\n<p>Nesta\u00a0quarta-feira, 07\u00a0de maio, \u00e0s 20h, ser\u00e1 lan\u00e7ado o\u00a0livro\u201c<em>Reserva Extrativista Rio Ouro Preto: uma hist\u00f3ria de resist\u00eancia<\/em>\u201d.\u00a0O lan\u00e7amento acontecer\u00e1 de forma\u00a0<em>online,<\/em>atrav\u00e9s do\u00a0canal\u00a0<a><strong>Coletivo Vozes e EnCantos Amaz\u00f4nicos<\/strong><\/a><strong>\u00a0<\/strong>,no\u00a0<em>Youtube<\/em>.\u00a0A obra perpassa os temas\u00a0da constitui\u00e7\u00e3o hist\u00f3rica, social e cultural da Reserva Extrativista Rio Ouro Preto (RESEX),\u00a0localizada em\u00a0Guajar\u00e1-Mirim\/RO.<\/p>\n\n\n\n<!--more-->\n\n\n\n<p>A obra \u00e9&nbsp;fruto de extensa pesquisa realizada na RESEX entre os anos de 2013 e 2018. Somando-se \u00e0s entrevistas, recortes de jornais, fotografias, mapas, quadros e outros documentos hist\u00f3ricos, os saberes te\u00f3rico-metodol\u00f3gicos empregados na pesquisa e produ\u00e7\u00e3o do livro&nbsp;suscitam uma profunda reflex\u00e3o acerca dos elementos constituidores da identidade dos moradores da RESEX, atrav\u00e9s de an\u00e1lise dos fatores econ\u00f4micos e pol\u00edticos que&nbsp;viabilizaram a transforma\u00e7\u00e3o deum antigo seringal em Reserva Extrativista e os complexos meandros que tal&nbsp;fato desencadeou.<\/p>\n\n\n\n<p>A produ\u00e7\u00e3o do livro representa uma n\u00edtida preocupa\u00e7\u00e3o daprofessora,&nbsp;pesquisadora&nbsp;e movimentadora cultural&nbsp;Eva Alves da Silva em catalogar, preservar, divulgar e legar \u00e0s futuras gera\u00e7\u00f5es os saberes e fazeres que constitu\u00edram e constituem o viver dessa comunidade, refletindo acerca dos modos de produ\u00e7\u00e3o de&nbsp;vida&nbsp;nessa&nbsp;comunidade,&nbsp;se detendo em&nbsp;temas como a educa\u00e7\u00e3o, a cultura, o trabalho, a religiosidade e a mem\u00f3ria coletiva.&nbsp;<\/p>\n\n\n\n<p>Portanto, esse livro \u201cpreenche\u201d mais uma p\u00e1gina&nbsp;do grande livro da hist\u00f3ria e geografia de Rond\u00f4nia. N\u00e3o uma hist\u00f3ria nos moldes \u201ccl\u00e1ssicos\u201d, em que o sujeito da hist\u00f3ria \u00e9 quem det\u00eam o poder, mas uma hist\u00f3ria real, produzida pelos homens e mulheres que carregam em suas m\u00e3os calejadas as marcas hist\u00f3ricas da a\u00e7\u00e3o&nbsp;do homem comum em sua&nbsp;labuta di\u00e1ria.<\/p>\n\n\n\n<p><strong>Servi\u00e7os<\/strong><\/p>\n\n\n\n<p><strong>\u2013&nbsp;<\/strong>O&nbsp;qu\u00ea:&nbsp;<strong>lan\u00e7amento do l<\/strong><strong>ivro \u201c<\/strong><strong>Reserva Extrativista Rio Ouro Preto: uma hist\u00f3ria de resist\u00eancia<\/strong><strong>\u201d<\/strong>.<\/p>\n\n\n\n<p><strong>\u2013&nbsp;<\/strong>Data:&nbsp;<strong>07<\/strong><strong>&nbsp;de maio<\/strong><strong>&nbsp;de 2021 (<\/strong><strong>quarta<\/strong><strong>-feira)<\/strong><\/p>\n\n\n\n<p><strong>\u2013&nbsp;<\/strong>Hora:&nbsp;<strong>20h<\/strong><\/p>\n\n\n\n<p><strong>\u2013&nbsp;<\/strong>Onde: Canal do Coletivo no&nbsp;<em>Youtube<\/em>:&nbsp;<a><strong>C<\/strong><strong>oletivo<\/strong><strong>&nbsp;Vozes e En<\/strong><strong>C<\/strong><strong>antos Amaz\u00f4nicos<\/strong><\/a><strong><\/strong><\/p>\n\n\n\n<p><strong>\u2013&nbsp;<\/strong>Acessibilidade:&nbsp;Int\u00e9rprete de Libras.<\/p>\n\n\n\n<p><strong>Lei Aldir Blanc<\/strong><\/p>\n\n\n\n<p>Este projeto foi fomentado com Recursos da Lei Aldir Blanc N\u00ba 14.017\/2020, por meio do Edital N\u00ba&nbsp;86\/2020\/SEJUCEL-CODEC: 1\u00aa Edi\u00e7\u00e3o&nbsp;Marechal Rondon&nbsp;do Edital de Chamamento P\u00fablico para&nbsp;Publica\u00e7\u00e3o e Difus\u00e3o&nbsp;de Express\u00f5es Culturais, Eixo I&nbsp;\u2013 Publica\u00e7\u00e3o de Livros e Revistas Culturais, Linha I \u2013 Publica\u00e7\u00e3o de Livros In\u00e9ditos \u2013 Individual.<\/p>\n\n\n\n<p>Autor: Jos\u00e9 Maiko Farias Amim<\/p>\n","protected":false},"excerpt":{"rendered":"<p>Nesta\u00a0quarta-feira, 07\u00a0de maio, \u00e0s 20h, ser\u00e1 lan\u00e7ado o\u00a0livro\u201cReserva Extrativista Rio Ouro Preto: uma hist\u00f3ria de resist\u00eancia\u201d.\u00a0O lan\u00e7amento acontecer\u00e1 de forma\u00a0online,atrav\u00e9s do\u00a0canal\u00a0Coletivo Vozes e EnCantos Amaz\u00f4nicos\u00a0,no\u00a0Youtube.\u00a0A obra perpassa os temas\u00a0da constitui\u00e7\u00e3o hist\u00f3rica, social e cultural da Reserva Extrativista Rio Ouro Preto (RESEX),\u00a0localizada em\u00a0Guajar\u00e1-Mirim\/RO.<\/p>\n","protected":false},"author":1,"featured_media":0,"comment_status":"closed","ping_status":"open","sticky":false,"template":"","format":"standard","meta":{"_exactmetrics_skip_tracking":false,"_exactmetrics_sitenote_active":false,"_exactmetrics_sitenote_note":"","_exactmetrics_sitenote_category":0,"jetpack_post_was_ever_published":false,"_jetpack_newsletter_access":"","_jetpack_dont_email_post_to_subs":false,"_jetpack_newsletter_tier_id":0,"_jetpack_memberships_contains_paywalled_content":false,"_jetpack_memberships_contains_paid_content":false,"footnotes":"","jetpack_publicize_message":"","jetpack_publicize_feature_enabled":true,"jetpack_social_post_already_shared":true,"jetpack_social_options":{"image_generator_settings":{"template":"highway","enabled":false},"version":2}},"categories":[1],"tags":[],"class_list":["post-32426","post","type-post","status-publish","format-standard","hentry","category-notas"],"jetpack_publicize_connections":[],"jetpack_sharing_enabled":true,"jetpack_featured_media_url":"","jetpack_shortlink":"https:\/\/wp.me\/p7wKYW-8r0","jetpack-related-posts":[],"_links":{"self":[{"href":"http:\/\/blogdalucianaoliveira.com.br\/blog\/wp-json\/wp\/v2\/posts\/32426","targetHints":{"allow":["GET"]}}],"collection":[{"href":"http:\/\/blogdalucianaoliveira.com.br\/blog\/wp-json\/wp\/v2\/posts"}],"about":[{"href":"http:\/\/blogdalucianaoliveira.com.br\/blog\/wp-json\/wp\/v2\/types\/post"}],"author":[{"embeddable":true,"href":"http:\/\/blogdalucianaoliveira.com.br\/blog\/wp-json\/wp\/v2\/users\/1"}],"replies":[{"embeddable":true,"href":"http:\/\/blogdalucianaoliveira.com.br\/blog\/wp-json\/wp\/v2\/comments?post=32426"}],"version-history":[{"count":1,"href":"http:\/\/blogdalucianaoliveira.com.br\/blog\/wp-json\/wp\/v2\/posts\/32426\/revisions"}],"predecessor-version":[{"id":32428,"href":"http:\/\/blogdalucianaoliveira.com.br\/blog\/wp-json\/wp\/v2\/posts\/32426\/revisions\/32428"}],"wp:attachment":[{"href":"http:\/\/blogdalucianaoliveira.com.br\/blog\/wp-json\/wp\/v2\/media?parent=32426"}],"wp:term":[{"taxonomy":"category","embeddable":true,"href":"http:\/\/blogdalucianaoliveira.com.br\/blog\/wp-json\/wp\/v2\/categories?post=32426"},{"taxonomy":"post_tag","embeddable":true,"href":"http:\/\/blogdalucianaoliveira.com.br\/blog\/wp-json\/wp\/v2\/tags?post=32426"}],"curies":[{"name":"wp","href":"https:\/\/api.w.org\/{rel}","templated":true}]}}