{"id":32436,"date":"2021-07-08T07:12:25","date_gmt":"2021-07-08T11:12:25","guid":{"rendered":"http:\/\/blogdalucianaoliveira.com.br\/blog\/?p=32436"},"modified":"2021-07-08T07:12:29","modified_gmt":"2021-07-08T11:12:29","slug":"brasil-volta-a-experimentar-militares-no-poder-desmanche-morticinio-privilegios-e-sim-muita-corrupcao","status":"publish","type":"post","link":"http:\/\/blogdalucianaoliveira.com.br\/blog\/2021\/07\/08\/brasil-volta-a-experimentar-militares-no-poder-desmanche-morticinio-privilegios-e-sim-muita-corrupcao\/","title":{"rendered":"Brasil volta a experimentar militares no poder: desmanche, mortic\u00ednio, privil\u00e9gios e, sim, muita corrup\u00e7\u00e3o"},"content":{"rendered":"\n<figure class=\"wp-block-image size-large\"><img loading=\"lazy\" decoding=\"async\" width=\"1440\" height=\"538\" data-attachment-id=\"32437\" data-permalink=\"http:\/\/blogdalucianaoliveira.com.br\/blog\/2021\/07\/08\/brasil-volta-a-experimentar-militares-no-poder-desmanche-morticinio-privilegios-e-sim-muita-corrupcao\/3a7f51a1-5b49-4b33-a61f-8da41b80b3d6\/\" data-orig-file=\"https:\/\/i0.wp.com\/blogdalucianaoliveira.com.br\/blog\/wp-content\/uploads\/2021\/07\/3A7F51A1-5B49-4B33-A61F-8DA41B80B3D6.png?fit=1440%2C538\" data-orig-size=\"1440,538\" data-comments-opened=\"0\" data-image-meta=\"{&quot;aperture&quot;:&quot;0&quot;,&quot;credit&quot;:&quot;&quot;,&quot;camera&quot;:&quot;&quot;,&quot;caption&quot;:&quot;&quot;,&quot;created_timestamp&quot;:&quot;0&quot;,&quot;copyright&quot;:&quot;&quot;,&quot;focal_length&quot;:&quot;0&quot;,&quot;iso&quot;:&quot;0&quot;,&quot;shutter_speed&quot;:&quot;0&quot;,&quot;title&quot;:&quot;&quot;,&quot;orientation&quot;:&quot;0&quot;}\" data-image-title=\"3A7F51A1-5B49-4B33-A61F-8DA41B80B3D6\" data-image-description=\"\" data-image-caption=\"\" data-medium-file=\"https:\/\/i0.wp.com\/blogdalucianaoliveira.com.br\/blog\/wp-content\/uploads\/2021\/07\/3A7F51A1-5B49-4B33-A61F-8DA41B80B3D6.png?fit=300%2C112\" data-large-file=\"https:\/\/i0.wp.com\/blogdalucianaoliveira.com.br\/blog\/wp-content\/uploads\/2021\/07\/3A7F51A1-5B49-4B33-A61F-8DA41B80B3D6.png?fit=600%2C224\" src=\"https:\/\/i0.wp.com\/blogdalucianaoliveira.com.br\/blog\/wp-content\/uploads\/2021\/07\/3A7F51A1-5B49-4B33-A61F-8DA41B80B3D6.png?fit=600%2C224\" alt=\"\" class=\"wp-image-32437\" srcset=\"https:\/\/i0.wp.com\/blogdalucianaoliveira.com.br\/blog\/wp-content\/uploads\/2021\/07\/3A7F51A1-5B49-4B33-A61F-8DA41B80B3D6.png?w=1440 1440w, https:\/\/i0.wp.com\/blogdalucianaoliveira.com.br\/blog\/wp-content\/uploads\/2021\/07\/3A7F51A1-5B49-4B33-A61F-8DA41B80B3D6.png?resize=300%2C112 300w, https:\/\/i0.wp.com\/blogdalucianaoliveira.com.br\/blog\/wp-content\/uploads\/2021\/07\/3A7F51A1-5B49-4B33-A61F-8DA41B80B3D6.png?resize=1024%2C383 1024w, https:\/\/i0.wp.com\/blogdalucianaoliveira.com.br\/blog\/wp-content\/uploads\/2021\/07\/3A7F51A1-5B49-4B33-A61F-8DA41B80B3D6.png?resize=768%2C287 768w, https:\/\/i0.wp.com\/blogdalucianaoliveira.com.br\/blog\/wp-content\/uploads\/2021\/07\/3A7F51A1-5B49-4B33-A61F-8DA41B80B3D6.png?resize=800%2C300 800w, https:\/\/i0.wp.com\/blogdalucianaoliveira.com.br\/blog\/wp-content\/uploads\/2021\/07\/3A7F51A1-5B49-4B33-A61F-8DA41B80B3D6.png?w=1200 1200w\" sizes=\"auto, (max-width: 600px) 100vw, 600px\" \/><\/figure>\n\n\n\n<p><strong>Jeferson Miola em seu blog <\/strong>&#8211; Ao atuarem como fac\u00e7\u00e3o pol\u00edtico-partid\u00e1ria que det\u00e9m o poder e comanda o pa\u00eds, os militares ficaram, naturalmente, sujeitos a maior escrut\u00ednio p\u00fablico.\u00a0<\/p>\n\n\n\n<!--more-->\n\n\n\n<p>Segredos, lendas e \u201cmist\u00e9rios\u201d da vida castrense guardados a 7 chaves no mundo herm\u00e9tico em que se encapsulam e escapam ao controle civil, agora v\u00eam ao conhecimento geral.<\/p>\n\n\n\n<p>Encobertos pelo manto do falso-moralismo, do falso-profissionalismo e do falso-legalismo das For\u00e7as Armadas, ao longo de d\u00e9cadas os militares lograram sedimentar na sociedade brasileira a auto-imagem de baluartes \u201cpuros, incorrupt\u00edveis e competentes\u201d.<br><\/p>\n\n\n\n<p>Consideram-se fundadores da consci\u00eancia nacional e tutores da Na\u00e7\u00e3o.&nbsp;<\/p>\n\n\n\n<p>Est\u00e3o convencidos de que incumbe a eles, e n\u00e3o aos civis \u201cimpuros, corruptos e incompetentes\u201d, a tarefa de conduzir a Na\u00e7\u00e3o ao encontro com seu destino.<br><\/p>\n\n\n\n<p>O conhecimento, entretanto, de privil\u00e9gios, corrup\u00e7\u00e3o, nepotismos e desvios anti-republicanos mostra que a realidade \u00e9 bastante diferente.<br><\/p>\n\n\n\n<p>A sociedade finalmente est\u00e1 descobrindo a opul\u00eancia nos quart\u00e9is bancada com dinheiro p\u00fablico: alta litragem de u\u00edsque 12 anos, conhaque de grife e cervejas; toneladas de lombo de bacalhau, picanha e de outros cortes nobres de carne; leite condensado a pre\u00e7o de ouro e outros caprichos do g\u00eanero.<br><\/p>\n\n\n\n<p>Mais de 85% das verbas do minist\u00e9rio da Defesa s\u00e3o destinadas ao pagamento de sal\u00e1rios, aposentadorias e pens\u00f5es. Ao redor de 87 bilh\u00f5es de reais do or\u00e7amento nacional s\u00e3o carreados todo ano para a \u201cfam\u00edlia militar\u201d, que \u00e9 composta por 805 mil integrantes, dentre militares da ativa [358 mil], da reserva [189 mil] e pensionistas [257 mil].<br><\/p>\n\n\n\n<p>Para se ter no\u00e7\u00e3o da magnitude deste valor, basta comparar com o or\u00e7amento do SUS em 2021, de R$ 145 bilh\u00f5es para atender 210 milh\u00f5es de brasileiros\/as.<br><\/p>\n\n\n\n<p>O investimento na defesa da soberania deve ser uma prioridade nacional. O enorme sacrif\u00edcio da sociedade brasileira em canalizar altas somas do or\u00e7amento nacional [R$ 100,9 bi] para gastos militares n\u00e3o tem assegurado, apesar disso, uma eficaz pol\u00edtica de defesa nacional, visto que a quase totalidade do or\u00e7amento militar do pa\u00eds dirige-se ao pagamento de sal\u00e1rios, aposentadorias e pens\u00f5es de dependentes de militares.<\/p>\n\n\n\n<p>Reportagem do jornal Estad\u00e3o mostrou que 137,9 mil pens\u00f5es s\u00e3o pagas a filhas de militares mortos.&nbsp;<\/p>\n\n\n\n<p>Dezenas delas recebem acima do teto constitucional de R$ 39,3 mil.<\/p>\n\n\n\n<p>A mat\u00e9ria menciona que \u201cem fevereiro deste ano, eram 14 casos de pensionistas que ganhavam mais de R$ 100 mil l\u00edquidos, j\u00e1 depois dos descontos\u201d.<\/p>\n\n\n\n<p>A pens\u00e3o mais antiga data do ano 1930 do s\u00e9culo passado.<br>\u00c9 not\u00f3rio o caso da neta do ditador Emilio Garrastazu M\u00e9dici, adotada por ele como filha poucos meses antes do seu falecimento em 1985, o que assegura a ela uma pens\u00e3o mensal vital\u00edcia de R$ 32,6 mil.&nbsp;<\/p>\n\n\n\n<p>Lamentavelmente, burlas e fraudes como esta n\u00e3o s\u00e3o incomuns.<br><\/p>\n\n\n\n<p>Neste per\u00edodo de governo militar, os militares infestaram o aparelho de Estado com mais de 10 mil oficiais em cargos t\u00e9cnicos de natureza civil.&nbsp;<\/p>\n\n\n\n<p>Criaram artif\u00edcios para receberem sal\u00e1rios \u201cduplex\u201d e extra-teto.&nbsp;<\/p>\n\n\n\n<p>Afora casos de nepotismo cruzado, mordomias, favorecimentos e, claro, de \u201ctenebrosas transa\u00e7\u00f5es\u201d, negociatas e esquemas bilion\u00e1rios de corrup\u00e7\u00e3o, como no minist\u00e9rio da Sa\u00fade comandado por ningu\u00e9m menos que um general da ativa do Ex\u00e9rcito.<\/p>\n\n\n\n<p>Enquanto aprovam no Congresso o congelamento dos sal\u00e1rios do funcionalismo civil das tr\u00eas esferas de governo, os militares se concedem ganhos salariais.<\/p>\n\n\n\n<p>Eles aumentam a idade m\u00ednima para aposentadoria e reduzem os proventos dos trabalhadores civis dos setores p\u00fablico e privado, ao mesmo tempo em que ficam imunes \u00e0 reforma previdenci\u00e1ria e garantem condi\u00e7\u00f5es vantajosas para a \u201cfam\u00edlia militar\u201d.<br><\/p>\n\n\n\n<p>Mas nem s\u00f3 de corrup\u00e7\u00e3o \u00e9 feito o governo militar.&nbsp;<\/p>\n\n\n\n<p>O mortic\u00ednio que j\u00e1 se aproxima das 530 mil vidas perdidas \u00e9 um legado catastr\u00f3fico que ficar\u00e1 marcado para sempre na hist\u00f3ria do Brasil.<br><\/p>\n\n\n\n<p>Os generais da ativa e da reserva, chefes pol\u00edticos do governo militar, s\u00e3o os reais respons\u00e1veis pelo exterm\u00ednio de centenas de milhares de compatriotas, e deveriam, por isso, estar respondendo pelos seus crimes e neglig\u00eancias na CPI da pandemia.&nbsp;<\/p>\n\n\n\n<p>Mas, por enquanto, est\u00e3o conseguindo se safar.&nbsp;<\/p>\n\n\n\n<p>A revela\u00e7\u00e3o, contudo, dos esquemas mafiosos de oficiais do Ex\u00e9rcito e do l\u00edder do governo com o conhecimento do Bolsonaro, poder\u00e1 levar \u00e0 investiga\u00e7\u00e3o e responsabiliza\u00e7\u00e3o deles na CPI.<br><\/p>\n\n\n\n<p>O pa\u00eds est\u00e1 sendo devastado em todos sentidos.&nbsp;<\/p>\n\n\n\n<p>Est\u00e1 em curso um feroz e brutal processo de desmanche do Brasil.&nbsp;<\/p>\n\n\n\n<p>Nesta verdadeira guerra de saqueio das riquezas nacionais, liquida\u00e7\u00e3o do patrim\u00f4nio estatal e pilhagem dos fundos p\u00fablicos, o Ex\u00e9rcito atua como a for\u00e7a de ocupa\u00e7\u00e3o que oportuniza a perpetra\u00e7\u00e3o deste terr\u00edvel ataque \u00e0 soberania nacional.<br><\/p>\n\n\n\n<p>O desastre do governo militar, que se afoga num mar de corrup\u00e7\u00e3o e mortic\u00ednio ao mesmo tempo em que arru\u00edna o pa\u00eds, j\u00e1 se reflete na perda de prest\u00edgio dos militares e na queda da confian\u00e7a da popula\u00e7\u00e3o nas For\u00e7as Armadas.<\/p>\n\n\n\n<p>A repulsa \u00e0 presen\u00e7a dos militares na pol\u00edtica \u00e9 cada vez mais amplificada nas mobiliza\u00e7\u00f5es de rua pelo Fora Bolsonaro!.<br><\/p>\n\n\n\n<p>A interrup\u00e7\u00e3o deste processo de desmanche, corrup\u00e7\u00e3o e mortic\u00ednio \u00e9 a maior urg\u00eancia deste per\u00edodo hist\u00f3rico dram\u00e1tico.<br><\/p>\n\n\n\n<p>O primeiro passo para isso \u00e9 o impeachment do Bolsonaro, o biombo que esconde por tr\u00e1s de si os reais respons\u00e1veis pela hecatombe nacional \u2013 os chefes pol\u00edticos que conspiraram contra a democracia, emparedaram as institui\u00e7\u00f5es e partidarizaram as For\u00e7as Armadas, transformando-as em fac\u00e7\u00e3o pol\u00edtica da extrema direita.<\/p>\n","protected":false},"excerpt":{"rendered":"<p>Jeferson Miola em seu blog &#8211; Ao atuarem como fac\u00e7\u00e3o pol\u00edtico-partid\u00e1ria que det\u00e9m o poder e comanda o pa\u00eds, os militares ficaram, naturalmente, sujeitos a maior escrut\u00ednio p\u00fablico.\u00a0<\/p>\n","protected":false},"author":1,"featured_media":0,"comment_status":"closed","ping_status":"open","sticky":false,"template":"","format":"standard","meta":{"_exactmetrics_skip_tracking":false,"_exactmetrics_sitenote_active":false,"_exactmetrics_sitenote_note":"","_exactmetrics_sitenote_category":0,"jetpack_post_was_ever_published":false,"_jetpack_newsletter_access":"","_jetpack_dont_email_post_to_subs":false,"_jetpack_newsletter_tier_id":0,"_jetpack_memberships_contains_paywalled_content":false,"_jetpack_memberships_contains_paid_content":false,"footnotes":"","jetpack_publicize_message":"","jetpack_publicize_feature_enabled":true,"jetpack_social_post_already_shared":true,"jetpack_social_options":{"image_generator_settings":{"template":"highway","enabled":false},"version":2}},"categories":[1],"tags":[],"class_list":["post-32436","post","type-post","status-publish","format-standard","hentry","category-notas"],"jetpack_publicize_connections":[],"jetpack_sharing_enabled":true,"jetpack_featured_media_url":"","jetpack_shortlink":"https:\/\/wp.me\/p7wKYW-8ra","jetpack-related-posts":[],"_links":{"self":[{"href":"http:\/\/blogdalucianaoliveira.com.br\/blog\/wp-json\/wp\/v2\/posts\/32436","targetHints":{"allow":["GET"]}}],"collection":[{"href":"http:\/\/blogdalucianaoliveira.com.br\/blog\/wp-json\/wp\/v2\/posts"}],"about":[{"href":"http:\/\/blogdalucianaoliveira.com.br\/blog\/wp-json\/wp\/v2\/types\/post"}],"author":[{"embeddable":true,"href":"http:\/\/blogdalucianaoliveira.com.br\/blog\/wp-json\/wp\/v2\/users\/1"}],"replies":[{"embeddable":true,"href":"http:\/\/blogdalucianaoliveira.com.br\/blog\/wp-json\/wp\/v2\/comments?post=32436"}],"version-history":[{"count":1,"href":"http:\/\/blogdalucianaoliveira.com.br\/blog\/wp-json\/wp\/v2\/posts\/32436\/revisions"}],"predecessor-version":[{"id":32438,"href":"http:\/\/blogdalucianaoliveira.com.br\/blog\/wp-json\/wp\/v2\/posts\/32436\/revisions\/32438"}],"wp:attachment":[{"href":"http:\/\/blogdalucianaoliveira.com.br\/blog\/wp-json\/wp\/v2\/media?parent=32436"}],"wp:term":[{"taxonomy":"category","embeddable":true,"href":"http:\/\/blogdalucianaoliveira.com.br\/blog\/wp-json\/wp\/v2\/categories?post=32436"},{"taxonomy":"post_tag","embeddable":true,"href":"http:\/\/blogdalucianaoliveira.com.br\/blog\/wp-json\/wp\/v2\/tags?post=32436"}],"curies":[{"name":"wp","href":"https:\/\/api.w.org\/{rel}","templated":true}]}}