{"id":32442,"date":"2021-07-08T11:27:03","date_gmt":"2021-07-08T15:27:03","guid":{"rendered":"http:\/\/blogdalucianaoliveira.com.br\/blog\/?p=32442"},"modified":"2021-07-08T11:27:07","modified_gmt":"2021-07-08T15:27:07","slug":"quem-enlameou-as-forcas-armadas-foram-os-militares-que-se-uniram-ao-governo-sujo-de-jair","status":"publish","type":"post","link":"http:\/\/blogdalucianaoliveira.com.br\/blog\/2021\/07\/08\/quem-enlameou-as-forcas-armadas-foram-os-militares-que-se-uniram-ao-governo-sujo-de-jair\/","title":{"rendered":"Quem enlameou as For\u00e7as Armadas foram os militares que se uniram ao governo sujo de Jair"},"content":{"rendered":"\n<figure class=\"wp-block-image size-large\"><img loading=\"lazy\" decoding=\"async\" width=\"1200\" height=\"800\" data-attachment-id=\"32443\" data-permalink=\"http:\/\/blogdalucianaoliveira.com.br\/blog\/2021\/07\/08\/quem-enlameou-as-forcas-armadas-foram-os-militares-que-se-uniram-ao-governo-sujo-de-jair\/51294488131_927796ee13_k-e1625705669203\/\" data-orig-file=\"https:\/\/i0.wp.com\/blogdalucianaoliveira.com.br\/blog\/wp-content\/uploads\/2021\/07\/51294488131_927796ee13_k-e1625705669203.jpg?fit=1200%2C800\" data-orig-size=\"1200,800\" data-comments-opened=\"0\" data-image-meta=\"{&quot;aperture&quot;:&quot;0&quot;,&quot;credit&quot;:&quot;&quot;,&quot;camera&quot;:&quot;&quot;,&quot;caption&quot;:&quot;&quot;,&quot;created_timestamp&quot;:&quot;0&quot;,&quot;copyright&quot;:&quot;&quot;,&quot;focal_length&quot;:&quot;0&quot;,&quot;iso&quot;:&quot;0&quot;,&quot;shutter_speed&quot;:&quot;0&quot;,&quot;title&quot;:&quot;&quot;,&quot;orientation&quot;:&quot;0&quot;}\" data-image-title=\"51294488131_927796ee13_k-e1625705669203\" data-image-description=\"\" data-image-caption=\"\" data-medium-file=\"https:\/\/i0.wp.com\/blogdalucianaoliveira.com.br\/blog\/wp-content\/uploads\/2021\/07\/51294488131_927796ee13_k-e1625705669203.jpg?fit=300%2C200\" data-large-file=\"https:\/\/i0.wp.com\/blogdalucianaoliveira.com.br\/blog\/wp-content\/uploads\/2021\/07\/51294488131_927796ee13_k-e1625705669203.jpg?fit=600%2C400\" src=\"https:\/\/i1.wp.com\/blogdalucianaoliveira.com.br\/blog\/wp-content\/uploads\/2021\/07\/51294488131_927796ee13_k-e1625705669203.jpg?fit=600%2C400&amp;ssl=1\" alt=\"\" class=\"wp-image-32443\" srcset=\"https:\/\/i0.wp.com\/blogdalucianaoliveira.com.br\/blog\/wp-content\/uploads\/2021\/07\/51294488131_927796ee13_k-e1625705669203.jpg?w=1200 1200w, https:\/\/i0.wp.com\/blogdalucianaoliveira.com.br\/blog\/wp-content\/uploads\/2021\/07\/51294488131_927796ee13_k-e1625705669203.jpg?resize=300%2C200 300w, https:\/\/i0.wp.com\/blogdalucianaoliveira.com.br\/blog\/wp-content\/uploads\/2021\/07\/51294488131_927796ee13_k-e1625705669203.jpg?resize=1024%2C683 1024w, https:\/\/i0.wp.com\/blogdalucianaoliveira.com.br\/blog\/wp-content\/uploads\/2021\/07\/51294488131_927796ee13_k-e1625705669203.jpg?resize=768%2C512 768w, https:\/\/i0.wp.com\/blogdalucianaoliveira.com.br\/blog\/wp-content\/uploads\/2021\/07\/51294488131_927796ee13_k-e1625705669203.jpg?resize=450%2C300 450w\" sizes=\"auto, (max-width: 600px) 100vw, 600px\" \/><\/figure>\n\n\n\n<p><strong>Cynara Menezes, no Socialista Morena<\/strong> &#8211; Defesa, que nada fez contra a militariza\u00e7\u00e3o da Sa\u00fade, agora amea\u00e7a o pa\u00eds por n\u00e3o aceitar investiga\u00e7\u00e3o de corrup\u00e7\u00e3o sobre os seus.<br><\/p>\n\n\n\n<!--more-->\n\n\n\n<p>Em setembro de 2020, ap\u00f3s uma interinidade de quatro meses, o general da ativa Eduardo Pazuello foi efetivado pelo presidente Jair Bolsonaro como ministro da Sa\u00fade do Brasil, sem ter nenhuma rela\u00e7\u00e3o com a \u00e1rea. Pazuello, por sua vez,&nbsp;<a href=\"https:\/\/noticias.r7.com\/prisma\/christina-lemos\/pazuello-nomeia-mais-um-e-numero-de-militares-chega-a-22-na-saude-04062020\" target=\"_blank\" rel=\"noreferrer noopener\">nomearia outros 22 militares<\/a>&nbsp;sem forma\u00e7\u00e3o em sa\u00fade para auxili\u00e1-lo na pasta. No governo como um todo, a presen\u00e7a de militares em cargos ocupados tradicionalmente por civis&nbsp;<a href=\"https:\/\/www1.folha.uol.com.br\/poder\/2020\/07\/presenca-de-militares-da-ativa-no-governo-federal-cresce-33-sob-bolsonaro-e-mais-que-dobra-em-20-anos.shtml\" target=\"_blank\" rel=\"noreferrer noopener\">aumentou 33%<\/a>&nbsp;desde que o capit\u00e3o reformado chegou ao Planalto.<\/p>\n\n\n\n<blockquote class=\"wp-block-quote is-layout-flow wp-block-quote-is-layout-flow\"><p>Agora que surgiram den\u00fancias de corrup\u00e7\u00e3o, envolvendo justamente o militarizado minist\u00e9rio da Sa\u00fade, os comandantes das For\u00e7as, em vez de culparem a si mesmos por terem aderido \u00e0 aventura bolsonarista, atacam o presidente da CPI<\/p><\/blockquote>\n\n\n\n<p>Toda essa verdeoliviza\u00e7\u00e3o da administra\u00e7\u00e3o p\u00fablica, in\u00e9dita ap\u00f3s a ditadura, era considerada normal pelo comando das For\u00e7as Armadas. Mas, agora que surgiram as primeiras den\u00fancias de corrup\u00e7\u00e3o do governo Bolsonaro, envolvendo justamente o militarizado minist\u00e9rio da Sa\u00fade, os comandantes do Ex\u00e9rcito, Marinha e Aeron\u00e1utica, em vez de culparem a si mesmos por terem aderido \u00e0 aventura bolsonarista, atacam o presidente da CPI da Covid, Omar Aziz, por supostamente macular a imagem das For\u00e7as.<\/p>\n\n\n\n<p>Nesta quarta-feira, ap\u00f3s Aziz dar voz de pris\u00e3o ao ex-diretor do Minist\u00e9rio da Sa\u00fade Roberto Dias, ex-sargento da Aeron\u00e1utica, os comandantes das tr\u00eas For\u00e7as soltaram uma nota dura, n\u00e3o contra o militar acusado de corrup\u00e7\u00e3o, mas contra o presidente da CPI. \u201cAs For\u00e7as Armadas n\u00e3o aceitar\u00e3o qualquer ataque leviano\u201d, diz o texto, em tom de amea\u00e7a ao pa\u00eds. Os militares alegam que Aziz foi \u201cdesrespeitoso\u201d, quando na verdade o senador apelara aos \u201cbons\u201d integrantes das For\u00e7a \u201cenvergonhados\u201d com os malfeitos praticados na Sa\u00fade.<\/p>\n\n\n\n<figure class=\"wp-block-image\"><img data-recalc-dims=\"1\" decoding=\"async\" src=\"https:\/\/i0.wp.com\/www.socialistamorena.com.br\/wp-content\/uploads\/2021\/07\/notadefesa.jpg?w=600&#038;ssl=1\" alt=\"\" class=\"wp-image-25302\"\/><\/figure>\n\n\n\n<p>A NOTA DA DEFESA<\/p>\n\n\n\n<p>\u201cOs bons das For\u00e7as Armadas devem estar muito envergonhados com algumas pessoas que hoje est\u00e3o na m\u00eddia, porque fazia muito tempo, fazia muitos anos que o Brasil n\u00e3o via membros do lado podre das For\u00e7as Armadas envolvidos com falcatrua dentro do governo, fazia muitos anos\u201d,&nbsp;<a href=\"https:\/\/g1.globo.com\/politica\/cpi-da-covid\/noticia\/2021\/07\/07\/cpi-ha-membros-do-lado-podre-das-forcas-armadas-com-falcatrua-no-governo-diz-omar-aziz.ghtml\" target=\"_blank\" rel=\"noreferrer noopener\">disse Aziz a Dias durante sua oitiva<\/a>, livrando inclusive a cara dos ditadores Ernesto Geisel e Jo\u00e3o Baptista de Figueiredo da corrup\u00e7\u00e3o durante a ditadura, que nunca apareceu porque era encoberta pelos militares, mantida longe da opini\u00e3o p\u00fablica gra\u00e7as \u00e0 censura.<\/p>\n\n\n\n<p>\u201cFigueiredo morreu pobre, Geisel morreu pobre, porque a gente conhecia e eu estava naquele momento contra eles, mas uma coisa que a gente n\u00e3o acusava era de corrup\u00e7\u00e3o deles\u201d, disse o senador, que n\u00e3o \u201cgeneralizou\u201d coisa nenhuma. Citou nominalmente o general Pazuello, o coronel \u00c9lcio Franco \u2013dois dos militares que foram colocados pelo bolsonarismo na Sa\u00fade e que est\u00e3o no epicentro das den\u00fancias de corrup\u00e7\u00e3o.<\/p>\n\n\n\n<blockquote class=\"wp-block-quote is-layout-flow wp-block-quote-is-layout-flow\"><p>A CPI investiga den\u00fancias de propina na compra de vacinas pelo minist\u00e9rio da Sa\u00fade quando estava sob o comando de um general. Se fosse um civil \u00e0 frente da pasta, seria investigado. Portanto, o general tamb\u00e9m deve ser. Se n\u00e3o quisesse se igualar aos civis, que recusasse o cargo<\/p><\/blockquote>\n\n\n\n<p>Ora, se os&nbsp;militares acham normal ocupar o lugar de civis, tamb\u00e9m devem achar normal serem investigados por corrup\u00e7\u00e3o que nem os civis. Ou se consideram acima da lei? A CPI investiga s\u00e9rias den\u00fancias de propina na compra de vacinas pelo minist\u00e9rio da Sa\u00fade, em meio a uma pandemia, quando a pasta estava sob o comando de um general. Se fosse um civil o ministro, seria investigado. Portanto, o general tamb\u00e9m deve ser. Se n\u00e3o quisesse se igualar aos civis, que recusasse o cargo.<\/p>\n\n\n\n<p>Quem enlameou as For\u00e7as Armadas foram os militares que aceitaram se unir ao governo sujo de Jair. N\u00e3o podem nem sequer alegar que n\u00e3o sabiam com quem estavam se juntando. Bolsonaro \u00e9 velho conhecido das For\u00e7as Armadas, e de l\u00e1 n\u00e3o saiu com nenhuma medalha no peito. Foi alvo de processo disciplinar, chegou a ser preso, e foi para a reserva ap\u00f3s ser acusado de planejar atentados a bombas em quart\u00e9is. Ou seja, saiu do Ex\u00e9rcito pela porta dos fundos, sem nenhum m\u00e9rito ou louvor.<\/p>\n\n\n\n<p>Quem aceita se juntar a um militar desonrado, desonrado \u00e9.<br><\/p>\n","protected":false},"excerpt":{"rendered":"<p>Cynara Menezes, no Socialista Morena &#8211; Defesa, que nada fez contra a militariza\u00e7\u00e3o da Sa\u00fade, agora amea\u00e7a o pa\u00eds por n\u00e3o aceitar investiga\u00e7\u00e3o de corrup\u00e7\u00e3o sobre os seus.<\/p>\n","protected":false},"author":1,"featured_media":0,"comment_status":"closed","ping_status":"open","sticky":false,"template":"","format":"standard","meta":{"_exactmetrics_skip_tracking":false,"_exactmetrics_sitenote_active":false,"_exactmetrics_sitenote_note":"","_exactmetrics_sitenote_category":0,"jetpack_post_was_ever_published":false,"_jetpack_newsletter_access":"","_jetpack_dont_email_post_to_subs":false,"_jetpack_newsletter_tier_id":0,"_jetpack_memberships_contains_paywalled_content":false,"_jetpack_memberships_contains_paid_content":false,"footnotes":"","jetpack_publicize_message":"","jetpack_publicize_feature_enabled":true,"jetpack_social_post_already_shared":true,"jetpack_social_options":{"image_generator_settings":{"template":"highway","enabled":false},"version":2}},"categories":[1],"tags":[],"class_list":["post-32442","post","type-post","status-publish","format-standard","hentry","category-notas"],"jetpack_publicize_connections":[],"jetpack_sharing_enabled":true,"jetpack_featured_media_url":"","jetpack_shortlink":"https:\/\/wp.me\/p7wKYW-8rg","jetpack-related-posts":[],"_links":{"self":[{"href":"http:\/\/blogdalucianaoliveira.com.br\/blog\/wp-json\/wp\/v2\/posts\/32442","targetHints":{"allow":["GET"]}}],"collection":[{"href":"http:\/\/blogdalucianaoliveira.com.br\/blog\/wp-json\/wp\/v2\/posts"}],"about":[{"href":"http:\/\/blogdalucianaoliveira.com.br\/blog\/wp-json\/wp\/v2\/types\/post"}],"author":[{"embeddable":true,"href":"http:\/\/blogdalucianaoliveira.com.br\/blog\/wp-json\/wp\/v2\/users\/1"}],"replies":[{"embeddable":true,"href":"http:\/\/blogdalucianaoliveira.com.br\/blog\/wp-json\/wp\/v2\/comments?post=32442"}],"version-history":[{"count":1,"href":"http:\/\/blogdalucianaoliveira.com.br\/blog\/wp-json\/wp\/v2\/posts\/32442\/revisions"}],"predecessor-version":[{"id":32444,"href":"http:\/\/blogdalucianaoliveira.com.br\/blog\/wp-json\/wp\/v2\/posts\/32442\/revisions\/32444"}],"wp:attachment":[{"href":"http:\/\/blogdalucianaoliveira.com.br\/blog\/wp-json\/wp\/v2\/media?parent=32442"}],"wp:term":[{"taxonomy":"category","embeddable":true,"href":"http:\/\/blogdalucianaoliveira.com.br\/blog\/wp-json\/wp\/v2\/categories?post=32442"},{"taxonomy":"post_tag","embeddable":true,"href":"http:\/\/blogdalucianaoliveira.com.br\/blog\/wp-json\/wp\/v2\/tags?post=32442"}],"curies":[{"name":"wp","href":"https:\/\/api.w.org\/{rel}","templated":true}]}}