{"id":3245,"date":"2016-08-18T23:37:17","date_gmt":"2016-08-19T03:37:17","guid":{"rendered":"http:\/\/blogdalucianaoliveira.com.br\/blog\/?p=3245"},"modified":"2016-08-19T00:00:49","modified_gmt":"2016-08-19T04:00:49","slug":"sera-que-e-preciso-desenhar-para-mostrar-que-gilmar-mendes-despreza-a-oab","status":"publish","type":"post","link":"http:\/\/blogdalucianaoliveira.com.br\/blog\/2016\/08\/18\/sera-que-e-preciso-desenhar-para-mostrar-que-gilmar-mendes-despreza-a-oab\/","title":{"rendered":"Ser\u00e1 que \u00e9 preciso desenhar para mostrar que Gilmar Mendes despreza a OAB?"},"content":{"rendered":"<p>N\u00e3o \u00e9 a primeira vez que o ministro mais sinistro do Supremo Tribunal Federal, Gilmar Mendes, demonstra que n\u00e3o tem o m\u00ednimo respeito pela Ordem dos Advogados do Brasil.<!--more--><\/p>\n<p><img data-recalc-dims=\"1\" loading=\"lazy\" decoding=\"async\" data-attachment-id=\"3247\" data-permalink=\"http:\/\/blogdalucianaoliveira.com.br\/blog\/2016\/08\/18\/sera-que-e-preciso-desenhar-para-mostrar-que-gilmar-mendes-despreza-a-oab\/gilmar-mendes\/\" data-orig-file=\"https:\/\/i0.wp.com\/blogdalucianaoliveira.com.br\/blog\/wp-content\/uploads\/2016\/08\/gilmar-mendes.jpg?fit=960%2C640\" data-orig-size=\"960,640\" data-comments-opened=\"0\" data-image-meta=\"{&quot;aperture&quot;:&quot;0&quot;,&quot;credit&quot;:&quot;&quot;,&quot;camera&quot;:&quot;&quot;,&quot;caption&quot;:&quot;&quot;,&quot;created_timestamp&quot;:&quot;0&quot;,&quot;copyright&quot;:&quot;&quot;,&quot;focal_length&quot;:&quot;0&quot;,&quot;iso&quot;:&quot;0&quot;,&quot;shutter_speed&quot;:&quot;0&quot;,&quot;title&quot;:&quot;&quot;,&quot;orientation&quot;:&quot;0&quot;}\" data-image-title=\"gilmar-mendes\" data-image-description=\"\" data-image-caption=\"\" data-medium-file=\"https:\/\/i0.wp.com\/blogdalucianaoliveira.com.br\/blog\/wp-content\/uploads\/2016\/08\/gilmar-mendes.jpg?fit=300%2C200\" data-large-file=\"https:\/\/i0.wp.com\/blogdalucianaoliveira.com.br\/blog\/wp-content\/uploads\/2016\/08\/gilmar-mendes.jpg?fit=600%2C400\" src=\"https:\/\/i0.wp.com\/blogdalucianaoliveira.com.br\/blog\/wp-content\/uploads\/2016\/08\/gilmar-mendes.jpg?resize=600%2C400\" alt=\"gilmar-mendes\" width=\"600\" height=\"400\" class=\"alignnone size-full wp-image-3247\" srcset=\"https:\/\/i0.wp.com\/blogdalucianaoliveira.com.br\/blog\/wp-content\/uploads\/2016\/08\/gilmar-mendes.jpg?w=960 960w, https:\/\/i0.wp.com\/blogdalucianaoliveira.com.br\/blog\/wp-content\/uploads\/2016\/08\/gilmar-mendes.jpg?resize=300%2C200 300w, https:\/\/i0.wp.com\/blogdalucianaoliveira.com.br\/blog\/wp-content\/uploads\/2016\/08\/gilmar-mendes.jpg?resize=450%2C300 450w\" sizes=\"auto, (max-width: 600px) 100vw, 600px\" \/><\/p>\n<p>O novo chilique de Mendes aconteceu na sess\u00e3o julgamento que debatia se um prefeito com as contas desaprovadas s\u00f3 por um tribunal de contas pode ou n\u00e3o concorrer. A OAB se uniu \u00e0 sociedade civil pela aprova\u00e7\u00e3o da Lei da Ficha Limpa, que ampliou as hip\u00f3teses de inelegibilidade de um pol\u00edtico. <\/p>\n<p>&#8220;Parece que [a lei] foi feita por b\u00eabados. \u00c9 uma lei mal feita, n\u00f3s sabemos disso&#8221;, disparou.<\/p>\n<p>Em outras palavras, quem apoiou lei feita por b\u00eabados, s\u00f3 podia estar b\u00eabado.<\/p>\n<div class=\"jetpack-video-wrapper\"><span class=\"embed-youtube\" style=\"text-align:center; display: block;\"><iframe loading=\"lazy\" class=\"youtube-player\" width=\"600\" height=\"338\" src=\"https:\/\/www.youtube.com\/embed\/eF0Yhy2AJ-c?version=3&#038;rel=1&#038;showsearch=0&#038;showinfo=1&#038;iv_load_policy=1&#038;fs=1&#038;hl=pt-BR&#038;autohide=2&#038;wmode=transparent\" allowfullscreen=\"true\" style=\"border:0;\" sandbox=\"allow-scripts allow-same-origin allow-popups allow-presentation allow-popups-to-escape-sandbox\"><\/iframe><\/span><\/div>\n<p>Por meio de nota, o presidente Carlos Lamachia reagiu: &#8220;A linguagem usada por ele, inclusive, n\u00e3o se coaduna com a postura de um magistrado, notadamente um ministro do STF, na hora de exercer seu direito de cr\u00edtica, seja ela direcionada \u00e0 sociedade, proponente da lei, seja aos parlamentares que aprovaram a mat\u00e9ria, seja ao chefe do Executivo que a sancionou&#8221;.<\/p>\n<p>Gilmar Mendes j\u00e1 desprezou a OAB em outra ocasi\u00e3o, quando acusou a entidade de agir sob orienta\u00e7\u00e3o do Partido dos Trabalhadores ao propor o fim das doa\u00e7\u00f5es empresariais \u00e0 campanhas eleitorais. <\/p>\n<p>Num gesto grotesco, Gilmar Mendes, tentou impedir que o secret\u00e1rio-geral da OAB, Cl\u00e1udio de Souza Pereira Neto, rebatesse a acusa\u00e7\u00e3o. <\/p>\n<p>O ministro Ricardo Lewandowski defendeu que o representante da entidade tinha direito \u00e0 palavra e conteve Gilmar que j\u00e1 havia falado por quase cinco horas.<\/p>\n<p>Num surto de prepot\u00eancia e arrog\u00e2ncia, Gilmar disparou: \u201cS\u00f3 que eu sou ministro da Corte e advogado \u00e9 advogado\u201d.<\/p>\n<div class=\"jetpack-video-wrapper\"><iframe loading=\"lazy\" title=\"OAB diz que Gilmar Mendes \u00e9 um Magistrado que n\u00e3o se fez digno de seu of\u00edcio\" width=\"600\" height=\"338\" src=\"https:\/\/www.youtube.com\/embed\/ZYrX0Ev12nU?feature=oembed\" frameborder=\"0\" allow=\"accelerometer; autoplay; clipboard-write; encrypted-media; gyroscope; picture-in-picture; web-share\" referrerpolicy=\"strict-origin-when-cross-origin\" allowfullscreen><\/iframe><\/div>\n<p>Quantas mais a OAB suportar\u00e1 at\u00e9 que tome a iniciativa de questionar a postura costumeiramente inadequada do ministro n\u00e3o s\u00f3 contra a advocacia, mas contra interesses da sociedade de um modo geral?<\/p>\n<p>Reage OAB!<\/p>\n","protected":false},"excerpt":{"rendered":"<p>N\u00e3o \u00e9 a primeira vez que o ministro mais sinistro do Supremo Tribunal Federal, Gilmar Mendes, demonstra que n\u00e3o tem o m\u00ednimo respeito pela Ordem dos Advogados do Brasil.<\/p>\n","protected":false},"author":1,"featured_media":0,"comment_status":"closed","ping_status":"open","sticky":false,"template":"","format":"standard","meta":{"_exactmetrics_skip_tracking":false,"_exactmetrics_sitenote_active":false,"_exactmetrics_sitenote_note":"","_exactmetrics_sitenote_category":0,"jetpack_post_was_ever_published":false,"_jetpack_newsletter_access":"","_jetpack_dont_email_post_to_subs":false,"_jetpack_newsletter_tier_id":0,"_jetpack_memberships_contains_paywalled_content":false,"_jetpack_memberships_contains_paid_content":false,"footnotes":"","jetpack_publicize_message":"","jetpack_publicize_feature_enabled":true,"jetpack_social_post_already_shared":true,"jetpack_social_options":{"image_generator_settings":{"template":"highway","enabled":false},"version":2}},"categories":[1],"tags":[],"class_list":["post-3245","post","type-post","status-publish","format-standard","hentry","category-notas"],"jetpack_publicize_connections":[],"jetpack_sharing_enabled":true,"jetpack_featured_media_url":"","jetpack_shortlink":"https:\/\/wp.me\/p7wKYW-Ql","jetpack-related-posts":[],"_links":{"self":[{"href":"http:\/\/blogdalucianaoliveira.com.br\/blog\/wp-json\/wp\/v2\/posts\/3245","targetHints":{"allow":["GET"]}}],"collection":[{"href":"http:\/\/blogdalucianaoliveira.com.br\/blog\/wp-json\/wp\/v2\/posts"}],"about":[{"href":"http:\/\/blogdalucianaoliveira.com.br\/blog\/wp-json\/wp\/v2\/types\/post"}],"author":[{"embeddable":true,"href":"http:\/\/blogdalucianaoliveira.com.br\/blog\/wp-json\/wp\/v2\/users\/1"}],"replies":[{"embeddable":true,"href":"http:\/\/blogdalucianaoliveira.com.br\/blog\/wp-json\/wp\/v2\/comments?post=3245"}],"version-history":[{"count":7,"href":"http:\/\/blogdalucianaoliveira.com.br\/blog\/wp-json\/wp\/v2\/posts\/3245\/revisions"}],"predecessor-version":[{"id":3254,"href":"http:\/\/blogdalucianaoliveira.com.br\/blog\/wp-json\/wp\/v2\/posts\/3245\/revisions\/3254"}],"wp:attachment":[{"href":"http:\/\/blogdalucianaoliveira.com.br\/blog\/wp-json\/wp\/v2\/media?parent=3245"}],"wp:term":[{"taxonomy":"category","embeddable":true,"href":"http:\/\/blogdalucianaoliveira.com.br\/blog\/wp-json\/wp\/v2\/categories?post=3245"},{"taxonomy":"post_tag","embeddable":true,"href":"http:\/\/blogdalucianaoliveira.com.br\/blog\/wp-json\/wp\/v2\/tags?post=3245"}],"curies":[{"name":"wp","href":"https:\/\/api.w.org\/{rel}","templated":true}]}}