{"id":32455,"date":"2021-07-12T08:44:39","date_gmt":"2021-07-12T12:44:39","guid":{"rendered":"http:\/\/blogdalucianaoliveira.com.br\/blog\/?p=32455"},"modified":"2021-07-12T08:44:42","modified_gmt":"2021-07-12T12:44:42","slug":"entenda-como-atividade-do-porto-da-cargill-no-para-ameaca-terras-e-quilombos","status":"publish","type":"post","link":"http:\/\/blogdalucianaoliveira.com.br\/blog\/2021\/07\/12\/entenda-como-atividade-do-porto-da-cargill-no-para-ameaca-terras-e-quilombos\/","title":{"rendered":"Entenda como atividade do porto da Cargill no Par\u00e1 amea\u00e7a terras e quilombos"},"content":{"rendered":"\n<figure class=\"wp-block-image size-large\"><img data-recalc-dims=\"1\" loading=\"lazy\" decoding=\"async\" width=\"600\" height=\"338\" data-attachment-id=\"32456\" data-permalink=\"http:\/\/blogdalucianaoliveira.com.br\/blog\/2021\/07\/12\/entenda-como-atividade-do-porto-da-cargill-no-para-ameaca-terras-e-quilombos\/1d5db579-c660-4b0e-b9bd-2376dc37f96b\/\" data-orig-file=\"https:\/\/i0.wp.com\/blogdalucianaoliveira.com.br\/blog\/wp-content\/uploads\/2021\/07\/1D5DB579-C660-4B0E-B9BD-2376DC37F96B.jpeg?fit=800%2C450\" data-orig-size=\"800,450\" data-comments-opened=\"0\" data-image-meta=\"{&quot;aperture&quot;:&quot;0&quot;,&quot;credit&quot;:&quot;&quot;,&quot;camera&quot;:&quot;&quot;,&quot;caption&quot;:&quot;&quot;,&quot;created_timestamp&quot;:&quot;0&quot;,&quot;copyright&quot;:&quot;&quot;,&quot;focal_length&quot;:&quot;0&quot;,&quot;iso&quot;:&quot;0&quot;,&quot;shutter_speed&quot;:&quot;0&quot;,&quot;title&quot;:&quot;&quot;,&quot;orientation&quot;:&quot;0&quot;}\" data-image-title=\"1D5DB579-C660-4B0E-B9BD-2376DC37F96B\" data-image-description=\"\" data-image-caption=\"\" data-medium-file=\"https:\/\/i0.wp.com\/blogdalucianaoliveira.com.br\/blog\/wp-content\/uploads\/2021\/07\/1D5DB579-C660-4B0E-B9BD-2376DC37F96B.jpeg?fit=300%2C169\" data-large-file=\"https:\/\/i0.wp.com\/blogdalucianaoliveira.com.br\/blog\/wp-content\/uploads\/2021\/07\/1D5DB579-C660-4B0E-B9BD-2376DC37F96B.jpeg?fit=600%2C338\" src=\"https:\/\/i0.wp.com\/blogdalucianaoliveira.com.br\/blog\/wp-content\/uploads\/2021\/07\/1D5DB579-C660-4B0E-B9BD-2376DC37F96B.jpeg?resize=600%2C338\" alt=\"\" class=\"wp-image-32456\" srcset=\"https:\/\/i0.wp.com\/blogdalucianaoliveira.com.br\/blog\/wp-content\/uploads\/2021\/07\/1D5DB579-C660-4B0E-B9BD-2376DC37F96B.jpeg?w=800 800w, https:\/\/i0.wp.com\/blogdalucianaoliveira.com.br\/blog\/wp-content\/uploads\/2021\/07\/1D5DB579-C660-4B0E-B9BD-2376DC37F96B.jpeg?resize=300%2C169 300w, https:\/\/i0.wp.com\/blogdalucianaoliveira.com.br\/blog\/wp-content\/uploads\/2021\/07\/1D5DB579-C660-4B0E-B9BD-2376DC37F96B.jpeg?resize=768%2C432 768w, https:\/\/i0.wp.com\/blogdalucianaoliveira.com.br\/blog\/wp-content\/uploads\/2021\/07\/1D5DB579-C660-4B0E-B9BD-2376DC37F96B.jpeg?resize=533%2C300 533w\" sizes=\"auto, (max-width: 600px) 100vw, 600px\" \/><\/figure>\n\n\n\n<h4 class=\"wp-block-heading\">Constru\u00e7\u00e3o de terminal provocou &#8220;boom&#8221; de soja em \u00e1reas protegidas; lideran\u00e7as narram viola\u00e7\u00e3o de direitos humanos&nbsp;<\/h4>\n\n\n\n<!--more-->\n\n\n\n<p>Murilo Pajolla\u00a0Brasil de Fato | L\u00e1brea (AM) |<\/p>\n\n\n\n<p>Um imponente terminal portu\u00e1rio destaca-se na paisagem do encontro dos rios Amazonas e Tapaj\u00f3s, em Santar\u00e9m (PA). A instala\u00e7\u00e3o, destinada a&nbsp;<a href=\"https:\/\/www.brasildefato.com.br\/2021\/04\/26\/monocultura-da-soja-pode-deixar-o-brasileiro-sem-arroz-e-feijao-na-mesa\" target=\"_blank\" rel=\"noreferrer noopener\">exportar gr\u00e3os para chineses e europeus<\/a>, foi constru\u00edda sobre um cemit\u00e9rio ancestral ind\u00edgena do povo Tapaj\u00f3s, os primeiros ocupantes da regi\u00e3o.<\/p>\n\n\n\n<p>Enquanto isso, a circula\u00e7\u00e3o de grandes navios cargueiros intensifica a forma\u00e7\u00e3o de ondas fluviais que batem terra firme e provocam eros\u00e3o, literalmente submergindo&nbsp;territ\u00f3rios quilombolas, empurrando-os para o desaparecimento.<\/p>\n\n\n\n<p>No Oeste do&nbsp;<a href=\"http:\/\/www.brasildefators.com.br\/2021\/04\/01\/para-o-estado-que-mais-desmata-na-amazonia\" target=\"_blank\" rel=\"noreferrer noopener\">Par\u00e1<\/a>, as colheitas da soja e do&nbsp;milho que invadem a Floresta Amaz\u00f4nica t\u00eam destino certo: o porto da norte-americana Cargill, uma das gigantes do agroneg\u00f3cio mundial.<\/p>\n\n\n\n<figure><iframe src=\"https:\/\/flo.uri.sh\/visualisation\/6448952\/embed?auto=1\"><\/iframe><\/figure>\n\n\n\n<p><a href=\"https:\/\/public.flourish.studio\/visualisation\/6448952\/?utm_source=showcase&amp;utm_campaign=visualisation\/6448952\">Interactive content by Flourish<\/a><\/p>\n\n\n\n<p>MAPA INTERATIVO | Arraste a barra central para os lados e veja o &#8220;antes e depois&#8221; do desmatamento no Planalto Santareno \/ Reprodu\u00e7\u00e3o\/Terra de Direitos<\/p>\n\n\n\n<p>Ind\u00edgenas envenenados&nbsp;<\/p>\n\n\n\n<p>\u201cA Cargill \u00e9 um s\u00edmbolo do agroneg\u00f3cio e do desmatamento. O que para o capital \u00e9 o desenvolvimento, para n\u00f3s, \u00e9 atraso\u201d. A fala \u00e9 da vice-presidente do&nbsp;<a href=\"https:\/\/www.brasildefato.com.br\/2018\/08\/07\/liderancas-indigenas-de-13-etnias-ocupam-sede-da-secretaria-de-saude-em-santarem\" target=\"_blank\" rel=\"noreferrer noopener\">Conselho Ind\u00edgena Tapaj\u00f3s Arapiuns (Cita)<\/a>, Auric\u00e9lia Arapiuns. \u201c\u00c9 o s\u00edmbolo de muitos impactos para o povo da floresta e para o povo das \u00e1guas. A Cargill, para n\u00f3s, \u00e9 um s\u00edmbolo de destrui\u00e7\u00e3o\u201d.&nbsp;<\/p>\n\n\n\n<p><strong><a href=\"http:\/\/www.cargill.com.br\/pt_BR\/produtos-de-consumo\" target=\"_blank\" rel=\"noreferrer noopener\">:: Conhe\u00e7a os produtos da Cargill que podem estar na sua mesa ::<\/a><\/strong><\/p>\n\n\n\n<p>A instala\u00e7\u00e3o do porto gerou um &#8220;boom&#8221; de&nbsp;soja e acelerou a invas\u00e3o dos territ\u00f3rios na regi\u00e3o do Baixo Tapaj\u00f3s. A consequ\u00eancia: o desmonte da economia de subsist\u00eancia baseada na ca\u00e7a,&nbsp;na pesca e na agricultura familiar. Cerca de 12 mil pessoas de 13 povos ind\u00edgenas foram afetadas direta ou indiretamente pelo empreendimento.&nbsp;<\/p>\n\n\n\n<p>A mais impactada \u00e9 a aldeia A\u00e7aizal, da Terra Ind\u00edgena Munduruku e Apiak\u00e1, do Planalto Santareno. L\u00e1, a produ\u00e7\u00e3o de frutas diversificadas \u00e9 motivo de orgulho para os moradores. Mas a&nbsp;chuva de agrot\u00f3xicos envenena n\u00e3o s\u00f3 as planta\u00e7\u00f5es, mas tamb\u00e9m a popula\u00e7\u00e3o humana, que se tornou alvo de uma verdadeira chuva de toxinas.&nbsp;<\/p>\n\n\n\n<p><a href=\"https:\/\/www.brasildefato.com.br\/2020\/10\/28\/instituicoes-dos-eua-injetam-us-18-bi-em-empresas-que-violam-direitos-indigenas\" target=\"_blank\" rel=\"noreferrer noopener\"><strong>::&nbsp;<\/strong><strong>Institui\u00e7\u00f5es dos EUA injetam US$ 18 bi em empresas que violam direitos ind\u00edgenas ::<\/strong><\/a><\/p>\n\n\n\n<p>\u201cHoje n\u00f3s temos nossos igarap\u00e9s secos, aldeias sem \u00e1gua, localidades totalmente invadidas pelo agroneg\u00f3cio, por campos de soja e de milho. O rio Tapaj\u00f3s e o rio Amazonas est\u00e3o sob amea\u00e7a\u201d, relata a integrante do Cita.<\/p>\n\n\n\n<figure class=\"wp-block-image\"><img data-recalc-dims=\"1\" decoding=\"async\" src=\"https:\/\/i0.wp.com\/images03.brasildefato.com.br\/6ffcc0459cc8f86c746b652ff9af337b.jpeg?w=600&#038;ssl=1\" alt=\"\"\/><\/figure>\n\n\n\n<p><br>Para defender os povos ind\u00edgenas, Auric\u00e9lia foi estudar direito na Universidade Federal do Oeste do Par\u00e1 (Ufopa). Localizado ao lado do porto da Cargill, o campus tamb\u00e9m foi constru\u00eddo sobre o cemit\u00e9rio ind\u00edgena \/ Tiago Miotto\/Cimi<\/p>\n\n\n\n<p>\u201cAntes, a regi\u00e3o era um local de fam\u00edlias trabalharem, um local de lazer para o povo de Santar\u00e9m. Era um local sagrado para n\u00f3s, povos ind\u00edgenas. A Cargill foi constru\u00edda em cima do nosso cemit\u00e9rio\u201d, relata Auric\u00e9lia.&nbsp;<\/p>\n\n\n\n<p>Na mesma \u00e1rea que recebeu o porto da companhia norte-americana, est\u00e1 um dos maiores&nbsp;s\u00edtios arqueol\u00f3gicos da regi\u00e3o, que&nbsp;foi parcialmente destru\u00eddo pela obr.&nbsp;Segundo a associa\u00e7\u00e3o Terra de Direitos, h\u00e1&nbsp;vest\u00edgios de ocupa\u00e7\u00e3o pr\u00e9-colombiana do territ\u00f3rio de cerca de 10 mil anos atr\u00e1s.<\/p>\n\n\n\n<p><a href=\"https:\/\/www.brasildefato.com.br\/2021\/03\/31\/nova-transamazonica-reconstrucao-da-br-319-pode-reviver-tragedia-socioambiental\" target=\"_blank\" rel=\"noreferrer noopener\"><strong>::&nbsp;\u201cNova Transamaz\u00f4nica\u201d: reconstru\u00e7\u00e3o da BR-319 pode reviver trag\u00e9dia socioambiental ::<\/strong><\/a><\/p>\n\n\n\n<p>A constru\u00e7\u00e3o do terminal foi iniciada em 1999, mirando originalmente&nbsp;o transporte de gr\u00e3os produzidos em&nbsp;Mato Grosso, mas acabou estimulando a produ\u00e7\u00e3o \u00e0s margens da BR-163, que liga Santar\u00e9m ao Rio Grande do Sul, cruzando o Centro-Oeste, o Sudeste e o Sul&nbsp;brasileiros.<\/p>\n\n\n\n<p>O estudo&nbsp;<a href=\"https:\/\/semlicencaparacargill.org.br\/santarem.html#download\" target=\"_blank\" rel=\"noreferrer noopener\">\u201cSem licen\u00e7a para a Cargill\u201d<\/a>, produzido pela&nbsp;<a href=\"https:\/\/terradedireitos.org.br\/\" target=\"_blank\" rel=\"noreferrer noopener\">Terra de Direitos<\/a>, indica que 90% das \u00e1reas na beira da rodovia mudaram de propriet\u00e1rio entre 2000 e 2005, principalmente na regi\u00e3o mais pr\u00f3xima \u00e0 instala\u00e7\u00e3o portu\u00e1ria.&nbsp;<\/p>\n\n\n\n<figure class=\"wp-block-image\"><img data-recalc-dims=\"1\" decoding=\"async\" src=\"https:\/\/i0.wp.com\/images01.brasildefato.com.br\/7451ec47178e880e97ef51e337fff7df.jpeg?w=600&#038;ssl=1\" alt=\"\"\/><\/figure>\n\n\n\n<p><br>Mapa mostra localiza\u00e7\u00e3o do das comunidades tradicionais prejudicadas \/ Reprodu\u00e7\u00e3o \/ &#8220;Sem licen\u00e7a para destrui\u00e7\u00e3o&#8221; \/ Terra de Direitos<\/p>\n\n\n\n<p>\u201cA Cargill n\u00e3o fez nenhum tipo de&nbsp;<a href=\"https:\/\/www.brasildefato.com.br\/2018\/02\/21\/para-viola-a-oit-com-criacao-de-grupo-de-trabalho-sem-ouvir-indigenas\" target=\"_blank\" rel=\"noreferrer noopener\">consulta com os povos ind\u00edgenas<\/a>, invadiu nosso territ\u00f3rio passando por cima dos nossos direitos, dos nossos locais sagrados, passando por cima de Santar\u00e9m, que era, originalmente, uma aldeia do povo Tapaj\u00f3s. A cidade veio se instalar passando por cima de todos os direitos humanos. Hoje, tentam esconder a verdadeira hist\u00f3ria de Santar\u00e9m\u201d, denuncia Auric\u00e9lia.<\/p>\n\n\n\n<p>Quilombos submersos&nbsp;<\/p>\n\n\n\n<p>Em Santar\u00e9m &#8211; a segunda maior cidade do Par\u00e1 -, 12 comunidades quilombolas localizadas em regi\u00f5es de v\u00e1rzea ou de terra firme dependem da pesca para sobreviver. Seja para venda ou para subsist\u00eancia, a atividade garante alimentos, roupas e outras necessidades b\u00e1sicas para cerca de 300 fam\u00edlias.&nbsp;Mas tudo isso est\u00e1 amea\u00e7ado pela circula\u00e7\u00e3o de grandes embarca\u00e7\u00f5es que fazem o transporte das&nbsp;<em>commodities<\/em>.&nbsp;<\/p>\n\n\n\n<p>\u201cOs gr\u00e3os v\u00e3o caindo das embarca\u00e7\u00f5es, e os peixes acabam se alimentando disso. E tem o impacto negativo no sabor do peixe, na pele. O peixe, de um modo geral, passa a ter um outro tipo de sabor, n\u00e3o mais o que era anteriormente, quando eles viviam em \u00e1guas l\u00edmpidas e se alimentavam apenas de frutas\u201d, relata o coordenador da Federa\u00e7\u00e3o das Organiza\u00e7\u00f5es Quilombolas de Santar\u00e9m, M\u00e1rio Pantoja.&nbsp;<\/p>\n\n\n\n<p><a href=\"https:\/\/www.brasildefato.com.br\/2021\/07\/07\/quilombolas-lutam-pela-terra-contra-gigante-do-agronegocio-e-pedem-o-fim-da-violencia-no-para\" target=\"_blank\" rel=\"noreferrer noopener\"><strong>::&nbsp;<\/strong><strong>Quilombolas lutam pela terra contra gigante do agroneg\u00f3cio e pedem o fim da viol\u00eancia no Par\u00e1 ::<\/strong><\/a><\/p>\n\n\n\n<p>As comunidades j\u00e1 est\u00e3o acostumadas com&nbsp;as \u201cterras ca\u00eddas\u201d, um processo natural de eros\u00e3o das margens dos rios provocado pela din\u00e2mica das cheias. Mas a agita\u00e7\u00e3o provocada pela circula\u00e7\u00e3o de grandes embarca\u00e7\u00f5es acelerou o fen\u00f4meno. Hoje, as \u00e1guas se aproximam cada vez mais dos territ\u00f3rios quilombolas.&nbsp;<\/p>\n\n\n\n<p>\u201cAs ondas batendo nesses pared\u00f5es das terras de v\u00e1rzeas acabam criando esse impacto, trazendo as consequ\u00eancias da &#8216;terra ca\u00edda&#8217;. Com isso, as ilhas v\u00e3o reduzindo de tamanho. As terras reduzem e a popula\u00e7\u00e3o vai ficando aglomerada\u201d, explica o l\u00edder quilombola.&nbsp;<\/p>\n\n\n\n<figure class=\"wp-block-image\"><img data-recalc-dims=\"1\" decoding=\"async\" src=\"https:\/\/i0.wp.com\/images02.brasildefato.com.br\/ec5b9fd8af6486cc990c6a079c3ff0f1.jpeg?w=600&#038;ssl=1\" alt=\"\"\/><\/figure>\n\n\n\n<p><br>&#8220;Terras ca\u00eddas&#8221;: fluxo das embarca\u00e7\u00f5es aumenta a agita\u00e7\u00e3o das \u00e1guas, que engolem territ\u00f3rios quilombolas (imagem ilustrativa) \/ Divulga\u00e7\u00e3o\/Rozinaldo Garcia\/Prefeitura Municipal de Santar\u00e9m<\/p>\n\n\n\n<p>Descendente dos primeiros habitantes da regi\u00e3o, Pantoja critica a falta de consulta pr\u00e9via \u00e0s popula\u00e7\u00f5es quilombolas e o avan\u00e7o do agroneg\u00f3cio. \u201cO Murumuru, que \u00e9 o quilombo em que eu moro, surge em 1834 ou 1835. Quem \u00e9 que tem prioridade aqui? Era para sermos n\u00f3s. Mas acontece que o governo, de modo geral, n\u00e3o avalia dessa forma. Ele avalia que o que prevalece hoje \u00e9 o fator financeiro, e n\u00e3o a vida humana\u201d, resume.&nbsp;<\/p>\n\n\n\n<p>Cercados pela soja<\/p>\n\n\n\n<p><a href=\"https:\/\/www.brasildefato.com.br\/2020\/11\/18\/justica-reconhece-etnocidio-causado-por-belo-monte-a-indigenas-e-ordena-mudancas\" target=\"_blank\" rel=\"noreferrer noopener\">O processo de desmonte dos modos de vida de ind\u00edgenas<\/a>, quilombolas e pequenos agricultores provocado pela instala\u00e7\u00e3o do porto da Cargill est\u00e1 descrito em detalhes no estudo elaborado pela organiza\u00e7\u00e3o Terra de Direitos, que faz assessoria jur\u00eddica a organiza\u00e7\u00f5es populares e movimentos sociais da regi\u00e3o do Baixo Tapaj\u00f3s.&nbsp;<\/p>\n\n\n\n<p><a href=\"https:\/\/www.brasildefato.com.br\/2021\/03\/14\/por-que-milhoes-de-brasileiros-passam-fome-se-o-pais-colhe-safras-recorde\" target=\"_blank\" rel=\"noreferrer noopener\"><strong>::&nbsp;Por que milh\u00f5es de brasileiros passam fome se o pa\u00eds colhe safras recorde? ::<\/strong><\/a><\/p>\n\n\n\n<p>\u201cA especula\u00e7\u00e3o sobre o in\u00edcio da instala\u00e7\u00e3o do porto, por volta do ano 2000, j\u00e1 atrai os fazendeiros que v\u00eam principalmente da regi\u00e3o Sul e de&nbsp;Mato Grosso\u201d, explica Pedro Martins, coordenador do Programa Regional Amaz\u00f4nia da Terra de Direitos.<\/p>\n\n\n\n<p>\u201cEles come\u00e7am a adquirir as terras, e os agricultores familiares s\u00e3o surpreendidos com a proposta de dinheiro em m\u00e3os, que poderia garantir para eles uma vida melhor. Mas, na verdade, eles foram empurrados para fazer essas vendas, fortemente assediados\u201d.<\/p>\n\n\n\n<figure class=\"wp-block-image\"><img data-recalc-dims=\"1\" decoding=\"async\" src=\"https:\/\/i0.wp.com\/images01.brasildefato.com.br\/c5fbed2fd46f318c496da7d9297bd2ea.jpeg?w=600&#038;ssl=1\" alt=\"\"\/><\/figure>\n\n\n\n<p><br>Josenildo Munduruku, Cacique da Aldeia A\u00e7aizal, caminha sobre planta\u00e7\u00e3o de soja dentro da Terra Ind\u00edgena Munduruku e Apiak\u00e1 do Planalto Santareno \/ B\u00e1rbara Dias\/Cimi<\/p>\n\n\n\n<p>Com as propriedades nas m\u00e3os dos sojeiros, restou aos pequenos produtores se mudarem para comunidades mais distantes ou para a \u00e1rea urbana.&nbsp;<\/p>\n\n\n\n<p>\u201cEles come\u00e7aram a migrar dessas comunidades para os bairros mais perif\u00e9ricos de Santar\u00e9m. Algumas fam\u00edlias s\u00e3o atra\u00eddas pelo dinheiro e outras s\u00e3o expulsas quando ficam cercadas pela soja. Ocorre ent\u00e3o a perda dos la\u00e7os comunit\u00e1rios em fun\u00e7\u00e3o das p\u00e9ssimas condi\u00e7\u00f5es de moradia, v\u00e1rias cercadas pelo veneno. Algumas comunidades foram desaparecendo\u201d, descreve Pedro Martins.<\/p>\n\n\n\n<p>Fraudes, lucro e&nbsp;omiss\u00e3o&nbsp;<\/p>\n\n\n\n<p>A Terra de Direitos identificou um longo rol de desrespeito a leis federais e tratados internacionais. Segundo a organiza\u00e7\u00e3o, a atua\u00e7\u00e3o da Cargill na regi\u00e3o \u00e9 cercada de acusa\u00e7\u00f5es de fraudes no licenciamento ambiental, de descumprimento dos compromissos assumidos com \u00f3rg\u00e3os ambientais e, principalmente, de viola\u00e7\u00e3o aos direitos humanos.<\/p>\n\n\n\n<p>Sem um estudo de impacto ambiental, povos ind\u00edgenas, quilombolas e pescadores artesanais foram privados dos recursos naturais essenciais aos&nbsp;seus modos de vida. Tudo isso sem consulta pr\u00e9via, ao contr\u00e1rio do que determina diretriz da Organiza\u00e7\u00e3o Internacional do Trabalho transformada em lei no Brasil.&nbsp;<\/p>\n\n\n\n<p><a href=\"https:\/\/www.brasildefato.com.br\/2020\/11\/18\/justica-reconhece-etnocidio-causado-por-belo-monte-a-indigenas-e-ordena-mudancas\" target=\"_blank\" rel=\"noreferrer noopener\"><strong>::&nbsp;Justi\u00e7a reconhece etnoc\u00eddio causado por Belo Monte a ind\u00edgenas e ordena mudan\u00e7as ::<\/strong><\/a><\/p>\n\n\n\n<p>&#8220;A secretaria estadual do Meio Ambiente e Sustentabilidade n\u00e3o vem respeitando os par\u00e2metros do respeitos aos direitos \u00e9tnicos. \u00c9 uma atitude reiterada do governo do Par\u00e1. E a Cargill se fundamenta nessa omiss\u00e3o&nbsp;do estado para&nbsp;ampliar ilegalmente&nbsp;direitos\u201d, afirma Martins.<\/p>\n\n\n\n<figure class=\"wp-block-image\"><img data-recalc-dims=\"1\" decoding=\"async\" src=\"https:\/\/i0.wp.com\/images01.brasildefato.com.br\/69db07e83fad7f3896af869ccfb50f77.jpeg?w=600&#038;ssl=1\" alt=\"\"\/><\/figure>\n\n\n\n<p><br>Terminal da Cargill divide espa\u00e7o com pequenas embarca\u00e7\u00f5es pesqueiras \/ Pedro Alc\u00e2ntara\/M&#8217;b\u00f3ia<\/p>\n\n\n\n<p>Embora graves, as acusa\u00e7\u00f5es n\u00e3o parecem afetar o sucesso nos neg\u00f3cios. Segundo a ag\u00eancia Reuters, as atividades em solo brasileiro&nbsp;renderam \u00e0&nbsp;empresa lucro&nbsp;de R$ 2,1 bilh\u00f5es em 2020. A cifra \u00e9 cinco vezes maior do que o resultado do ano anterior.<\/p>\n\n\n\n<p>Sem resposta<\/p>\n\n\n\n<p>Os questionamentos aqui levantados&nbsp;foram enviados \u00e0s assessorias de imprensa da Cargill e do governo paraense, mas n\u00e3o houve resposta at\u00e9 a publica\u00e7\u00e3o desta reportagem.&nbsp;<\/p>\n\n\n\n<p>Edi\u00e7\u00e3o: Vin\u00edcius Segalla<\/p>\n","protected":false},"excerpt":{"rendered":"<p>Constru\u00e7\u00e3o de terminal provocou &#8220;boom&#8221; de soja em \u00e1reas protegidas; lideran\u00e7as narram viola\u00e7\u00e3o de direitos humanos&nbsp;<\/p>\n","protected":false},"author":1,"featured_media":0,"comment_status":"closed","ping_status":"open","sticky":false,"template":"","format":"standard","meta":{"_exactmetrics_skip_tracking":false,"_exactmetrics_sitenote_active":false,"_exactmetrics_sitenote_note":"","_exactmetrics_sitenote_category":0,"jetpack_post_was_ever_published":false,"_jetpack_newsletter_access":"","_jetpack_dont_email_post_to_subs":false,"_jetpack_newsletter_tier_id":0,"_jetpack_memberships_contains_paywalled_content":false,"_jetpack_memberships_contains_paid_content":false,"footnotes":"","jetpack_publicize_message":"","jetpack_publicize_feature_enabled":true,"jetpack_social_post_already_shared":true,"jetpack_social_options":{"image_generator_settings":{"template":"highway","enabled":false},"version":2}},"categories":[1],"tags":[],"class_list":["post-32455","post","type-post","status-publish","format-standard","hentry","category-notas"],"jetpack_publicize_connections":[],"jetpack_sharing_enabled":true,"jetpack_featured_media_url":"","jetpack_shortlink":"https:\/\/wp.me\/p7wKYW-8rt","jetpack-related-posts":[],"_links":{"self":[{"href":"http:\/\/blogdalucianaoliveira.com.br\/blog\/wp-json\/wp\/v2\/posts\/32455","targetHints":{"allow":["GET"]}}],"collection":[{"href":"http:\/\/blogdalucianaoliveira.com.br\/blog\/wp-json\/wp\/v2\/posts"}],"about":[{"href":"http:\/\/blogdalucianaoliveira.com.br\/blog\/wp-json\/wp\/v2\/types\/post"}],"author":[{"embeddable":true,"href":"http:\/\/blogdalucianaoliveira.com.br\/blog\/wp-json\/wp\/v2\/users\/1"}],"replies":[{"embeddable":true,"href":"http:\/\/blogdalucianaoliveira.com.br\/blog\/wp-json\/wp\/v2\/comments?post=32455"}],"version-history":[{"count":2,"href":"http:\/\/blogdalucianaoliveira.com.br\/blog\/wp-json\/wp\/v2\/posts\/32455\/revisions"}],"predecessor-version":[{"id":32458,"href":"http:\/\/blogdalucianaoliveira.com.br\/blog\/wp-json\/wp\/v2\/posts\/32455\/revisions\/32458"}],"wp:attachment":[{"href":"http:\/\/blogdalucianaoliveira.com.br\/blog\/wp-json\/wp\/v2\/media?parent=32455"}],"wp:term":[{"taxonomy":"category","embeddable":true,"href":"http:\/\/blogdalucianaoliveira.com.br\/blog\/wp-json\/wp\/v2\/categories?post=32455"},{"taxonomy":"post_tag","embeddable":true,"href":"http:\/\/blogdalucianaoliveira.com.br\/blog\/wp-json\/wp\/v2\/tags?post=32455"}],"curies":[{"name":"wp","href":"https:\/\/api.w.org\/{rel}","templated":true}]}}