{"id":32459,"date":"2021-07-12T09:11:06","date_gmt":"2021-07-12T13:11:06","guid":{"rendered":"http:\/\/blogdalucianaoliveira.com.br\/blog\/?p=32459"},"modified":"2021-07-12T09:11:10","modified_gmt":"2021-07-12T13:11:10","slug":"maioria-dos-brasileiros-diz-que-militar-da-ativa-nao-deve-ir-a-atos-politicos-nem-ter-cargo-no-governo-aponta-datafolha","status":"publish","type":"post","link":"http:\/\/blogdalucianaoliveira.com.br\/blog\/2021\/07\/12\/maioria-dos-brasileiros-diz-que-militar-da-ativa-nao-deve-ir-a-atos-politicos-nem-ter-cargo-no-governo-aponta-datafolha\/","title":{"rendered":"Maioria dos brasileiros diz que militar da ativa n\u00e3o deve ir a atos pol\u00edticos nem ter cargo no governo, aponta Datafolha"},"content":{"rendered":"\n<figure class=\"wp-block-image size-large\"><img data-recalc-dims=\"1\" loading=\"lazy\" decoding=\"async\" width=\"600\" height=\"412\" data-attachment-id=\"32460\" data-permalink=\"http:\/\/blogdalucianaoliveira.com.br\/blog\/2021\/07\/12\/maioria-dos-brasileiros-diz-que-militar-da-ativa-nao-deve-ir-a-atos-politicos-nem-ter-cargo-no-governo-aponta-datafolha\/31bec848-da82-4a2e-a014-4f7b1f6e69a0\/\" data-orig-file=\"https:\/\/i0.wp.com\/blogdalucianaoliveira.com.br\/blog\/wp-content\/uploads\/2021\/07\/31BEC848-DA82-4A2E-A014-4F7B1F6E69A0.jpeg?fit=947%2C651\" data-orig-size=\"947,651\" data-comments-opened=\"0\" data-image-meta=\"{&quot;aperture&quot;:&quot;0&quot;,&quot;credit&quot;:&quot;&quot;,&quot;camera&quot;:&quot;&quot;,&quot;caption&quot;:&quot;&quot;,&quot;created_timestamp&quot;:&quot;0&quot;,&quot;copyright&quot;:&quot;&quot;,&quot;focal_length&quot;:&quot;0&quot;,&quot;iso&quot;:&quot;0&quot;,&quot;shutter_speed&quot;:&quot;0&quot;,&quot;title&quot;:&quot;&quot;,&quot;orientation&quot;:&quot;0&quot;}\" data-image-title=\"31BEC848-DA82-4A2E-A014-4F7B1F6E69A0\" data-image-description=\"\" data-image-caption=\"\" data-medium-file=\"https:\/\/i0.wp.com\/blogdalucianaoliveira.com.br\/blog\/wp-content\/uploads\/2021\/07\/31BEC848-DA82-4A2E-A014-4F7B1F6E69A0.jpeg?fit=300%2C206\" data-large-file=\"https:\/\/i0.wp.com\/blogdalucianaoliveira.com.br\/blog\/wp-content\/uploads\/2021\/07\/31BEC848-DA82-4A2E-A014-4F7B1F6E69A0.jpeg?fit=600%2C412\" src=\"https:\/\/i0.wp.com\/blogdalucianaoliveira.com.br\/blog\/wp-content\/uploads\/2021\/07\/31BEC848-DA82-4A2E-A014-4F7B1F6E69A0.jpeg?resize=600%2C412\" alt=\"\" class=\"wp-image-32460\" srcset=\"https:\/\/i0.wp.com\/blogdalucianaoliveira.com.br\/blog\/wp-content\/uploads\/2021\/07\/31BEC848-DA82-4A2E-A014-4F7B1F6E69A0.jpeg?w=947 947w, https:\/\/i0.wp.com\/blogdalucianaoliveira.com.br\/blog\/wp-content\/uploads\/2021\/07\/31BEC848-DA82-4A2E-A014-4F7B1F6E69A0.jpeg?resize=300%2C206 300w, https:\/\/i0.wp.com\/blogdalucianaoliveira.com.br\/blog\/wp-content\/uploads\/2021\/07\/31BEC848-DA82-4A2E-A014-4F7B1F6E69A0.jpeg?resize=768%2C528 768w, https:\/\/i0.wp.com\/blogdalucianaoliveira.com.br\/blog\/wp-content\/uploads\/2021\/07\/31BEC848-DA82-4A2E-A014-4F7B1F6E69A0.jpeg?resize=436%2C300 436w\" sizes=\"auto, (max-width: 600px) 100vw, 600px\" \/><\/figure>\n\n\n\n<h4 class=\"wp-block-heading\">Pesquisa ouviu 2.074 pessoas acima de 16 anos nos dias 7 e 8 de julho. A margem de erro \u00e9 de dois pontos para mais ou para menos.<\/h4>\n\n\n\n<!--more-->\n\n\n\n<p>Por G1<\/p>\n\n\n\n<p>Pesquisa do Instituto Datafolha publicada no final da noite deste domingo (11) pelo site do jornal &#8220;Folha de S.Paulo&#8221; aponta que a maioria dos brasileiros \u00e9 contr\u00e1ria \u00e0 participa\u00e7\u00e3o de militares da ativa em atos pol\u00edticos e tampouco em cargos no governo federal.&nbsp;<\/p>\n\n\n\n<p>O instituto perguntou:&nbsp;<strong>militares da ativa devem ou n\u00e3o participar de atos pol\u00edticos?<\/strong><\/p>\n\n\n\n<ul class=\"wp-block-list\"><li><strong>Sim:<\/strong>&nbsp;34%<\/li><li><strong>N\u00e3o:<\/strong>&nbsp;62%<\/li><li><strong>N\u00e3o sabem:&nbsp;<\/strong>4%<\/li><\/ul>\n\n\n\n<p>Militares da ativa devem ou n\u00e3o participar de atos pol\u00edticos?N\u00famero em porcentagem (%)3434626244SimN\u00e3oN\u00e3o sabem020406080Fonte: Datafolha<\/p>\n\n\n\n<p>O levantamento tamb\u00e9m perguntou:&nbsp;<strong>militares deveriam ou n\u00e3o ter cargos no governo?<\/strong><\/p>\n\n\n\n<ul class=\"wp-block-list\"><li><strong>Sim:<\/strong>\u00a038% (eram 43% em maio de 2020 e 41% em maio deste ano)\u00a0<\/li><li><strong>N\u00e3o:\u00a0<\/strong>58% (eram 52% em maio de 2020 e 54% em maio deste ano)\u00a0<\/li><li><strong>N\u00e3o sabem:<\/strong>\u00a04% (eram 5% em maio de 2020 e 5% em maio deste ano)<\/li><\/ul>\n\n\n\n<p>Militares deveriam ou n\u00e3o ter cargos no governo?N\u00fameros em porcentagem (%)SimN\u00e3oN\u00e3o sabeMaio de 2020Maio 2021Junho de 2021010203040506070Fonte: Datafolha<\/p>\n\n\n\n<p>A pesquisa ouviu 2.074 pessoas com mais de 16 anos nos dias 7 e 8 de julho. A margem de erro \u00e9 de dois pontos para mais ou para menos.&nbsp;<\/p>\n\n\n\n<p><strong>MAIS PESQUISAS DATAFOLHA:<\/strong><\/p>\n\n\n\n<ul class=\"wp-block-list\"><li><a href=\"https:\/\/g1.globo.com\/politica\/noticia\/2021\/07\/11\/para-70percent-dos-brasileiros-ha-corrupcao-no-governo-de-jair-bolsonaro-diz-datafolha.ghtml\">Para 70% dos brasileiros, h\u00e1 corrup\u00e7\u00e3o no governo Bolsonaro<\/a><\/li><li><a href=\"https:\/\/g1.globo.com\/politica\/noticia\/2021\/07\/10\/63percent-dos-brasileiros-acham-que-bolsonaro-e-incapaz-de-liderar-o-pais-aponta-datafolha.ghtml\">63% dos brasileiros acham que Bolsonaro \u00e9 incapaz de liderar o pa\u00eds<\/a><\/li><li><a href=\"https:\/\/g1.globo.com\/politica\/noticia\/2021\/07\/10\/maioria-nao-confia-no-que-e-dito-por-bolsonaro-aponta-datafolha.ghtml\">Maioria n\u00e3o confia no que \u00e9 dito por Bolsonaro<\/a><\/li><li><a href=\"https:\/\/g1.globo.com\/politica\/noticia\/2021\/07\/10\/pela-primeira-vez-maioria-defende-abertura-de-impeachment-de-bolsonaro-diz-datafolha.ghtml\">Maioria defende abertura de impeachment de Bolsonaro<\/a><\/li><\/ul>\n\n\n\n<h2 class=\"wp-block-heading\">Militares no governo<\/h2>\n\n\n\n<p>Os militares t\u00eam grande participa\u00e7\u00e3o no governo de Jair Bolsonaro, especialmente nos primeiro e segundo escala\u00e7\u00f5es. O general da ativa Eduardo Pazuello, por exemplo,\u00a0<a href=\"https:\/\/g1.globo.com\/politica\/noticia\/2021\/05\/07\/pazuello-como-ministro-da-saude-foi-uma-decisao-de-risco-diz-mourao.ghtml\">comandou<\/a>\u00a0o\u00a0<a href=\"https:\/\/g1.globo.com\/politica\/noticia\/2021\/05\/07\/pazuello-como-ministro-da-saude-foi-uma-decisao-de-risco-diz-mourao.ghtml\">Minist\u00e9rio da Sa\u00fade\u00a0<\/a>durante boa parte do per\u00edodo mais intenso e tr\u00e1gico da crise sanit\u00e1ria provocada pela pandemia do novo coronav\u00edrus.<\/p>\n\n\n\n<p>O ex-ministro da Sa\u00fade \u00e9 alvo da CPI da Covid, em andamento no Senado, justamente por sua gest\u00e3o na Sa\u00fade. Ao deixar a pasta,&nbsp;<a href=\"https:\/\/g1.globo.com\/politica\/noticia\/2021\/06\/01\/ex-ministro-da-saude-pazuello-e-nomeado-para-novo-cargo-no-governo-bolsonaro.ghtml\">ganhou um cargo<\/a>&nbsp;no Pal\u00e1cio do Planalto.&nbsp;<\/p>\n\n\n\n<p>Pazuello participou em maio de&nbsp;<a href=\"https:\/\/g1.globo.com\/rj\/rio-de-janeiro\/noticia\/2021\/05\/23\/bolsonaro-faz-passeio-de-moto-com-apoiadores-no-rio-de-janeiro.ghtml\">manifesta\u00e7\u00e3o ao lado do presidente<\/a>, no Rio de Janeiro, como&nbsp;<strong>mostra o v\u00eddeo abaixo<\/strong>. O epis\u00f3dio&nbsp;<a href=\"https:\/\/g1.globo.com\/politica\/noticia\/2021\/05\/24\/exercito-decide-apurar-participacao-de-pazuello-em-ato-com-bolsonaro.ghtml\">repercutiu mal<\/a>&nbsp;inclusive internamente nas For\u00e7as Armadas.&nbsp;<\/p>\n\n\n\n<figure class=\"wp-block-image\"><img data-recalc-dims=\"1\" decoding=\"async\" src=\"https:\/\/i0.wp.com\/s01.video.glbimg.com\/x240\/9539860.jpg?w=600&#038;ssl=1\" alt=\"Bolsonaro faz passeio de moto com apoiadores no Rio de Janeiro\"\/><\/figure>\n\n\n\n<p>Bolsonaro faz passeio de moto com apoiadores no Rio de Janeiro&nbsp;<\/p>\n\n\n\n<p>O Estatuto dos Militares, lei de 1980, e o regulamento disciplinar do Ex\u00e9rcito, de 2002, dizem que \u00e9 vedado ao militar do servi\u00e7o ativo participar de qualquer tipo de manifesta\u00e7\u00e3o pol\u00edtica ou reivindicat\u00f3ria. O tema tamb\u00e9m est\u00e1 na C\u00e2mara dos Deputados, que debate&nbsp;<a href=\"https:\/\/g1.globo.com\/jornal-nacional\/noticia\/2021\/06\/04\/deputados-tentam-acelerar-a-votacao-de-pec-que-impede-militares-da-ativa-de-ocupar-cargos-politicos-no-governo.ghtml\">proposta que pode terminar com a participa\u00e7\u00e3o de militares da ativa no governo federal<\/a>.<\/p>\n","protected":false},"excerpt":{"rendered":"<p>Pesquisa ouviu 2.074 pessoas acima de 16 anos nos dias 7 e 8 de julho. A margem de erro \u00e9 de dois pontos para mais ou para menos.<\/p>\n","protected":false},"author":1,"featured_media":0,"comment_status":"closed","ping_status":"open","sticky":false,"template":"","format":"standard","meta":{"_exactmetrics_skip_tracking":false,"_exactmetrics_sitenote_active":false,"_exactmetrics_sitenote_note":"","_exactmetrics_sitenote_category":0,"jetpack_post_was_ever_published":false,"_jetpack_newsletter_access":"","_jetpack_dont_email_post_to_subs":false,"_jetpack_newsletter_tier_id":0,"_jetpack_memberships_contains_paywalled_content":false,"_jetpack_memberships_contains_paid_content":false,"footnotes":"","jetpack_publicize_message":"","jetpack_publicize_feature_enabled":true,"jetpack_social_post_already_shared":true,"jetpack_social_options":{"image_generator_settings":{"template":"highway","enabled":false},"version":2}},"categories":[1],"tags":[],"class_list":["post-32459","post","type-post","status-publish","format-standard","hentry","category-notas"],"jetpack_publicize_connections":[],"jetpack_sharing_enabled":true,"jetpack_featured_media_url":"","jetpack_shortlink":"https:\/\/wp.me\/p7wKYW-8rx","jetpack-related-posts":[],"_links":{"self":[{"href":"http:\/\/blogdalucianaoliveira.com.br\/blog\/wp-json\/wp\/v2\/posts\/32459","targetHints":{"allow":["GET"]}}],"collection":[{"href":"http:\/\/blogdalucianaoliveira.com.br\/blog\/wp-json\/wp\/v2\/posts"}],"about":[{"href":"http:\/\/blogdalucianaoliveira.com.br\/blog\/wp-json\/wp\/v2\/types\/post"}],"author":[{"embeddable":true,"href":"http:\/\/blogdalucianaoliveira.com.br\/blog\/wp-json\/wp\/v2\/users\/1"}],"replies":[{"embeddable":true,"href":"http:\/\/blogdalucianaoliveira.com.br\/blog\/wp-json\/wp\/v2\/comments?post=32459"}],"version-history":[{"count":1,"href":"http:\/\/blogdalucianaoliveira.com.br\/blog\/wp-json\/wp\/v2\/posts\/32459\/revisions"}],"predecessor-version":[{"id":32461,"href":"http:\/\/blogdalucianaoliveira.com.br\/blog\/wp-json\/wp\/v2\/posts\/32459\/revisions\/32461"}],"wp:attachment":[{"href":"http:\/\/blogdalucianaoliveira.com.br\/blog\/wp-json\/wp\/v2\/media?parent=32459"}],"wp:term":[{"taxonomy":"category","embeddable":true,"href":"http:\/\/blogdalucianaoliveira.com.br\/blog\/wp-json\/wp\/v2\/categories?post=32459"},{"taxonomy":"post_tag","embeddable":true,"href":"http:\/\/blogdalucianaoliveira.com.br\/blog\/wp-json\/wp\/v2\/tags?post=32459"}],"curies":[{"name":"wp","href":"https:\/\/api.w.org\/{rel}","templated":true}]}}